{"id":1037,"date":"2020-02-07T12:10:32","date_gmt":"2020-02-07T12:10:32","guid":{"rendered":"http:\/\/www.aspack.es\/news\/?p=1037"},"modified":"2020-03-10T11:54:55","modified_gmt":"2020-03-10T11:54:55","slug":"mcdonalds-subasta-su-ultima-pajita-de-plastico-en-espana","status":"publish","type":"post","link":"http:\/\/www.aspack.es\/news\/mcdonalds-subasta-su-ultima-pajita-de-plastico-en-espana\/","title":{"rendered":"McDonald&#8217;s subasta su \u00faltima pajita de pl\u00e1stico en Espa\u00f1a"},"content":{"rendered":"<p>\u201cEl futuro de la restauraci\u00f3n necesita de la colaboraci\u00f3n entre empresas, ciudadanos e instituciones, para que entre todos consigamos implementar soluciones m\u00e1s sostenibles que contribuyan a poner freno al cambio clim\u00e1tico\u201d. Es el llamamiento que hizo el Director General de McDonald\u2019s Espa\u00f1a, John Alves, en la presentaci\u00f3n de la estrategia de sostenibilidad de la compa\u00f1\u00eda. La presentaci\u00f3n tuvo lugar en un restaurante pop-up totalmente forrado de cart\u00f3n reciclado y en el que durante cinco d\u00edas los consumidores han podido conocer propuestas de envases sostenibles.<\/p>\n<p>La medida m\u00e1s inmediata que ha anunciado McDonald\u2019s es la retirada de las pajitas de pl\u00e1stico de todos sus restaurantes de Espa\u00f1a, que tendr\u00e1 lugar el 24 de febrero. Para marcar este hito, la compa\u00f1\u00eda subast\u00f3 su \u00faltima pajita de pl\u00e1stico en Espa\u00f1a. Las pujas se han realizado a trav\u00e9s de eBay.es hasta el 7 de febrero y toda la recaudaci\u00f3n se destinar\u00e1 a la Fundaci\u00f3n Infantil Ronald McDonald.<\/p>\n<p>La estrategia de sostenibilidad de la compa\u00f1\u00eda contempla tres grandes \u00e1reas de actuaci\u00f3n: la energ\u00eda y la movilidad el\u00e9ctrica, el reciclado y los envases. Adem\u00e1s, se ha presentado como parte de un movimiento colaborativo al que ha llamado <strong>Happy Change<\/strong>. Tal y como explica la compa\u00f1\u00eda, \u201cse trata de un cambio en positivo para frenar el cambio clim\u00e1tico, que implica una mayor concienciaci\u00f3n sobre el impacto que tienen nuestras acciones. Cuantos m\u00e1s seamos, m\u00e1s grande y positivo ser\u00e1 este impacto\u201d.<\/p>\n<p><a href=\"http:\/\/www.aspack.es\/news\/wp-content\/uploads\/2020\/02\/Subasta-pajita-pla\u0301stico-McDonalds.jpg\" rel=\"attachment wp-att-1039\"><img loading=\"lazy\" decoding=\"async\" class=\"aligncenter size-large wp-image-1039\" src=\"http:\/\/www.aspack.es\/news\/wp-content\/uploads\/2020\/02\/Subasta-pajita-pla\u0301stico-McDonalds-1024x892.jpg\" alt=\"Subasta pajita pla\u0301stico McDonald's\" width=\"1020\" height=\"889\" srcset=\"http:\/\/www.aspack.es\/news\/wp-content\/uploads\/2020\/02\/Subasta-pajita-pla\u0301stico-McDonalds-1024x892.jpg 1024w, http:\/\/www.aspack.es\/news\/wp-content\/uploads\/2020\/02\/Subasta-pajita-pla\u0301stico-McDonalds-300x261.jpg 300w, http:\/\/www.aspack.es\/news\/wp-content\/uploads\/2020\/02\/Subasta-pajita-pla\u0301stico-McDonalds-768x669.jpg 768w, http:\/\/www.aspack.es\/news\/wp-content\/uploads\/2020\/02\/Subasta-pajita-pla\u0301stico-McDonalds-480x418.jpg 480w, http:\/\/www.aspack.es\/news\/wp-content\/uploads\/2020\/02\/Subasta-pajita-pla\u0301stico-McDonalds-574x500.jpg 574w, http:\/\/www.aspack.es\/news\/wp-content\/uploads\/2020\/02\/Subasta-pajita-pla\u0301stico-McDonalds.jpg 1500w\" sizes=\"auto, (max-width: 1020px) 100vw, 1020px\" \/><\/a><\/p>\n<p>Adem\u00e1s de la retirada de pajitas de pl\u00e1stico, McDonald\u2019s ha anunciado un plan que contempla la sustituci\u00f3n de otros envases de pl\u00e1stico de un solo uso, como los cubiertos de pl\u00e1stico o los palitos de los globos. Con esta iniciativa, McDonald\u2019s se adelanta a la trasposici\u00f3n de la normativa comunitaria para prohibir y reducir los pl\u00e1sticos de un solo uso.<\/p>\n<p>Pero la compa\u00f1\u00eda quiere ir m\u00e1s all\u00e1, y ha anunciado la sustituci\u00f3n de otros envases de pl\u00e1stico, como los envases de los <em>smoothies<\/em>, <em>frapp\u00e9s<\/em> y los vasos de cerveza, por vasos de papel. Este cambio ya se inici\u00f3 en 2019, con la sustituci\u00f3n del bol de pl\u00e1stico de las ensaladas y el dise\u00f1o de un nuevo envase de papel, sin tapa, para el helado McFlurry. La implementaci\u00f3n de todas estas medidas supondr\u00e1 una reducci\u00f3n de m\u00e1s de 1.350 toneladas de pl\u00e1stico en un a\u00f1o.<\/p>\n<p>\u201cSomos conscientes de que no tenemos la soluci\u00f3n definitiva para frenar el cambio clim\u00e1tico, pero tambi\u00e9n sabemos que tenemos que formar parte de ella\u201d, afirma John Alves. Como parte de este trabajo constante, en 2018 el 80% de los envases de McDonald\u2019s ya proced\u00eda de fuentes recicladas, renovables o certificadas. La compa\u00f1\u00eda se ha comprometido a que este porcentaje alcance el 100% en un plazo m\u00e1ximo de cinco a\u00f1os.<\/p>\n<p><strong>Ayudando a sus clientes a adquirir buenos h\u00e1bitos de reciclado<\/strong><\/p>\n<p>Otro de los pilares de esta estrategia de sostenibilidad es el reciclado. McDonald\u2019s fue la primera empresa de restauraci\u00f3n organizada en instalar papeleros de reciclado en los salones de sus restaurantes, en el a\u00f1o 2012. Este 2020, todos los restaurantes contar\u00e1n con papeleros de reciclado en sus salones, contribuyendo a que el ciudadano adquiera buenos h\u00e1bitos para la correcta gesti\u00f3n de los residuos.<\/p>\n<p>Adem\u00e1s, desde 1998 la compa\u00f1\u00eda forma parte de Ecoembes, para garantizar que todos los envases de papel, cart\u00f3n, latas y briks que se ponen en el mercado se gestionen adecuadamente y puedan tener una segunda vida.<\/p>\n<p>En materia de energ\u00eda, McDonald\u2019s lleva m\u00e1s de una d\u00e9cada implementando medidas de eficiencia energ\u00e9tica. Desde 2007, la compa\u00f1\u00eda dise\u00f1a sus restaurantes incorporando medidas constructivas e instalaciones eficientes en todo lo que respecta a equipos de cocina, iluminaci\u00f3n y climatizaci\u00f3n.<\/p>\n","protected":false},"excerpt":{"rendered":"<p>\u201cEl futuro de la restauraci\u00f3n necesita de la colaboraci\u00f3n entre empresas, ciudadanos e instituciones, para que entre todos consigamos implementar soluciones m\u00e1s sostenibles que contribuyan a poner freno al cambio clim\u00e1tico\u201d. Es el llamamiento que hizo el Director General de McDonald\u2019s Espa\u00f1a, John Alves, en la presentaci\u00f3n de la estrategia de sostenibilidad de la compa\u00f1\u00eda.&hellip;<\/p>\n","protected":false},"author":1,"featured_media":1038,"comment_status":"closed","ping_status":"open","sticky":false,"template":"","format":"standard","meta":{"footnotes":""},"categories":[17],"tags":[],"class_list":["post-1037","post","type-post","status-publish","format-standard","has-post-thumbnail","hentry","category-el-sector"],"yoast_head":"<!-- This site is optimized with the Yoast SEO plugin v25.9 - https:\/\/yoast.com\/wordpress\/plugins\/seo\/ -->\n<title>McDonald&#039;s subasta su \u00faltima pajita de pl\u00e1stico en Espa\u00f1a - ASPACK NEWS<\/title>\n<meta name=\"robots\" content=\"index, follow, max-snippet:-1, max-image-preview:large, max-video-preview:-1\" \/>\n<link rel=\"canonical\" href=\"http:\/\/www.aspack.es\/news\/mcdonalds-subasta-su-ultima-pajita-de-plastico-en-espana\/\" \/>\n<meta property=\"og:locale\" content=\"es_ES\" \/>\n<meta property=\"og:type\" content=\"article\" \/>\n<meta property=\"og:title\" content=\"McDonald&#039;s subasta su \u00faltima pajita de pl\u00e1stico en Espa\u00f1a - ASPACK NEWS\" \/>\n<meta property=\"og:description\" content=\"\u201cEl futuro de la restauraci\u00f3n necesita de la colaboraci\u00f3n entre empresas, ciudadanos e instituciones, para que entre todos consigamos implementar soluciones m\u00e1s sostenibles que contribuyan a poner freno al cambio clim\u00e1tico\u201d. Es el llamamiento que hizo el Director General de McDonald\u2019s Espa\u00f1a, John Alves, en la presentaci\u00f3n de la estrategia de sostenibilidad de la compa\u00f1\u00eda.&hellip;\" \/>\n<meta property=\"og:url\" content=\"http:\/\/www.aspack.es\/news\/mcdonalds-subasta-su-ultima-pajita-de-plastico-en-espana\/\" \/>\n<meta property=\"og:site_name\" content=\"ASPACK NEWS\" \/>\n<meta property=\"article:published_time\" content=\"2020-02-07T12:10:32+00:00\" \/>\n<meta property=\"article:modified_time\" content=\"2020-03-10T11:54:55+00:00\" \/>\n<meta property=\"og:image\" content=\"http:\/\/www.aspack.es\/news\/wp-content\/uploads\/2020\/02\/McDonalds-happy-change.jpg\" \/>\n\t<meta property=\"og:image:width\" content=\"4242\" \/>\n\t<meta property=\"og:image:height\" content=\"2828\" \/>\n\t<meta property=\"og:image:type\" content=\"image\/jpeg\" \/>\n<meta name=\"author\" content=\"admin\" \/>\n<meta name=\"twitter:card\" content=\"summary_large_image\" \/>\n<meta name=\"twitter:label1\" content=\"Escrito por\" \/>\n\t<meta name=\"twitter:data1\" content=\"admin\" \/>\n\t<meta name=\"twitter:label2\" content=\"Tiempo de lectura\" \/>\n\t<meta name=\"twitter:data2\" content=\"3 minutos\" \/>\n<script type=\"application\/ld+json\" class=\"yoast-schema-graph\">{\"@context\":\"https:\/\/schema.org\",\"@graph\":[{\"@type\":\"WebPage\",\"@id\":\"http:\/\/www.aspack.es\/news\/mcdonalds-subasta-su-ultima-pajita-de-plastico-en-espana\/\",\"url\":\"http:\/\/www.aspack.es\/news\/mcdonalds-subasta-su-ultima-pajita-de-plastico-en-espana\/\",\"name\":\"McDonald's subasta su \u00faltima pajita de pl\u00e1stico en Espa\u00f1a - ASPACK NEWS\",\"isPartOf\":{\"@id\":\"https:\/\/www.aspack.es\/news\/#website\"},\"primaryImageOfPage\":{\"@id\":\"http:\/\/www.aspack.es\/news\/mcdonalds-subasta-su-ultima-pajita-de-plastico-en-espana\/#primaryimage\"},\"image\":{\"@id\":\"http:\/\/www.aspack.es\/news\/mcdonalds-subasta-su-ultima-pajita-de-plastico-en-espana\/#primaryimage\"},\"thumbnailUrl\":\"http:\/\/www.aspack.es\/news\/wp-content\/uploads\/2020\/02\/McDonalds-happy-change.jpg\",\"datePublished\":\"2020-02-07T12:10:32+00:00\",\"dateModified\":\"2020-03-10T11:54:55+00:00\",\"author\":{\"@id\":\"https:\/\/www.aspack.es\/news\/#\/schema\/person\/0019098322836346476fc7dfdbd26d95\"},\"breadcrumb\":{\"@id\":\"http:\/\/www.aspack.es\/news\/mcdonalds-subasta-su-ultima-pajita-de-plastico-en-espana\/#breadcrumb\"},\"inLanguage\":\"es\",\"potentialAction\":[{\"@type\":\"ReadAction\",\"target\":[\"http:\/\/www.aspack.es\/news\/mcdonalds-subasta-su-ultima-pajita-de-plastico-en-espana\/\"]}]},{\"@type\":\"ImageObject\",\"inLanguage\":\"es\",\"@id\":\"http:\/\/www.aspack.es\/news\/mcdonalds-subasta-su-ultima-pajita-de-plastico-en-espana\/#primaryimage\",\"url\":\"http:\/\/www.aspack.es\/news\/wp-content\/uploads\/2020\/02\/McDonalds-happy-change.jpg\",\"contentUrl\":\"http:\/\/www.aspack.es\/news\/wp-content\/uploads\/2020\/02\/McDonalds-happy-change.jpg\",\"width\":4242,\"height\":2828},{\"@type\":\"BreadcrumbList\",\"@id\":\"http:\/\/www.aspack.es\/news\/mcdonalds-subasta-su-ultima-pajita-de-plastico-en-espana\/#breadcrumb\",\"itemListElement\":[{\"@type\":\"ListItem\",\"position\":1,\"name\":\"Portada\",\"item\":\"https:\/\/www.aspack.es\/news\/\"},{\"@type\":\"ListItem\",\"position\":2,\"name\":\"McDonald&#8217;s subasta su \u00faltima pajita de pl\u00e1stico en Espa\u00f1a\"}]},{\"@type\":\"WebSite\",\"@id\":\"https:\/\/www.aspack.es\/news\/#website\",\"url\":\"https:\/\/www.aspack.es\/news\/\",\"name\":\"ASPACK NEWS\",\"description\":\"El peri?dico digital de los envases de cart?n\",\"potentialAction\":[{\"@type\":\"SearchAction\",\"target\":{\"@type\":\"EntryPoint\",\"urlTemplate\":\"https:\/\/www.aspack.es\/news\/?s={search_term_string}\"},\"query-input\":{\"@type\":\"PropertyValueSpecification\",\"valueRequired\":true,\"valueName\":\"search_term_string\"}}],\"inLanguage\":\"es\"},{\"@type\":\"Person\",\"@id\":\"https:\/\/www.aspack.es\/news\/#\/schema\/person\/0019098322836346476fc7dfdbd26d95\",\"name\":\"admin\",\"image\":{\"@type\":\"ImageObject\",\"inLanguage\":\"es\",\"@id\":\"https:\/\/www.aspack.es\/news\/#\/schema\/person\/image\/\",\"url\":\"https:\/\/secure.gravatar.com\/avatar\/6a6c60542c39a2d052b8b1e8c5145e669bf888b9b229b3da0e43092daac8a32e?s=96&d=mm&r=g\",\"contentUrl\":\"https:\/\/secure.gravatar.com\/avatar\/6a6c60542c39a2d052b8b1e8c5145e669bf888b9b229b3da0e43092daac8a32e?s=96&d=mm&r=g\",\"caption\":\"admin\"},\"url\":\"http:\/\/www.aspack.es\/news\/author\/admin\/\"}]}<\/script>\n<!-- \/ Yoast SEO plugin. -->","yoast_head_json":{"title":"McDonald's subasta su \u00faltima pajita de pl\u00e1stico en Espa\u00f1a - ASPACK NEWS","robots":{"index":"index","follow":"follow","max-snippet":"max-snippet:-1","max-image-preview":"max-image-preview:large","max-video-preview":"max-video-preview:-1"},"canonical":"http:\/\/www.aspack.es\/news\/mcdonalds-subasta-su-ultima-pajita-de-plastico-en-espana\/","og_locale":"es_ES","og_type":"article","og_title":"McDonald's subasta su \u00faltima pajita de pl\u00e1stico en Espa\u00f1a - ASPACK NEWS","og_description":"\u201cEl futuro de la restauraci\u00f3n necesita de la colaboraci\u00f3n entre empresas, ciudadanos e instituciones, para que entre todos consigamos implementar soluciones m\u00e1s sostenibles que contribuyan a poner freno al cambio clim\u00e1tico\u201d. Es el llamamiento que hizo el Director General de McDonald\u2019s Espa\u00f1a, John Alves, en la presentaci\u00f3n de la estrategia de sostenibilidad de la compa\u00f1\u00eda.&hellip;","og_url":"http:\/\/www.aspack.es\/news\/mcdonalds-subasta-su-ultima-pajita-de-plastico-en-espana\/","og_site_name":"ASPACK NEWS","article_published_time":"2020-02-07T12:10:32+00:00","article_modified_time":"2020-03-10T11:54:55+00:00","og_image":[{"width":4242,"height":2828,"url":"http:\/\/www.aspack.es\/news\/wp-content\/uploads\/2020\/02\/McDonalds-happy-change.jpg","type":"image\/jpeg"}],"author":"admin","twitter_card":"summary_large_image","twitter_misc":{"Escrito por":"admin","Tiempo de lectura":"3 minutos"},"schema":{"@context":"https:\/\/schema.org","@graph":[{"@type":"WebPage","@id":"http:\/\/www.aspack.es\/news\/mcdonalds-subasta-su-ultima-pajita-de-plastico-en-espana\/","url":"http:\/\/www.aspack.es\/news\/mcdonalds-subasta-su-ultima-pajita-de-plastico-en-espana\/","name":"McDonald's subasta su \u00faltima pajita de pl\u00e1stico en Espa\u00f1a - ASPACK NEWS","isPartOf":{"@id":"https:\/\/www.aspack.es\/news\/#website"},"primaryImageOfPage":{"@id":"http:\/\/www.aspack.es\/news\/mcdonalds-subasta-su-ultima-pajita-de-plastico-en-espana\/#primaryimage"},"image":{"@id":"http:\/\/www.aspack.es\/news\/mcdonalds-subasta-su-ultima-pajita-de-plastico-en-espana\/#primaryimage"},"thumbnailUrl":"http:\/\/www.aspack.es\/news\/wp-content\/uploads\/2020\/02\/McDonalds-happy-change.jpg","datePublished":"2020-02-07T12:10:32+00:00","dateModified":"2020-03-10T11:54:55+00:00","author":{"@id":"https:\/\/www.aspack.es\/news\/#\/schema\/person\/0019098322836346476fc7dfdbd26d95"},"breadcrumb":{"@id":"http:\/\/www.aspack.es\/news\/mcdonalds-subasta-su-ultima-pajita-de-plastico-en-espana\/#breadcrumb"},"inLanguage":"es","potentialAction":[{"@type":"ReadAction","target":["http:\/\/www.aspack.es\/news\/mcdonalds-subasta-su-ultima-pajita-de-plastico-en-espana\/"]}]},{"@type":"ImageObject","inLanguage":"es","@id":"http:\/\/www.aspack.es\/news\/mcdonalds-subasta-su-ultima-pajita-de-plastico-en-espana\/#primaryimage","url":"http:\/\/www.aspack.es\/news\/wp-content\/uploads\/2020\/02\/McDonalds-happy-change.jpg","contentUrl":"http:\/\/www.aspack.es\/news\/wp-content\/uploads\/2020\/02\/McDonalds-happy-change.jpg","width":4242,"height":2828},{"@type":"BreadcrumbList","@id":"http:\/\/www.aspack.es\/news\/mcdonalds-subasta-su-ultima-pajita-de-plastico-en-espana\/#breadcrumb","itemListElement":[{"@type":"ListItem","position":1,"name":"Portada","item":"https:\/\/www.aspack.es\/news\/"},{"@type":"ListItem","position":2,"name":"McDonald&#8217;s subasta su \u00faltima pajita de pl\u00e1stico en Espa\u00f1a"}]},{"@type":"WebSite","@id":"https:\/\/www.aspack.es\/news\/#website","url":"https:\/\/www.aspack.es\/news\/","name":"ASPACK NEWS","description":"El peri?dico digital de los envases de cart?n","potentialAction":[{"@type":"SearchAction","target":{"@type":"EntryPoint","urlTemplate":"https:\/\/www.aspack.es\/news\/?s={search_term_string}"},"query-input":{"@type":"PropertyValueSpecification","valueRequired":true,"valueName":"search_term_string"}}],"inLanguage":"es"},{"@type":"Person","@id":"https:\/\/www.aspack.es\/news\/#\/schema\/person\/0019098322836346476fc7dfdbd26d95","name":"admin","image":{"@type":"ImageObject","inLanguage":"es","@id":"https:\/\/www.aspack.es\/news\/#\/schema\/person\/image\/","url":"https:\/\/secure.gravatar.com\/avatar\/6a6c60542c39a2d052b8b1e8c5145e669bf888b9b229b3da0e43092daac8a32e?s=96&d=mm&r=g","contentUrl":"https:\/\/secure.gravatar.com\/avatar\/6a6c60542c39a2d052b8b1e8c5145e669bf888b9b229b3da0e43092daac8a32e?s=96&d=mm&r=g","caption":"admin"},"url":"http:\/\/www.aspack.es\/news\/author\/admin\/"}]}},"_links":{"self":[{"href":"http:\/\/www.aspack.es\/news\/wp-json\/wp\/v2\/posts\/1037","targetHints":{"allow":["GET"]}}],"collection":[{"href":"http:\/\/www.aspack.es\/news\/wp-json\/wp\/v2\/posts"}],"about":[{"href":"http:\/\/www.aspack.es\/news\/wp-json\/wp\/v2\/types\/post"}],"author":[{"embeddable":true,"href":"http:\/\/www.aspack.es\/news\/wp-json\/wp\/v2\/users\/1"}],"replies":[{"embeddable":true,"href":"http:\/\/www.aspack.es\/news\/wp-json\/wp\/v2\/comments?post=1037"}],"version-history":[{"count":1,"href":"http:\/\/www.aspack.es\/news\/wp-json\/wp\/v2\/posts\/1037\/revisions"}],"predecessor-version":[{"id":1040,"href":"http:\/\/www.aspack.es\/news\/wp-json\/wp\/v2\/posts\/1037\/revisions\/1040"}],"wp:featuredmedia":[{"embeddable":true,"href":"http:\/\/www.aspack.es\/news\/wp-json\/wp\/v2\/media\/1038"}],"wp:attachment":[{"href":"http:\/\/www.aspack.es\/news\/wp-json\/wp\/v2\/media?parent=1037"}],"wp:term":[{"taxonomy":"category","embeddable":true,"href":"http:\/\/www.aspack.es\/news\/wp-json\/wp\/v2\/categories?post=1037"},{"taxonomy":"post_tag","embeddable":true,"href":"http:\/\/www.aspack.es\/news\/wp-json\/wp\/v2\/tags?post=1037"}],"curies":[{"name":"wp","href":"https:\/\/api.w.org\/{rel}","templated":true}]}}