{"id":1068,"date":"2020-03-11T16:08:30","date_gmt":"2020-03-11T16:08:30","guid":{"rendered":"http:\/\/www.aspack.es\/news\/?p=1068"},"modified":"2020-04-21T14:48:27","modified_gmt":"2020-04-21T14:48:27","slug":"mahou-san-miguel-elimina-el-plastico-de-los-envases-y-agrupaciones-de-sus-principales-marcas","status":"publish","type":"post","link":"http:\/\/www.aspack.es\/news\/mahou-san-miguel-elimina-el-plastico-de-los-envases-y-agrupaciones-de-sus-principales-marcas\/","title":{"rendered":"Mahou San Miguel elimina el pl\u00e1stico de los envases y agrupaciones de sus principales marcas"},"content":{"rendered":"<p><strong>Mahou San Miguel va a eliminar este a\u00f1o el pl\u00e1stico de los envases<\/strong> y embalajes de m\u00e1s de 12 marcas y agrupaciones de productos distintas. Entre ellas estar\u00e1n incluidas Mahou Cinco Estrellas Sin Gluten, Mahou Cinco Estrellas Radler, Mahou Maestra Doble L\u00fapulo, Mahou Maestra Dunkel, Magna de San Miguel, San Miguel Radler, Selecta de San Miguel y Alhambra Especial. Esta estrategia permitir\u00e1 ahorrar m\u00e1s de 90 toneladas de pl\u00e1stico al a\u00f1o.<\/p>\n<p>Entre los <strong>materiales que van a dejar de utilizar<\/strong> est\u00e1n los <strong>retr\u00e1ctiles pl\u00e1sticos, que se sustituir\u00e1n por cajas de cart\u00f3n<\/strong>; y las <strong>anillas de pl\u00e1stico<\/strong> que unen packs de latas, que <strong>se cambiar\u00e1n por una versi\u00f3n en cart\u00f3n<\/strong>.<\/p>\n<p>Para garantizar el \u00e9xito de esta iniciativa, Mahou San Miguel instalar\u00e1 en los pr\u00f3ximos meses en su centro de producci\u00f3n de Burgos una m\u00e1quina industrial capaz de gestionar de forma integral la sustituci\u00f3n del pl\u00e1stico por cart\u00f3n en todo el proceso de embalaje.<\/p>\n<p>\u201cComo l\u00edderes del sector cervecero, tenemos una responsabilidad con nuestros clientes, consumidores y con la sociedad en general\u201d, afirma <strong>Patricia Leiva, directora de Comunicaci\u00f3n Corporativa, Relaciones Institucionales y Sostenibilidad de Mahou San Miguel<\/strong>. Para ella \u201cimpulsar proyectos de estas caracter\u00edsticas nos permite marcar el camino para el resto del sector Bebidas, especialmente en materia de Sostenibilidad. El uso de materiales, como el cart\u00f3n, nos permitir\u00e1 reducir nuestro impacto medioambiental de forma relevante\u201d.<\/p>\n<p><a href=\"http:\/\/www.aspack.es\/news\/wp-content\/uploads\/2020\/03\/img-mahou-san-miguel-elimina-el-plastico-de-los-envases-y-agrupaciones-de-sus-principales-marcas-143.jpg\" rel=\"attachment wp-att-1070\"><img loading=\"lazy\" decoding=\"async\" class=\"aligncenter size-large wp-image-1070\" src=\"http:\/\/www.aspack.es\/news\/wp-content\/uploads\/2020\/03\/img-mahou-san-miguel-elimina-el-plastico-de-los-envases-y-agrupaciones-de-sus-principales-marcas-143-1024x768.jpg\" alt=\"img-mahou-san-miguel-elimina-el-plastico-de-los-envases-y-agrupaciones-de-sus-principales-marcas-143\" width=\"1020\" height=\"765\" srcset=\"http:\/\/www.aspack.es\/news\/wp-content\/uploads\/2020\/03\/img-mahou-san-miguel-elimina-el-plastico-de-los-envases-y-agrupaciones-de-sus-principales-marcas-143-1024x768.jpg 1024w, http:\/\/www.aspack.es\/news\/wp-content\/uploads\/2020\/03\/img-mahou-san-miguel-elimina-el-plastico-de-los-envases-y-agrupaciones-de-sus-principales-marcas-143-300x225.jpg 300w, http:\/\/www.aspack.es\/news\/wp-content\/uploads\/2020\/03\/img-mahou-san-miguel-elimina-el-plastico-de-los-envases-y-agrupaciones-de-sus-principales-marcas-143-768x576.jpg 768w, http:\/\/www.aspack.es\/news\/wp-content\/uploads\/2020\/03\/img-mahou-san-miguel-elimina-el-plastico-de-los-envases-y-agrupaciones-de-sus-principales-marcas-143-480x360.jpg 480w, http:\/\/www.aspack.es\/news\/wp-content\/uploads\/2020\/03\/img-mahou-san-miguel-elimina-el-plastico-de-los-envases-y-agrupaciones-de-sus-principales-marcas-143-667x500.jpg 667w, http:\/\/www.aspack.es\/news\/wp-content\/uploads\/2020\/03\/img-mahou-san-miguel-elimina-el-plastico-de-los-envases-y-agrupaciones-de-sus-principales-marcas-143.jpg 2032w\" sizes=\"auto, (max-width: 1020px) 100vw, 1020px\" \/><\/a><\/p>\n<p>La iniciativa es un nuevo paso en el <strong>Plan Estrat\u00e9gico de Sostenibilidad \u201cSomos 2020\u201d<\/strong> de la compa\u00f1\u00eda, que se puso en marcha en el a\u00f1o 2018 basado en 20 compromisos concretos en distintas materias. Actualmente, cerca del 50% de las ventas de Mahou San Miguel se realizan en formato barril, sin generar envases de un solo uso; los formatos de cristal son 100% reciclables, al mismo tiempo que se incentiva que el 80% del volumen de ventas por este canal sea retornable. Adem\u00e1s, todo el cart\u00f3n que utiliza la compa\u00f1\u00eda es sostenible y las latas de aluminio de la compa\u00f1\u00eda son 100% reciclables.<\/p>\n<p>Estos avances han permitido que en los \u00faltimos 10 a\u00f1os Mahou San Miguel haya reducido su uso de pl\u00e1stico en m\u00e1s de 960 toneladas; el de cart\u00f3n, en m\u00e1s de 1.000 toneladas y que el aligeramiento de sus envases de vidrio haya permitido ahorrar m\u00e1s de 3.500 toneladas de vidrio. Todo ello se traduce en un ahorro de 7.200 toneladas de CO2 que no han sido emitidas a la atm\u00f3sfera.<\/p>\n<p>Asimismo, el objetivo de la compa\u00f1\u00eda es continuar avanzando en este camino, incorporando materiales cada vez m\u00e1s sostenibles. De hecho, si esta sustituci\u00f3n se extendiese a todas las marcas de la compa\u00f1\u00eda, el ahorro en pl\u00e1sticos podr\u00eda aumentar hasta las 2.236 toneladas al a\u00f1o.<\/p>\n","protected":false},"excerpt":{"rendered":"<p>Mahou San Miguel va a eliminar este a\u00f1o el pl\u00e1stico de los envases y embalajes de m\u00e1s de 12 marcas y agrupaciones de productos distintas. Entre ellas estar\u00e1n incluidas Mahou Cinco Estrellas Sin Gluten, Mahou Cinco Estrellas Radler, Mahou Maestra Doble L\u00fapulo, Mahou Maestra Dunkel, Magna de San Miguel, San Miguel Radler, Selecta de San&hellip;<\/p>\n","protected":false},"author":1,"featured_media":1069,"comment_status":"closed","ping_status":"open","sticky":false,"template":"","format":"standard","meta":{"footnotes":""},"categories":[17],"tags":[],"class_list":["post-1068","post","type-post","status-publish","format-standard","has-post-thumbnail","hentry","category-el-sector"],"yoast_head":"<!-- This site is optimized with the Yoast SEO plugin v25.9 - https:\/\/yoast.com\/wordpress\/plugins\/seo\/ -->\n<title>Mahou San Miguel elimina el pl\u00e1stico de los envases y agrupaciones de sus principales marcas - ASPACK NEWS<\/title>\n<meta name=\"robots\" content=\"index, follow, max-snippet:-1, max-image-preview:large, max-video-preview:-1\" \/>\n<link rel=\"canonical\" href=\"http:\/\/www.aspack.es\/news\/mahou-san-miguel-elimina-el-plastico-de-los-envases-y-agrupaciones-de-sus-principales-marcas\/\" \/>\n<meta property=\"og:locale\" content=\"es_ES\" \/>\n<meta property=\"og:type\" content=\"article\" \/>\n<meta property=\"og:title\" content=\"Mahou San Miguel elimina el pl\u00e1stico de los envases y agrupaciones de sus principales marcas - ASPACK NEWS\" \/>\n<meta property=\"og:description\" content=\"Mahou San Miguel va a eliminar este a\u00f1o el pl\u00e1stico de los envases y embalajes de m\u00e1s de 12 marcas y agrupaciones de productos distintas. Entre ellas estar\u00e1n incluidas Mahou Cinco Estrellas Sin Gluten, Mahou Cinco Estrellas Radler, Mahou Maestra Doble L\u00fapulo, Mahou Maestra Dunkel, Magna de San Miguel, San Miguel Radler, Selecta de San&hellip;\" \/>\n<meta property=\"og:url\" content=\"http:\/\/www.aspack.es\/news\/mahou-san-miguel-elimina-el-plastico-de-los-envases-y-agrupaciones-de-sus-principales-marcas\/\" \/>\n<meta property=\"og:site_name\" content=\"ASPACK NEWS\" \/>\n<meta property=\"article:published_time\" content=\"2020-03-11T16:08:30+00:00\" \/>\n<meta property=\"article:modified_time\" content=\"2020-04-21T14:48:27+00:00\" \/>\n<meta property=\"og:image\" content=\"http:\/\/www.aspack.es\/news\/wp-content\/uploads\/2020\/03\/img-mahou-san-miguel-elimina-el-plastico-de-los-envases-y-agrupaciones-de-sus-principales-marcas-154.jpg\" \/>\n\t<meta property=\"og:image:width\" content=\"2032\" \/>\n\t<meta property=\"og:image:height\" content=\"1524\" \/>\n\t<meta property=\"og:image:type\" content=\"image\/jpeg\" \/>\n<meta name=\"author\" content=\"admin\" \/>\n<meta name=\"twitter:card\" content=\"summary_large_image\" \/>\n<meta name=\"twitter:label1\" content=\"Escrito por\" \/>\n\t<meta name=\"twitter:data1\" content=\"admin\" \/>\n\t<meta name=\"twitter:label2\" content=\"Tiempo de lectura\" \/>\n\t<meta name=\"twitter:data2\" content=\"2 minutos\" \/>\n<script type=\"application\/ld+json\" class=\"yoast-schema-graph\">{\"@context\":\"https:\/\/schema.org\",\"@graph\":[{\"@type\":\"WebPage\",\"@id\":\"http:\/\/www.aspack.es\/news\/mahou-san-miguel-elimina-el-plastico-de-los-envases-y-agrupaciones-de-sus-principales-marcas\/\",\"url\":\"http:\/\/www.aspack.es\/news\/mahou-san-miguel-elimina-el-plastico-de-los-envases-y-agrupaciones-de-sus-principales-marcas\/\",\"name\":\"Mahou San Miguel elimina el pl\u00e1stico de los envases y agrupaciones de sus principales marcas - ASPACK NEWS\",\"isPartOf\":{\"@id\":\"https:\/\/www.aspack.es\/news\/#website\"},\"primaryImageOfPage\":{\"@id\":\"http:\/\/www.aspack.es\/news\/mahou-san-miguel-elimina-el-plastico-de-los-envases-y-agrupaciones-de-sus-principales-marcas\/#primaryimage\"},\"image\":{\"@id\":\"http:\/\/www.aspack.es\/news\/mahou-san-miguel-elimina-el-plastico-de-los-envases-y-agrupaciones-de-sus-principales-marcas\/#primaryimage\"},\"thumbnailUrl\":\"http:\/\/www.aspack.es\/news\/wp-content\/uploads\/2020\/03\/img-mahou-san-miguel-elimina-el-plastico-de-los-envases-y-agrupaciones-de-sus-principales-marcas-154.jpg\",\"datePublished\":\"2020-03-11T16:08:30+00:00\",\"dateModified\":\"2020-04-21T14:48:27+00:00\",\"author\":{\"@id\":\"https:\/\/www.aspack.es\/news\/#\/schema\/person\/0019098322836346476fc7dfdbd26d95\"},\"breadcrumb\":{\"@id\":\"http:\/\/www.aspack.es\/news\/mahou-san-miguel-elimina-el-plastico-de-los-envases-y-agrupaciones-de-sus-principales-marcas\/#breadcrumb\"},\"inLanguage\":\"es\",\"potentialAction\":[{\"@type\":\"ReadAction\",\"target\":[\"http:\/\/www.aspack.es\/news\/mahou-san-miguel-elimina-el-plastico-de-los-envases-y-agrupaciones-de-sus-principales-marcas\/\"]}]},{\"@type\":\"ImageObject\",\"inLanguage\":\"es\",\"@id\":\"http:\/\/www.aspack.es\/news\/mahou-san-miguel-elimina-el-plastico-de-los-envases-y-agrupaciones-de-sus-principales-marcas\/#primaryimage\",\"url\":\"http:\/\/www.aspack.es\/news\/wp-content\/uploads\/2020\/03\/img-mahou-san-miguel-elimina-el-plastico-de-los-envases-y-agrupaciones-de-sus-principales-marcas-154.jpg\",\"contentUrl\":\"http:\/\/www.aspack.es\/news\/wp-content\/uploads\/2020\/03\/img-mahou-san-miguel-elimina-el-plastico-de-los-envases-y-agrupaciones-de-sus-principales-marcas-154.jpg\",\"width\":2032,\"height\":1524},{\"@type\":\"BreadcrumbList\",\"@id\":\"http:\/\/www.aspack.es\/news\/mahou-san-miguel-elimina-el-plastico-de-los-envases-y-agrupaciones-de-sus-principales-marcas\/#breadcrumb\",\"itemListElement\":[{\"@type\":\"ListItem\",\"position\":1,\"name\":\"Portada\",\"item\":\"https:\/\/www.aspack.es\/news\/\"},{\"@type\":\"ListItem\",\"position\":2,\"name\":\"Mahou San Miguel elimina el pl\u00e1stico de los envases y agrupaciones de sus principales marcas\"}]},{\"@type\":\"WebSite\",\"@id\":\"https:\/\/www.aspack.es\/news\/#website\",\"url\":\"https:\/\/www.aspack.es\/news\/\",\"name\":\"ASPACK NEWS\",\"description\":\"El peri?dico digital de los envases de cart?n\",\"potentialAction\":[{\"@type\":\"SearchAction\",\"target\":{\"@type\":\"EntryPoint\",\"urlTemplate\":\"https:\/\/www.aspack.es\/news\/?s={search_term_string}\"},\"query-input\":{\"@type\":\"PropertyValueSpecification\",\"valueRequired\":true,\"valueName\":\"search_term_string\"}}],\"inLanguage\":\"es\"},{\"@type\":\"Person\",\"@id\":\"https:\/\/www.aspack.es\/news\/#\/schema\/person\/0019098322836346476fc7dfdbd26d95\",\"name\":\"admin\",\"image\":{\"@type\":\"ImageObject\",\"inLanguage\":\"es\",\"@id\":\"https:\/\/www.aspack.es\/news\/#\/schema\/person\/image\/\",\"url\":\"https:\/\/secure.gravatar.com\/avatar\/6a6c60542c39a2d052b8b1e8c5145e669bf888b9b229b3da0e43092daac8a32e?s=96&d=mm&r=g\",\"contentUrl\":\"https:\/\/secure.gravatar.com\/avatar\/6a6c60542c39a2d052b8b1e8c5145e669bf888b9b229b3da0e43092daac8a32e?s=96&d=mm&r=g\",\"caption\":\"admin\"},\"url\":\"http:\/\/www.aspack.es\/news\/author\/admin\/\"}]}<\/script>\n<!-- \/ Yoast SEO plugin. -->","yoast_head_json":{"title":"Mahou San Miguel elimina el pl\u00e1stico de los envases y agrupaciones de sus principales marcas - ASPACK NEWS","robots":{"index":"index","follow":"follow","max-snippet":"max-snippet:-1","max-image-preview":"max-image-preview:large","max-video-preview":"max-video-preview:-1"},"canonical":"http:\/\/www.aspack.es\/news\/mahou-san-miguel-elimina-el-plastico-de-los-envases-y-agrupaciones-de-sus-principales-marcas\/","og_locale":"es_ES","og_type":"article","og_title":"Mahou San Miguel elimina el pl\u00e1stico de los envases y agrupaciones de sus principales marcas - ASPACK NEWS","og_description":"Mahou San Miguel va a eliminar este a\u00f1o el pl\u00e1stico de los envases y embalajes de m\u00e1s de 12 marcas y agrupaciones de productos distintas. Entre ellas estar\u00e1n incluidas Mahou Cinco Estrellas Sin Gluten, Mahou Cinco Estrellas Radler, Mahou Maestra Doble L\u00fapulo, Mahou Maestra Dunkel, Magna de San Miguel, San Miguel Radler, Selecta de San&hellip;","og_url":"http:\/\/www.aspack.es\/news\/mahou-san-miguel-elimina-el-plastico-de-los-envases-y-agrupaciones-de-sus-principales-marcas\/","og_site_name":"ASPACK NEWS","article_published_time":"2020-03-11T16:08:30+00:00","article_modified_time":"2020-04-21T14:48:27+00:00","og_image":[{"width":2032,"height":1524,"url":"http:\/\/www.aspack.es\/news\/wp-content\/uploads\/2020\/03\/img-mahou-san-miguel-elimina-el-plastico-de-los-envases-y-agrupaciones-de-sus-principales-marcas-154.jpg","type":"image\/jpeg"}],"author":"admin","twitter_card":"summary_large_image","twitter_misc":{"Escrito por":"admin","Tiempo de lectura":"2 minutos"},"schema":{"@context":"https:\/\/schema.org","@graph":[{"@type":"WebPage","@id":"http:\/\/www.aspack.es\/news\/mahou-san-miguel-elimina-el-plastico-de-los-envases-y-agrupaciones-de-sus-principales-marcas\/","url":"http:\/\/www.aspack.es\/news\/mahou-san-miguel-elimina-el-plastico-de-los-envases-y-agrupaciones-de-sus-principales-marcas\/","name":"Mahou San Miguel elimina el pl\u00e1stico de los envases y agrupaciones de sus principales marcas - ASPACK NEWS","isPartOf":{"@id":"https:\/\/www.aspack.es\/news\/#website"},"primaryImageOfPage":{"@id":"http:\/\/www.aspack.es\/news\/mahou-san-miguel-elimina-el-plastico-de-los-envases-y-agrupaciones-de-sus-principales-marcas\/#primaryimage"},"image":{"@id":"http:\/\/www.aspack.es\/news\/mahou-san-miguel-elimina-el-plastico-de-los-envases-y-agrupaciones-de-sus-principales-marcas\/#primaryimage"},"thumbnailUrl":"http:\/\/www.aspack.es\/news\/wp-content\/uploads\/2020\/03\/img-mahou-san-miguel-elimina-el-plastico-de-los-envases-y-agrupaciones-de-sus-principales-marcas-154.jpg","datePublished":"2020-03-11T16:08:30+00:00","dateModified":"2020-04-21T14:48:27+00:00","author":{"@id":"https:\/\/www.aspack.es\/news\/#\/schema\/person\/0019098322836346476fc7dfdbd26d95"},"breadcrumb":{"@id":"http:\/\/www.aspack.es\/news\/mahou-san-miguel-elimina-el-plastico-de-los-envases-y-agrupaciones-de-sus-principales-marcas\/#breadcrumb"},"inLanguage":"es","potentialAction":[{"@type":"ReadAction","target":["http:\/\/www.aspack.es\/news\/mahou-san-miguel-elimina-el-plastico-de-los-envases-y-agrupaciones-de-sus-principales-marcas\/"]}]},{"@type":"ImageObject","inLanguage":"es","@id":"http:\/\/www.aspack.es\/news\/mahou-san-miguel-elimina-el-plastico-de-los-envases-y-agrupaciones-de-sus-principales-marcas\/#primaryimage","url":"http:\/\/www.aspack.es\/news\/wp-content\/uploads\/2020\/03\/img-mahou-san-miguel-elimina-el-plastico-de-los-envases-y-agrupaciones-de-sus-principales-marcas-154.jpg","contentUrl":"http:\/\/www.aspack.es\/news\/wp-content\/uploads\/2020\/03\/img-mahou-san-miguel-elimina-el-plastico-de-los-envases-y-agrupaciones-de-sus-principales-marcas-154.jpg","width":2032,"height":1524},{"@type":"BreadcrumbList","@id":"http:\/\/www.aspack.es\/news\/mahou-san-miguel-elimina-el-plastico-de-los-envases-y-agrupaciones-de-sus-principales-marcas\/#breadcrumb","itemListElement":[{"@type":"ListItem","position":1,"name":"Portada","item":"https:\/\/www.aspack.es\/news\/"},{"@type":"ListItem","position":2,"name":"Mahou San Miguel elimina el pl\u00e1stico de los envases y agrupaciones de sus principales marcas"}]},{"@type":"WebSite","@id":"https:\/\/www.aspack.es\/news\/#website","url":"https:\/\/www.aspack.es\/news\/","name":"ASPACK NEWS","description":"El peri?dico digital de los envases de cart?n","potentialAction":[{"@type":"SearchAction","target":{"@type":"EntryPoint","urlTemplate":"https:\/\/www.aspack.es\/news\/?s={search_term_string}"},"query-input":{"@type":"PropertyValueSpecification","valueRequired":true,"valueName":"search_term_string"}}],"inLanguage":"es"},{"@type":"Person","@id":"https:\/\/www.aspack.es\/news\/#\/schema\/person\/0019098322836346476fc7dfdbd26d95","name":"admin","image":{"@type":"ImageObject","inLanguage":"es","@id":"https:\/\/www.aspack.es\/news\/#\/schema\/person\/image\/","url":"https:\/\/secure.gravatar.com\/avatar\/6a6c60542c39a2d052b8b1e8c5145e669bf888b9b229b3da0e43092daac8a32e?s=96&d=mm&r=g","contentUrl":"https:\/\/secure.gravatar.com\/avatar\/6a6c60542c39a2d052b8b1e8c5145e669bf888b9b229b3da0e43092daac8a32e?s=96&d=mm&r=g","caption":"admin"},"url":"http:\/\/www.aspack.es\/news\/author\/admin\/"}]}},"_links":{"self":[{"href":"http:\/\/www.aspack.es\/news\/wp-json\/wp\/v2\/posts\/1068","targetHints":{"allow":["GET"]}}],"collection":[{"href":"http:\/\/www.aspack.es\/news\/wp-json\/wp\/v2\/posts"}],"about":[{"href":"http:\/\/www.aspack.es\/news\/wp-json\/wp\/v2\/types\/post"}],"author":[{"embeddable":true,"href":"http:\/\/www.aspack.es\/news\/wp-json\/wp\/v2\/users\/1"}],"replies":[{"embeddable":true,"href":"http:\/\/www.aspack.es\/news\/wp-json\/wp\/v2\/comments?post=1068"}],"version-history":[{"count":1,"href":"http:\/\/www.aspack.es\/news\/wp-json\/wp\/v2\/posts\/1068\/revisions"}],"predecessor-version":[{"id":1071,"href":"http:\/\/www.aspack.es\/news\/wp-json\/wp\/v2\/posts\/1068\/revisions\/1071"}],"wp:featuredmedia":[{"embeddable":true,"href":"http:\/\/www.aspack.es\/news\/wp-json\/wp\/v2\/media\/1069"}],"wp:attachment":[{"href":"http:\/\/www.aspack.es\/news\/wp-json\/wp\/v2\/media?parent=1068"}],"wp:term":[{"taxonomy":"category","embeddable":true,"href":"http:\/\/www.aspack.es\/news\/wp-json\/wp\/v2\/categories?post=1068"},{"taxonomy":"post_tag","embeddable":true,"href":"http:\/\/www.aspack.es\/news\/wp-json\/wp\/v2\/tags?post=1068"}],"curies":[{"name":"wp","href":"https:\/\/api.w.org\/{rel}","templated":true}]}}