{"id":1106,"date":"2020-04-30T14:44:21","date_gmt":"2020-04-30T14:44:21","guid":{"rendered":"http:\/\/www.aspack.es\/news\/?p=1106"},"modified":"2020-06-12T11:27:17","modified_gmt":"2020-06-12T11:27:17","slug":"los-agentes-sociales-de-la-industria-de-alimentacion-y-bebidas-acuerdan-un-protocolo-guia-de-proteccion-y-prevencion-laboral-para-trabajadores-del-sector","status":"publish","type":"post","link":"http:\/\/www.aspack.es\/news\/los-agentes-sociales-de-la-industria-de-alimentacion-y-bebidas-acuerdan-un-protocolo-guia-de-proteccion-y-prevencion-laboral-para-trabajadores-del-sector\/","title":{"rendered":"Los agentes sociales de la industria de alimentaci\u00f3n y bebidas acuerdan un Protocolo Gu\u00eda de Protecci\u00f3n y Prevenci\u00f3n laboral para trabajadores del sector"},"content":{"rendered":"<p><strong>La Comisi\u00f3n de Asuntos Laborales de la Industria de Alimentaci\u00f3n y Bebidas<\/strong>, integrada por la Federaci\u00f3n Espa\u00f1ola de Industrias de Alimentaci\u00f3n y Bebidas (FIAB), UGT FICA y CCOO-INDUSTRIA, ha elaborado un<strong> Protocolo<\/strong> <strong>Gu\u00eda de Buenas Pr\u00e1cticas<\/strong> de Protecci\u00f3n y Prevenci\u00f3n Laboral para los trabajadores del sector.<\/p>\n<p>El documento recoge medidas acerca de la gesti\u00f3n de entrada y salida de empleados de los puestos de trabajo; m\u00e9todos de acceso a proveedores externos; limpieza y desinfecci\u00f3n de las empresas; precauciones de higiene personal; equipos de protecci\u00f3n; gesti\u00f3n de espacios comunes; organizaci\u00f3n en lo relativo a turnos, viajes y teletrabajo, as\u00ed como la reorganizaci\u00f3n de los niveles de producci\u00f3n; movimientos internos, reuniones, eventos internos y formaci\u00f3n; y gesti\u00f3n de la persona sintom\u00e1tica, entre otras.<\/p>\n<p>El Protocolo Gu\u00eda ha sido <strong>remitido con car\u00e1cter informativo al Ministerio de Agricultura, Pesca y Alimentaci\u00f3n<\/strong>, as\u00ed como al de Industria, Comercio y Turismo y su contenido est\u00e1 supeditado al cumplimiento de los principios y procedimientos establecidos por el Ministerio de Sanidad y autoridades sanitarias competentes.<\/p>\n<p>El contenido del Protocolo Gu\u00eda se adaptar\u00e1 siempre a las instrucciones que determinen las autoridades sanitarias en funci\u00f3n de la evoluci\u00f3n de la pandemia y su aplicaci\u00f3n concreta se adecuar\u00e1 a las necesidades y medidas espec\u00edficas de cada instalaci\u00f3n.<\/p>\n<p><strong>Fuente:<\/strong> <a href=\"http:\/\/fiab.es\/los-agentes-sociales-de-la-industria-de-alimentacion-y-bebidas-acuerdan-un-protocolo-guia-de-proteccion-y-prevencion-laboral-para-trabajadores-del-sector\/\" target=\"_blank\">Nota de Prensa de FIAB<\/a>.<\/p>\n","protected":false},"excerpt":{"rendered":"<p>La Comisi\u00f3n de Asuntos Laborales de la Industria de Alimentaci\u00f3n y Bebidas, integrada por la Federaci\u00f3n Espa\u00f1ola de Industrias de Alimentaci\u00f3n y Bebidas (FIAB), UGT FICA y CCOO-INDUSTRIA, ha elaborado un Protocolo Gu\u00eda de Buenas Pr\u00e1cticas de Protecci\u00f3n y Prevenci\u00f3n Laboral para los trabajadores del sector. El documento recoge medidas acerca de la gesti\u00f3n de&hellip;<\/p>\n","protected":false},"author":1,"featured_media":1107,"comment_status":"closed","ping_status":"open","sticky":false,"template":"","format":"standard","meta":{"footnotes":""},"categories":[17],"tags":[],"class_list":["post-1106","post","type-post","status-publish","format-standard","has-post-thumbnail","hentry","category-el-sector"],"yoast_head":"<!-- This site is optimized with the Yoast SEO plugin v25.9 - https:\/\/yoast.com\/wordpress\/plugins\/seo\/ -->\n<title>Los agentes sociales de la industria de alimentaci\u00f3n y bebidas acuerdan un Protocolo Gu\u00eda de Protecci\u00f3n y Prevenci\u00f3n laboral para trabajadores del sector - ASPACK NEWS<\/title>\n<meta name=\"robots\" content=\"index, follow, max-snippet:-1, max-image-preview:large, max-video-preview:-1\" \/>\n<link rel=\"canonical\" href=\"http:\/\/www.aspack.es\/news\/los-agentes-sociales-de-la-industria-de-alimentacion-y-bebidas-acuerdan-un-protocolo-guia-de-proteccion-y-prevencion-laboral-para-trabajadores-del-sector\/\" \/>\n<meta property=\"og:locale\" content=\"es_ES\" \/>\n<meta property=\"og:type\" content=\"article\" \/>\n<meta property=\"og:title\" content=\"Los agentes sociales de la industria de alimentaci\u00f3n y bebidas acuerdan un Protocolo Gu\u00eda de Protecci\u00f3n y Prevenci\u00f3n laboral para trabajadores del sector - ASPACK NEWS\" \/>\n<meta property=\"og:description\" content=\"La Comisi\u00f3n de Asuntos Laborales de la Industria de Alimentaci\u00f3n y Bebidas, integrada por la Federaci\u00f3n Espa\u00f1ola de Industrias de Alimentaci\u00f3n y Bebidas (FIAB), UGT FICA y CCOO-INDUSTRIA, ha elaborado un Protocolo Gu\u00eda de Buenas Pr\u00e1cticas de Protecci\u00f3n y Prevenci\u00f3n Laboral para los trabajadores del sector. El documento recoge medidas acerca de la gesti\u00f3n de&hellip;\" \/>\n<meta property=\"og:url\" content=\"http:\/\/www.aspack.es\/news\/los-agentes-sociales-de-la-industria-de-alimentacion-y-bebidas-acuerdan-un-protocolo-guia-de-proteccion-y-prevencion-laboral-para-trabajadores-del-sector\/\" \/>\n<meta property=\"og:site_name\" content=\"ASPACK NEWS\" \/>\n<meta property=\"article:published_time\" content=\"2020-04-30T14:44:21+00:00\" \/>\n<meta property=\"article:modified_time\" content=\"2020-06-12T11:27:17+00:00\" \/>\n<meta property=\"og:image\" content=\"http:\/\/www.aspack.es\/news\/wp-content\/uploads\/2020\/04\/OperarioIAB.png\" \/>\n\t<meta property=\"og:image:width\" content=\"1200\" \/>\n\t<meta property=\"og:image:height\" content=\"565\" \/>\n\t<meta property=\"og:image:type\" content=\"image\/png\" \/>\n<meta name=\"author\" content=\"admin\" \/>\n<meta name=\"twitter:card\" content=\"summary_large_image\" \/>\n<meta name=\"twitter:label1\" content=\"Escrito por\" \/>\n\t<meta name=\"twitter:data1\" content=\"admin\" \/>\n\t<meta name=\"twitter:label2\" content=\"Tiempo de lectura\" \/>\n\t<meta name=\"twitter:data2\" content=\"1 minuto\" \/>\n<script type=\"application\/ld+json\" class=\"yoast-schema-graph\">{\"@context\":\"https:\/\/schema.org\",\"@graph\":[{\"@type\":\"WebPage\",\"@id\":\"http:\/\/www.aspack.es\/news\/los-agentes-sociales-de-la-industria-de-alimentacion-y-bebidas-acuerdan-un-protocolo-guia-de-proteccion-y-prevencion-laboral-para-trabajadores-del-sector\/\",\"url\":\"http:\/\/www.aspack.es\/news\/los-agentes-sociales-de-la-industria-de-alimentacion-y-bebidas-acuerdan-un-protocolo-guia-de-proteccion-y-prevencion-laboral-para-trabajadores-del-sector\/\",\"name\":\"Los agentes sociales de la industria de alimentaci\u00f3n y bebidas acuerdan un Protocolo Gu\u00eda de Protecci\u00f3n y Prevenci\u00f3n laboral para trabajadores del sector - ASPACK NEWS\",\"isPartOf\":{\"@id\":\"https:\/\/www.aspack.es\/news\/#website\"},\"primaryImageOfPage\":{\"@id\":\"http:\/\/www.aspack.es\/news\/los-agentes-sociales-de-la-industria-de-alimentacion-y-bebidas-acuerdan-un-protocolo-guia-de-proteccion-y-prevencion-laboral-para-trabajadores-del-sector\/#primaryimage\"},\"image\":{\"@id\":\"http:\/\/www.aspack.es\/news\/los-agentes-sociales-de-la-industria-de-alimentacion-y-bebidas-acuerdan-un-protocolo-guia-de-proteccion-y-prevencion-laboral-para-trabajadores-del-sector\/#primaryimage\"},\"thumbnailUrl\":\"http:\/\/www.aspack.es\/news\/wp-content\/uploads\/2020\/04\/OperarioIAB.png\",\"datePublished\":\"2020-04-30T14:44:21+00:00\",\"dateModified\":\"2020-06-12T11:27:17+00:00\",\"author\":{\"@id\":\"https:\/\/www.aspack.es\/news\/#\/schema\/person\/0019098322836346476fc7dfdbd26d95\"},\"breadcrumb\":{\"@id\":\"http:\/\/www.aspack.es\/news\/los-agentes-sociales-de-la-industria-de-alimentacion-y-bebidas-acuerdan-un-protocolo-guia-de-proteccion-y-prevencion-laboral-para-trabajadores-del-sector\/#breadcrumb\"},\"inLanguage\":\"es\",\"potentialAction\":[{\"@type\":\"ReadAction\",\"target\":[\"http:\/\/www.aspack.es\/news\/los-agentes-sociales-de-la-industria-de-alimentacion-y-bebidas-acuerdan-un-protocolo-guia-de-proteccion-y-prevencion-laboral-para-trabajadores-del-sector\/\"]}]},{\"@type\":\"ImageObject\",\"inLanguage\":\"es\",\"@id\":\"http:\/\/www.aspack.es\/news\/los-agentes-sociales-de-la-industria-de-alimentacion-y-bebidas-acuerdan-un-protocolo-guia-de-proteccion-y-prevencion-laboral-para-trabajadores-del-sector\/#primaryimage\",\"url\":\"http:\/\/www.aspack.es\/news\/wp-content\/uploads\/2020\/04\/OperarioIAB.png\",\"contentUrl\":\"http:\/\/www.aspack.es\/news\/wp-content\/uploads\/2020\/04\/OperarioIAB.png\",\"width\":1200,\"height\":565},{\"@type\":\"BreadcrumbList\",\"@id\":\"http:\/\/www.aspack.es\/news\/los-agentes-sociales-de-la-industria-de-alimentacion-y-bebidas-acuerdan-un-protocolo-guia-de-proteccion-y-prevencion-laboral-para-trabajadores-del-sector\/#breadcrumb\",\"itemListElement\":[{\"@type\":\"ListItem\",\"position\":1,\"name\":\"Portada\",\"item\":\"https:\/\/www.aspack.es\/news\/\"},{\"@type\":\"ListItem\",\"position\":2,\"name\":\"Los agentes sociales de la industria de alimentaci\u00f3n y bebidas acuerdan un Protocolo Gu\u00eda de Protecci\u00f3n y Prevenci\u00f3n laboral para trabajadores del sector\"}]},{\"@type\":\"WebSite\",\"@id\":\"https:\/\/www.aspack.es\/news\/#website\",\"url\":\"https:\/\/www.aspack.es\/news\/\",\"name\":\"ASPACK NEWS\",\"description\":\"El peri?dico digital de los envases de cart?n\",\"potentialAction\":[{\"@type\":\"SearchAction\",\"target\":{\"@type\":\"EntryPoint\",\"urlTemplate\":\"https:\/\/www.aspack.es\/news\/?s={search_term_string}\"},\"query-input\":{\"@type\":\"PropertyValueSpecification\",\"valueRequired\":true,\"valueName\":\"search_term_string\"}}],\"inLanguage\":\"es\"},{\"@type\":\"Person\",\"@id\":\"https:\/\/www.aspack.es\/news\/#\/schema\/person\/0019098322836346476fc7dfdbd26d95\",\"name\":\"admin\",\"image\":{\"@type\":\"ImageObject\",\"inLanguage\":\"es\",\"@id\":\"https:\/\/www.aspack.es\/news\/#\/schema\/person\/image\/\",\"url\":\"https:\/\/secure.gravatar.com\/avatar\/6a6c60542c39a2d052b8b1e8c5145e669bf888b9b229b3da0e43092daac8a32e?s=96&d=mm&r=g\",\"contentUrl\":\"https:\/\/secure.gravatar.com\/avatar\/6a6c60542c39a2d052b8b1e8c5145e669bf888b9b229b3da0e43092daac8a32e?s=96&d=mm&r=g\",\"caption\":\"admin\"},\"url\":\"http:\/\/www.aspack.es\/news\/author\/admin\/\"}]}<\/script>\n<!-- \/ Yoast SEO plugin. -->","yoast_head_json":{"title":"Los agentes sociales de la industria de alimentaci\u00f3n y bebidas acuerdan un Protocolo Gu\u00eda de Protecci\u00f3n y Prevenci\u00f3n laboral para trabajadores del sector - ASPACK NEWS","robots":{"index":"index","follow":"follow","max-snippet":"max-snippet:-1","max-image-preview":"max-image-preview:large","max-video-preview":"max-video-preview:-1"},"canonical":"http:\/\/www.aspack.es\/news\/los-agentes-sociales-de-la-industria-de-alimentacion-y-bebidas-acuerdan-un-protocolo-guia-de-proteccion-y-prevencion-laboral-para-trabajadores-del-sector\/","og_locale":"es_ES","og_type":"article","og_title":"Los agentes sociales de la industria de alimentaci\u00f3n y bebidas acuerdan un Protocolo Gu\u00eda de Protecci\u00f3n y Prevenci\u00f3n laboral para trabajadores del sector - ASPACK NEWS","og_description":"La Comisi\u00f3n de Asuntos Laborales de la Industria de Alimentaci\u00f3n y Bebidas, integrada por la Federaci\u00f3n Espa\u00f1ola de Industrias de Alimentaci\u00f3n y Bebidas (FIAB), UGT FICA y CCOO-INDUSTRIA, ha elaborado un Protocolo Gu\u00eda de Buenas Pr\u00e1cticas de Protecci\u00f3n y Prevenci\u00f3n Laboral para los trabajadores del sector. El documento recoge medidas acerca de la gesti\u00f3n de&hellip;","og_url":"http:\/\/www.aspack.es\/news\/los-agentes-sociales-de-la-industria-de-alimentacion-y-bebidas-acuerdan-un-protocolo-guia-de-proteccion-y-prevencion-laboral-para-trabajadores-del-sector\/","og_site_name":"ASPACK NEWS","article_published_time":"2020-04-30T14:44:21+00:00","article_modified_time":"2020-06-12T11:27:17+00:00","og_image":[{"width":1200,"height":565,"url":"http:\/\/www.aspack.es\/news\/wp-content\/uploads\/2020\/04\/OperarioIAB.png","type":"image\/png"}],"author":"admin","twitter_card":"summary_large_image","twitter_misc":{"Escrito por":"admin","Tiempo de lectura":"1 minuto"},"schema":{"@context":"https:\/\/schema.org","@graph":[{"@type":"WebPage","@id":"http:\/\/www.aspack.es\/news\/los-agentes-sociales-de-la-industria-de-alimentacion-y-bebidas-acuerdan-un-protocolo-guia-de-proteccion-y-prevencion-laboral-para-trabajadores-del-sector\/","url":"http:\/\/www.aspack.es\/news\/los-agentes-sociales-de-la-industria-de-alimentacion-y-bebidas-acuerdan-un-protocolo-guia-de-proteccion-y-prevencion-laboral-para-trabajadores-del-sector\/","name":"Los agentes sociales de la industria de alimentaci\u00f3n y bebidas acuerdan un Protocolo Gu\u00eda de Protecci\u00f3n y Prevenci\u00f3n laboral para trabajadores del sector - ASPACK NEWS","isPartOf":{"@id":"https:\/\/www.aspack.es\/news\/#website"},"primaryImageOfPage":{"@id":"http:\/\/www.aspack.es\/news\/los-agentes-sociales-de-la-industria-de-alimentacion-y-bebidas-acuerdan-un-protocolo-guia-de-proteccion-y-prevencion-laboral-para-trabajadores-del-sector\/#primaryimage"},"image":{"@id":"http:\/\/www.aspack.es\/news\/los-agentes-sociales-de-la-industria-de-alimentacion-y-bebidas-acuerdan-un-protocolo-guia-de-proteccion-y-prevencion-laboral-para-trabajadores-del-sector\/#primaryimage"},"thumbnailUrl":"http:\/\/www.aspack.es\/news\/wp-content\/uploads\/2020\/04\/OperarioIAB.png","datePublished":"2020-04-30T14:44:21+00:00","dateModified":"2020-06-12T11:27:17+00:00","author":{"@id":"https:\/\/www.aspack.es\/news\/#\/schema\/person\/0019098322836346476fc7dfdbd26d95"},"breadcrumb":{"@id":"http:\/\/www.aspack.es\/news\/los-agentes-sociales-de-la-industria-de-alimentacion-y-bebidas-acuerdan-un-protocolo-guia-de-proteccion-y-prevencion-laboral-para-trabajadores-del-sector\/#breadcrumb"},"inLanguage":"es","potentialAction":[{"@type":"ReadAction","target":["http:\/\/www.aspack.es\/news\/los-agentes-sociales-de-la-industria-de-alimentacion-y-bebidas-acuerdan-un-protocolo-guia-de-proteccion-y-prevencion-laboral-para-trabajadores-del-sector\/"]}]},{"@type":"ImageObject","inLanguage":"es","@id":"http:\/\/www.aspack.es\/news\/los-agentes-sociales-de-la-industria-de-alimentacion-y-bebidas-acuerdan-un-protocolo-guia-de-proteccion-y-prevencion-laboral-para-trabajadores-del-sector\/#primaryimage","url":"http:\/\/www.aspack.es\/news\/wp-content\/uploads\/2020\/04\/OperarioIAB.png","contentUrl":"http:\/\/www.aspack.es\/news\/wp-content\/uploads\/2020\/04\/OperarioIAB.png","width":1200,"height":565},{"@type":"BreadcrumbList","@id":"http:\/\/www.aspack.es\/news\/los-agentes-sociales-de-la-industria-de-alimentacion-y-bebidas-acuerdan-un-protocolo-guia-de-proteccion-y-prevencion-laboral-para-trabajadores-del-sector\/#breadcrumb","itemListElement":[{"@type":"ListItem","position":1,"name":"Portada","item":"https:\/\/www.aspack.es\/news\/"},{"@type":"ListItem","position":2,"name":"Los agentes sociales de la industria de alimentaci\u00f3n y bebidas acuerdan un Protocolo Gu\u00eda de Protecci\u00f3n y Prevenci\u00f3n laboral para trabajadores del sector"}]},{"@type":"WebSite","@id":"https:\/\/www.aspack.es\/news\/#website","url":"https:\/\/www.aspack.es\/news\/","name":"ASPACK NEWS","description":"El peri?dico digital de los envases de cart?n","potentialAction":[{"@type":"SearchAction","target":{"@type":"EntryPoint","urlTemplate":"https:\/\/www.aspack.es\/news\/?s={search_term_string}"},"query-input":{"@type":"PropertyValueSpecification","valueRequired":true,"valueName":"search_term_string"}}],"inLanguage":"es"},{"@type":"Person","@id":"https:\/\/www.aspack.es\/news\/#\/schema\/person\/0019098322836346476fc7dfdbd26d95","name":"admin","image":{"@type":"ImageObject","inLanguage":"es","@id":"https:\/\/www.aspack.es\/news\/#\/schema\/person\/image\/","url":"https:\/\/secure.gravatar.com\/avatar\/6a6c60542c39a2d052b8b1e8c5145e669bf888b9b229b3da0e43092daac8a32e?s=96&d=mm&r=g","contentUrl":"https:\/\/secure.gravatar.com\/avatar\/6a6c60542c39a2d052b8b1e8c5145e669bf888b9b229b3da0e43092daac8a32e?s=96&d=mm&r=g","caption":"admin"},"url":"http:\/\/www.aspack.es\/news\/author\/admin\/"}]}},"_links":{"self":[{"href":"http:\/\/www.aspack.es\/news\/wp-json\/wp\/v2\/posts\/1106","targetHints":{"allow":["GET"]}}],"collection":[{"href":"http:\/\/www.aspack.es\/news\/wp-json\/wp\/v2\/posts"}],"about":[{"href":"http:\/\/www.aspack.es\/news\/wp-json\/wp\/v2\/types\/post"}],"author":[{"embeddable":true,"href":"http:\/\/www.aspack.es\/news\/wp-json\/wp\/v2\/users\/1"}],"replies":[{"embeddable":true,"href":"http:\/\/www.aspack.es\/news\/wp-json\/wp\/v2\/comments?post=1106"}],"version-history":[{"count":1,"href":"http:\/\/www.aspack.es\/news\/wp-json\/wp\/v2\/posts\/1106\/revisions"}],"predecessor-version":[{"id":1108,"href":"http:\/\/www.aspack.es\/news\/wp-json\/wp\/v2\/posts\/1106\/revisions\/1108"}],"wp:featuredmedia":[{"embeddable":true,"href":"http:\/\/www.aspack.es\/news\/wp-json\/wp\/v2\/media\/1107"}],"wp:attachment":[{"href":"http:\/\/www.aspack.es\/news\/wp-json\/wp\/v2\/media?parent=1106"}],"wp:term":[{"taxonomy":"category","embeddable":true,"href":"http:\/\/www.aspack.es\/news\/wp-json\/wp\/v2\/categories?post=1106"},{"taxonomy":"post_tag","embeddable":true,"href":"http:\/\/www.aspack.es\/news\/wp-json\/wp\/v2\/tags?post=1106"}],"curies":[{"name":"wp","href":"https:\/\/api.w.org\/{rel}","templated":true}]}}