{"id":1109,"date":"2020-05-04T14:24:03","date_gmt":"2020-05-04T14:24:03","guid":{"rendered":"http:\/\/www.aspack.es\/news\/?p=1109"},"modified":"2020-05-27T07:29:51","modified_gmt":"2020-05-27T07:29:51","slug":"los-fabricantes-de-envases-de-carton-alertan-del-incremento-de-precios-de-su-materia-prima-por-la-crisis-sanitaria-de-la-covid-19","status":"publish","type":"post","link":"http:\/\/www.aspack.es\/news\/los-fabricantes-de-envases-de-carton-alertan-del-incremento-de-precios-de-su-materia-prima-por-la-crisis-sanitaria-de-la-covid-19\/","title":{"rendered":"Los fabricantes de envases de cart\u00f3n alertan del incremento de precios de su materia prima por la crisis sanitaria de la Covid-19"},"content":{"rendered":"<p>Los fabricantes de envases de cart\u00f3n que forman parte de ASPACK han sido informados de un <strong>importante aumento del precio del cart\u00f3n reciclado,<\/strong> materia prima para gran parte de sus productos, por parte de sus proveedores.<\/p>\n<p>Esta subida de precios, que se est\u00e1 aplicando de manera inmediata, es <strong>consecuencia de la crisis sanitaria de la Covid-19 y las medidas para frenar la expansi\u00f3n de la enfermedad<\/strong>: el confinamiento de la poblaci\u00f3n, la paralizaci\u00f3n de algunas industrias, la ralentizaci\u00f3n de la econom\u00eda y la dificultad para conseguir determinados suministros.<\/p>\n<p>El del papel y el cart\u00f3n es un mercado global y los materiales se distribuyen por Europa y por todo el mundo. Uno de los efectos del confinamiento ha sido <strong>la reducci\u00f3n del consumo de papel y cart\u00f3n<\/strong>, lo que provoca que haya menos papel y cart\u00f3n recuperados. Esta situaci\u00f3n se est\u00e1 produciendo en toda Europa,.<\/p>\n<p>Ante este escenario, <strong>ASPACK se suma a la demanda de otras asociaciones europeas que piden a las autoridades comunitarias que mantengan las redes de reciclaje<\/strong> para evitar la especulaci\u00f3n.<\/p>\n","protected":false},"excerpt":{"rendered":"<p>Los fabricantes de envases de cart\u00f3n que forman parte de ASPACK han sido informados de un importante aumento del precio del cart\u00f3n reciclado, materia prima para gran parte de sus productos, por parte de sus proveedores. Esta subida de precios, que se est\u00e1 aplicando de manera inmediata, es consecuencia de la crisis sanitaria de la&hellip;<\/p>\n","protected":false},"author":1,"featured_media":1110,"comment_status":"closed","ping_status":"open","sticky":false,"template":"","format":"standard","meta":{"footnotes":""},"categories":[17],"tags":[],"class_list":["post-1109","post","type-post","status-publish","format-standard","has-post-thumbnail","hentry","category-el-sector"],"yoast_head":"<!-- This site is optimized with the Yoast SEO plugin v25.9 - https:\/\/yoast.com\/wordpress\/plugins\/seo\/ -->\n<title>Los fabricantes de envases de cart\u00f3n alertan del incremento de precios de su materia prima por la crisis sanitaria de la Covid-19 - ASPACK NEWS<\/title>\n<meta name=\"robots\" content=\"index, follow, max-snippet:-1, max-image-preview:large, max-video-preview:-1\" \/>\n<link rel=\"canonical\" href=\"http:\/\/www.aspack.es\/news\/los-fabricantes-de-envases-de-carton-alertan-del-incremento-de-precios-de-su-materia-prima-por-la-crisis-sanitaria-de-la-covid-19\/\" \/>\n<meta property=\"og:locale\" content=\"es_ES\" \/>\n<meta property=\"og:type\" content=\"article\" \/>\n<meta property=\"og:title\" content=\"Los fabricantes de envases de cart\u00f3n alertan del incremento de precios de su materia prima por la crisis sanitaria de la Covid-19 - ASPACK NEWS\" \/>\n<meta property=\"og:description\" content=\"Los fabricantes de envases de cart\u00f3n que forman parte de ASPACK han sido informados de un importante aumento del precio del cart\u00f3n reciclado, materia prima para gran parte de sus productos, por parte de sus proveedores. Esta subida de precios, que se est\u00e1 aplicando de manera inmediata, es consecuencia de la crisis sanitaria de la&hellip;\" \/>\n<meta property=\"og:url\" content=\"http:\/\/www.aspack.es\/news\/los-fabricantes-de-envases-de-carton-alertan-del-incremento-de-precios-de-su-materia-prima-por-la-crisis-sanitaria-de-la-covid-19\/\" \/>\n<meta property=\"og:site_name\" content=\"ASPACK NEWS\" \/>\n<meta property=\"article:published_time\" content=\"2020-05-04T14:24:03+00:00\" \/>\n<meta property=\"article:modified_time\" content=\"2020-05-27T07:29:51+00:00\" \/>\n<meta property=\"og:image\" content=\"http:\/\/www.aspack.es\/news\/wp-content\/uploads\/2020\/05\/Papel.jpg\" \/>\n\t<meta property=\"og:image:width\" content=\"1270\" \/>\n\t<meta property=\"og:image:height\" content=\"847\" \/>\n\t<meta property=\"og:image:type\" content=\"image\/jpeg\" \/>\n<meta name=\"author\" content=\"admin\" \/>\n<meta name=\"twitter:card\" content=\"summary_large_image\" \/>\n<meta name=\"twitter:label1\" content=\"Escrito por\" \/>\n\t<meta name=\"twitter:data1\" content=\"admin\" \/>\n\t<meta name=\"twitter:label2\" content=\"Tiempo de lectura\" \/>\n\t<meta name=\"twitter:data2\" content=\"1 minuto\" \/>\n<script type=\"application\/ld+json\" class=\"yoast-schema-graph\">{\"@context\":\"https:\/\/schema.org\",\"@graph\":[{\"@type\":\"WebPage\",\"@id\":\"http:\/\/www.aspack.es\/news\/los-fabricantes-de-envases-de-carton-alertan-del-incremento-de-precios-de-su-materia-prima-por-la-crisis-sanitaria-de-la-covid-19\/\",\"url\":\"http:\/\/www.aspack.es\/news\/los-fabricantes-de-envases-de-carton-alertan-del-incremento-de-precios-de-su-materia-prima-por-la-crisis-sanitaria-de-la-covid-19\/\",\"name\":\"Los fabricantes de envases de cart\u00f3n alertan del incremento de precios de su materia prima por la crisis sanitaria de la Covid-19 - ASPACK NEWS\",\"isPartOf\":{\"@id\":\"https:\/\/www.aspack.es\/news\/#website\"},\"primaryImageOfPage\":{\"@id\":\"http:\/\/www.aspack.es\/news\/los-fabricantes-de-envases-de-carton-alertan-del-incremento-de-precios-de-su-materia-prima-por-la-crisis-sanitaria-de-la-covid-19\/#primaryimage\"},\"image\":{\"@id\":\"http:\/\/www.aspack.es\/news\/los-fabricantes-de-envases-de-carton-alertan-del-incremento-de-precios-de-su-materia-prima-por-la-crisis-sanitaria-de-la-covid-19\/#primaryimage\"},\"thumbnailUrl\":\"http:\/\/www.aspack.es\/news\/wp-content\/uploads\/2020\/05\/Papel.jpg\",\"datePublished\":\"2020-05-04T14:24:03+00:00\",\"dateModified\":\"2020-05-27T07:29:51+00:00\",\"author\":{\"@id\":\"https:\/\/www.aspack.es\/news\/#\/schema\/person\/0019098322836346476fc7dfdbd26d95\"},\"breadcrumb\":{\"@id\":\"http:\/\/www.aspack.es\/news\/los-fabricantes-de-envases-de-carton-alertan-del-incremento-de-precios-de-su-materia-prima-por-la-crisis-sanitaria-de-la-covid-19\/#breadcrumb\"},\"inLanguage\":\"es\",\"potentialAction\":[{\"@type\":\"ReadAction\",\"target\":[\"http:\/\/www.aspack.es\/news\/los-fabricantes-de-envases-de-carton-alertan-del-incremento-de-precios-de-su-materia-prima-por-la-crisis-sanitaria-de-la-covid-19\/\"]}]},{\"@type\":\"ImageObject\",\"inLanguage\":\"es\",\"@id\":\"http:\/\/www.aspack.es\/news\/los-fabricantes-de-envases-de-carton-alertan-del-incremento-de-precios-de-su-materia-prima-por-la-crisis-sanitaria-de-la-covid-19\/#primaryimage\",\"url\":\"http:\/\/www.aspack.es\/news\/wp-content\/uploads\/2020\/05\/Papel.jpg\",\"contentUrl\":\"http:\/\/www.aspack.es\/news\/wp-content\/uploads\/2020\/05\/Papel.jpg\",\"width\":1270,\"height\":847},{\"@type\":\"BreadcrumbList\",\"@id\":\"http:\/\/www.aspack.es\/news\/los-fabricantes-de-envases-de-carton-alertan-del-incremento-de-precios-de-su-materia-prima-por-la-crisis-sanitaria-de-la-covid-19\/#breadcrumb\",\"itemListElement\":[{\"@type\":\"ListItem\",\"position\":1,\"name\":\"Portada\",\"item\":\"https:\/\/www.aspack.es\/news\/\"},{\"@type\":\"ListItem\",\"position\":2,\"name\":\"Los fabricantes de envases de cart\u00f3n alertan del incremento de precios de su materia prima por la crisis sanitaria de la Covid-19\"}]},{\"@type\":\"WebSite\",\"@id\":\"https:\/\/www.aspack.es\/news\/#website\",\"url\":\"https:\/\/www.aspack.es\/news\/\",\"name\":\"ASPACK NEWS\",\"description\":\"El peri?dico digital de los envases de cart?n\",\"potentialAction\":[{\"@type\":\"SearchAction\",\"target\":{\"@type\":\"EntryPoint\",\"urlTemplate\":\"https:\/\/www.aspack.es\/news\/?s={search_term_string}\"},\"query-input\":{\"@type\":\"PropertyValueSpecification\",\"valueRequired\":true,\"valueName\":\"search_term_string\"}}],\"inLanguage\":\"es\"},{\"@type\":\"Person\",\"@id\":\"https:\/\/www.aspack.es\/news\/#\/schema\/person\/0019098322836346476fc7dfdbd26d95\",\"name\":\"admin\",\"image\":{\"@type\":\"ImageObject\",\"inLanguage\":\"es\",\"@id\":\"https:\/\/www.aspack.es\/news\/#\/schema\/person\/image\/\",\"url\":\"https:\/\/secure.gravatar.com\/avatar\/6a6c60542c39a2d052b8b1e8c5145e669bf888b9b229b3da0e43092daac8a32e?s=96&d=mm&r=g\",\"contentUrl\":\"https:\/\/secure.gravatar.com\/avatar\/6a6c60542c39a2d052b8b1e8c5145e669bf888b9b229b3da0e43092daac8a32e?s=96&d=mm&r=g\",\"caption\":\"admin\"},\"url\":\"http:\/\/www.aspack.es\/news\/author\/admin\/\"}]}<\/script>\n<!-- \/ Yoast SEO plugin. -->","yoast_head_json":{"title":"Los fabricantes de envases de cart\u00f3n alertan del incremento de precios de su materia prima por la crisis sanitaria de la Covid-19 - ASPACK NEWS","robots":{"index":"index","follow":"follow","max-snippet":"max-snippet:-1","max-image-preview":"max-image-preview:large","max-video-preview":"max-video-preview:-1"},"canonical":"http:\/\/www.aspack.es\/news\/los-fabricantes-de-envases-de-carton-alertan-del-incremento-de-precios-de-su-materia-prima-por-la-crisis-sanitaria-de-la-covid-19\/","og_locale":"es_ES","og_type":"article","og_title":"Los fabricantes de envases de cart\u00f3n alertan del incremento de precios de su materia prima por la crisis sanitaria de la Covid-19 - ASPACK NEWS","og_description":"Los fabricantes de envases de cart\u00f3n que forman parte de ASPACK han sido informados de un importante aumento del precio del cart\u00f3n reciclado, materia prima para gran parte de sus productos, por parte de sus proveedores. Esta subida de precios, que se est\u00e1 aplicando de manera inmediata, es consecuencia de la crisis sanitaria de la&hellip;","og_url":"http:\/\/www.aspack.es\/news\/los-fabricantes-de-envases-de-carton-alertan-del-incremento-de-precios-de-su-materia-prima-por-la-crisis-sanitaria-de-la-covid-19\/","og_site_name":"ASPACK NEWS","article_published_time":"2020-05-04T14:24:03+00:00","article_modified_time":"2020-05-27T07:29:51+00:00","og_image":[{"width":1270,"height":847,"url":"http:\/\/www.aspack.es\/news\/wp-content\/uploads\/2020\/05\/Papel.jpg","type":"image\/jpeg"}],"author":"admin","twitter_card":"summary_large_image","twitter_misc":{"Escrito por":"admin","Tiempo de lectura":"1 minuto"},"schema":{"@context":"https:\/\/schema.org","@graph":[{"@type":"WebPage","@id":"http:\/\/www.aspack.es\/news\/los-fabricantes-de-envases-de-carton-alertan-del-incremento-de-precios-de-su-materia-prima-por-la-crisis-sanitaria-de-la-covid-19\/","url":"http:\/\/www.aspack.es\/news\/los-fabricantes-de-envases-de-carton-alertan-del-incremento-de-precios-de-su-materia-prima-por-la-crisis-sanitaria-de-la-covid-19\/","name":"Los fabricantes de envases de cart\u00f3n alertan del incremento de precios de su materia prima por la crisis sanitaria de la Covid-19 - ASPACK NEWS","isPartOf":{"@id":"https:\/\/www.aspack.es\/news\/#website"},"primaryImageOfPage":{"@id":"http:\/\/www.aspack.es\/news\/los-fabricantes-de-envases-de-carton-alertan-del-incremento-de-precios-de-su-materia-prima-por-la-crisis-sanitaria-de-la-covid-19\/#primaryimage"},"image":{"@id":"http:\/\/www.aspack.es\/news\/los-fabricantes-de-envases-de-carton-alertan-del-incremento-de-precios-de-su-materia-prima-por-la-crisis-sanitaria-de-la-covid-19\/#primaryimage"},"thumbnailUrl":"http:\/\/www.aspack.es\/news\/wp-content\/uploads\/2020\/05\/Papel.jpg","datePublished":"2020-05-04T14:24:03+00:00","dateModified":"2020-05-27T07:29:51+00:00","author":{"@id":"https:\/\/www.aspack.es\/news\/#\/schema\/person\/0019098322836346476fc7dfdbd26d95"},"breadcrumb":{"@id":"http:\/\/www.aspack.es\/news\/los-fabricantes-de-envases-de-carton-alertan-del-incremento-de-precios-de-su-materia-prima-por-la-crisis-sanitaria-de-la-covid-19\/#breadcrumb"},"inLanguage":"es","potentialAction":[{"@type":"ReadAction","target":["http:\/\/www.aspack.es\/news\/los-fabricantes-de-envases-de-carton-alertan-del-incremento-de-precios-de-su-materia-prima-por-la-crisis-sanitaria-de-la-covid-19\/"]}]},{"@type":"ImageObject","inLanguage":"es","@id":"http:\/\/www.aspack.es\/news\/los-fabricantes-de-envases-de-carton-alertan-del-incremento-de-precios-de-su-materia-prima-por-la-crisis-sanitaria-de-la-covid-19\/#primaryimage","url":"http:\/\/www.aspack.es\/news\/wp-content\/uploads\/2020\/05\/Papel.jpg","contentUrl":"http:\/\/www.aspack.es\/news\/wp-content\/uploads\/2020\/05\/Papel.jpg","width":1270,"height":847},{"@type":"BreadcrumbList","@id":"http:\/\/www.aspack.es\/news\/los-fabricantes-de-envases-de-carton-alertan-del-incremento-de-precios-de-su-materia-prima-por-la-crisis-sanitaria-de-la-covid-19\/#breadcrumb","itemListElement":[{"@type":"ListItem","position":1,"name":"Portada","item":"https:\/\/www.aspack.es\/news\/"},{"@type":"ListItem","position":2,"name":"Los fabricantes de envases de cart\u00f3n alertan del incremento de precios de su materia prima por la crisis sanitaria de la Covid-19"}]},{"@type":"WebSite","@id":"https:\/\/www.aspack.es\/news\/#website","url":"https:\/\/www.aspack.es\/news\/","name":"ASPACK NEWS","description":"El peri?dico digital de los envases de cart?n","potentialAction":[{"@type":"SearchAction","target":{"@type":"EntryPoint","urlTemplate":"https:\/\/www.aspack.es\/news\/?s={search_term_string}"},"query-input":{"@type":"PropertyValueSpecification","valueRequired":true,"valueName":"search_term_string"}}],"inLanguage":"es"},{"@type":"Person","@id":"https:\/\/www.aspack.es\/news\/#\/schema\/person\/0019098322836346476fc7dfdbd26d95","name":"admin","image":{"@type":"ImageObject","inLanguage":"es","@id":"https:\/\/www.aspack.es\/news\/#\/schema\/person\/image\/","url":"https:\/\/secure.gravatar.com\/avatar\/6a6c60542c39a2d052b8b1e8c5145e669bf888b9b229b3da0e43092daac8a32e?s=96&d=mm&r=g","contentUrl":"https:\/\/secure.gravatar.com\/avatar\/6a6c60542c39a2d052b8b1e8c5145e669bf888b9b229b3da0e43092daac8a32e?s=96&d=mm&r=g","caption":"admin"},"url":"http:\/\/www.aspack.es\/news\/author\/admin\/"}]}},"_links":{"self":[{"href":"http:\/\/www.aspack.es\/news\/wp-json\/wp\/v2\/posts\/1109","targetHints":{"allow":["GET"]}}],"collection":[{"href":"http:\/\/www.aspack.es\/news\/wp-json\/wp\/v2\/posts"}],"about":[{"href":"http:\/\/www.aspack.es\/news\/wp-json\/wp\/v2\/types\/post"}],"author":[{"embeddable":true,"href":"http:\/\/www.aspack.es\/news\/wp-json\/wp\/v2\/users\/1"}],"replies":[{"embeddable":true,"href":"http:\/\/www.aspack.es\/news\/wp-json\/wp\/v2\/comments?post=1109"}],"version-history":[{"count":1,"href":"http:\/\/www.aspack.es\/news\/wp-json\/wp\/v2\/posts\/1109\/revisions"}],"predecessor-version":[{"id":1111,"href":"http:\/\/www.aspack.es\/news\/wp-json\/wp\/v2\/posts\/1109\/revisions\/1111"}],"wp:featuredmedia":[{"embeddable":true,"href":"http:\/\/www.aspack.es\/news\/wp-json\/wp\/v2\/media\/1110"}],"wp:attachment":[{"href":"http:\/\/www.aspack.es\/news\/wp-json\/wp\/v2\/media?parent=1109"}],"wp:term":[{"taxonomy":"category","embeddable":true,"href":"http:\/\/www.aspack.es\/news\/wp-json\/wp\/v2\/categories?post=1109"},{"taxonomy":"post_tag","embeddable":true,"href":"http:\/\/www.aspack.es\/news\/wp-json\/wp\/v2\/tags?post=1109"}],"curies":[{"name":"wp","href":"https:\/\/api.w.org\/{rel}","templated":true}]}}