{"id":1112,"date":"2020-05-06T11:33:49","date_gmt":"2020-05-06T11:33:49","guid":{"rendered":"http:\/\/www.aspack.es\/news\/?p=1112"},"modified":"2020-06-12T11:26:51","modified_gmt":"2020-06-12T11:26:51","slug":"la-alianza-por-la-competitividad-propone-10-medidas-para-recuperar-la-actividad-economica-en-espana","status":"publish","type":"post","link":"http:\/\/www.aspack.es\/news\/la-alianza-por-la-competitividad-propone-10-medidas-para-recuperar-la-actividad-economica-en-espana\/","title":{"rendered":"La Alianza por la Competitividad propone 10 medidas para recuperar la actividad econ\u00f3mica en Espa\u00f1a"},"content":{"rendered":"<p>Conseguir que la actividad econ\u00f3mica recupere su nivel anterior a la crisis de la covid-19 es uno de los principales objetivos actuales para la sociedad, junto con el de superar la emergencia sanitaria. Por eso, desde la Alianza por la Competitividad de la Industria Espa\u00f1ola \u2013en la que est\u00e1 representada ASPACK a trav\u00e9s de la cadena de valor del papel y el cart\u00f3n\u2013 se han elaborado 10 propuestas para impulsar la actividad industrial y de los sectores productivos y para que se estimule la demanda y la competitividad de las empresas.<\/p>\n<p><strong>Estimular los proyectos de inversi\u00f3n industrial<\/strong><\/p>\n<p>Estableciendo una l\u00ednea de incentivos para la inversi\u00f3n empresarial industrial para su gesti\u00f3n en los planes de reindustrializaci\u00f3n y fortalecimiento de la competitividad industrial del Ministerio de Industria, que atraiga inversi\u00f3n hacia nuestro pa\u00eds estableciendo condiciones que propicien su ejecuci\u00f3n y la generaci\u00f3n de empleo s\u00f3lido y sostenible. Entre esas condiciones se propone que los pr\u00e9stamos sean al 0% de inter\u00e9s o el tramo no reembolsable del 30%.<\/p>\n<p><strong>Impulsar la demanda del sector de la automoci\u00f3n<\/strong><\/p>\n<p>Para conseguirlo se proponen dos acciones:<\/p>\n<ul>\n<li>Establecer un programa de apoyo a la demanda para renovar el parque de autom\u00f3viles que ayude a la recuperaci\u00f3n del mercado y que sea compatible con los objetivos ambientales.<\/li>\n<li>Implementar un plan de apoyo a la infraestructura de recarga, tanto en v\u00edas interurbanas como urbanas.<\/li>\n<\/ul>\n<p><strong>Impulsar la actividad de la construcci\u00f3n y de los sectores auxiliares y de servicios conexos<\/strong><\/p>\n<p>Las actividades ligadas a la construcci\u00f3n suponen el 14 por ciento del PIB. Para reactivarlas se proponen acciones como:<\/p>\n<ul>\n<li>Acelerar las inversiones p\u00fablicas.<\/li>\n<li>Lanzar un programa de inversiones sostenibles en infraestructuras y vivienda p\u00fablica.<\/li>\n<li>Agilizar la tramitaci\u00f3n de proyectos de desarrollo urban\u00edstico.<\/li>\n<li>Implementar un programa de rehabilitaci\u00f3n de viviendas.<\/li>\n<li>Apertura progresiva de comercios vinculados a la distribuci\u00f3n de productos necesarios para la actividad auxiliar.<\/li>\n<\/ul>\n<p><strong>Dise\u00f1ar un plan de apertura escalonada del comercio minorista y de la hosteler\u00eda<\/strong><\/p>\n<p>Un plan que est\u00e9 sujeto a los condicionantes y requerimientos de prevenci\u00f3n que determinen las autoridades sanitarias.<\/p>\n<p><strong>Reducci\u00f3n de los costes energ\u00e9ticos<\/strong><\/p>\n<p>Puesta en marcha de medidas para poder competir con los precios medios de la energ\u00eda en los pa\u00edses de nuestro entorno, principalmente Francia y Alemania, donde el coste energ\u00e9tico es menor. Entre las acciones que proponen est\u00e1 la aprobaci\u00f3n de un estatuto del consumidor electrointensivo para mejorar la situaci\u00f3n competitiva de la industria espa\u00f1ola; garantizar la cuant\u00eda m\u00e1xima para la compensaci\u00f3n de los costes indirectos del di\u00f3xido de carbono; integrar la valorizaci\u00f3n energ\u00e9tica de los residuos como eje de la transici\u00f3n hacia la econom\u00eda circular; revisar las retribuciones a la operaci\u00f3n e inversi\u00f3n de las plantas de energ\u00eda asociadas a fuentes renovables, cogeneraci\u00f3n y residuos ligados a la industria o adecuar las aportaciones al Fondo de Eficiencia Energ\u00e9tica a la situaci\u00f3n de ca\u00edda de la demanda y los precios derivados de la crisis.<\/p>\n<p><strong>Promover la exportaci\u00f3n y el acceso a mercados exteriores<\/strong><\/p>\n<p>Con la ca\u00edda del mercado interior, es necesario buscar mercados exteriores para mantener la actividad productiva y el empleo. Para ello se pide actuar contra las restricciones al comercio internacional y el cierre de fronteras; posibilitar el aplazamiento del pago de derechos de importaci\u00f3n sin intereses e impulsar en Europa la flexibilizaci\u00f3n de plazos para procesos aduaneros y de exigencias de garant\u00edas.<\/p>\n<p><strong>Incrementar la eficiencia en el transporte de mercanc\u00edas y en la cadena log\u00edstica<\/strong><\/p>\n<p>Es necesario asegurar el funcionamiento del transporte interior y la agilizaci\u00f3n del tr\u00e1nsito por los pasos fronterizos y en los puertos; declarar productos estrat\u00e9gicos a los relacionados con la industria espa\u00f1ola, reduciendo las tasas portuarias; incrementar de forma temporal la masa m\u00e1xima autorizada de los veh\u00edculos para el transporte de mercanc\u00edas por carretera hasta 44 toneladas y suspender temporalmente los peajes en autopistas para los veh\u00edculos de transporte de mercanc\u00edas.<\/p>\n<p><strong>Medidas financieras<\/strong><\/p>\n<p>Adem\u00e1s de las medidas que proponga CEOE, la Alianza por la Competitividad considera esencial la dotaci\u00f3n de una cobertura crediticia en las operaciones comerciales y garantizar los pagos tanto de las administraciones p\u00fablicas como de las empresas privadas.<\/p>\n<p><strong>Moratoria en la imposici\u00f3n de nuevas figuras tributarias sobre la industria<\/strong><\/p>\n<p>Es necesario que las administraciones p\u00fablicas limiten la adopci\u00f3n de nuevas figuras tributarias que impacten en la competitividad de la industria y condicionen la recuperaci\u00f3n econ\u00f3mica, por lo que se pide que no se implanten nuevas figuras fiscales que establezcan grav\u00e1menes sobre la actividad industrial.<\/p>\n<p><strong>Facilitar la prevenci\u00f3n y control de la Covid-19 en los centros de trabajo<\/strong><\/p>\n<p>Las autoridades deben garantizar el abastecimiento y la adquisici\u00f3n de Equipos de Protecci\u00f3n Individual para continuar con la actividad en las empresas y el Ministerio de Sanidad debe proveer de pruebas de diagn\u00f3stico fiables para el control de las personas asintom\u00e1ticas y la vuelta al trabajo con garant\u00edas de seguridad.<\/p>\n<p>M\u00e1s informaci\u00f3n en la <a href=\"https:\/\/www.alianzaindustria.es\/la-alianza-por-la-industria-presenta-un-programa-integral-de-medidas-para-la-reactivacion-de-la-economia-espanola\/\" target=\"_blank\">p\u00e1gina web de la Alianza por la Competitividad de la Industria Espa\u00f1ola<\/a>.<\/p>\n","protected":false},"excerpt":{"rendered":"<p>Conseguir que la actividad econ\u00f3mica recupere su nivel anterior a la crisis de la covid-19 es uno de los principales objetivos actuales para la sociedad, junto con el de superar la emergencia sanitaria. Por eso, desde la Alianza por la Competitividad de la Industria Espa\u00f1ola \u2013en la que est\u00e1 representada ASPACK a trav\u00e9s de la&hellip;<\/p>\n","protected":false},"author":1,"featured_media":1113,"comment_status":"closed","ping_status":"open","sticky":false,"template":"","format":"standard","meta":{"footnotes":""},"categories":[17],"tags":[],"class_list":["post-1112","post","type-post","status-publish","format-standard","has-post-thumbnail","hentry","category-el-sector"],"yoast_head":"<!-- This site is optimized with the Yoast SEO plugin v25.9 - https:\/\/yoast.com\/wordpress\/plugins\/seo\/ -->\n<title>La Alianza por la Competitividad propone 10 medidas para recuperar la actividad econ\u00f3mica en Espa\u00f1a - ASPACK NEWS<\/title>\n<meta name=\"robots\" content=\"index, follow, max-snippet:-1, max-image-preview:large, max-video-preview:-1\" \/>\n<link rel=\"canonical\" href=\"http:\/\/www.aspack.es\/news\/la-alianza-por-la-competitividad-propone-10-medidas-para-recuperar-la-actividad-economica-en-espana\/\" \/>\n<meta property=\"og:locale\" content=\"es_ES\" \/>\n<meta property=\"og:type\" content=\"article\" \/>\n<meta property=\"og:title\" content=\"La Alianza por la Competitividad propone 10 medidas para recuperar la actividad econ\u00f3mica en Espa\u00f1a - ASPACK NEWS\" \/>\n<meta property=\"og:description\" content=\"Conseguir que la actividad econ\u00f3mica recupere su nivel anterior a la crisis de la covid-19 es uno de los principales objetivos actuales para la sociedad, junto con el de superar la emergencia sanitaria. Por eso, desde la Alianza por la Competitividad de la Industria Espa\u00f1ola \u2013en la que est\u00e1 representada ASPACK a trav\u00e9s de la&hellip;\" \/>\n<meta property=\"og:url\" content=\"http:\/\/www.aspack.es\/news\/la-alianza-por-la-competitividad-propone-10-medidas-para-recuperar-la-actividad-economica-en-espana\/\" \/>\n<meta property=\"og:site_name\" content=\"ASPACK NEWS\" \/>\n<meta property=\"article:published_time\" content=\"2020-05-06T11:33:49+00:00\" \/>\n<meta property=\"article:modified_time\" content=\"2020-06-12T11:26:51+00:00\" \/>\n<meta property=\"og:image\" content=\"http:\/\/www.aspack.es\/news\/wp-content\/uploads\/2020\/05\/industria.jpg\" \/>\n\t<meta property=\"og:image:width\" content=\"1280\" \/>\n\t<meta property=\"og:image:height\" content=\"640\" \/>\n\t<meta property=\"og:image:type\" content=\"image\/jpeg\" \/>\n<meta name=\"author\" content=\"admin\" \/>\n<meta name=\"twitter:card\" content=\"summary_large_image\" \/>\n<meta name=\"twitter:label1\" content=\"Escrito por\" \/>\n\t<meta name=\"twitter:data1\" content=\"admin\" \/>\n\t<meta name=\"twitter:label2\" content=\"Tiempo de lectura\" \/>\n\t<meta name=\"twitter:data2\" content=\"4 minutos\" \/>\n<script type=\"application\/ld+json\" class=\"yoast-schema-graph\">{\"@context\":\"https:\/\/schema.org\",\"@graph\":[{\"@type\":\"WebPage\",\"@id\":\"http:\/\/www.aspack.es\/news\/la-alianza-por-la-competitividad-propone-10-medidas-para-recuperar-la-actividad-economica-en-espana\/\",\"url\":\"http:\/\/www.aspack.es\/news\/la-alianza-por-la-competitividad-propone-10-medidas-para-recuperar-la-actividad-economica-en-espana\/\",\"name\":\"La Alianza por la Competitividad propone 10 medidas para recuperar la actividad econ\u00f3mica en Espa\u00f1a - ASPACK NEWS\",\"isPartOf\":{\"@id\":\"https:\/\/www.aspack.es\/news\/#website\"},\"primaryImageOfPage\":{\"@id\":\"http:\/\/www.aspack.es\/news\/la-alianza-por-la-competitividad-propone-10-medidas-para-recuperar-la-actividad-economica-en-espana\/#primaryimage\"},\"image\":{\"@id\":\"http:\/\/www.aspack.es\/news\/la-alianza-por-la-competitividad-propone-10-medidas-para-recuperar-la-actividad-economica-en-espana\/#primaryimage\"},\"thumbnailUrl\":\"http:\/\/www.aspack.es\/news\/wp-content\/uploads\/2020\/05\/industria.jpg\",\"datePublished\":\"2020-05-06T11:33:49+00:00\",\"dateModified\":\"2020-06-12T11:26:51+00:00\",\"author\":{\"@id\":\"https:\/\/www.aspack.es\/news\/#\/schema\/person\/0019098322836346476fc7dfdbd26d95\"},\"breadcrumb\":{\"@id\":\"http:\/\/www.aspack.es\/news\/la-alianza-por-la-competitividad-propone-10-medidas-para-recuperar-la-actividad-economica-en-espana\/#breadcrumb\"},\"inLanguage\":\"es\",\"potentialAction\":[{\"@type\":\"ReadAction\",\"target\":[\"http:\/\/www.aspack.es\/news\/la-alianza-por-la-competitividad-propone-10-medidas-para-recuperar-la-actividad-economica-en-espana\/\"]}]},{\"@type\":\"ImageObject\",\"inLanguage\":\"es\",\"@id\":\"http:\/\/www.aspack.es\/news\/la-alianza-por-la-competitividad-propone-10-medidas-para-recuperar-la-actividad-economica-en-espana\/#primaryimage\",\"url\":\"http:\/\/www.aspack.es\/news\/wp-content\/uploads\/2020\/05\/industria.jpg\",\"contentUrl\":\"http:\/\/www.aspack.es\/news\/wp-content\/uploads\/2020\/05\/industria.jpg\",\"width\":1280,\"height\":640},{\"@type\":\"BreadcrumbList\",\"@id\":\"http:\/\/www.aspack.es\/news\/la-alianza-por-la-competitividad-propone-10-medidas-para-recuperar-la-actividad-economica-en-espana\/#breadcrumb\",\"itemListElement\":[{\"@type\":\"ListItem\",\"position\":1,\"name\":\"Portada\",\"item\":\"https:\/\/www.aspack.es\/news\/\"},{\"@type\":\"ListItem\",\"position\":2,\"name\":\"La Alianza por la Competitividad propone 10 medidas para recuperar la actividad econ\u00f3mica en Espa\u00f1a\"}]},{\"@type\":\"WebSite\",\"@id\":\"https:\/\/www.aspack.es\/news\/#website\",\"url\":\"https:\/\/www.aspack.es\/news\/\",\"name\":\"ASPACK NEWS\",\"description\":\"El peri?dico digital de los envases de cart?n\",\"potentialAction\":[{\"@type\":\"SearchAction\",\"target\":{\"@type\":\"EntryPoint\",\"urlTemplate\":\"https:\/\/www.aspack.es\/news\/?s={search_term_string}\"},\"query-input\":{\"@type\":\"PropertyValueSpecification\",\"valueRequired\":true,\"valueName\":\"search_term_string\"}}],\"inLanguage\":\"es\"},{\"@type\":\"Person\",\"@id\":\"https:\/\/www.aspack.es\/news\/#\/schema\/person\/0019098322836346476fc7dfdbd26d95\",\"name\":\"admin\",\"image\":{\"@type\":\"ImageObject\",\"inLanguage\":\"es\",\"@id\":\"https:\/\/www.aspack.es\/news\/#\/schema\/person\/image\/\",\"url\":\"https:\/\/secure.gravatar.com\/avatar\/6a6c60542c39a2d052b8b1e8c5145e669bf888b9b229b3da0e43092daac8a32e?s=96&d=mm&r=g\",\"contentUrl\":\"https:\/\/secure.gravatar.com\/avatar\/6a6c60542c39a2d052b8b1e8c5145e669bf888b9b229b3da0e43092daac8a32e?s=96&d=mm&r=g\",\"caption\":\"admin\"},\"url\":\"http:\/\/www.aspack.es\/news\/author\/admin\/\"}]}<\/script>\n<!-- \/ Yoast SEO plugin. -->","yoast_head_json":{"title":"La Alianza por la Competitividad propone 10 medidas para recuperar la actividad econ\u00f3mica en Espa\u00f1a - ASPACK NEWS","robots":{"index":"index","follow":"follow","max-snippet":"max-snippet:-1","max-image-preview":"max-image-preview:large","max-video-preview":"max-video-preview:-1"},"canonical":"http:\/\/www.aspack.es\/news\/la-alianza-por-la-competitividad-propone-10-medidas-para-recuperar-la-actividad-economica-en-espana\/","og_locale":"es_ES","og_type":"article","og_title":"La Alianza por la Competitividad propone 10 medidas para recuperar la actividad econ\u00f3mica en Espa\u00f1a - ASPACK NEWS","og_description":"Conseguir que la actividad econ\u00f3mica recupere su nivel anterior a la crisis de la covid-19 es uno de los principales objetivos actuales para la sociedad, junto con el de superar la emergencia sanitaria. Por eso, desde la Alianza por la Competitividad de la Industria Espa\u00f1ola \u2013en la que est\u00e1 representada ASPACK a trav\u00e9s de la&hellip;","og_url":"http:\/\/www.aspack.es\/news\/la-alianza-por-la-competitividad-propone-10-medidas-para-recuperar-la-actividad-economica-en-espana\/","og_site_name":"ASPACK NEWS","article_published_time":"2020-05-06T11:33:49+00:00","article_modified_time":"2020-06-12T11:26:51+00:00","og_image":[{"width":1280,"height":640,"url":"http:\/\/www.aspack.es\/news\/wp-content\/uploads\/2020\/05\/industria.jpg","type":"image\/jpeg"}],"author":"admin","twitter_card":"summary_large_image","twitter_misc":{"Escrito por":"admin","Tiempo de lectura":"4 minutos"},"schema":{"@context":"https:\/\/schema.org","@graph":[{"@type":"WebPage","@id":"http:\/\/www.aspack.es\/news\/la-alianza-por-la-competitividad-propone-10-medidas-para-recuperar-la-actividad-economica-en-espana\/","url":"http:\/\/www.aspack.es\/news\/la-alianza-por-la-competitividad-propone-10-medidas-para-recuperar-la-actividad-economica-en-espana\/","name":"La Alianza por la Competitividad propone 10 medidas para recuperar la actividad econ\u00f3mica en Espa\u00f1a - ASPACK NEWS","isPartOf":{"@id":"https:\/\/www.aspack.es\/news\/#website"},"primaryImageOfPage":{"@id":"http:\/\/www.aspack.es\/news\/la-alianza-por-la-competitividad-propone-10-medidas-para-recuperar-la-actividad-economica-en-espana\/#primaryimage"},"image":{"@id":"http:\/\/www.aspack.es\/news\/la-alianza-por-la-competitividad-propone-10-medidas-para-recuperar-la-actividad-economica-en-espana\/#primaryimage"},"thumbnailUrl":"http:\/\/www.aspack.es\/news\/wp-content\/uploads\/2020\/05\/industria.jpg","datePublished":"2020-05-06T11:33:49+00:00","dateModified":"2020-06-12T11:26:51+00:00","author":{"@id":"https:\/\/www.aspack.es\/news\/#\/schema\/person\/0019098322836346476fc7dfdbd26d95"},"breadcrumb":{"@id":"http:\/\/www.aspack.es\/news\/la-alianza-por-la-competitividad-propone-10-medidas-para-recuperar-la-actividad-economica-en-espana\/#breadcrumb"},"inLanguage":"es","potentialAction":[{"@type":"ReadAction","target":["http:\/\/www.aspack.es\/news\/la-alianza-por-la-competitividad-propone-10-medidas-para-recuperar-la-actividad-economica-en-espana\/"]}]},{"@type":"ImageObject","inLanguage":"es","@id":"http:\/\/www.aspack.es\/news\/la-alianza-por-la-competitividad-propone-10-medidas-para-recuperar-la-actividad-economica-en-espana\/#primaryimage","url":"http:\/\/www.aspack.es\/news\/wp-content\/uploads\/2020\/05\/industria.jpg","contentUrl":"http:\/\/www.aspack.es\/news\/wp-content\/uploads\/2020\/05\/industria.jpg","width":1280,"height":640},{"@type":"BreadcrumbList","@id":"http:\/\/www.aspack.es\/news\/la-alianza-por-la-competitividad-propone-10-medidas-para-recuperar-la-actividad-economica-en-espana\/#breadcrumb","itemListElement":[{"@type":"ListItem","position":1,"name":"Portada","item":"https:\/\/www.aspack.es\/news\/"},{"@type":"ListItem","position":2,"name":"La Alianza por la Competitividad propone 10 medidas para recuperar la actividad econ\u00f3mica en Espa\u00f1a"}]},{"@type":"WebSite","@id":"https:\/\/www.aspack.es\/news\/#website","url":"https:\/\/www.aspack.es\/news\/","name":"ASPACK NEWS","description":"El peri?dico digital de los envases de cart?n","potentialAction":[{"@type":"SearchAction","target":{"@type":"EntryPoint","urlTemplate":"https:\/\/www.aspack.es\/news\/?s={search_term_string}"},"query-input":{"@type":"PropertyValueSpecification","valueRequired":true,"valueName":"search_term_string"}}],"inLanguage":"es"},{"@type":"Person","@id":"https:\/\/www.aspack.es\/news\/#\/schema\/person\/0019098322836346476fc7dfdbd26d95","name":"admin","image":{"@type":"ImageObject","inLanguage":"es","@id":"https:\/\/www.aspack.es\/news\/#\/schema\/person\/image\/","url":"https:\/\/secure.gravatar.com\/avatar\/6a6c60542c39a2d052b8b1e8c5145e669bf888b9b229b3da0e43092daac8a32e?s=96&d=mm&r=g","contentUrl":"https:\/\/secure.gravatar.com\/avatar\/6a6c60542c39a2d052b8b1e8c5145e669bf888b9b229b3da0e43092daac8a32e?s=96&d=mm&r=g","caption":"admin"},"url":"http:\/\/www.aspack.es\/news\/author\/admin\/"}]}},"_links":{"self":[{"href":"http:\/\/www.aspack.es\/news\/wp-json\/wp\/v2\/posts\/1112","targetHints":{"allow":["GET"]}}],"collection":[{"href":"http:\/\/www.aspack.es\/news\/wp-json\/wp\/v2\/posts"}],"about":[{"href":"http:\/\/www.aspack.es\/news\/wp-json\/wp\/v2\/types\/post"}],"author":[{"embeddable":true,"href":"http:\/\/www.aspack.es\/news\/wp-json\/wp\/v2\/users\/1"}],"replies":[{"embeddable":true,"href":"http:\/\/www.aspack.es\/news\/wp-json\/wp\/v2\/comments?post=1112"}],"version-history":[{"count":1,"href":"http:\/\/www.aspack.es\/news\/wp-json\/wp\/v2\/posts\/1112\/revisions"}],"predecessor-version":[{"id":1114,"href":"http:\/\/www.aspack.es\/news\/wp-json\/wp\/v2\/posts\/1112\/revisions\/1114"}],"wp:featuredmedia":[{"embeddable":true,"href":"http:\/\/www.aspack.es\/news\/wp-json\/wp\/v2\/media\/1113"}],"wp:attachment":[{"href":"http:\/\/www.aspack.es\/news\/wp-json\/wp\/v2\/media?parent=1112"}],"wp:term":[{"taxonomy":"category","embeddable":true,"href":"http:\/\/www.aspack.es\/news\/wp-json\/wp\/v2\/categories?post=1112"},{"taxonomy":"post_tag","embeddable":true,"href":"http:\/\/www.aspack.es\/news\/wp-json\/wp\/v2\/tags?post=1112"}],"curies":[{"name":"wp","href":"https:\/\/api.w.org\/{rel}","templated":true}]}}