{"id":1148,"date":"2020-07-25T08:47:38","date_gmt":"2020-07-25T08:47:38","guid":{"rendered":"http:\/\/www.aspack.es\/news\/?p=1148"},"modified":"2020-09-03T07:20:31","modified_gmt":"2020-09-03T07:20:31","slug":"el-sector-del-envase-de-carton-mantiene-su-produccion-al-91-por-ciento-de-su-capacidad-pese-a-la-crisis-de-la-covid-19","status":"publish","type":"post","link":"http:\/\/www.aspack.es\/news\/el-sector-del-envase-de-carton-mantiene-su-produccion-al-91-por-ciento-de-su-capacidad-pese-a-la-crisis-de-la-covid-19\/","title":{"rendered":"El sector del envase de cart\u00f3n mantiene su producci\u00f3n al 91 por ciento de su capacidad pese a la crisis de la covid-19"},"content":{"rendered":"<p>El 47% de las empresas que se dedican a fabricar envase de cart\u00f3n considera que necesitar\u00e1 <strong>de seis a 12 meses para superar la crisis provocada por la expansi\u00f3n del coronavirus y la ralentizaci\u00f3n de la econom\u00eda<\/strong> que ha provocado, aunque el sector contin\u00faa funcionando al 91 por ciento de su capacidad.<\/p>\n<p>Son datos de la encuesta de situaci\u00f3n actual y perspectivas de recuperaci\u00f3n que ha elaborado ASPACK entre sus asociados y que revela que aunque el 27% de las empresas del sector no han sufrido p\u00e9rdidas econ\u00f3micas por la crisis, un 33% ha perdido hasta el 25% de su facturaci\u00f3n.<\/p>\n<p>La principal preocupaci\u00f3n de cara al futuro para los empresarios del sector es <strong>estar preparados por si la crisis se alarga<\/strong> en el tiempo (60%), mientras que el 40% restante se preocupa a partes iguales por mantener abierto el negocio y mantener todos los puestos de trabajo.<\/p>\n<p>En cuanto a los retos actuales para superar la crisis, los empresarios del sector mencionan en este orden el mantenimiento de los puestos de trabajo (67%), mantener abierta la empresa (53%), buscar nuevas l\u00edneas de negocio (47%), conseguir liquidez (27%) y llevar a cabo cambios en el modelo de trabajo (20%). Algunos de estos cambios en el modelo de trabajo, adem\u00e1s, han llegado para quedarse. El 60% de los encuestados cree que en el futuro se seguir\u00e1 fomentando el teletrabajo en aquellos puestos que lo permitan; el 53% cree que se mantendr\u00e1 la flexibilizaci\u00f3n de los horarios de entrada y salida para evitar aglomeraciones y casi tres cuartas partes de los participantes en la encuesta creen que se reducir\u00e1 la cantidad de reuniones presenciales.<\/p>\n<p>En cuanto a las ayudas para las empresas puestas en marcha por el Gobierno, el 40% de las empresas del sector no han necesitado ninguna para mantener su actividad, pero el 47% se ha acogido a la posibilidad de hacer un ERTE y un 33% ha pedido un pr\u00e9stamo garantizado.<\/p>\n<p>Pese a la dureza de las previsiones econ\u00f3micas para Espa\u00f1a, \u00fanicamente el 34% de los empresarios del sector se muestran no muy optimistas o poco optimistas ante las perspectivas de recuperaci\u00f3n del sector. El 66% restante afirma estar moderadamente optimistas o neutral. Adem\u00e1s, el 53% cree que podr\u00e1 mantener a toda su plantilla sin tener que hacer despidos.<\/p>\n","protected":false},"excerpt":{"rendered":"<p>El 47% de las empresas que se dedican a fabricar envase de cart\u00f3n considera que necesitar\u00e1 de seis a 12 meses para superar la crisis provocada por la expansi\u00f3n del coronavirus y la ralentizaci\u00f3n de la econom\u00eda que ha provocado, aunque el sector contin\u00faa funcionando al 91 por ciento de su capacidad. Son datos de&hellip;<\/p>\n","protected":false},"author":1,"featured_media":1149,"comment_status":"closed","ping_status":"open","sticky":false,"template":"","format":"standard","meta":{"footnotes":""},"categories":[18,17],"tags":[],"class_list":["post-1148","post","type-post","status-publish","format-standard","has-post-thumbnail","hentry","category-asociados","category-el-sector"],"yoast_head":"<!-- This site is optimized with the Yoast SEO plugin v25.9 - https:\/\/yoast.com\/wordpress\/plugins\/seo\/ -->\n<title>El sector del envase de cart\u00f3n mantiene su producci\u00f3n al 91 por ciento de su capacidad pese a la crisis de la covid-19 - ASPACK NEWS<\/title>\n<meta name=\"robots\" content=\"index, follow, max-snippet:-1, max-image-preview:large, max-video-preview:-1\" \/>\n<link rel=\"canonical\" href=\"http:\/\/www.aspack.es\/news\/el-sector-del-envase-de-carton-mantiene-su-produccion-al-91-por-ciento-de-su-capacidad-pese-a-la-crisis-de-la-covid-19\/\" \/>\n<meta property=\"og:locale\" content=\"es_ES\" \/>\n<meta property=\"og:type\" content=\"article\" \/>\n<meta property=\"og:title\" content=\"El sector del envase de cart\u00f3n mantiene su producci\u00f3n al 91 por ciento de su capacidad pese a la crisis de la covid-19 - ASPACK NEWS\" \/>\n<meta property=\"og:description\" content=\"El 47% de las empresas que se dedican a fabricar envase de cart\u00f3n considera que necesitar\u00e1 de seis a 12 meses para superar la crisis provocada por la expansi\u00f3n del coronavirus y la ralentizaci\u00f3n de la econom\u00eda que ha provocado, aunque el sector contin\u00faa funcionando al 91 por ciento de su capacidad. Son datos de&hellip;\" \/>\n<meta property=\"og:url\" content=\"http:\/\/www.aspack.es\/news\/el-sector-del-envase-de-carton-mantiene-su-produccion-al-91-por-ciento-de-su-capacidad-pese-a-la-crisis-de-la-covid-19\/\" \/>\n<meta property=\"og:site_name\" content=\"ASPACK NEWS\" \/>\n<meta property=\"article:published_time\" content=\"2020-07-25T08:47:38+00:00\" \/>\n<meta property=\"article:modified_time\" content=\"2020-09-03T07:20:31+00:00\" \/>\n<meta property=\"og:image\" content=\"http:\/\/www.aspack.es\/news\/wp-content\/uploads\/2020\/07\/imagen-envases-en-supermercado.jpg\" \/>\n\t<meta property=\"og:image:width\" content=\"1920\" \/>\n\t<meta property=\"og:image:height\" content=\"1438\" \/>\n\t<meta property=\"og:image:type\" content=\"image\/jpeg\" \/>\n<meta name=\"author\" content=\"admin\" \/>\n<meta name=\"twitter:card\" content=\"summary_large_image\" \/>\n<meta name=\"twitter:label1\" content=\"Escrito por\" \/>\n\t<meta name=\"twitter:data1\" content=\"admin\" \/>\n\t<meta name=\"twitter:label2\" content=\"Tiempo de lectura\" \/>\n\t<meta name=\"twitter:data2\" content=\"2 minutos\" \/>\n<script type=\"application\/ld+json\" class=\"yoast-schema-graph\">{\"@context\":\"https:\/\/schema.org\",\"@graph\":[{\"@type\":\"WebPage\",\"@id\":\"http:\/\/www.aspack.es\/news\/el-sector-del-envase-de-carton-mantiene-su-produccion-al-91-por-ciento-de-su-capacidad-pese-a-la-crisis-de-la-covid-19\/\",\"url\":\"http:\/\/www.aspack.es\/news\/el-sector-del-envase-de-carton-mantiene-su-produccion-al-91-por-ciento-de-su-capacidad-pese-a-la-crisis-de-la-covid-19\/\",\"name\":\"El sector del envase de cart\u00f3n mantiene su producci\u00f3n al 91 por ciento de su capacidad pese a la crisis de la covid-19 - ASPACK NEWS\",\"isPartOf\":{\"@id\":\"https:\/\/www.aspack.es\/news\/#website\"},\"primaryImageOfPage\":{\"@id\":\"http:\/\/www.aspack.es\/news\/el-sector-del-envase-de-carton-mantiene-su-produccion-al-91-por-ciento-de-su-capacidad-pese-a-la-crisis-de-la-covid-19\/#primaryimage\"},\"image\":{\"@id\":\"http:\/\/www.aspack.es\/news\/el-sector-del-envase-de-carton-mantiene-su-produccion-al-91-por-ciento-de-su-capacidad-pese-a-la-crisis-de-la-covid-19\/#primaryimage\"},\"thumbnailUrl\":\"http:\/\/www.aspack.es\/news\/wp-content\/uploads\/2020\/07\/imagen-envases-en-supermercado.jpg\",\"datePublished\":\"2020-07-25T08:47:38+00:00\",\"dateModified\":\"2020-09-03T07:20:31+00:00\",\"author\":{\"@id\":\"https:\/\/www.aspack.es\/news\/#\/schema\/person\/0019098322836346476fc7dfdbd26d95\"},\"breadcrumb\":{\"@id\":\"http:\/\/www.aspack.es\/news\/el-sector-del-envase-de-carton-mantiene-su-produccion-al-91-por-ciento-de-su-capacidad-pese-a-la-crisis-de-la-covid-19\/#breadcrumb\"},\"inLanguage\":\"es\",\"potentialAction\":[{\"@type\":\"ReadAction\",\"target\":[\"http:\/\/www.aspack.es\/news\/el-sector-del-envase-de-carton-mantiene-su-produccion-al-91-por-ciento-de-su-capacidad-pese-a-la-crisis-de-la-covid-19\/\"]}]},{\"@type\":\"ImageObject\",\"inLanguage\":\"es\",\"@id\":\"http:\/\/www.aspack.es\/news\/el-sector-del-envase-de-carton-mantiene-su-produccion-al-91-por-ciento-de-su-capacidad-pese-a-la-crisis-de-la-covid-19\/#primaryimage\",\"url\":\"http:\/\/www.aspack.es\/news\/wp-content\/uploads\/2020\/07\/imagen-envases-en-supermercado.jpg\",\"contentUrl\":\"http:\/\/www.aspack.es\/news\/wp-content\/uploads\/2020\/07\/imagen-envases-en-supermercado.jpg\",\"width\":1920,\"height\":1438},{\"@type\":\"BreadcrumbList\",\"@id\":\"http:\/\/www.aspack.es\/news\/el-sector-del-envase-de-carton-mantiene-su-produccion-al-91-por-ciento-de-su-capacidad-pese-a-la-crisis-de-la-covid-19\/#breadcrumb\",\"itemListElement\":[{\"@type\":\"ListItem\",\"position\":1,\"name\":\"Portada\",\"item\":\"https:\/\/www.aspack.es\/news\/\"},{\"@type\":\"ListItem\",\"position\":2,\"name\":\"El sector del envase de cart\u00f3n mantiene su producci\u00f3n al 91 por ciento de su capacidad pese a la crisis de la covid-19\"}]},{\"@type\":\"WebSite\",\"@id\":\"https:\/\/www.aspack.es\/news\/#website\",\"url\":\"https:\/\/www.aspack.es\/news\/\",\"name\":\"ASPACK NEWS\",\"description\":\"El peri?dico digital de los envases de cart?n\",\"potentialAction\":[{\"@type\":\"SearchAction\",\"target\":{\"@type\":\"EntryPoint\",\"urlTemplate\":\"https:\/\/www.aspack.es\/news\/?s={search_term_string}\"},\"query-input\":{\"@type\":\"PropertyValueSpecification\",\"valueRequired\":true,\"valueName\":\"search_term_string\"}}],\"inLanguage\":\"es\"},{\"@type\":\"Person\",\"@id\":\"https:\/\/www.aspack.es\/news\/#\/schema\/person\/0019098322836346476fc7dfdbd26d95\",\"name\":\"admin\",\"image\":{\"@type\":\"ImageObject\",\"inLanguage\":\"es\",\"@id\":\"https:\/\/www.aspack.es\/news\/#\/schema\/person\/image\/\",\"url\":\"https:\/\/secure.gravatar.com\/avatar\/6a6c60542c39a2d052b8b1e8c5145e669bf888b9b229b3da0e43092daac8a32e?s=96&d=mm&r=g\",\"contentUrl\":\"https:\/\/secure.gravatar.com\/avatar\/6a6c60542c39a2d052b8b1e8c5145e669bf888b9b229b3da0e43092daac8a32e?s=96&d=mm&r=g\",\"caption\":\"admin\"},\"url\":\"http:\/\/www.aspack.es\/news\/author\/admin\/\"}]}<\/script>\n<!-- \/ Yoast SEO plugin. -->","yoast_head_json":{"title":"El sector del envase de cart\u00f3n mantiene su producci\u00f3n al 91 por ciento de su capacidad pese a la crisis de la covid-19 - ASPACK NEWS","robots":{"index":"index","follow":"follow","max-snippet":"max-snippet:-1","max-image-preview":"max-image-preview:large","max-video-preview":"max-video-preview:-1"},"canonical":"http:\/\/www.aspack.es\/news\/el-sector-del-envase-de-carton-mantiene-su-produccion-al-91-por-ciento-de-su-capacidad-pese-a-la-crisis-de-la-covid-19\/","og_locale":"es_ES","og_type":"article","og_title":"El sector del envase de cart\u00f3n mantiene su producci\u00f3n al 91 por ciento de su capacidad pese a la crisis de la covid-19 - ASPACK NEWS","og_description":"El 47% de las empresas que se dedican a fabricar envase de cart\u00f3n considera que necesitar\u00e1 de seis a 12 meses para superar la crisis provocada por la expansi\u00f3n del coronavirus y la ralentizaci\u00f3n de la econom\u00eda que ha provocado, aunque el sector contin\u00faa funcionando al 91 por ciento de su capacidad. Son datos de&hellip;","og_url":"http:\/\/www.aspack.es\/news\/el-sector-del-envase-de-carton-mantiene-su-produccion-al-91-por-ciento-de-su-capacidad-pese-a-la-crisis-de-la-covid-19\/","og_site_name":"ASPACK NEWS","article_published_time":"2020-07-25T08:47:38+00:00","article_modified_time":"2020-09-03T07:20:31+00:00","og_image":[{"width":1920,"height":1438,"url":"http:\/\/www.aspack.es\/news\/wp-content\/uploads\/2020\/07\/imagen-envases-en-supermercado.jpg","type":"image\/jpeg"}],"author":"admin","twitter_card":"summary_large_image","twitter_misc":{"Escrito por":"admin","Tiempo de lectura":"2 minutos"},"schema":{"@context":"https:\/\/schema.org","@graph":[{"@type":"WebPage","@id":"http:\/\/www.aspack.es\/news\/el-sector-del-envase-de-carton-mantiene-su-produccion-al-91-por-ciento-de-su-capacidad-pese-a-la-crisis-de-la-covid-19\/","url":"http:\/\/www.aspack.es\/news\/el-sector-del-envase-de-carton-mantiene-su-produccion-al-91-por-ciento-de-su-capacidad-pese-a-la-crisis-de-la-covid-19\/","name":"El sector del envase de cart\u00f3n mantiene su producci\u00f3n al 91 por ciento de su capacidad pese a la crisis de la covid-19 - ASPACK NEWS","isPartOf":{"@id":"https:\/\/www.aspack.es\/news\/#website"},"primaryImageOfPage":{"@id":"http:\/\/www.aspack.es\/news\/el-sector-del-envase-de-carton-mantiene-su-produccion-al-91-por-ciento-de-su-capacidad-pese-a-la-crisis-de-la-covid-19\/#primaryimage"},"image":{"@id":"http:\/\/www.aspack.es\/news\/el-sector-del-envase-de-carton-mantiene-su-produccion-al-91-por-ciento-de-su-capacidad-pese-a-la-crisis-de-la-covid-19\/#primaryimage"},"thumbnailUrl":"http:\/\/www.aspack.es\/news\/wp-content\/uploads\/2020\/07\/imagen-envases-en-supermercado.jpg","datePublished":"2020-07-25T08:47:38+00:00","dateModified":"2020-09-03T07:20:31+00:00","author":{"@id":"https:\/\/www.aspack.es\/news\/#\/schema\/person\/0019098322836346476fc7dfdbd26d95"},"breadcrumb":{"@id":"http:\/\/www.aspack.es\/news\/el-sector-del-envase-de-carton-mantiene-su-produccion-al-91-por-ciento-de-su-capacidad-pese-a-la-crisis-de-la-covid-19\/#breadcrumb"},"inLanguage":"es","potentialAction":[{"@type":"ReadAction","target":["http:\/\/www.aspack.es\/news\/el-sector-del-envase-de-carton-mantiene-su-produccion-al-91-por-ciento-de-su-capacidad-pese-a-la-crisis-de-la-covid-19\/"]}]},{"@type":"ImageObject","inLanguage":"es","@id":"http:\/\/www.aspack.es\/news\/el-sector-del-envase-de-carton-mantiene-su-produccion-al-91-por-ciento-de-su-capacidad-pese-a-la-crisis-de-la-covid-19\/#primaryimage","url":"http:\/\/www.aspack.es\/news\/wp-content\/uploads\/2020\/07\/imagen-envases-en-supermercado.jpg","contentUrl":"http:\/\/www.aspack.es\/news\/wp-content\/uploads\/2020\/07\/imagen-envases-en-supermercado.jpg","width":1920,"height":1438},{"@type":"BreadcrumbList","@id":"http:\/\/www.aspack.es\/news\/el-sector-del-envase-de-carton-mantiene-su-produccion-al-91-por-ciento-de-su-capacidad-pese-a-la-crisis-de-la-covid-19\/#breadcrumb","itemListElement":[{"@type":"ListItem","position":1,"name":"Portada","item":"https:\/\/www.aspack.es\/news\/"},{"@type":"ListItem","position":2,"name":"El sector del envase de cart\u00f3n mantiene su producci\u00f3n al 91 por ciento de su capacidad pese a la crisis de la covid-19"}]},{"@type":"WebSite","@id":"https:\/\/www.aspack.es\/news\/#website","url":"https:\/\/www.aspack.es\/news\/","name":"ASPACK NEWS","description":"El peri?dico digital de los envases de cart?n","potentialAction":[{"@type":"SearchAction","target":{"@type":"EntryPoint","urlTemplate":"https:\/\/www.aspack.es\/news\/?s={search_term_string}"},"query-input":{"@type":"PropertyValueSpecification","valueRequired":true,"valueName":"search_term_string"}}],"inLanguage":"es"},{"@type":"Person","@id":"https:\/\/www.aspack.es\/news\/#\/schema\/person\/0019098322836346476fc7dfdbd26d95","name":"admin","image":{"@type":"ImageObject","inLanguage":"es","@id":"https:\/\/www.aspack.es\/news\/#\/schema\/person\/image\/","url":"https:\/\/secure.gravatar.com\/avatar\/6a6c60542c39a2d052b8b1e8c5145e669bf888b9b229b3da0e43092daac8a32e?s=96&d=mm&r=g","contentUrl":"https:\/\/secure.gravatar.com\/avatar\/6a6c60542c39a2d052b8b1e8c5145e669bf888b9b229b3da0e43092daac8a32e?s=96&d=mm&r=g","caption":"admin"},"url":"http:\/\/www.aspack.es\/news\/author\/admin\/"}]}},"_links":{"self":[{"href":"http:\/\/www.aspack.es\/news\/wp-json\/wp\/v2\/posts\/1148","targetHints":{"allow":["GET"]}}],"collection":[{"href":"http:\/\/www.aspack.es\/news\/wp-json\/wp\/v2\/posts"}],"about":[{"href":"http:\/\/www.aspack.es\/news\/wp-json\/wp\/v2\/types\/post"}],"author":[{"embeddable":true,"href":"http:\/\/www.aspack.es\/news\/wp-json\/wp\/v2\/users\/1"}],"replies":[{"embeddable":true,"href":"http:\/\/www.aspack.es\/news\/wp-json\/wp\/v2\/comments?post=1148"}],"version-history":[{"count":1,"href":"http:\/\/www.aspack.es\/news\/wp-json\/wp\/v2\/posts\/1148\/revisions"}],"predecessor-version":[{"id":1150,"href":"http:\/\/www.aspack.es\/news\/wp-json\/wp\/v2\/posts\/1148\/revisions\/1150"}],"wp:featuredmedia":[{"embeddable":true,"href":"http:\/\/www.aspack.es\/news\/wp-json\/wp\/v2\/media\/1149"}],"wp:attachment":[{"href":"http:\/\/www.aspack.es\/news\/wp-json\/wp\/v2\/media?parent=1148"}],"wp:term":[{"taxonomy":"category","embeddable":true,"href":"http:\/\/www.aspack.es\/news\/wp-json\/wp\/v2\/categories?post=1148"},{"taxonomy":"post_tag","embeddable":true,"href":"http:\/\/www.aspack.es\/news\/wp-json\/wp\/v2\/tags?post=1148"}],"curies":[{"name":"wp","href":"https:\/\/api.w.org\/{rel}","templated":true}]}}