{"id":1256,"date":"2021-02-18T11:59:15","date_gmt":"2021-02-18T11:59:15","guid":{"rendered":"http:\/\/www.aspack.es\/news\/?p=1256"},"modified":"2021-06-22T10:54:18","modified_gmt":"2021-06-22T10:54:18","slug":"el-carton-el-material-del-futuro","status":"publish","type":"post","link":"http:\/\/www.aspack.es\/news\/el-carton-el-material-del-futuro\/","title":{"rendered":"El cart\u00f3n, el material del futuro"},"content":{"rendered":"<p style=\"text-align: justify;\">La l\u00f3gica es convincente: los envases y embalajes de cart\u00f3n son renovables, reciclables, mejoran la imagen de la marca, promueven las ventas y, adem\u00e1s, \u00a1son hermosos!<\/p>\n<p style=\"text-align: justify;\">ECMA\/Procarton lanza el\u00a0<a href=\"https:\/\/procarton.us15.list-manage.com\/track\/click?u=c3f2511ece5c883ba1681d026&amp;id=576a7251b8&amp;e=d46a040ab2\">Premio a la Excelencia en Envases de Cart\u00f3n Europeo (ECEA)<\/a>\u00a0de este a\u00f1o un poco antes de lo habitual para dar el m\u00e1ximo tiempo para preparar los trabajos. Todos los socios de la cadena de suministro de envases de papel y cart\u00f3n est\u00e1n invitados a participar. La fecha de cierre es el 28 de mayo de 2021.<\/p>\n<p>Los ECEA (European Carton Excellence Award)\u00a0reconocen y celebran las ideas en cart\u00f3n m\u00e1s novedosas, funcionales, creativas y exitosas. Se puede participar en una de estas cuatro categor\u00edas:<\/p>\n<ul style=\"text-align: justify;\">\n<li>Envases y embalajes de alimentos y bebidas, fibra reciclada<\/li>\n<li>Envases y embalajes de alimentos y bebidas, fibra virgen<\/li>\n<li>Envases y embalajes general, fibra reciclada<\/li>\n<li>Envases y embalajes general, fibra virgen<\/li>\n<\/ul>\n<p style=\"text-align: justify;\">\u00a0Tambi\u00e9n habr\u00e1 dos premios especiales:<\/p>\n<ul style=\"text-align: justify;\">\n<li>Premio Salve el Planeta: el mejor envase de cart\u00f3n que ha sustituido o reducido a un material menos sostenible<\/li>\n<li>Premio a la innovaci\u00f3n: el envase de cart\u00f3n o material m\u00e1s innovador<\/li>\n<\/ul>\n<p style=\"text-align: justify;\">El galard\u00f3n definitivo del premio al \u00abEnvase de Cart\u00f3n del A\u00f1o\u00bb se otorgar\u00e1 nuevamente al campe\u00f3n general, independientemente de la categor\u00eda de producto o sustrato.<\/p>\n<p>Adem\u00e1s de estos premios, el jurado elegir\u00e1 una selecci\u00f3n adicional de envases que tambi\u00e9n creen que merecen el reconocimiento como ganadores del premio Platino u Oro. Estos honrar\u00e1n a los otros envases de cart\u00f3n sobresalientes producidos con fibra reciclada y cart\u00f3n virgen en los diversos sectores del mercado, desde art\u00edculos comestibles y farmac\u00e9uticos hasta art\u00edculos de lujo.<\/p>\n<p>Como es habitual, habr\u00e1 una amplia gama de soporte de marketing: cobertura de prensa nacional e internacional, redes sociales, marketing electr\u00f3nico, videos, fotos, folletos de premios, destacados en los sitios web de ECMA y Pro Carton y, por supuesto, \u00a1los certificados y trofeos para los ganadores!<\/p>\n<p>Los finalistas y la votaci\u00f3n p\u00fablica se anunciar\u00e1n a principios de agosto. Los ganadores recibir\u00e1n sus trofeos en la ceremonia de gala de premios en oto\u00f1o de 2021, si la situaci\u00f3n lo permite.<\/p>\n<p>Buena suerte.<\/p>\n<p><em>Los premios ya est\u00e1n abiertos para inscripciones y cierran el 28 de mayo de 2021. Para obtener m\u00e1s informaci\u00f3n sobre los premios y los criterios para participar, visite\u00a0<\/em><a href=\"https:\/\/procarton.us15.list-manage.com\/track\/click?u=c3f2511ece5c883ba1681d026&amp;id=c0be0050b8&amp;e=d46a040ab2\"><em>www.procarton.com\/awards\/carton-excellence-award\/2021\/<\/em><\/a><a href=\"https:\/\/procarton.us15.list-manage.com\/track\/click?u=c3f2511ece5c883ba1681d026&amp;id=bf98bb821f&amp;e=d46a040ab2\"><em>.<\/em><\/a><\/p>\n","protected":false},"excerpt":{"rendered":"<p>La l\u00f3gica es convincente: los envases y embalajes de cart\u00f3n son renovables, reciclables, mejoran la imagen de la marca, promueven las ventas y, adem\u00e1s, \u00a1son hermosos! ECMA\/Procarton lanza el\u00a0Premio a la Excelencia en Envases de Cart\u00f3n Europeo (ECEA)\u00a0de este a\u00f1o un poco antes de lo habitual para dar el m\u00e1ximo tiempo para preparar los trabajos.&hellip;<\/p>\n","protected":false},"author":1,"featured_media":1257,"comment_status":"closed","ping_status":"open","sticky":false,"template":"","format":"standard","meta":{"footnotes":""},"categories":[17],"tags":[],"class_list":["post-1256","post","type-post","status-publish","format-standard","has-post-thumbnail","hentry","category-el-sector"],"yoast_head":"<!-- This site is optimized with the Yoast SEO plugin v25.9 - https:\/\/yoast.com\/wordpress\/plugins\/seo\/ -->\n<title>El cart\u00f3n, el material del futuro - ASPACK NEWS<\/title>\n<meta name=\"robots\" content=\"index, follow, max-snippet:-1, max-image-preview:large, max-video-preview:-1\" \/>\n<link rel=\"canonical\" href=\"https:\/\/www.aspack.es\/news\/el-carton-el-material-del-futuro\/\" \/>\n<meta property=\"og:locale\" content=\"es_ES\" \/>\n<meta property=\"og:type\" content=\"article\" \/>\n<meta property=\"og:title\" content=\"El cart\u00f3n, el material del futuro - ASPACK NEWS\" \/>\n<meta property=\"og:description\" content=\"La l\u00f3gica es convincente: los envases y embalajes de cart\u00f3n son renovables, reciclables, mejoran la imagen de la marca, promueven las ventas y, adem\u00e1s, \u00a1son hermosos! ECMA\/Procarton lanza el\u00a0Premio a la Excelencia en Envases de Cart\u00f3n Europeo (ECEA)\u00a0de este a\u00f1o un poco antes de lo habitual para dar el m\u00e1ximo tiempo para preparar los trabajos.&hellip;\" \/>\n<meta property=\"og:url\" content=\"https:\/\/www.aspack.es\/news\/el-carton-el-material-del-futuro\/\" \/>\n<meta property=\"og:site_name\" content=\"ASPACK NEWS\" \/>\n<meta property=\"article:published_time\" content=\"2021-02-18T11:59:15+00:00\" \/>\n<meta property=\"article:modified_time\" content=\"2021-06-22T10:54:18+00:00\" \/>\n<meta property=\"og:image\" content=\"https:\/\/www.aspack.es\/news\/wp-content\/uploads\/2021\/02\/Foto-Procarton-Premios.jpg\" \/>\n\t<meta property=\"og:image:width\" content=\"800\" \/>\n\t<meta property=\"og:image:height\" content=\"451\" \/>\n\t<meta property=\"og:image:type\" content=\"image\/jpeg\" \/>\n<meta name=\"author\" content=\"admin\" \/>\n<meta name=\"twitter:card\" content=\"summary_large_image\" \/>\n<meta name=\"twitter:label1\" content=\"Escrito por\" \/>\n\t<meta name=\"twitter:data1\" content=\"admin\" \/>\n\t<meta name=\"twitter:label2\" content=\"Tiempo de lectura\" \/>\n\t<meta name=\"twitter:data2\" content=\"2 minutos\" \/>\n<script type=\"application\/ld+json\" class=\"yoast-schema-graph\">{\"@context\":\"https:\/\/schema.org\",\"@graph\":[{\"@type\":\"WebPage\",\"@id\":\"https:\/\/www.aspack.es\/news\/el-carton-el-material-del-futuro\/\",\"url\":\"https:\/\/www.aspack.es\/news\/el-carton-el-material-del-futuro\/\",\"name\":\"El cart\u00f3n, el material del futuro - ASPACK NEWS\",\"isPartOf\":{\"@id\":\"https:\/\/www.aspack.es\/news\/#website\"},\"primaryImageOfPage\":{\"@id\":\"https:\/\/www.aspack.es\/news\/el-carton-el-material-del-futuro\/#primaryimage\"},\"image\":{\"@id\":\"https:\/\/www.aspack.es\/news\/el-carton-el-material-del-futuro\/#primaryimage\"},\"thumbnailUrl\":\"http:\/\/www.aspack.es\/news\/wp-content\/uploads\/2021\/02\/Foto-Procarton-Premios.jpg\",\"datePublished\":\"2021-02-18T11:59:15+00:00\",\"dateModified\":\"2021-06-22T10:54:18+00:00\",\"author\":{\"@id\":\"https:\/\/www.aspack.es\/news\/#\/schema\/person\/0019098322836346476fc7dfdbd26d95\"},\"breadcrumb\":{\"@id\":\"https:\/\/www.aspack.es\/news\/el-carton-el-material-del-futuro\/#breadcrumb\"},\"inLanguage\":\"es\",\"potentialAction\":[{\"@type\":\"ReadAction\",\"target\":[\"https:\/\/www.aspack.es\/news\/el-carton-el-material-del-futuro\/\"]}]},{\"@type\":\"ImageObject\",\"inLanguage\":\"es\",\"@id\":\"https:\/\/www.aspack.es\/news\/el-carton-el-material-del-futuro\/#primaryimage\",\"url\":\"http:\/\/www.aspack.es\/news\/wp-content\/uploads\/2021\/02\/Foto-Procarton-Premios.jpg\",\"contentUrl\":\"http:\/\/www.aspack.es\/news\/wp-content\/uploads\/2021\/02\/Foto-Procarton-Premios.jpg\",\"width\":800,\"height\":451},{\"@type\":\"BreadcrumbList\",\"@id\":\"https:\/\/www.aspack.es\/news\/el-carton-el-material-del-futuro\/#breadcrumb\",\"itemListElement\":[{\"@type\":\"ListItem\",\"position\":1,\"name\":\"Portada\",\"item\":\"https:\/\/www.aspack.es\/news\/\"},{\"@type\":\"ListItem\",\"position\":2,\"name\":\"El cart\u00f3n, el material del futuro\"}]},{\"@type\":\"WebSite\",\"@id\":\"https:\/\/www.aspack.es\/news\/#website\",\"url\":\"https:\/\/www.aspack.es\/news\/\",\"name\":\"ASPACK NEWS\",\"description\":\"El peri?dico digital de los envases de cart?n\",\"potentialAction\":[{\"@type\":\"SearchAction\",\"target\":{\"@type\":\"EntryPoint\",\"urlTemplate\":\"https:\/\/www.aspack.es\/news\/?s={search_term_string}\"},\"query-input\":{\"@type\":\"PropertyValueSpecification\",\"valueRequired\":true,\"valueName\":\"search_term_string\"}}],\"inLanguage\":\"es\"},{\"@type\":\"Person\",\"@id\":\"https:\/\/www.aspack.es\/news\/#\/schema\/person\/0019098322836346476fc7dfdbd26d95\",\"name\":\"admin\",\"image\":{\"@type\":\"ImageObject\",\"inLanguage\":\"es\",\"@id\":\"https:\/\/www.aspack.es\/news\/#\/schema\/person\/image\/\",\"url\":\"https:\/\/secure.gravatar.com\/avatar\/6a6c60542c39a2d052b8b1e8c5145e669bf888b9b229b3da0e43092daac8a32e?s=96&d=mm&r=g\",\"contentUrl\":\"https:\/\/secure.gravatar.com\/avatar\/6a6c60542c39a2d052b8b1e8c5145e669bf888b9b229b3da0e43092daac8a32e?s=96&d=mm&r=g\",\"caption\":\"admin\"},\"url\":\"http:\/\/www.aspack.es\/news\/author\/admin\/\"}]}<\/script>\n<!-- \/ Yoast SEO plugin. -->","yoast_head_json":{"title":"El cart\u00f3n, el material del futuro - ASPACK NEWS","robots":{"index":"index","follow":"follow","max-snippet":"max-snippet:-1","max-image-preview":"max-image-preview:large","max-video-preview":"max-video-preview:-1"},"canonical":"https:\/\/www.aspack.es\/news\/el-carton-el-material-del-futuro\/","og_locale":"es_ES","og_type":"article","og_title":"El cart\u00f3n, el material del futuro - ASPACK NEWS","og_description":"La l\u00f3gica es convincente: los envases y embalajes de cart\u00f3n son renovables, reciclables, mejoran la imagen de la marca, promueven las ventas y, adem\u00e1s, \u00a1son hermosos! ECMA\/Procarton lanza el\u00a0Premio a la Excelencia en Envases de Cart\u00f3n Europeo (ECEA)\u00a0de este a\u00f1o un poco antes de lo habitual para dar el m\u00e1ximo tiempo para preparar los trabajos.&hellip;","og_url":"https:\/\/www.aspack.es\/news\/el-carton-el-material-del-futuro\/","og_site_name":"ASPACK NEWS","article_published_time":"2021-02-18T11:59:15+00:00","article_modified_time":"2021-06-22T10:54:18+00:00","og_image":[{"width":800,"height":451,"url":"https:\/\/www.aspack.es\/news\/wp-content\/uploads\/2021\/02\/Foto-Procarton-Premios.jpg","type":"image\/jpeg"}],"author":"admin","twitter_card":"summary_large_image","twitter_misc":{"Escrito por":"admin","Tiempo de lectura":"2 minutos"},"schema":{"@context":"https:\/\/schema.org","@graph":[{"@type":"WebPage","@id":"https:\/\/www.aspack.es\/news\/el-carton-el-material-del-futuro\/","url":"https:\/\/www.aspack.es\/news\/el-carton-el-material-del-futuro\/","name":"El cart\u00f3n, el material del futuro - ASPACK NEWS","isPartOf":{"@id":"https:\/\/www.aspack.es\/news\/#website"},"primaryImageOfPage":{"@id":"https:\/\/www.aspack.es\/news\/el-carton-el-material-del-futuro\/#primaryimage"},"image":{"@id":"https:\/\/www.aspack.es\/news\/el-carton-el-material-del-futuro\/#primaryimage"},"thumbnailUrl":"http:\/\/www.aspack.es\/news\/wp-content\/uploads\/2021\/02\/Foto-Procarton-Premios.jpg","datePublished":"2021-02-18T11:59:15+00:00","dateModified":"2021-06-22T10:54:18+00:00","author":{"@id":"https:\/\/www.aspack.es\/news\/#\/schema\/person\/0019098322836346476fc7dfdbd26d95"},"breadcrumb":{"@id":"https:\/\/www.aspack.es\/news\/el-carton-el-material-del-futuro\/#breadcrumb"},"inLanguage":"es","potentialAction":[{"@type":"ReadAction","target":["https:\/\/www.aspack.es\/news\/el-carton-el-material-del-futuro\/"]}]},{"@type":"ImageObject","inLanguage":"es","@id":"https:\/\/www.aspack.es\/news\/el-carton-el-material-del-futuro\/#primaryimage","url":"http:\/\/www.aspack.es\/news\/wp-content\/uploads\/2021\/02\/Foto-Procarton-Premios.jpg","contentUrl":"http:\/\/www.aspack.es\/news\/wp-content\/uploads\/2021\/02\/Foto-Procarton-Premios.jpg","width":800,"height":451},{"@type":"BreadcrumbList","@id":"https:\/\/www.aspack.es\/news\/el-carton-el-material-del-futuro\/#breadcrumb","itemListElement":[{"@type":"ListItem","position":1,"name":"Portada","item":"https:\/\/www.aspack.es\/news\/"},{"@type":"ListItem","position":2,"name":"El cart\u00f3n, el material del futuro"}]},{"@type":"WebSite","@id":"https:\/\/www.aspack.es\/news\/#website","url":"https:\/\/www.aspack.es\/news\/","name":"ASPACK NEWS","description":"El peri?dico digital de los envases de cart?n","potentialAction":[{"@type":"SearchAction","target":{"@type":"EntryPoint","urlTemplate":"https:\/\/www.aspack.es\/news\/?s={search_term_string}"},"query-input":{"@type":"PropertyValueSpecification","valueRequired":true,"valueName":"search_term_string"}}],"inLanguage":"es"},{"@type":"Person","@id":"https:\/\/www.aspack.es\/news\/#\/schema\/person\/0019098322836346476fc7dfdbd26d95","name":"admin","image":{"@type":"ImageObject","inLanguage":"es","@id":"https:\/\/www.aspack.es\/news\/#\/schema\/person\/image\/","url":"https:\/\/secure.gravatar.com\/avatar\/6a6c60542c39a2d052b8b1e8c5145e669bf888b9b229b3da0e43092daac8a32e?s=96&d=mm&r=g","contentUrl":"https:\/\/secure.gravatar.com\/avatar\/6a6c60542c39a2d052b8b1e8c5145e669bf888b9b229b3da0e43092daac8a32e?s=96&d=mm&r=g","caption":"admin"},"url":"http:\/\/www.aspack.es\/news\/author\/admin\/"}]}},"_links":{"self":[{"href":"http:\/\/www.aspack.es\/news\/wp-json\/wp\/v2\/posts\/1256","targetHints":{"allow":["GET"]}}],"collection":[{"href":"http:\/\/www.aspack.es\/news\/wp-json\/wp\/v2\/posts"}],"about":[{"href":"http:\/\/www.aspack.es\/news\/wp-json\/wp\/v2\/types\/post"}],"author":[{"embeddable":true,"href":"http:\/\/www.aspack.es\/news\/wp-json\/wp\/v2\/users\/1"}],"replies":[{"embeddable":true,"href":"http:\/\/www.aspack.es\/news\/wp-json\/wp\/v2\/comments?post=1256"}],"version-history":[{"count":3,"href":"http:\/\/www.aspack.es\/news\/wp-json\/wp\/v2\/posts\/1256\/revisions"}],"predecessor-version":[{"id":1278,"href":"http:\/\/www.aspack.es\/news\/wp-json\/wp\/v2\/posts\/1256\/revisions\/1278"}],"wp:featuredmedia":[{"embeddable":true,"href":"http:\/\/www.aspack.es\/news\/wp-json\/wp\/v2\/media\/1257"}],"wp:attachment":[{"href":"http:\/\/www.aspack.es\/news\/wp-json\/wp\/v2\/media?parent=1256"}],"wp:term":[{"taxonomy":"category","embeddable":true,"href":"http:\/\/www.aspack.es\/news\/wp-json\/wp\/v2\/categories?post=1256"},{"taxonomy":"post_tag","embeddable":true,"href":"http:\/\/www.aspack.es\/news\/wp-json\/wp\/v2\/tags?post=1256"}],"curies":[{"name":"wp","href":"https:\/\/api.w.org\/{rel}","templated":true}]}}