{"id":1260,"date":"2021-02-22T13:05:00","date_gmt":"2021-02-22T13:05:00","guid":{"rendered":"http:\/\/www.aspack.es\/news\/?p=1260"},"modified":"2021-06-22T10:52:23","modified_gmt":"2021-06-22T10:52:23","slug":"graciaspapel-la-nueva-web-del-papel-y-el-medio-ambiente","status":"publish","type":"post","link":"http:\/\/www.aspack.es\/news\/graciaspapel-la-nueva-web-del-papel-y-el-medio-ambiente\/","title":{"rendered":"Graciaspapel, la nueva web del papel y el medio ambiente"},"content":{"rendered":"<p style=\"text-align: justify;\"><strong>Nace la nueva web <\/strong><a href=\"http:\/\/www.graciaspapel.es\/\"><strong>www.graciaspapel.es<\/strong><\/a><strong>, la web del papel y el medio ambiente, impulsada por la cadena de valor del papel y cart\u00f3n, una web activa para divulgar y documentar. C\u00f3mo se cultivan los \u00e1rboles con los que se hace el papel, la certificaci\u00f3n forestal, la circularidad del papel, c\u00f3mo se recicla y cu\u00e1nto reciclamos. Los distintos tipos de productos de papel y cart\u00f3n, c\u00f3mo se fabrican y cu\u00e1l es su comportamiento medioambiental. Lo que piensan los consumidores seg\u00fan las m\u00e1s recientes encuestas, las cifras de la cadena de valor de la celulosa, el papel y el cart\u00f3n\u2026 y todo lo referente al mundo del papel y el medio ambiente puede encontrarse f\u00e1cilmente en esta nueva web. Tanto el \u00faltimo dato o la informaci\u00f3n b\u00e1sica como informaci\u00f3n en profundidad, con posibilidad de ver y descargar publicaciones, audiovisuales, infograf\u00edas\u2026 y con links a otras webs especializadas.<\/strong><\/p>\n<p style=\"text-align: justify;\"><strong>\u00a0<\/strong>Al que quiere conocer la verdad sobre el mundo del papel, al que no se \u00a0conforma con las leyendas urbanas y las <em>fakenews,<\/em> la secci\u00f3n <strong><em>La verdad sobre el papel<\/em><\/strong> le permite enfrentar r\u00e1pidamente el mito con el dato para saber qu\u00e9 es y qu\u00e9 no es el papel en realidad. La web recoge tambi\u00e9n actividades de la cadena del papel, como los Premios Valores del Papel.<\/p>\n<p style=\"text-align: justify;\">Graciaspapel est\u00e1 dise\u00f1ada para los interesados en el mundo del papel como profesionales o como usuarios, que creen que el futuro es de los productos renovables, reciclables, biodegradables y bajos en carbono, integrados en el ciclo natural.<\/p>\n<div style=\"width: 640px;\" class=\"wp-video\"><!--[if lt IE 9]><script>document.createElement('video');<\/script><![endif]-->\n<video class=\"wp-video-shortcode\" id=\"video-1260-1\" width=\"640\" height=\"274\" preload=\"metadata\" controls=\"controls\"><source type=\"video\/mp4\" src=\"http:\/\/www.aspack.es\/news\/wp-content\/uploads\/2021\/02\/wwwgraciaspapeles-la-web-del-papel-y-el-medio-ambiente_360p.mp4?_=1\" \/><a href=\"http:\/\/www.aspack.es\/news\/wp-content\/uploads\/2021\/02\/wwwgraciaspapeles-la-web-del-papel-y-el-medio-ambiente_360p.mp4\">http:\/\/www.aspack.es\/news\/wp-content\/uploads\/2021\/02\/wwwgraciaspapeles-la-web-del-papel-y-el-medio-ambiente_360p.mp4<\/a><\/video><\/div>\n<p style=\"text-align: justify;\">Para escritores, periodistas, dise\u00f1adores gr\u00e1ficos, editores, quiosqueros, libreros, bibliotecarios&#8230; Para los que envasan sus productos en papel y cart\u00f3n, para los que transportan todo tipo de mercanc\u00edas protegidas en embalajes de cart\u00f3n, para los que en sus comercios conf\u00edan en este material como la tarjeta de presentaci\u00f3n sostenible. Para los que se leen todas las etiquetas y saben muy bien lo que est\u00e1n comprando, para los que buscan en sus compras la protecci\u00f3n del cart\u00f3n y para los que piden bolsas de papel en las tiendas y en el s\u00faper. Para quienes disfrutan escribiendo y recibiendo cartas, para los aficionados a la papiroflexia o los coleccionistas de\u00a0 marca-libros. Para los que durante la pandemia compraron tanto papel higi\u00e9nico y para los que siempre llevan encima un pa\u00f1uelo de papel o tienen su mesa cubierta de <em>post-it<\/em>. La nueva web <a href=\"http:\/\/www.graciaspapel.es\/\">www.graciaspapel.es<\/a> es sitio de la gran comunidad de los amantes del papel, de #lagentedelpapel.<\/p>\n<p style=\"text-align: justify;\">ASPAPEL Asociaci\u00f3n Espa\u00f1ola de Fabricantes de Pasta, Papel y Cart\u00f3n | AFCO Asociaci\u00f3n de Fabricantes de Cart\u00f3n Ondulado | ASPACK Asociaci\u00f3n Espa\u00f1ola de Fabricantes de Envases, Embalajes y Transformados de Cart\u00f3n | RECIPAP | FEIGRAF Federaci\u00f3n Empresarial de Industrias Gr\u00e1ficas de Espa\u00f1a | FGEE Federaci\u00f3n de Gremios de Editores de Espa\u00f1a | ANELE Asociaci\u00f3n Nacional de Editores de Libros y Material de Ense\u00f1anza | LA BOLSA DE PAPEL (Plataforma para el desarrollo y promoci\u00f3n de las bolsas de papel constituida por fabricantes de papel para bolsas y fabricantes de bolsas de papel y su cadena de valor) | CLUSTERPAPEL Asociaci\u00f3n Cluster del Papel de Euskadi | REPACAR Asociaci\u00f3n Espa\u00f1ola de Recuperadores de Papel y Cart\u00f3n | NEOBIS Asociaci\u00f3n de la Comunicaci\u00f3n Gr\u00e1fica\u00a0 | AIFEC Asociaci\u00f3n Ib\u00e9rica de Fabricantes de Etiquetas en Continuo.<\/p>\n<p style=\"text-align: justify;\">PARA M\u00c1S INFORMACI\u00d3N: \u00c1ngeles \u00c1lvarez \u2013 <a href=\"mailto:aalvarez@informacioneeimagen.es\">aalvarez@informacioneeimagen.es<\/a> \u2013 609904877\u2013 915616826<\/p>\n","protected":false},"excerpt":{"rendered":"<p>Nace la nueva web www.graciaspapel.es, la web del papel y el medio ambiente, impulsada por la cadena de valor del papel y cart\u00f3n, una web activa para divulgar y documentar. C\u00f3mo se cultivan los \u00e1rboles con los que se hace el papel, la certificaci\u00f3n forestal, la circularidad del papel, c\u00f3mo se recicla y cu\u00e1nto reciclamos.&hellip;<\/p>\n","protected":false},"author":1,"featured_media":1262,"comment_status":"closed","ping_status":"open","sticky":false,"template":"","format":"standard","meta":{"footnotes":""},"categories":[17],"tags":[],"class_list":["post-1260","post","type-post","status-publish","format-standard","has-post-thumbnail","hentry","category-el-sector"],"yoast_head":"<!-- This site is optimized with the Yoast SEO plugin v25.9 - https:\/\/yoast.com\/wordpress\/plugins\/seo\/ -->\n<title>Graciaspapel, la nueva web del papel y el medio ambiente - ASPACK NEWS<\/title>\n<meta name=\"robots\" content=\"index, follow, max-snippet:-1, max-image-preview:large, max-video-preview:-1\" \/>\n<link rel=\"canonical\" href=\"https:\/\/www.aspack.es\/news\/graciaspapel-la-nueva-web-del-papel-y-el-medio-ambiente\/\" \/>\n<meta property=\"og:locale\" content=\"es_ES\" \/>\n<meta property=\"og:type\" content=\"article\" \/>\n<meta property=\"og:title\" content=\"Graciaspapel, la nueva web del papel y el medio ambiente - ASPACK NEWS\" \/>\n<meta property=\"og:description\" content=\"Nace la nueva web www.graciaspapel.es, la web del papel y el medio ambiente, impulsada por la cadena de valor del papel y cart\u00f3n, una web activa para divulgar y documentar. C\u00f3mo se cultivan los \u00e1rboles con los que se hace el papel, la certificaci\u00f3n forestal, la circularidad del papel, c\u00f3mo se recicla y cu\u00e1nto reciclamos.&hellip;\" \/>\n<meta property=\"og:url\" content=\"https:\/\/www.aspack.es\/news\/graciaspapel-la-nueva-web-del-papel-y-el-medio-ambiente\/\" \/>\n<meta property=\"og:site_name\" content=\"ASPACK NEWS\" \/>\n<meta property=\"article:published_time\" content=\"2021-02-22T13:05:00+00:00\" \/>\n<meta property=\"article:modified_time\" content=\"2021-06-22T10:52:23+00:00\" \/>\n<meta property=\"og:image\" content=\"https:\/\/www.aspack.es\/news\/wp-content\/uploads\/2021\/02\/Foto-graciaspapel.jpg\" \/>\n\t<meta property=\"og:image:width\" content=\"1806\" \/>\n\t<meta property=\"og:image:height\" content=\"1262\" \/>\n\t<meta property=\"og:image:type\" content=\"image\/jpeg\" \/>\n<meta name=\"author\" content=\"admin\" \/>\n<meta name=\"twitter:card\" content=\"summary_large_image\" \/>\n<meta name=\"twitter:label1\" content=\"Escrito por\" \/>\n\t<meta name=\"twitter:data1\" content=\"admin\" \/>\n\t<meta name=\"twitter:label2\" content=\"Tiempo de lectura\" \/>\n\t<meta name=\"twitter:data2\" content=\"3 minutos\" \/>\n<script type=\"application\/ld+json\" class=\"yoast-schema-graph\">{\"@context\":\"https:\/\/schema.org\",\"@graph\":[{\"@type\":\"WebPage\",\"@id\":\"https:\/\/www.aspack.es\/news\/graciaspapel-la-nueva-web-del-papel-y-el-medio-ambiente\/\",\"url\":\"https:\/\/www.aspack.es\/news\/graciaspapel-la-nueva-web-del-papel-y-el-medio-ambiente\/\",\"name\":\"Graciaspapel, la nueva web del papel y el medio ambiente - ASPACK NEWS\",\"isPartOf\":{\"@id\":\"https:\/\/www.aspack.es\/news\/#website\"},\"primaryImageOfPage\":{\"@id\":\"https:\/\/www.aspack.es\/news\/graciaspapel-la-nueva-web-del-papel-y-el-medio-ambiente\/#primaryimage\"},\"image\":{\"@id\":\"https:\/\/www.aspack.es\/news\/graciaspapel-la-nueva-web-del-papel-y-el-medio-ambiente\/#primaryimage\"},\"thumbnailUrl\":\"http:\/\/www.aspack.es\/news\/wp-content\/uploads\/2021\/02\/Foto-graciaspapel.jpg\",\"datePublished\":\"2021-02-22T13:05:00+00:00\",\"dateModified\":\"2021-06-22T10:52:23+00:00\",\"author\":{\"@id\":\"https:\/\/www.aspack.es\/news\/#\/schema\/person\/0019098322836346476fc7dfdbd26d95\"},\"breadcrumb\":{\"@id\":\"https:\/\/www.aspack.es\/news\/graciaspapel-la-nueva-web-del-papel-y-el-medio-ambiente\/#breadcrumb\"},\"inLanguage\":\"es\",\"potentialAction\":[{\"@type\":\"ReadAction\",\"target\":[\"https:\/\/www.aspack.es\/news\/graciaspapel-la-nueva-web-del-papel-y-el-medio-ambiente\/\"]}]},{\"@type\":\"ImageObject\",\"inLanguage\":\"es\",\"@id\":\"https:\/\/www.aspack.es\/news\/graciaspapel-la-nueva-web-del-papel-y-el-medio-ambiente\/#primaryimage\",\"url\":\"http:\/\/www.aspack.es\/news\/wp-content\/uploads\/2021\/02\/Foto-graciaspapel.jpg\",\"contentUrl\":\"http:\/\/www.aspack.es\/news\/wp-content\/uploads\/2021\/02\/Foto-graciaspapel.jpg\",\"width\":1806,\"height\":1262},{\"@type\":\"BreadcrumbList\",\"@id\":\"https:\/\/www.aspack.es\/news\/graciaspapel-la-nueva-web-del-papel-y-el-medio-ambiente\/#breadcrumb\",\"itemListElement\":[{\"@type\":\"ListItem\",\"position\":1,\"name\":\"Portada\",\"item\":\"https:\/\/www.aspack.es\/news\/\"},{\"@type\":\"ListItem\",\"position\":2,\"name\":\"Graciaspapel, la nueva web del papel y el medio ambiente\"}]},{\"@type\":\"WebSite\",\"@id\":\"https:\/\/www.aspack.es\/news\/#website\",\"url\":\"https:\/\/www.aspack.es\/news\/\",\"name\":\"ASPACK NEWS\",\"description\":\"El peri?dico digital de los envases de cart?n\",\"potentialAction\":[{\"@type\":\"SearchAction\",\"target\":{\"@type\":\"EntryPoint\",\"urlTemplate\":\"https:\/\/www.aspack.es\/news\/?s={search_term_string}\"},\"query-input\":{\"@type\":\"PropertyValueSpecification\",\"valueRequired\":true,\"valueName\":\"search_term_string\"}}],\"inLanguage\":\"es\"},{\"@type\":\"Person\",\"@id\":\"https:\/\/www.aspack.es\/news\/#\/schema\/person\/0019098322836346476fc7dfdbd26d95\",\"name\":\"admin\",\"image\":{\"@type\":\"ImageObject\",\"inLanguage\":\"es\",\"@id\":\"https:\/\/www.aspack.es\/news\/#\/schema\/person\/image\/\",\"url\":\"https:\/\/secure.gravatar.com\/avatar\/6a6c60542c39a2d052b8b1e8c5145e669bf888b9b229b3da0e43092daac8a32e?s=96&d=mm&r=g\",\"contentUrl\":\"https:\/\/secure.gravatar.com\/avatar\/6a6c60542c39a2d052b8b1e8c5145e669bf888b9b229b3da0e43092daac8a32e?s=96&d=mm&r=g\",\"caption\":\"admin\"},\"url\":\"http:\/\/www.aspack.es\/news\/author\/admin\/\"}]}<\/script>\n<!-- \/ Yoast SEO plugin. -->","yoast_head_json":{"title":"Graciaspapel, la nueva web del papel y el medio ambiente - ASPACK NEWS","robots":{"index":"index","follow":"follow","max-snippet":"max-snippet:-1","max-image-preview":"max-image-preview:large","max-video-preview":"max-video-preview:-1"},"canonical":"https:\/\/www.aspack.es\/news\/graciaspapel-la-nueva-web-del-papel-y-el-medio-ambiente\/","og_locale":"es_ES","og_type":"article","og_title":"Graciaspapel, la nueva web del papel y el medio ambiente - ASPACK NEWS","og_description":"Nace la nueva web www.graciaspapel.es, la web del papel y el medio ambiente, impulsada por la cadena de valor del papel y cart\u00f3n, una web activa para divulgar y documentar. C\u00f3mo se cultivan los \u00e1rboles con los que se hace el papel, la certificaci\u00f3n forestal, la circularidad del papel, c\u00f3mo se recicla y cu\u00e1nto reciclamos.&hellip;","og_url":"https:\/\/www.aspack.es\/news\/graciaspapel-la-nueva-web-del-papel-y-el-medio-ambiente\/","og_site_name":"ASPACK NEWS","article_published_time":"2021-02-22T13:05:00+00:00","article_modified_time":"2021-06-22T10:52:23+00:00","og_image":[{"width":1806,"height":1262,"url":"https:\/\/www.aspack.es\/news\/wp-content\/uploads\/2021\/02\/Foto-graciaspapel.jpg","type":"image\/jpeg"}],"author":"admin","twitter_card":"summary_large_image","twitter_misc":{"Escrito por":"admin","Tiempo de lectura":"3 minutos"},"schema":{"@context":"https:\/\/schema.org","@graph":[{"@type":"WebPage","@id":"https:\/\/www.aspack.es\/news\/graciaspapel-la-nueva-web-del-papel-y-el-medio-ambiente\/","url":"https:\/\/www.aspack.es\/news\/graciaspapel-la-nueva-web-del-papel-y-el-medio-ambiente\/","name":"Graciaspapel, la nueva web del papel y el medio ambiente - ASPACK NEWS","isPartOf":{"@id":"https:\/\/www.aspack.es\/news\/#website"},"primaryImageOfPage":{"@id":"https:\/\/www.aspack.es\/news\/graciaspapel-la-nueva-web-del-papel-y-el-medio-ambiente\/#primaryimage"},"image":{"@id":"https:\/\/www.aspack.es\/news\/graciaspapel-la-nueva-web-del-papel-y-el-medio-ambiente\/#primaryimage"},"thumbnailUrl":"http:\/\/www.aspack.es\/news\/wp-content\/uploads\/2021\/02\/Foto-graciaspapel.jpg","datePublished":"2021-02-22T13:05:00+00:00","dateModified":"2021-06-22T10:52:23+00:00","author":{"@id":"https:\/\/www.aspack.es\/news\/#\/schema\/person\/0019098322836346476fc7dfdbd26d95"},"breadcrumb":{"@id":"https:\/\/www.aspack.es\/news\/graciaspapel-la-nueva-web-del-papel-y-el-medio-ambiente\/#breadcrumb"},"inLanguage":"es","potentialAction":[{"@type":"ReadAction","target":["https:\/\/www.aspack.es\/news\/graciaspapel-la-nueva-web-del-papel-y-el-medio-ambiente\/"]}]},{"@type":"ImageObject","inLanguage":"es","@id":"https:\/\/www.aspack.es\/news\/graciaspapel-la-nueva-web-del-papel-y-el-medio-ambiente\/#primaryimage","url":"http:\/\/www.aspack.es\/news\/wp-content\/uploads\/2021\/02\/Foto-graciaspapel.jpg","contentUrl":"http:\/\/www.aspack.es\/news\/wp-content\/uploads\/2021\/02\/Foto-graciaspapel.jpg","width":1806,"height":1262},{"@type":"BreadcrumbList","@id":"https:\/\/www.aspack.es\/news\/graciaspapel-la-nueva-web-del-papel-y-el-medio-ambiente\/#breadcrumb","itemListElement":[{"@type":"ListItem","position":1,"name":"Portada","item":"https:\/\/www.aspack.es\/news\/"},{"@type":"ListItem","position":2,"name":"Graciaspapel, la nueva web del papel y el medio ambiente"}]},{"@type":"WebSite","@id":"https:\/\/www.aspack.es\/news\/#website","url":"https:\/\/www.aspack.es\/news\/","name":"ASPACK NEWS","description":"El peri?dico digital de los envases de cart?n","potentialAction":[{"@type":"SearchAction","target":{"@type":"EntryPoint","urlTemplate":"https:\/\/www.aspack.es\/news\/?s={search_term_string}"},"query-input":{"@type":"PropertyValueSpecification","valueRequired":true,"valueName":"search_term_string"}}],"inLanguage":"es"},{"@type":"Person","@id":"https:\/\/www.aspack.es\/news\/#\/schema\/person\/0019098322836346476fc7dfdbd26d95","name":"admin","image":{"@type":"ImageObject","inLanguage":"es","@id":"https:\/\/www.aspack.es\/news\/#\/schema\/person\/image\/","url":"https:\/\/secure.gravatar.com\/avatar\/6a6c60542c39a2d052b8b1e8c5145e669bf888b9b229b3da0e43092daac8a32e?s=96&d=mm&r=g","contentUrl":"https:\/\/secure.gravatar.com\/avatar\/6a6c60542c39a2d052b8b1e8c5145e669bf888b9b229b3da0e43092daac8a32e?s=96&d=mm&r=g","caption":"admin"},"url":"http:\/\/www.aspack.es\/news\/author\/admin\/"}]}},"_links":{"self":[{"href":"http:\/\/www.aspack.es\/news\/wp-json\/wp\/v2\/posts\/1260","targetHints":{"allow":["GET"]}}],"collection":[{"href":"http:\/\/www.aspack.es\/news\/wp-json\/wp\/v2\/posts"}],"about":[{"href":"http:\/\/www.aspack.es\/news\/wp-json\/wp\/v2\/types\/post"}],"author":[{"embeddable":true,"href":"http:\/\/www.aspack.es\/news\/wp-json\/wp\/v2\/users\/1"}],"replies":[{"embeddable":true,"href":"http:\/\/www.aspack.es\/news\/wp-json\/wp\/v2\/comments?post=1260"}],"version-history":[{"count":5,"href":"http:\/\/www.aspack.es\/news\/wp-json\/wp\/v2\/posts\/1260\/revisions"}],"predecessor-version":[{"id":1279,"href":"http:\/\/www.aspack.es\/news\/wp-json\/wp\/v2\/posts\/1260\/revisions\/1279"}],"wp:featuredmedia":[{"embeddable":true,"href":"http:\/\/www.aspack.es\/news\/wp-json\/wp\/v2\/media\/1262"}],"wp:attachment":[{"href":"http:\/\/www.aspack.es\/news\/wp-json\/wp\/v2\/media?parent=1260"}],"wp:term":[{"taxonomy":"category","embeddable":true,"href":"http:\/\/www.aspack.es\/news\/wp-json\/wp\/v2\/categories?post=1260"},{"taxonomy":"post_tag","embeddable":true,"href":"http:\/\/www.aspack.es\/news\/wp-json\/wp\/v2\/tags?post=1260"}],"curies":[{"name":"wp","href":"https:\/\/api.w.org\/{rel}","templated":true}]}}