{"id":1459,"date":"2021-09-28T08:37:10","date_gmt":"2021-09-28T08:37:10","guid":{"rendered":"http:\/\/www.aspack.es\/news\/?p=1459"},"modified":"2021-10-29T12:50:41","modified_gmt":"2021-10-29T12:50:41","slug":"hinojosa-refuerza-su-compromiso-social-y-medioambiental-en-un-ejercicio-marcado-por-la-pandemia","status":"publish","type":"post","link":"http:\/\/www.aspack.es\/news\/hinojosa-refuerza-su-compromiso-social-y-medioambiental-en-un-ejercicio-marcado-por-la-pandemia\/","title":{"rendered":"Hinojosa refuerza su compromiso social y medioambiental en un ejercicio marcado por la pandemia"},"content":{"rendered":"\n<p><a href=\"https:\/\/www.grupohinojosa.com\">Hinojosa<\/a> anuncia su nueva publicaci\u00f3n de la&nbsp;<strong>nueva memoria de Responsabilidad&nbsp;Social Corporativa de la compa\u00f1\u00eda, \u00abNuestro papel con el entorno\u00bb<\/strong>. En un ejercicio 2020 marcado por la pandemia, Hinojosa ha ofrecido una&nbsp;<strong>respuesta r\u00e1pida a las necesidades del momento<\/strong>,&nbsp;<strong>incrementado la colaboraci\u00f3n con las personas y organizaciones<\/strong>&nbsp;de sus entornos m\u00e1s pr\u00f3ximos. Todo ello, manteniendo su compromiso con la&nbsp;<strong>sostenibilidad<\/strong>&nbsp;y la&nbsp;<strong>innovaci\u00f3n<\/strong>. Presentan su&nbsp;cuarta Memoria RSC \u201cNuestro papel con el entorno\u201d, que muestra la contribuci\u00f3n voluntaria de Hinojosa con los Objetivos de Desarrollo Sostenible (ODS) y la Agenda 2030.&nbsp;<\/p>\n\n\n\n<p>Con m\u00e1s de 70 a\u00f1os de experiencia, Hinojosa es l\u00edder del sector de envase y embalaje y est\u00e1 considerado uno de los principales grupos empresariales familiares espa\u00f1oles. La compa\u00f1\u00eda, que ha experimentado un importante crecimiento en los \u00faltimos a\u00f1os, inici\u00f3 en 2020 su expansi\u00f3n internacional. En la actualidad, cuenta con veinte plantas de producci\u00f3n ubicadas en Espa\u00f1a, Portugal y Francia. La innovaci\u00f3n, la especializaci\u00f3n y la orientaci\u00f3n y cercan\u00eda con el cliente son los pilares sobre los que se sustenta este crecimiento. La empresa cerr\u00f3 2020 con una facturaci\u00f3n de 430 millones de euros. Su proyecci\u00f3n internacional se ve reforzada por su presencia en Blue Box Partners.&nbsp;<\/p>\n\n\n\n<p><strong>La prioridad, las personas&nbsp;<\/strong><\/p>\n\n\n\n<p>Una de las prioridades para Hinojosa han sido las personas. La rapidez en la toma de decisiones ha sido clave para mantener sus plantas operativas, como actividad esencial, ofreciendo un servicio ininterrumpido a las industrias de alimentaci\u00f3n y bienes de primera necesidad, para garantizar el aprovisionamiento de productos.&nbsp;<\/p>\n\n\n\n<p>Un servicio a la sociedad que no hubiera sido posible sin la implicaci\u00f3n y esfuerzo de los empleados de Hinojosa. Por ello, desde el primer momento se puso en marcha un Plan de Seguridad espec\u00edfico para preservar el bienestar del equipo humano que, por otro lado, ha seguido creciendo durante el 2020: el grupo ha incorporado Galer\u00eda Gr\u00e1fica (Valencia) y ha iniciado su expansi\u00f3n internacional con la adquisici\u00f3n de la portuguesa Graphicsleader en 2020, y de la francesa Allard Emballages, en 2021.&nbsp;<\/p>\n\n\n\n<p>En paralelo, la compa\u00f1\u00eda ha seguido impulsando acciones para fomentar el empleo de calidad y el desarrollo profesional, una de sus tres l\u00edneas estrat\u00e9gicas de RSC. Entre ellas, el primer Ciclo de FP Dual de Impresi\u00f3n Gr\u00e1fica en las instalaciones de Hinojosa X\u00e0tiva y Cartonajes Bernab\u00e9u; o \u201cHinojosa Graduates Program\u201d, un proyecto para para atraer talento joven al grupo y formarles como futuros l\u00edderes de la compa\u00f1\u00eda.&nbsp;<\/p>\n\n\n\n<p>El pasado ejercicio, tambi\u00e9n se foment\u00f3 la inserci\u00f3n laboral de personas en riesgo de exclusi\u00f3n social, colaborando con organizaciones como la Fundaci\u00f3n Defora (Elche) o con el proyecto \u201cEscuela de Empleabilidad\u201d de C\u00e1ritas.&nbsp;<\/p>\n\n\n\n<p><strong>Apoyo al entorno pr\u00f3ximo&nbsp;<\/strong><\/p>\n\n\n\n<p>Una segunda l\u00ednea estrat\u00e9gica de RSC de Hinojosa engloba las acciones de car\u00e1cter m\u00e1s social, apoyando a los territorios donde desarrolla su actividad. Con la irrupci\u00f3n de la pandemia, la compa\u00f1\u00eda se volc\u00f3 en la protecci\u00f3n de las personas m\u00e1s vulnerables mediante la donaci\u00f3n de m\u00e1s de 14.000 mascarillas y de 23.500 cajas de cart\u00f3n, con las que se facilit\u00f3 la distribuci\u00f3n de material sanitario, equipos de protecci\u00f3n individual y otros bienes de primera necesidad.&nbsp;<\/p>\n\n\n\n<p>Adem\u00e1s, los departamentos de I+D de Hinojosa desarrollaron separadores de cart\u00f3n destinados a la protecci\u00f3n de los empleados de organismos p\u00fablicos y privados que deb\u00edan seguir trabajando durante la pandemia.&nbsp;<\/p>\n\n\n\n<p><strong>Sostenibilidad e innovaci\u00f3n, siempre presentes&nbsp;<\/strong><\/p>\n\n\n\n<p>Aunque el foco en 2020 han sido las personas, la compa\u00f1\u00eda ha mantenido su compromiso con el desarrollo sostenible: un valor que, adem\u00e1s de ser una de sus l\u00edneas estrat\u00e9gicas&nbsp;<\/p>\n\n\n\n<p>de RSC, forma parte de su ADN al basar su modelo de negocio en la econom\u00eda circular. En este sentido, Hinojosa ha obtenido la acreditaci\u00f3n Residuo Cero en algunas de sus plantas, con la que evidencia que m\u00e1s del 90% de los residuos se destinan a valorizaci\u00f3n, materia en la que son pioneros en el sector.&nbsp;<\/p>\n\n\n\n<p>Otras iniciativas remarcables han sido la construcci\u00f3n de una central solar fotovoltaica en sus instalaciones de C\u00f3rdoba; la instalaci\u00f3n de una electrogasolinera para sus empleados; o la construcci\u00f3n de calderas de biomasa y biog\u00e1s en la planta de Sarri\u00e0 de Ter, para incrementar el uso de energ\u00edas renovables.&nbsp;<\/p>\n\n\n\n<p>Por otro lado, Hinojosa ha seguido potenciando la innovaci\u00f3n, palanca fundamental de su crecimiento, con el lanzamiento de 360 Green Packaging: una nueva gama de envases primarios sostenibles que dan respuesta a las nuevas tendencias de mercado.<\/p>\n\n\n\n<p>Para m\u00e1s informaci\u00f3n, adjuntamos el enlace de la memoria:&nbsp; <a href=\"https:\/\/www.grupohinojosa.com\/memoria-2020-grupo-hinojosa.pdf\">https:\/\/www.grupohinojosa.com\/memoria-2020-grupo-hinojosa.pdf<\/a><\/p>\n","protected":false},"excerpt":{"rendered":"<p>Hinojosa anuncia su nueva publicaci\u00f3n de la&nbsp;nueva memoria de Responsabilidad&nbsp;Social Corporativa de la compa\u00f1\u00eda, \u00abNuestro papel con el entorno\u00bb. En un ejercicio 2020 marcado por la pandemia, Hinojosa ha ofrecido una&nbsp;respuesta r\u00e1pida a las necesidades del momento,&nbsp;incrementado la colaboraci\u00f3n con las personas y organizaciones&nbsp;de sus entornos m\u00e1s pr\u00f3ximos. Todo ello, manteniendo su compromiso con la&nbsp;sostenibilidad&nbsp;y&hellip;<\/p>\n","protected":false},"author":1,"featured_media":1460,"comment_status":"closed","ping_status":"open","sticky":false,"template":"","format":"standard","meta":{"footnotes":""},"categories":[18,17],"tags":[],"class_list":["post-1459","post","type-post","status-publish","format-standard","has-post-thumbnail","hentry","category-asociados","category-el-sector"],"yoast_head":"<!-- This site is optimized with the Yoast SEO plugin v25.9 - https:\/\/yoast.com\/wordpress\/plugins\/seo\/ -->\n<title>Hinojosa refuerza su compromiso social y medioambiental en un ejercicio marcado por la pandemia - ASPACK NEWS<\/title>\n<meta name=\"description\" content=\"Hinojosa anuncia su nueva publicaci\u00f3n de la nueva memoria de Responsabilidad Social Corporativa de la compa\u00f1\u00eda, &quot;Nuestro papel con el entorno&quot;\" \/>\n<meta name=\"robots\" content=\"index, follow, max-snippet:-1, max-image-preview:large, max-video-preview:-1\" \/>\n<link rel=\"canonical\" href=\"https:\/\/www.aspack.es\/news\/hinojosa-refuerza-su-compromiso-social-y-medioambiental-en-un-ejercicio-marcado-por-la-pandemia\/\" \/>\n<meta property=\"og:locale\" content=\"es_ES\" \/>\n<meta property=\"og:type\" content=\"article\" \/>\n<meta property=\"og:title\" content=\"Hinojosa refuerza su compromiso social y medioambiental en un ejercicio marcado por la pandemia - ASPACK NEWS\" \/>\n<meta property=\"og:description\" content=\"Hinojosa anuncia su nueva publicaci\u00f3n de la nueva memoria de Responsabilidad Social Corporativa de la compa\u00f1\u00eda, &quot;Nuestro papel con el entorno&quot;\" \/>\n<meta property=\"og:url\" content=\"https:\/\/www.aspack.es\/news\/hinojosa-refuerza-su-compromiso-social-y-medioambiental-en-un-ejercicio-marcado-por-la-pandemia\/\" \/>\n<meta property=\"og:site_name\" content=\"ASPACK NEWS\" \/>\n<meta property=\"article:published_time\" content=\"2021-09-28T08:37:10+00:00\" \/>\n<meta property=\"article:modified_time\" content=\"2021-10-29T12:50:41+00:00\" \/>\n<meta property=\"og:image\" content=\"https:\/\/www.aspack.es\/news\/wp-content\/uploads\/2021\/09\/Memoria-foto_ES.jpg\" \/>\n\t<meta property=\"og:image:width\" content=\"1890\" \/>\n\t<meta property=\"og:image:height\" content=\"1203\" \/>\n\t<meta property=\"og:image:type\" content=\"image\/jpeg\" \/>\n<meta name=\"author\" content=\"admin\" \/>\n<meta name=\"twitter:card\" content=\"summary_large_image\" \/>\n<meta name=\"twitter:label1\" content=\"Escrito por\" \/>\n\t<meta name=\"twitter:data1\" content=\"admin\" \/>\n\t<meta name=\"twitter:label2\" content=\"Tiempo de lectura\" \/>\n\t<meta name=\"twitter:data2\" content=\"4 minutos\" \/>\n<script type=\"application\/ld+json\" class=\"yoast-schema-graph\">{\"@context\":\"https:\/\/schema.org\",\"@graph\":[{\"@type\":\"WebPage\",\"@id\":\"https:\/\/www.aspack.es\/news\/hinojosa-refuerza-su-compromiso-social-y-medioambiental-en-un-ejercicio-marcado-por-la-pandemia\/\",\"url\":\"https:\/\/www.aspack.es\/news\/hinojosa-refuerza-su-compromiso-social-y-medioambiental-en-un-ejercicio-marcado-por-la-pandemia\/\",\"name\":\"Hinojosa refuerza su compromiso social y medioambiental en un ejercicio marcado por la pandemia - ASPACK NEWS\",\"isPartOf\":{\"@id\":\"https:\/\/www.aspack.es\/news\/#website\"},\"primaryImageOfPage\":{\"@id\":\"https:\/\/www.aspack.es\/news\/hinojosa-refuerza-su-compromiso-social-y-medioambiental-en-un-ejercicio-marcado-por-la-pandemia\/#primaryimage\"},\"image\":{\"@id\":\"https:\/\/www.aspack.es\/news\/hinojosa-refuerza-su-compromiso-social-y-medioambiental-en-un-ejercicio-marcado-por-la-pandemia\/#primaryimage\"},\"thumbnailUrl\":\"http:\/\/www.aspack.es\/news\/wp-content\/uploads\/2021\/09\/Memoria-foto_ES.jpg\",\"datePublished\":\"2021-09-28T08:37:10+00:00\",\"dateModified\":\"2021-10-29T12:50:41+00:00\",\"author\":{\"@id\":\"https:\/\/www.aspack.es\/news\/#\/schema\/person\/0019098322836346476fc7dfdbd26d95\"},\"description\":\"Hinojosa anuncia su nueva publicaci\u00f3n de la nueva memoria de Responsabilidad Social Corporativa de la compa\u00f1\u00eda, \\\"Nuestro papel con el entorno\\\"\",\"breadcrumb\":{\"@id\":\"https:\/\/www.aspack.es\/news\/hinojosa-refuerza-su-compromiso-social-y-medioambiental-en-un-ejercicio-marcado-por-la-pandemia\/#breadcrumb\"},\"inLanguage\":\"es\",\"potentialAction\":[{\"@type\":\"ReadAction\",\"target\":[\"https:\/\/www.aspack.es\/news\/hinojosa-refuerza-su-compromiso-social-y-medioambiental-en-un-ejercicio-marcado-por-la-pandemia\/\"]}]},{\"@type\":\"ImageObject\",\"inLanguage\":\"es\",\"@id\":\"https:\/\/www.aspack.es\/news\/hinojosa-refuerza-su-compromiso-social-y-medioambiental-en-un-ejercicio-marcado-por-la-pandemia\/#primaryimage\",\"url\":\"http:\/\/www.aspack.es\/news\/wp-content\/uploads\/2021\/09\/Memoria-foto_ES.jpg\",\"contentUrl\":\"http:\/\/www.aspack.es\/news\/wp-content\/uploads\/2021\/09\/Memoria-foto_ES.jpg\",\"width\":1890,\"height\":1203,\"caption\":\"Hinojosa\"},{\"@type\":\"BreadcrumbList\",\"@id\":\"https:\/\/www.aspack.es\/news\/hinojosa-refuerza-su-compromiso-social-y-medioambiental-en-un-ejercicio-marcado-por-la-pandemia\/#breadcrumb\",\"itemListElement\":[{\"@type\":\"ListItem\",\"position\":1,\"name\":\"Portada\",\"item\":\"https:\/\/www.aspack.es\/news\/\"},{\"@type\":\"ListItem\",\"position\":2,\"name\":\"Hinojosa refuerza su compromiso social y medioambiental en un ejercicio marcado por la pandemia\"}]},{\"@type\":\"WebSite\",\"@id\":\"https:\/\/www.aspack.es\/news\/#website\",\"url\":\"https:\/\/www.aspack.es\/news\/\",\"name\":\"ASPACK NEWS\",\"description\":\"El peri?dico digital de los envases de cart?n\",\"potentialAction\":[{\"@type\":\"SearchAction\",\"target\":{\"@type\":\"EntryPoint\",\"urlTemplate\":\"https:\/\/www.aspack.es\/news\/?s={search_term_string}\"},\"query-input\":{\"@type\":\"PropertyValueSpecification\",\"valueRequired\":true,\"valueName\":\"search_term_string\"}}],\"inLanguage\":\"es\"},{\"@type\":\"Person\",\"@id\":\"https:\/\/www.aspack.es\/news\/#\/schema\/person\/0019098322836346476fc7dfdbd26d95\",\"name\":\"admin\",\"image\":{\"@type\":\"ImageObject\",\"inLanguage\":\"es\",\"@id\":\"https:\/\/www.aspack.es\/news\/#\/schema\/person\/image\/\",\"url\":\"https:\/\/secure.gravatar.com\/avatar\/6a6c60542c39a2d052b8b1e8c5145e669bf888b9b229b3da0e43092daac8a32e?s=96&d=mm&r=g\",\"contentUrl\":\"https:\/\/secure.gravatar.com\/avatar\/6a6c60542c39a2d052b8b1e8c5145e669bf888b9b229b3da0e43092daac8a32e?s=96&d=mm&r=g\",\"caption\":\"admin\"},\"url\":\"http:\/\/www.aspack.es\/news\/author\/admin\/\"}]}<\/script>\n<!-- \/ Yoast SEO plugin. -->","yoast_head_json":{"title":"Hinojosa refuerza su compromiso social y medioambiental en un ejercicio marcado por la pandemia - ASPACK NEWS","description":"Hinojosa anuncia su nueva publicaci\u00f3n de la nueva memoria de Responsabilidad Social Corporativa de la compa\u00f1\u00eda, \"Nuestro papel con el entorno\"","robots":{"index":"index","follow":"follow","max-snippet":"max-snippet:-1","max-image-preview":"max-image-preview:large","max-video-preview":"max-video-preview:-1"},"canonical":"https:\/\/www.aspack.es\/news\/hinojosa-refuerza-su-compromiso-social-y-medioambiental-en-un-ejercicio-marcado-por-la-pandemia\/","og_locale":"es_ES","og_type":"article","og_title":"Hinojosa refuerza su compromiso social y medioambiental en un ejercicio marcado por la pandemia - ASPACK NEWS","og_description":"Hinojosa anuncia su nueva publicaci\u00f3n de la nueva memoria de Responsabilidad Social Corporativa de la compa\u00f1\u00eda, \"Nuestro papel con el entorno\"","og_url":"https:\/\/www.aspack.es\/news\/hinojosa-refuerza-su-compromiso-social-y-medioambiental-en-un-ejercicio-marcado-por-la-pandemia\/","og_site_name":"ASPACK NEWS","article_published_time":"2021-09-28T08:37:10+00:00","article_modified_time":"2021-10-29T12:50:41+00:00","og_image":[{"width":1890,"height":1203,"url":"https:\/\/www.aspack.es\/news\/wp-content\/uploads\/2021\/09\/Memoria-foto_ES.jpg","type":"image\/jpeg"}],"author":"admin","twitter_card":"summary_large_image","twitter_misc":{"Escrito por":"admin","Tiempo de lectura":"4 minutos"},"schema":{"@context":"https:\/\/schema.org","@graph":[{"@type":"WebPage","@id":"https:\/\/www.aspack.es\/news\/hinojosa-refuerza-su-compromiso-social-y-medioambiental-en-un-ejercicio-marcado-por-la-pandemia\/","url":"https:\/\/www.aspack.es\/news\/hinojosa-refuerza-su-compromiso-social-y-medioambiental-en-un-ejercicio-marcado-por-la-pandemia\/","name":"Hinojosa refuerza su compromiso social y medioambiental en un ejercicio marcado por la pandemia - ASPACK NEWS","isPartOf":{"@id":"https:\/\/www.aspack.es\/news\/#website"},"primaryImageOfPage":{"@id":"https:\/\/www.aspack.es\/news\/hinojosa-refuerza-su-compromiso-social-y-medioambiental-en-un-ejercicio-marcado-por-la-pandemia\/#primaryimage"},"image":{"@id":"https:\/\/www.aspack.es\/news\/hinojosa-refuerza-su-compromiso-social-y-medioambiental-en-un-ejercicio-marcado-por-la-pandemia\/#primaryimage"},"thumbnailUrl":"http:\/\/www.aspack.es\/news\/wp-content\/uploads\/2021\/09\/Memoria-foto_ES.jpg","datePublished":"2021-09-28T08:37:10+00:00","dateModified":"2021-10-29T12:50:41+00:00","author":{"@id":"https:\/\/www.aspack.es\/news\/#\/schema\/person\/0019098322836346476fc7dfdbd26d95"},"description":"Hinojosa anuncia su nueva publicaci\u00f3n de la nueva memoria de Responsabilidad Social Corporativa de la compa\u00f1\u00eda, \"Nuestro papel con el entorno\"","breadcrumb":{"@id":"https:\/\/www.aspack.es\/news\/hinojosa-refuerza-su-compromiso-social-y-medioambiental-en-un-ejercicio-marcado-por-la-pandemia\/#breadcrumb"},"inLanguage":"es","potentialAction":[{"@type":"ReadAction","target":["https:\/\/www.aspack.es\/news\/hinojosa-refuerza-su-compromiso-social-y-medioambiental-en-un-ejercicio-marcado-por-la-pandemia\/"]}]},{"@type":"ImageObject","inLanguage":"es","@id":"https:\/\/www.aspack.es\/news\/hinojosa-refuerza-su-compromiso-social-y-medioambiental-en-un-ejercicio-marcado-por-la-pandemia\/#primaryimage","url":"http:\/\/www.aspack.es\/news\/wp-content\/uploads\/2021\/09\/Memoria-foto_ES.jpg","contentUrl":"http:\/\/www.aspack.es\/news\/wp-content\/uploads\/2021\/09\/Memoria-foto_ES.jpg","width":1890,"height":1203,"caption":"Hinojosa"},{"@type":"BreadcrumbList","@id":"https:\/\/www.aspack.es\/news\/hinojosa-refuerza-su-compromiso-social-y-medioambiental-en-un-ejercicio-marcado-por-la-pandemia\/#breadcrumb","itemListElement":[{"@type":"ListItem","position":1,"name":"Portada","item":"https:\/\/www.aspack.es\/news\/"},{"@type":"ListItem","position":2,"name":"Hinojosa refuerza su compromiso social y medioambiental en un ejercicio marcado por la pandemia"}]},{"@type":"WebSite","@id":"https:\/\/www.aspack.es\/news\/#website","url":"https:\/\/www.aspack.es\/news\/","name":"ASPACK NEWS","description":"El peri?dico digital de los envases de cart?n","potentialAction":[{"@type":"SearchAction","target":{"@type":"EntryPoint","urlTemplate":"https:\/\/www.aspack.es\/news\/?s={search_term_string}"},"query-input":{"@type":"PropertyValueSpecification","valueRequired":true,"valueName":"search_term_string"}}],"inLanguage":"es"},{"@type":"Person","@id":"https:\/\/www.aspack.es\/news\/#\/schema\/person\/0019098322836346476fc7dfdbd26d95","name":"admin","image":{"@type":"ImageObject","inLanguage":"es","@id":"https:\/\/www.aspack.es\/news\/#\/schema\/person\/image\/","url":"https:\/\/secure.gravatar.com\/avatar\/6a6c60542c39a2d052b8b1e8c5145e669bf888b9b229b3da0e43092daac8a32e?s=96&d=mm&r=g","contentUrl":"https:\/\/secure.gravatar.com\/avatar\/6a6c60542c39a2d052b8b1e8c5145e669bf888b9b229b3da0e43092daac8a32e?s=96&d=mm&r=g","caption":"admin"},"url":"http:\/\/www.aspack.es\/news\/author\/admin\/"}]}},"_links":{"self":[{"href":"http:\/\/www.aspack.es\/news\/wp-json\/wp\/v2\/posts\/1459","targetHints":{"allow":["GET"]}}],"collection":[{"href":"http:\/\/www.aspack.es\/news\/wp-json\/wp\/v2\/posts"}],"about":[{"href":"http:\/\/www.aspack.es\/news\/wp-json\/wp\/v2\/types\/post"}],"author":[{"embeddable":true,"href":"http:\/\/www.aspack.es\/news\/wp-json\/wp\/v2\/users\/1"}],"replies":[{"embeddable":true,"href":"http:\/\/www.aspack.es\/news\/wp-json\/wp\/v2\/comments?post=1459"}],"version-history":[{"count":3,"href":"http:\/\/www.aspack.es\/news\/wp-json\/wp\/v2\/posts\/1459\/revisions"}],"predecessor-version":[{"id":1483,"href":"http:\/\/www.aspack.es\/news\/wp-json\/wp\/v2\/posts\/1459\/revisions\/1483"}],"wp:featuredmedia":[{"embeddable":true,"href":"http:\/\/www.aspack.es\/news\/wp-json\/wp\/v2\/media\/1460"}],"wp:attachment":[{"href":"http:\/\/www.aspack.es\/news\/wp-json\/wp\/v2\/media?parent=1459"}],"wp:term":[{"taxonomy":"category","embeddable":true,"href":"http:\/\/www.aspack.es\/news\/wp-json\/wp\/v2\/categories?post=1459"},{"taxonomy":"post_tag","embeddable":true,"href":"http:\/\/www.aspack.es\/news\/wp-json\/wp\/v2\/tags?post=1459"}],"curies":[{"name":"wp","href":"https:\/\/api.w.org\/{rel}","templated":true}]}}