{"id":1491,"date":"2021-11-04T13:43:12","date_gmt":"2021-11-04T13:43:12","guid":{"rendered":"http:\/\/www.aspack.es\/news\/?p=1491"},"modified":"2022-01-03T14:44:13","modified_gmt":"2022-01-03T14:44:13","slug":"situacion-tensa-en-la-industria-del-envase-de-carton-los-clientes-deben-prever-sus-pedidos-con-anticipacion","status":"publish","type":"post","link":"http:\/\/www.aspack.es\/news\/situacion-tensa-en-la-industria-del-envase-de-carton-los-clientes-deben-prever-sus-pedidos-con-anticipacion\/","title":{"rendered":"Situaci\u00f3n tensa en la industria del envase de cart\u00f3n: los clientes deben prever sus pedidos con anticipaci\u00f3n"},"content":{"rendered":"\n<p>El mercado del cart\u00f3n y del envase de cart\u00f3n se caracteriza actualmente por una situaci\u00f3n muy tensa, como afirma la Asociaci\u00f3n Espa\u00f1ola de Fabricantes de Envases y Embalajes de Cart\u00f3n, ASPACK.&nbsp;&nbsp;Los plazos de entrega del cart\u00f3n y de los envases de cart\u00f3n se han ampliado recientemente a un grado sin precedentes. La estructura de precios se ha movido notablemente hacia arriba de la misma manera. Por lo tanto, la planificaci\u00f3n anticipada de las demandas futuras y el tiempo de espera suficiente para nuevos proyectos por parte de los clientes de la industria de envases de cart\u00f3n est\u00e1 en unos tiempos fuera de lo habitual.&nbsp;<\/p>\n\n\n\n<p><strong>FLUCTUACIONES DE LA CADENA DE SUMINISTRO: LA MAYOR DEMANDA SE CONFRONTA CON LA ESCASEZ DE&nbsp;&nbsp;MATERIAS PRIMAS UNIDO A PROBLEMAS LOG\u00cdSTICOS<\/strong><\/p>\n\n\n\n<p>Seg\u00fan los expertos de la industria, existen varias razones por las que la cadena de suministro, por lo dem\u00e1s estable, de envases de cart\u00f3n para bienes de consumo, est\u00e1 sufriendo actualmente fluctuaciones. Por un lado, la demanda interna de cart\u00f3n de fibra virgen en Asia y Am\u00e9rica del Norte, as\u00ed como las interrupciones en la log\u00edstica internacional y el aumento exorbitante de los costes de transporte en el tr\u00e1fico mundial de mercanc\u00edas, son responsables de la escasez estimada de 300.000 t de cart\u00f3n de fibra virgen en el Mercado europeo de conversi\u00f3n. Por otro lado, en el lado del cart\u00f3n reciclado, un menor volumen de papel recuperado relacionado con Covid, que ya ha sido ampliamente cubierto en los medios, no satisfizo la mayor demanda de muchos tipos de envases a base de papel recuperado.&nbsp;<\/p>\n\n\n\n<p>Con la recuperaci\u00f3n de la econom\u00eda europea a principios del segundo trimestre, los patrones de pedidos se recuperaron, particularmente en los mercados impactados por Covid como el servicio de alimentos, bebidas premium y cosm\u00e9ticos, completada con&nbsp;&nbsp;la apertura de la restauraci\u00f3n.<\/p>\n\n\n\n<p>Como resultado, la producci\u00f3n de envases de cart\u00f3n para numerosos segmentos de clientes est\u00e1 funcionando a gran capacidad y las cadenas de suministro se est\u00e1n llenando hasta el punto de acumular existencias de seguridad. Para estas cadenas, la seguridad del suministro de materiales de embalaje y suministros de embalaje se considera un&nbsp;factor dominante y esto se traduce, en particular, en el adelanto de pedidos y el aumento de los vol\u00famenes de pedidos cuanto m\u00e1s se avanza en la cadena de suministro.<\/p>\n\n\n\n<p>Como resultado, la cartera de pedidos en las f\u00e1bricas de cart\u00f3n est\u00e1 creciendo, lo que conduce a un aumento significativo de los tiempos de entrega. Si bien el tiempo de espera para los pedidos se mantuvo en un nivel promedio y habitual de 4-8 semanas en 2020, seg\u00fan el grado del cart\u00f3n, aument\u00f3 a 10-20 semanas durante el verano, e incluso m\u00e1s para los grados especiales. Las primeras previsiones para el mercado europeo de cart\u00f3n y envases de cart\u00f3n en 2021 fueron proporcionadas recientemente por la consultora brit\u00e1nica NOA Prism, que present\u00f3 el \u00abEuropean Carton Prospects Report 2021\u00bb en nombre de la European Folding Carton Association ECMA. Seg\u00fan este informe, la consultora estima un aumento exorbitante del volumen de pedidos de cart\u00f3n del 10,9% para los mercados europeos en 2021 respecto al a\u00f1o anterior. con una previsi\u00f3n de aumento simult\u00e1nea en el volumen de envases de cart\u00f3n de \u00abs\u00f3lo\u00bb 3,7%. Aunque estas son solo estimaciones moment\u00e1neas, alimentan las advertencias de los observadores de la industria sobre las interrupciones de la cadena de suministro.&nbsp;<\/p>\n\n\n\n<p><strong>CARGA MASIVA DE COSTOS EN LA INDUSTRIA DEL ENVASE DE CART\u00d3N&nbsp;<\/strong><\/p>\n\n\n\n<p>Los plazos de entrega extendidos antes mencionados encuentran su analog\u00eda en varios aumentos de precio realizados para el cart\u00f3n y otros que ya se anuncian. Lo mismo se aplica a otras materias primas y suministros para la producci\u00f3n de envases de cart\u00f3n, as\u00ed como, por ejemplo, para palets o embalajes de transporte, que tienen un impacto enorme en la situaci\u00f3n de costes de los fabricantes de envases de cart\u00f3n.<\/p>\n\n\n\n<p><strong>LO IMPORTANTE: PREVISIONES DE LOS CLIENTES&nbsp;<\/strong><\/p>\n\n\n\n<p>En la situaci\u00f3n actual, Jos\u00e9 Ram\u00f3n Benito, Presidente de ASPACK y director general del Grupo Docuworld, cree que las previsiones realistas de los clientes son muy importantes: \u00abEn la situaci\u00f3n actual del mercado, una buena planificaci\u00f3n de la cartera de pedidos es esencial. El p\u00e1nico e intertar asegurar las compras conducen a una escasez adicional y son contraproducentes. Por lo tanto, se aconseja a los clientes que planifiquen con suficiente tiempo, especialmente para nuevos proyectos, para evitar nuevas distorsiones . A la vez, es fundamental que los aumentos que se est\u00e1n produciendo este a\u00f1o en los costes de la energ\u00eda, el transporte y el resto de materiales as\u00ed como las subidas realizadas de los precios del cart\u00f3n y las anunciadas ya para 2022, respondan a expectativas reales y se realicen de forma inteligente para que puedan ser trasladados adecuadamente a lo largo de la cadena de valor\u201d.<\/p>\n","protected":false},"excerpt":{"rendered":"<p>El mercado del cart\u00f3n y del envase de cart\u00f3n se caracteriza actualmente por una situaci\u00f3n muy tensa, como afirma la Asociaci\u00f3n Espa\u00f1ola de Fabricantes de Envases y Embalajes de Cart\u00f3n, ASPACK.&nbsp;&nbsp;Los plazos de entrega del cart\u00f3n y de los envases de cart\u00f3n se han ampliado recientemente a un grado sin precedentes. La estructura de precios&hellip;<\/p>\n","protected":false},"author":1,"featured_media":1492,"comment_status":"closed","ping_status":"open","sticky":false,"template":"","format":"standard","meta":{"footnotes":""},"categories":[18,17],"tags":[],"class_list":["post-1491","post","type-post","status-publish","format-standard","has-post-thumbnail","hentry","category-asociados","category-el-sector"],"yoast_head":"<!-- This site is optimized with the Yoast SEO plugin v25.9 - https:\/\/yoast.com\/wordpress\/plugins\/seo\/ -->\n<title>Situaci\u00f3n tensa en la industria del envase de cart\u00f3n: los clientes deben prever sus pedidos con anticipaci\u00f3n - ASPACK NEWS<\/title>\n<meta name=\"description\" content=\"El mercado del cart\u00f3n y del envase de cart\u00f3n se caracteriza actualmente por una situaci\u00f3n muy tensa, como afirma la Asociaci\u00f3n Espa\u00f1ola de Fabricantes de Envases y Embalajes de Cart\u00f3n, ASPACK\" \/>\n<meta name=\"robots\" content=\"index, follow, max-snippet:-1, max-image-preview:large, max-video-preview:-1\" \/>\n<link rel=\"canonical\" href=\"https:\/\/www.aspack.es\/news\/situacion-tensa-en-la-industria-del-envase-de-carton-los-clientes-deben-prever-sus-pedidos-con-anticipacion\/\" \/>\n<meta property=\"og:locale\" content=\"es_ES\" \/>\n<meta property=\"og:type\" content=\"article\" \/>\n<meta property=\"og:title\" content=\"Situaci\u00f3n tensa en la industria del envase de cart\u00f3n: los clientes deben prever sus pedidos con anticipaci\u00f3n - ASPACK NEWS\" \/>\n<meta property=\"og:description\" content=\"El mercado del cart\u00f3n y del envase de cart\u00f3n se caracteriza actualmente por una situaci\u00f3n muy tensa, como afirma la Asociaci\u00f3n Espa\u00f1ola de Fabricantes de Envases y Embalajes de Cart\u00f3n, ASPACK\" \/>\n<meta property=\"og:url\" content=\"https:\/\/www.aspack.es\/news\/situacion-tensa-en-la-industria-del-envase-de-carton-los-clientes-deben-prever-sus-pedidos-con-anticipacion\/\" \/>\n<meta property=\"og:site_name\" content=\"ASPACK NEWS\" \/>\n<meta property=\"article:published_time\" content=\"2021-11-04T13:43:12+00:00\" \/>\n<meta property=\"article:modified_time\" content=\"2022-01-03T14:44:13+00:00\" \/>\n<meta property=\"og:image\" content=\"https:\/\/www.aspack.es\/news\/wp-content\/uploads\/2021\/11\/4.png\" \/>\n\t<meta property=\"og:image:width\" content=\"1620\" \/>\n\t<meta property=\"og:image:height\" content=\"1080\" \/>\n\t<meta property=\"og:image:type\" content=\"image\/png\" \/>\n<meta name=\"author\" content=\"admin\" \/>\n<meta name=\"twitter:card\" content=\"summary_large_image\" \/>\n<meta name=\"twitter:label1\" content=\"Escrito por\" \/>\n\t<meta name=\"twitter:data1\" content=\"admin\" \/>\n\t<meta name=\"twitter:label2\" content=\"Tiempo de lectura\" \/>\n\t<meta name=\"twitter:data2\" content=\"4 minutos\" \/>\n<script type=\"application\/ld+json\" class=\"yoast-schema-graph\">{\"@context\":\"https:\/\/schema.org\",\"@graph\":[{\"@type\":\"WebPage\",\"@id\":\"https:\/\/www.aspack.es\/news\/situacion-tensa-en-la-industria-del-envase-de-carton-los-clientes-deben-prever-sus-pedidos-con-anticipacion\/\",\"url\":\"https:\/\/www.aspack.es\/news\/situacion-tensa-en-la-industria-del-envase-de-carton-los-clientes-deben-prever-sus-pedidos-con-anticipacion\/\",\"name\":\"Situaci\u00f3n tensa en la industria del envase de cart\u00f3n: los clientes deben prever sus pedidos con anticipaci\u00f3n - ASPACK NEWS\",\"isPartOf\":{\"@id\":\"https:\/\/www.aspack.es\/news\/#website\"},\"primaryImageOfPage\":{\"@id\":\"https:\/\/www.aspack.es\/news\/situacion-tensa-en-la-industria-del-envase-de-carton-los-clientes-deben-prever-sus-pedidos-con-anticipacion\/#primaryimage\"},\"image\":{\"@id\":\"https:\/\/www.aspack.es\/news\/situacion-tensa-en-la-industria-del-envase-de-carton-los-clientes-deben-prever-sus-pedidos-con-anticipacion\/#primaryimage\"},\"thumbnailUrl\":\"http:\/\/www.aspack.es\/news\/wp-content\/uploads\/2021\/11\/4.png\",\"datePublished\":\"2021-11-04T13:43:12+00:00\",\"dateModified\":\"2022-01-03T14:44:13+00:00\",\"author\":{\"@id\":\"https:\/\/www.aspack.es\/news\/#\/schema\/person\/0019098322836346476fc7dfdbd26d95\"},\"description\":\"El mercado del cart\u00f3n y del envase de cart\u00f3n se caracteriza actualmente por una situaci\u00f3n muy tensa, como afirma la Asociaci\u00f3n Espa\u00f1ola de Fabricantes de Envases y Embalajes de Cart\u00f3n, ASPACK\",\"breadcrumb\":{\"@id\":\"https:\/\/www.aspack.es\/news\/situacion-tensa-en-la-industria-del-envase-de-carton-los-clientes-deben-prever-sus-pedidos-con-anticipacion\/#breadcrumb\"},\"inLanguage\":\"es\",\"potentialAction\":[{\"@type\":\"ReadAction\",\"target\":[\"https:\/\/www.aspack.es\/news\/situacion-tensa-en-la-industria-del-envase-de-carton-los-clientes-deben-prever-sus-pedidos-con-anticipacion\/\"]}]},{\"@type\":\"ImageObject\",\"inLanguage\":\"es\",\"@id\":\"https:\/\/www.aspack.es\/news\/situacion-tensa-en-la-industria-del-envase-de-carton-los-clientes-deben-prever-sus-pedidos-con-anticipacion\/#primaryimage\",\"url\":\"http:\/\/www.aspack.es\/news\/wp-content\/uploads\/2021\/11\/4.png\",\"contentUrl\":\"http:\/\/www.aspack.es\/news\/wp-content\/uploads\/2021\/11\/4.png\",\"width\":1620,\"height\":1080,\"caption\":\"cart\u00f3n\"},{\"@type\":\"BreadcrumbList\",\"@id\":\"https:\/\/www.aspack.es\/news\/situacion-tensa-en-la-industria-del-envase-de-carton-los-clientes-deben-prever-sus-pedidos-con-anticipacion\/#breadcrumb\",\"itemListElement\":[{\"@type\":\"ListItem\",\"position\":1,\"name\":\"Portada\",\"item\":\"https:\/\/www.aspack.es\/news\/\"},{\"@type\":\"ListItem\",\"position\":2,\"name\":\"Situaci\u00f3n tensa en la industria del envase de cart\u00f3n: los clientes deben prever sus pedidos con anticipaci\u00f3n\"}]},{\"@type\":\"WebSite\",\"@id\":\"https:\/\/www.aspack.es\/news\/#website\",\"url\":\"https:\/\/www.aspack.es\/news\/\",\"name\":\"ASPACK NEWS\",\"description\":\"El peri?dico digital de los envases de cart?n\",\"potentialAction\":[{\"@type\":\"SearchAction\",\"target\":{\"@type\":\"EntryPoint\",\"urlTemplate\":\"https:\/\/www.aspack.es\/news\/?s={search_term_string}\"},\"query-input\":{\"@type\":\"PropertyValueSpecification\",\"valueRequired\":true,\"valueName\":\"search_term_string\"}}],\"inLanguage\":\"es\"},{\"@type\":\"Person\",\"@id\":\"https:\/\/www.aspack.es\/news\/#\/schema\/person\/0019098322836346476fc7dfdbd26d95\",\"name\":\"admin\",\"image\":{\"@type\":\"ImageObject\",\"inLanguage\":\"es\",\"@id\":\"https:\/\/www.aspack.es\/news\/#\/schema\/person\/image\/\",\"url\":\"https:\/\/secure.gravatar.com\/avatar\/6a6c60542c39a2d052b8b1e8c5145e669bf888b9b229b3da0e43092daac8a32e?s=96&d=mm&r=g\",\"contentUrl\":\"https:\/\/secure.gravatar.com\/avatar\/6a6c60542c39a2d052b8b1e8c5145e669bf888b9b229b3da0e43092daac8a32e?s=96&d=mm&r=g\",\"caption\":\"admin\"},\"url\":\"http:\/\/www.aspack.es\/news\/author\/admin\/\"}]}<\/script>\n<!-- \/ Yoast SEO plugin. -->","yoast_head_json":{"title":"Situaci\u00f3n tensa en la industria del envase de cart\u00f3n: los clientes deben prever sus pedidos con anticipaci\u00f3n - ASPACK NEWS","description":"El mercado del cart\u00f3n y del envase de cart\u00f3n se caracteriza actualmente por una situaci\u00f3n muy tensa, como afirma la Asociaci\u00f3n Espa\u00f1ola de Fabricantes de Envases y Embalajes de Cart\u00f3n, ASPACK","robots":{"index":"index","follow":"follow","max-snippet":"max-snippet:-1","max-image-preview":"max-image-preview:large","max-video-preview":"max-video-preview:-1"},"canonical":"https:\/\/www.aspack.es\/news\/situacion-tensa-en-la-industria-del-envase-de-carton-los-clientes-deben-prever-sus-pedidos-con-anticipacion\/","og_locale":"es_ES","og_type":"article","og_title":"Situaci\u00f3n tensa en la industria del envase de cart\u00f3n: los clientes deben prever sus pedidos con anticipaci\u00f3n - ASPACK NEWS","og_description":"El mercado del cart\u00f3n y del envase de cart\u00f3n se caracteriza actualmente por una situaci\u00f3n muy tensa, como afirma la Asociaci\u00f3n Espa\u00f1ola de Fabricantes de Envases y Embalajes de Cart\u00f3n, ASPACK","og_url":"https:\/\/www.aspack.es\/news\/situacion-tensa-en-la-industria-del-envase-de-carton-los-clientes-deben-prever-sus-pedidos-con-anticipacion\/","og_site_name":"ASPACK NEWS","article_published_time":"2021-11-04T13:43:12+00:00","article_modified_time":"2022-01-03T14:44:13+00:00","og_image":[{"width":1620,"height":1080,"url":"https:\/\/www.aspack.es\/news\/wp-content\/uploads\/2021\/11\/4.png","type":"image\/png"}],"author":"admin","twitter_card":"summary_large_image","twitter_misc":{"Escrito por":"admin","Tiempo de lectura":"4 minutos"},"schema":{"@context":"https:\/\/schema.org","@graph":[{"@type":"WebPage","@id":"https:\/\/www.aspack.es\/news\/situacion-tensa-en-la-industria-del-envase-de-carton-los-clientes-deben-prever-sus-pedidos-con-anticipacion\/","url":"https:\/\/www.aspack.es\/news\/situacion-tensa-en-la-industria-del-envase-de-carton-los-clientes-deben-prever-sus-pedidos-con-anticipacion\/","name":"Situaci\u00f3n tensa en la industria del envase de cart\u00f3n: los clientes deben prever sus pedidos con anticipaci\u00f3n - ASPACK NEWS","isPartOf":{"@id":"https:\/\/www.aspack.es\/news\/#website"},"primaryImageOfPage":{"@id":"https:\/\/www.aspack.es\/news\/situacion-tensa-en-la-industria-del-envase-de-carton-los-clientes-deben-prever-sus-pedidos-con-anticipacion\/#primaryimage"},"image":{"@id":"https:\/\/www.aspack.es\/news\/situacion-tensa-en-la-industria-del-envase-de-carton-los-clientes-deben-prever-sus-pedidos-con-anticipacion\/#primaryimage"},"thumbnailUrl":"http:\/\/www.aspack.es\/news\/wp-content\/uploads\/2021\/11\/4.png","datePublished":"2021-11-04T13:43:12+00:00","dateModified":"2022-01-03T14:44:13+00:00","author":{"@id":"https:\/\/www.aspack.es\/news\/#\/schema\/person\/0019098322836346476fc7dfdbd26d95"},"description":"El mercado del cart\u00f3n y del envase de cart\u00f3n se caracteriza actualmente por una situaci\u00f3n muy tensa, como afirma la Asociaci\u00f3n Espa\u00f1ola de Fabricantes de Envases y Embalajes de Cart\u00f3n, ASPACK","breadcrumb":{"@id":"https:\/\/www.aspack.es\/news\/situacion-tensa-en-la-industria-del-envase-de-carton-los-clientes-deben-prever-sus-pedidos-con-anticipacion\/#breadcrumb"},"inLanguage":"es","potentialAction":[{"@type":"ReadAction","target":["https:\/\/www.aspack.es\/news\/situacion-tensa-en-la-industria-del-envase-de-carton-los-clientes-deben-prever-sus-pedidos-con-anticipacion\/"]}]},{"@type":"ImageObject","inLanguage":"es","@id":"https:\/\/www.aspack.es\/news\/situacion-tensa-en-la-industria-del-envase-de-carton-los-clientes-deben-prever-sus-pedidos-con-anticipacion\/#primaryimage","url":"http:\/\/www.aspack.es\/news\/wp-content\/uploads\/2021\/11\/4.png","contentUrl":"http:\/\/www.aspack.es\/news\/wp-content\/uploads\/2021\/11\/4.png","width":1620,"height":1080,"caption":"cart\u00f3n"},{"@type":"BreadcrumbList","@id":"https:\/\/www.aspack.es\/news\/situacion-tensa-en-la-industria-del-envase-de-carton-los-clientes-deben-prever-sus-pedidos-con-anticipacion\/#breadcrumb","itemListElement":[{"@type":"ListItem","position":1,"name":"Portada","item":"https:\/\/www.aspack.es\/news\/"},{"@type":"ListItem","position":2,"name":"Situaci\u00f3n tensa en la industria del envase de cart\u00f3n: los clientes deben prever sus pedidos con anticipaci\u00f3n"}]},{"@type":"WebSite","@id":"https:\/\/www.aspack.es\/news\/#website","url":"https:\/\/www.aspack.es\/news\/","name":"ASPACK NEWS","description":"El peri?dico digital de los envases de cart?n","potentialAction":[{"@type":"SearchAction","target":{"@type":"EntryPoint","urlTemplate":"https:\/\/www.aspack.es\/news\/?s={search_term_string}"},"query-input":{"@type":"PropertyValueSpecification","valueRequired":true,"valueName":"search_term_string"}}],"inLanguage":"es"},{"@type":"Person","@id":"https:\/\/www.aspack.es\/news\/#\/schema\/person\/0019098322836346476fc7dfdbd26d95","name":"admin","image":{"@type":"ImageObject","inLanguage":"es","@id":"https:\/\/www.aspack.es\/news\/#\/schema\/person\/image\/","url":"https:\/\/secure.gravatar.com\/avatar\/6a6c60542c39a2d052b8b1e8c5145e669bf888b9b229b3da0e43092daac8a32e?s=96&d=mm&r=g","contentUrl":"https:\/\/secure.gravatar.com\/avatar\/6a6c60542c39a2d052b8b1e8c5145e669bf888b9b229b3da0e43092daac8a32e?s=96&d=mm&r=g","caption":"admin"},"url":"http:\/\/www.aspack.es\/news\/author\/admin\/"}]}},"_links":{"self":[{"href":"http:\/\/www.aspack.es\/news\/wp-json\/wp\/v2\/posts\/1491","targetHints":{"allow":["GET"]}}],"collection":[{"href":"http:\/\/www.aspack.es\/news\/wp-json\/wp\/v2\/posts"}],"about":[{"href":"http:\/\/www.aspack.es\/news\/wp-json\/wp\/v2\/types\/post"}],"author":[{"embeddable":true,"href":"http:\/\/www.aspack.es\/news\/wp-json\/wp\/v2\/users\/1"}],"replies":[{"embeddable":true,"href":"http:\/\/www.aspack.es\/news\/wp-json\/wp\/v2\/comments?post=1491"}],"version-history":[{"count":2,"href":"http:\/\/www.aspack.es\/news\/wp-json\/wp\/v2\/posts\/1491\/revisions"}],"predecessor-version":[{"id":1535,"href":"http:\/\/www.aspack.es\/news\/wp-json\/wp\/v2\/posts\/1491\/revisions\/1535"}],"wp:featuredmedia":[{"embeddable":true,"href":"http:\/\/www.aspack.es\/news\/wp-json\/wp\/v2\/media\/1492"}],"wp:attachment":[{"href":"http:\/\/www.aspack.es\/news\/wp-json\/wp\/v2\/media?parent=1491"}],"wp:term":[{"taxonomy":"category","embeddable":true,"href":"http:\/\/www.aspack.es\/news\/wp-json\/wp\/v2\/categories?post=1491"},{"taxonomy":"post_tag","embeddable":true,"href":"http:\/\/www.aspack.es\/news\/wp-json\/wp\/v2\/tags?post=1491"}],"curies":[{"name":"wp","href":"https:\/\/api.w.org\/{rel}","templated":true}]}}