{"id":1509,"date":"2021-11-29T13:56:28","date_gmt":"2021-11-29T13:56:28","guid":{"rendered":"http:\/\/www.aspack.es\/news\/?p=1509"},"modified":"2022-01-03T14:45:01","modified_gmt":"2022-01-03T14:45:01","slug":"empack-y-logistics-automation-madrid-clausuran-su-edicion-2021-con-mas-de-9-000-visitantes","status":"publish","type":"post","link":"http:\/\/www.aspack.es\/news\/empack-y-logistics-automation-madrid-clausuran-su-edicion-2021-con-mas-de-9-000-visitantes\/","title":{"rendered":"Empack y Logistics &#038; Automation Madrid clausuran su edici\u00f3n 2021 con m\u00e1s de 9.000 visitantes"},"content":{"rendered":"\n<p>Empack y Logistics &amp; Automation volvi\u00f3 a IFEMA despu\u00e9s de dos a\u00f1os, por causa de las restricciones generadas por la pandemia del Covid, convirti\u00e9ndose en un escaparate de excepci\u00f3n de los \u00faltimos avances en packaging, almacenaje y log\u00edstica; 300 marcas participantes, m\u00e1s de 100 ponentes, un amplio programa de demostraciones en directo, actividades y contenidos formativos, que han supuesto para los m\u00e1s de 9.000 visitantes al evento un intenso viaje al futuro en tan s\u00f3lo dos d\u00edas.<\/p>\n\n\n\n<p>El 70% de los expositores han confirmado durante la propia feria su participaci\u00f3n para la pr\u00f3xima edici\u00f3n, que se celebrar\u00e1 los d\u00edas 26 y 27 de octubre, con un aumento del 15% en su superficie expositiva. Entre las novedades previstas, la organizaci\u00f3n ha adelantado la inclusi\u00f3n de Transport &amp; Delivery, como nuevo espacio expositivo dentro de Logistics &amp; Automation, dirigido en exclusiva a operadores log\u00edsticos, couriers y empresas de transporte.<\/p>\n\n\n\n<p>Oscar Barranco, director de Empack y Logistics &amp; Automation ha agradecido a expositores y colaboradores su intenso apoyo durante estos meses. \u201c<em>El sector se ha volcado con nuestro evento estos dos d\u00edas; han podido hacer negocios cara a cara, explicar y demostrar ante cientos de potenciales clientes sus innovaciones, y adem\u00e1s lo han podido hacer de forma segura, al haber obtenido ambas ferias la certificaci\u00f3n de SGS en el cumplimiento de todos los procedimientos de Feria segura. Estamos muy satisfechos y trabajando ya para nuestras pr\u00f3ximas ediciones<\/em>\u201d. Y es que, Empack y Logistics &amp; Automation tendr\u00e1n adem\u00e1s de su tradicional cita en Madrid, en octubre del 2022, ediciones en abril y mayo, en Bilbao y Oporto respectivamente.&nbsp;<\/p>\n\n\n\n<p>Durante&nbsp;la feria ASPACK tuvo su stand donde pudo estar a disposici\u00f3n de los profesionales<strong>&nbsp;<\/strong>del sector y puedo apoyar durante esos d\u00edas a sus asociados presentes. Tambi\u00e9n Jorge Hern\u00e1ndez, asistente del secretario general, realiz\u00f3 una mesa redonda donde se habl\u00f3 de las\u201d Nuevas&nbsp;tendencias en el sector de la etiqueta y el envase de cart\u00f3n como alternativas al pl\u00e1stico.&nbsp;Casos de \u00e9xito y la experiencia del Sello QAIFEC\u201d a trav\u00e9s de la experiencia de Gr\u00e1ficas Varias y de Ulzama Packaging.&nbsp;<\/p>\n\n\n\n<div class=\"wp-block-image\"><figure class=\"aligncenter size-large is-resized\"><img loading=\"lazy\" decoding=\"async\" src=\"http:\/\/www.aspack.es\/news\/wp-content\/uploads\/2021\/11\/WhatsApp-Image-2021-11-24-at-17.48.20-1024x768.jpeg\" alt=\"\" class=\"wp-image-1510\" width=\"513\" height=\"385\" srcset=\"http:\/\/www.aspack.es\/news\/wp-content\/uploads\/2021\/11\/WhatsApp-Image-2021-11-24-at-17.48.20-1024x768.jpeg 1024w, http:\/\/www.aspack.es\/news\/wp-content\/uploads\/2021\/11\/WhatsApp-Image-2021-11-24-at-17.48.20-300x225.jpeg 300w, http:\/\/www.aspack.es\/news\/wp-content\/uploads\/2021\/11\/WhatsApp-Image-2021-11-24-at-17.48.20-768x576.jpeg 768w, http:\/\/www.aspack.es\/news\/wp-content\/uploads\/2021\/11\/WhatsApp-Image-2021-11-24-at-17.48.20-1536x1152.jpeg 1536w, http:\/\/www.aspack.es\/news\/wp-content\/uploads\/2021\/11\/WhatsApp-Image-2021-11-24-at-17.48.20-480x360.jpeg 480w, http:\/\/www.aspack.es\/news\/wp-content\/uploads\/2021\/11\/WhatsApp-Image-2021-11-24-at-17.48.20-667x500.jpeg 667w, http:\/\/www.aspack.es\/news\/wp-content\/uploads\/2021\/11\/WhatsApp-Image-2021-11-24-at-17.48.20.jpeg 1600w\" sizes=\"auto, (max-width: 513px) 100vw, 513px\" \/><\/figure><\/div>\n\n\n\n<p>Desde ASPACK estamos contentos de haber podido participar en la feria y poder ver el entusiasmo y positivismo que tiene el sector en estos tiempos. Estamos felices de poder encontrarnos con nuestros compa\u00f1eros en persona y poder intercambiar nuevas ideas para ayudar a la mejora de la sostenibilidad de nuestro sector. Esperamos veros muy pronto a todos en la pr\u00f3xima ocasi\u00f3n.&nbsp;<\/p>\n","protected":false},"excerpt":{"rendered":"<p>Empack y Logistics &amp; Automation volvi\u00f3 a IFEMA despu\u00e9s de dos a\u00f1os, por causa de las restricciones generadas por la pandemia del Covid, convirti\u00e9ndose en un escaparate de excepci\u00f3n de los \u00faltimos avances en packaging, almacenaje y log\u00edstica; 300 marcas participantes, m\u00e1s de 100 ponentes, un amplio programa de demostraciones en directo, actividades y contenidos&hellip;<\/p>\n","protected":false},"author":1,"featured_media":1512,"comment_status":"closed","ping_status":"open","sticky":false,"template":"","format":"standard","meta":{"footnotes":""},"categories":[18,17,19],"tags":[],"class_list":["post-1509","post","type-post","status-publish","format-standard","has-post-thumbnail","hentry","category-asociados","category-el-sector","category-eventos"],"yoast_head":"<!-- This site is optimized with the Yoast SEO plugin v25.9 - https:\/\/yoast.com\/wordpress\/plugins\/seo\/ -->\n<title>Empack y Logistics &amp; Automation Madrid clausuran su edici\u00f3n 2021 con m\u00e1s de 9.000 visitantes - ASPACK NEWS<\/title>\n<meta name=\"description\" content=\"Empack y Logistics &amp; Automation volvi\u00f3 a IFEMA despu\u00e9s de dos a\u00f1os, por causa de las restricciones generadas por la pandemia del Covid.\" \/>\n<meta name=\"robots\" content=\"index, follow, max-snippet:-1, max-image-preview:large, max-video-preview:-1\" \/>\n<link rel=\"canonical\" href=\"http:\/\/www.aspack.es\/news\/empack-y-logistics-automation-madrid-clausuran-su-edicion-2021-con-mas-de-9-000-visitantes\/\" \/>\n<meta property=\"og:locale\" content=\"es_ES\" \/>\n<meta property=\"og:type\" content=\"article\" \/>\n<meta property=\"og:title\" content=\"Empack y Logistics &amp; Automation Madrid clausuran su edici\u00f3n 2021 con m\u00e1s de 9.000 visitantes - ASPACK NEWS\" \/>\n<meta property=\"og:description\" content=\"Empack y Logistics &amp; Automation volvi\u00f3 a IFEMA despu\u00e9s de dos a\u00f1os, por causa de las restricciones generadas por la pandemia del Covid.\" \/>\n<meta property=\"og:url\" content=\"http:\/\/www.aspack.es\/news\/empack-y-logistics-automation-madrid-clausuran-su-edicion-2021-con-mas-de-9-000-visitantes\/\" \/>\n<meta property=\"og:site_name\" content=\"ASPACK NEWS\" \/>\n<meta property=\"article:published_time\" content=\"2021-11-29T13:56:28+00:00\" \/>\n<meta property=\"article:modified_time\" content=\"2022-01-03T14:45:01+00:00\" \/>\n<meta property=\"og:image\" content=\"http:\/\/www.aspack.es\/news\/wp-content\/uploads\/2021\/11\/Empack-Logistics-2021.jpg\" \/>\n\t<meta property=\"og:image:width\" content=\"1200\" \/>\n\t<meta property=\"og:image:height\" content=\"800\" \/>\n\t<meta property=\"og:image:type\" content=\"image\/jpeg\" \/>\n<meta name=\"author\" content=\"admin\" \/>\n<meta name=\"twitter:card\" content=\"summary_large_image\" \/>\n<meta name=\"twitter:label1\" content=\"Escrito por\" \/>\n\t<meta name=\"twitter:data1\" content=\"admin\" \/>\n\t<meta name=\"twitter:label2\" content=\"Tiempo de lectura\" \/>\n\t<meta name=\"twitter:data2\" content=\"2 minutos\" \/>\n<script type=\"application\/ld+json\" class=\"yoast-schema-graph\">{\"@context\":\"https:\/\/schema.org\",\"@graph\":[{\"@type\":\"WebPage\",\"@id\":\"http:\/\/www.aspack.es\/news\/empack-y-logistics-automation-madrid-clausuran-su-edicion-2021-con-mas-de-9-000-visitantes\/\",\"url\":\"http:\/\/www.aspack.es\/news\/empack-y-logistics-automation-madrid-clausuran-su-edicion-2021-con-mas-de-9-000-visitantes\/\",\"name\":\"Empack y Logistics & Automation Madrid clausuran su edici\u00f3n 2021 con m\u00e1s de 9.000 visitantes - ASPACK NEWS\",\"isPartOf\":{\"@id\":\"http:\/\/www.aspack.es\/news\/#website\"},\"primaryImageOfPage\":{\"@id\":\"http:\/\/www.aspack.es\/news\/empack-y-logistics-automation-madrid-clausuran-su-edicion-2021-con-mas-de-9-000-visitantes\/#primaryimage\"},\"image\":{\"@id\":\"http:\/\/www.aspack.es\/news\/empack-y-logistics-automation-madrid-clausuran-su-edicion-2021-con-mas-de-9-000-visitantes\/#primaryimage\"},\"thumbnailUrl\":\"http:\/\/www.aspack.es\/news\/wp-content\/uploads\/2021\/11\/Empack-Logistics-2021.jpg\",\"datePublished\":\"2021-11-29T13:56:28+00:00\",\"dateModified\":\"2022-01-03T14:45:01+00:00\",\"author\":{\"@id\":\"http:\/\/www.aspack.es\/news\/#\/schema\/person\/0019098322836346476fc7dfdbd26d95\"},\"description\":\"Empack y Logistics & Automation volvi\u00f3 a IFEMA despu\u00e9s de dos a\u00f1os, por causa de las restricciones generadas por la pandemia del Covid.\",\"breadcrumb\":{\"@id\":\"http:\/\/www.aspack.es\/news\/empack-y-logistics-automation-madrid-clausuran-su-edicion-2021-con-mas-de-9-000-visitantes\/#breadcrumb\"},\"inLanguage\":\"es\",\"potentialAction\":[{\"@type\":\"ReadAction\",\"target\":[\"http:\/\/www.aspack.es\/news\/empack-y-logistics-automation-madrid-clausuran-su-edicion-2021-con-mas-de-9-000-visitantes\/\"]}]},{\"@type\":\"ImageObject\",\"inLanguage\":\"es\",\"@id\":\"http:\/\/www.aspack.es\/news\/empack-y-logistics-automation-madrid-clausuran-su-edicion-2021-con-mas-de-9-000-visitantes\/#primaryimage\",\"url\":\"http:\/\/www.aspack.es\/news\/wp-content\/uploads\/2021\/11\/Empack-Logistics-2021.jpg\",\"contentUrl\":\"http:\/\/www.aspack.es\/news\/wp-content\/uploads\/2021\/11\/Empack-Logistics-2021.jpg\",\"width\":1200,\"height\":800,\"caption\":\"Empack\"},{\"@type\":\"BreadcrumbList\",\"@id\":\"http:\/\/www.aspack.es\/news\/empack-y-logistics-automation-madrid-clausuran-su-edicion-2021-con-mas-de-9-000-visitantes\/#breadcrumb\",\"itemListElement\":[{\"@type\":\"ListItem\",\"position\":1,\"name\":\"Portada\",\"item\":\"http:\/\/www.aspack.es\/news\/\"},{\"@type\":\"ListItem\",\"position\":2,\"name\":\"Empack y Logistics &#038; Automation Madrid clausuran su edici\u00f3n 2021 con m\u00e1s de 9.000 visitantes\"}]},{\"@type\":\"WebSite\",\"@id\":\"http:\/\/www.aspack.es\/news\/#website\",\"url\":\"http:\/\/www.aspack.es\/news\/\",\"name\":\"ASPACK NEWS\",\"description\":\"El peri?dico digital de los envases de cart?n\",\"potentialAction\":[{\"@type\":\"SearchAction\",\"target\":{\"@type\":\"EntryPoint\",\"urlTemplate\":\"http:\/\/www.aspack.es\/news\/?s={search_term_string}\"},\"query-input\":{\"@type\":\"PropertyValueSpecification\",\"valueRequired\":true,\"valueName\":\"search_term_string\"}}],\"inLanguage\":\"es\"},{\"@type\":\"Person\",\"@id\":\"http:\/\/www.aspack.es\/news\/#\/schema\/person\/0019098322836346476fc7dfdbd26d95\",\"name\":\"admin\",\"image\":{\"@type\":\"ImageObject\",\"inLanguage\":\"es\",\"@id\":\"http:\/\/www.aspack.es\/news\/#\/schema\/person\/image\/\",\"url\":\"https:\/\/secure.gravatar.com\/avatar\/6a6c60542c39a2d052b8b1e8c5145e669bf888b9b229b3da0e43092daac8a32e?s=96&d=mm&r=g\",\"contentUrl\":\"https:\/\/secure.gravatar.com\/avatar\/6a6c60542c39a2d052b8b1e8c5145e669bf888b9b229b3da0e43092daac8a32e?s=96&d=mm&r=g\",\"caption\":\"admin\"},\"url\":\"http:\/\/www.aspack.es\/news\/author\/admin\/\"}]}<\/script>\n<!-- \/ Yoast SEO plugin. -->","yoast_head_json":{"title":"Empack y Logistics & Automation Madrid clausuran su edici\u00f3n 2021 con m\u00e1s de 9.000 visitantes - ASPACK NEWS","description":"Empack y Logistics & Automation volvi\u00f3 a IFEMA despu\u00e9s de dos a\u00f1os, por causa de las restricciones generadas por la pandemia del Covid.","robots":{"index":"index","follow":"follow","max-snippet":"max-snippet:-1","max-image-preview":"max-image-preview:large","max-video-preview":"max-video-preview:-1"},"canonical":"http:\/\/www.aspack.es\/news\/empack-y-logistics-automation-madrid-clausuran-su-edicion-2021-con-mas-de-9-000-visitantes\/","og_locale":"es_ES","og_type":"article","og_title":"Empack y Logistics & Automation Madrid clausuran su edici\u00f3n 2021 con m\u00e1s de 9.000 visitantes - ASPACK NEWS","og_description":"Empack y Logistics & Automation volvi\u00f3 a IFEMA despu\u00e9s de dos a\u00f1os, por causa de las restricciones generadas por la pandemia del Covid.","og_url":"http:\/\/www.aspack.es\/news\/empack-y-logistics-automation-madrid-clausuran-su-edicion-2021-con-mas-de-9-000-visitantes\/","og_site_name":"ASPACK NEWS","article_published_time":"2021-11-29T13:56:28+00:00","article_modified_time":"2022-01-03T14:45:01+00:00","og_image":[{"width":1200,"height":800,"url":"http:\/\/www.aspack.es\/news\/wp-content\/uploads\/2021\/11\/Empack-Logistics-2021.jpg","type":"image\/jpeg"}],"author":"admin","twitter_card":"summary_large_image","twitter_misc":{"Escrito por":"admin","Tiempo de lectura":"2 minutos"},"schema":{"@context":"https:\/\/schema.org","@graph":[{"@type":"WebPage","@id":"http:\/\/www.aspack.es\/news\/empack-y-logistics-automation-madrid-clausuran-su-edicion-2021-con-mas-de-9-000-visitantes\/","url":"http:\/\/www.aspack.es\/news\/empack-y-logistics-automation-madrid-clausuran-su-edicion-2021-con-mas-de-9-000-visitantes\/","name":"Empack y Logistics & Automation Madrid clausuran su edici\u00f3n 2021 con m\u00e1s de 9.000 visitantes - ASPACK NEWS","isPartOf":{"@id":"http:\/\/www.aspack.es\/news\/#website"},"primaryImageOfPage":{"@id":"http:\/\/www.aspack.es\/news\/empack-y-logistics-automation-madrid-clausuran-su-edicion-2021-con-mas-de-9-000-visitantes\/#primaryimage"},"image":{"@id":"http:\/\/www.aspack.es\/news\/empack-y-logistics-automation-madrid-clausuran-su-edicion-2021-con-mas-de-9-000-visitantes\/#primaryimage"},"thumbnailUrl":"http:\/\/www.aspack.es\/news\/wp-content\/uploads\/2021\/11\/Empack-Logistics-2021.jpg","datePublished":"2021-11-29T13:56:28+00:00","dateModified":"2022-01-03T14:45:01+00:00","author":{"@id":"http:\/\/www.aspack.es\/news\/#\/schema\/person\/0019098322836346476fc7dfdbd26d95"},"description":"Empack y Logistics & Automation volvi\u00f3 a IFEMA despu\u00e9s de dos a\u00f1os, por causa de las restricciones generadas por la pandemia del Covid.","breadcrumb":{"@id":"http:\/\/www.aspack.es\/news\/empack-y-logistics-automation-madrid-clausuran-su-edicion-2021-con-mas-de-9-000-visitantes\/#breadcrumb"},"inLanguage":"es","potentialAction":[{"@type":"ReadAction","target":["http:\/\/www.aspack.es\/news\/empack-y-logistics-automation-madrid-clausuran-su-edicion-2021-con-mas-de-9-000-visitantes\/"]}]},{"@type":"ImageObject","inLanguage":"es","@id":"http:\/\/www.aspack.es\/news\/empack-y-logistics-automation-madrid-clausuran-su-edicion-2021-con-mas-de-9-000-visitantes\/#primaryimage","url":"http:\/\/www.aspack.es\/news\/wp-content\/uploads\/2021\/11\/Empack-Logistics-2021.jpg","contentUrl":"http:\/\/www.aspack.es\/news\/wp-content\/uploads\/2021\/11\/Empack-Logistics-2021.jpg","width":1200,"height":800,"caption":"Empack"},{"@type":"BreadcrumbList","@id":"http:\/\/www.aspack.es\/news\/empack-y-logistics-automation-madrid-clausuran-su-edicion-2021-con-mas-de-9-000-visitantes\/#breadcrumb","itemListElement":[{"@type":"ListItem","position":1,"name":"Portada","item":"http:\/\/www.aspack.es\/news\/"},{"@type":"ListItem","position":2,"name":"Empack y Logistics &#038; Automation Madrid clausuran su edici\u00f3n 2021 con m\u00e1s de 9.000 visitantes"}]},{"@type":"WebSite","@id":"http:\/\/www.aspack.es\/news\/#website","url":"http:\/\/www.aspack.es\/news\/","name":"ASPACK NEWS","description":"El peri?dico digital de los envases de cart?n","potentialAction":[{"@type":"SearchAction","target":{"@type":"EntryPoint","urlTemplate":"http:\/\/www.aspack.es\/news\/?s={search_term_string}"},"query-input":{"@type":"PropertyValueSpecification","valueRequired":true,"valueName":"search_term_string"}}],"inLanguage":"es"},{"@type":"Person","@id":"http:\/\/www.aspack.es\/news\/#\/schema\/person\/0019098322836346476fc7dfdbd26d95","name":"admin","image":{"@type":"ImageObject","inLanguage":"es","@id":"http:\/\/www.aspack.es\/news\/#\/schema\/person\/image\/","url":"https:\/\/secure.gravatar.com\/avatar\/6a6c60542c39a2d052b8b1e8c5145e669bf888b9b229b3da0e43092daac8a32e?s=96&d=mm&r=g","contentUrl":"https:\/\/secure.gravatar.com\/avatar\/6a6c60542c39a2d052b8b1e8c5145e669bf888b9b229b3da0e43092daac8a32e?s=96&d=mm&r=g","caption":"admin"},"url":"http:\/\/www.aspack.es\/news\/author\/admin\/"}]}},"_links":{"self":[{"href":"http:\/\/www.aspack.es\/news\/wp-json\/wp\/v2\/posts\/1509","targetHints":{"allow":["GET"]}}],"collection":[{"href":"http:\/\/www.aspack.es\/news\/wp-json\/wp\/v2\/posts"}],"about":[{"href":"http:\/\/www.aspack.es\/news\/wp-json\/wp\/v2\/types\/post"}],"author":[{"embeddable":true,"href":"http:\/\/www.aspack.es\/news\/wp-json\/wp\/v2\/users\/1"}],"replies":[{"embeddable":true,"href":"http:\/\/www.aspack.es\/news\/wp-json\/wp\/v2\/comments?post=1509"}],"version-history":[{"count":2,"href":"http:\/\/www.aspack.es\/news\/wp-json\/wp\/v2\/posts\/1509\/revisions"}],"predecessor-version":[{"id":1514,"href":"http:\/\/www.aspack.es\/news\/wp-json\/wp\/v2\/posts\/1509\/revisions\/1514"}],"wp:featuredmedia":[{"embeddable":true,"href":"http:\/\/www.aspack.es\/news\/wp-json\/wp\/v2\/media\/1512"}],"wp:attachment":[{"href":"http:\/\/www.aspack.es\/news\/wp-json\/wp\/v2\/media?parent=1509"}],"wp:term":[{"taxonomy":"category","embeddable":true,"href":"http:\/\/www.aspack.es\/news\/wp-json\/wp\/v2\/categories?post=1509"},{"taxonomy":"post_tag","embeddable":true,"href":"http:\/\/www.aspack.es\/news\/wp-json\/wp\/v2\/tags?post=1509"}],"curies":[{"name":"wp","href":"https:\/\/api.w.org\/{rel}","templated":true}]}}