{"id":1516,"date":"2021-12-17T11:09:19","date_gmt":"2021-12-17T11:09:19","guid":{"rendered":"http:\/\/www.aspack.es\/news\/?p=1516"},"modified":"2022-01-31T12:10:46","modified_gmt":"2022-01-31T12:10:46","slug":"abiertos-los-young-designers-award-y-los-student-video-award-de-procarton-para-2022","status":"publish","type":"post","link":"http:\/\/www.aspack.es\/news\/abiertos-los-young-designers-award-y-los-student-video-award-de-procarton-para-2022\/","title":{"rendered":"Abiertos los Young Designers Award y los Student Video Award de Procarton para 2022"},"content":{"rendered":"\n<p>El Premio Pro Carton a J\u00f3venes Dise\u00f1adores es el principal concurso anual de j\u00f3venes talentos de Europa para dise\u00f1o de envases y embalajes de cart\u00f3n. Centr\u00e1ndose exclusivamente en el cart\u00f3n, el premio juega un papel pionero en la promoci\u00f3n de envases sostenibles e innovaci\u00f3n entre estudiantes de toda Europa. El concurso de dise\u00f1o es gratuito y est\u00e1 abierto a todos los estudiantes matriculados en una escuela o universidad europea. Animamos a los profesores de todas las escuelas espa\u00f1olas a hacer el premio un proyecto del curso.<\/p>\n\n\n\n<p>Las inscripciones se pueden enviar en estas categor\u00edas:&nbsp;<\/p>\n\n\n\n<p><strong>\u2022&nbsp;Creative Cartonboard Packaging: Alimentaci\u00f3n y bebidas<\/strong><\/p>\n\n\n\n<p>&#8211;<strong>Creative Cartonboard Packaging: Otras aplicaciones<\/strong><\/p>\n\n\n\n<p><strong>\u2022&nbsp;<\/strong><strong>Creative Creative Cartonboard Idea<\/strong>s&nbsp;<\/p>\n\n\n\n<p><strong>\u2022&nbsp;<\/strong><strong>Save the Planet&nbsp;<\/strong>&gt; c\u00f3mo el cart\u00f3n puede reducir o reemplazar el pl\u00e1stico y ayudar a mejorar el planeta&nbsp;<\/p>\n\n\n\n<div class=\"wp-block-image\"><figure class=\"aligncenter size-large is-resized\"><img loading=\"lazy\" decoding=\"async\" src=\"http:\/\/www.aspack.es\/news\/wp-content\/uploads\/2021\/12\/ABIERTOS-LOS-YOUNG-DESIGNERS-AWARD-Y-LOS-STUDENT-VIDEO-AWARD-DE-PROCARTON-PARA-2022-Foto-4.jpg\" alt=\"\" class=\"wp-image-1525\" width=\"449\" height=\"226\" srcset=\"http:\/\/www.aspack.es\/news\/wp-content\/uploads\/2021\/12\/ABIERTOS-LOS-YOUNG-DESIGNERS-AWARD-Y-LOS-STUDENT-VIDEO-AWARD-DE-PROCARTON-PARA-2022-Foto-4.jpg 896w, http:\/\/www.aspack.es\/news\/wp-content\/uploads\/2021\/12\/ABIERTOS-LOS-YOUNG-DESIGNERS-AWARD-Y-LOS-STUDENT-VIDEO-AWARD-DE-PROCARTON-PARA-2022-Foto-4-300x152.jpg 300w, http:\/\/www.aspack.es\/news\/wp-content\/uploads\/2021\/12\/ABIERTOS-LOS-YOUNG-DESIGNERS-AWARD-Y-LOS-STUDENT-VIDEO-AWARD-DE-PROCARTON-PARA-2022-Foto-4-768x388.jpg 768w, http:\/\/www.aspack.es\/news\/wp-content\/uploads\/2021\/12\/ABIERTOS-LOS-YOUNG-DESIGNERS-AWARD-Y-LOS-STUDENT-VIDEO-AWARD-DE-PROCARTON-PARA-2022-Foto-4-480x243.jpg 480w\" sizes=\"auto, (max-width: 449px) 100vw, 449px\" \/><\/figure><\/div>\n\n\n\n<p>Los finalistas y sus profesores ser\u00e1n invitados a la ceremonia de gala de premios que se celebrar\u00e1 en septiembre en Cracovia, Polonia. Adem\u00e1s de trofeos, certificados, publicidad internacional y reconocimiento, el premio para cada uno de los cinco ganadores es una visita de tres a cuatro d\u00edas a una f\u00e1brica de cart\u00f3n l\u00edder en Europa y formaci\u00f3n pr\u00e1ctica en un fabricante de envases de cart\u00f3n l\u00edder en Europa.&nbsp;<\/p>\n\n\n\n<p><strong>La participaci\u00f3n es libre y la&nbsp;fecha l\u00edmite para presentar trabajos es el 22 de mayo de 2022&nbsp;<\/strong><\/p>\n\n\n\n<p>LOS STUDENT VIDEO AWARD DE PROCARTON est\u00e1n&nbsp;Abiertos para todos los estudiantes de Europa, Especialmente en medios, marketing, negocios y cine. La Participaci\u00f3n es libre y la Fecha l\u00edmite: 26 de junio de 2022. El video puede ser animado, filmado en cualquier smart phone o c\u00e1mara de video y debe ser adecuado para ser utilizado en redes sociales o medios de difusi\u00f3n.&nbsp;<\/p>\n\n\n\n<div class=\"wp-block-image\"><figure class=\"aligncenter size-large\"><img loading=\"lazy\" decoding=\"async\" width=\"532\" height=\"188\" src=\"http:\/\/www.aspack.es\/news\/wp-content\/uploads\/2021\/12\/ABIERTOS-LOS-YOUNG-DESIGNERS-AWARD-Y-LOS-STUDENT-VIDEO-AWARD-DE-PROCARTON-PARA-2022-Foto-2.jpg\" alt=\"\" class=\"wp-image-1517\" srcset=\"http:\/\/www.aspack.es\/news\/wp-content\/uploads\/2021\/12\/ABIERTOS-LOS-YOUNG-DESIGNERS-AWARD-Y-LOS-STUDENT-VIDEO-AWARD-DE-PROCARTON-PARA-2022-Foto-2.jpg 532w, http:\/\/www.aspack.es\/news\/wp-content\/uploads\/2021\/12\/ABIERTOS-LOS-YOUNG-DESIGNERS-AWARD-Y-LOS-STUDENT-VIDEO-AWARD-DE-PROCARTON-PARA-2022-Foto-2-300x106.jpg 300w, http:\/\/www.aspack.es\/news\/wp-content\/uploads\/2021\/12\/ABIERTOS-LOS-YOUNG-DESIGNERS-AWARD-Y-LOS-STUDENT-VIDEO-AWARD-DE-PROCARTON-PARA-2022-Foto-2-480x170.jpg 480w\" sizes=\"auto, (max-width: 532px) 100vw, 532px\" \/><\/figure><\/div>\n\n\n\n<p>Se ofrece un premio de \u20ac 5.000.- y la participaci\u00f3n es gratuita.&nbsp;<\/p>\n\n\n\n<p>M\u00e1s informaci\u00f3n en la web www.procarton.com<\/p>\n\n\n\n<p><strong>\u00bfCU\u00c1LES SON ALGUNAS DE LAS VENTAJAS DE LOS ENVASES DE CART\u00d3N?&nbsp;<\/strong><\/p>\n\n\n\n<p><em>\u2022&nbsp;Renovables: est\u00e1n hechos de cart\u00f3n que proviene de \u00e1rboles<br>\u2022&nbsp;Reciclable: los envases de cart\u00f3n se pueden reciclar 25 veces o m\u00e1s y \u00a1La tasa de reciclaje en Europa es del 84,6%!<br>\u2022&nbsp;Biodegradable: el cart\u00f3n se degrada naturalmente y no da\u00f1a el entorno<br>&nbsp;\u2022&nbsp;Sostenible: se plantan m\u00e1s \u00e1rboles de los que se cosechan en Europa<br>\u2022&nbsp;Comunicaci\u00f3n de marca: los envases de cart\u00f3n se pueden imprimir en un n\u00famero ilimitado de colores con todo tipo de efectos especiales y se utilizan a menudo en Productos de primera calidad para mejorar la imagen de marca.&nbsp;<br>\u2022&nbsp;Protecci\u00f3n del producto: los envases de cart\u00f3n protegen a los productos y a los consumidores y puede ayudar a reducir el desperdicio de alimentos.&nbsp;<\/em><\/p>\n","protected":false},"excerpt":{"rendered":"<p>El Premio Pro Carton a J\u00f3venes Dise\u00f1adores es el principal concurso anual de j\u00f3venes talentos de Europa para dise\u00f1o de envases y embalajes de cart\u00f3n. Centr\u00e1ndose exclusivamente en el cart\u00f3n, el premio juega un papel pionero en la promoci\u00f3n de envases sostenibles e innovaci\u00f3n entre estudiantes de toda Europa. El concurso de dise\u00f1o es gratuito&hellip;<\/p>\n","protected":false},"author":1,"featured_media":1522,"comment_status":"closed","ping_status":"open","sticky":false,"template":"","format":"standard","meta":{"footnotes":""},"categories":[18,17,19],"tags":[],"class_list":["post-1516","post","type-post","status-publish","format-standard","has-post-thumbnail","hentry","category-asociados","category-el-sector","category-eventos"],"yoast_head":"<!-- This site is optimized with the Yoast SEO plugin v25.9 - https:\/\/yoast.com\/wordpress\/plugins\/seo\/ -->\n<title>Abiertos los Young Designers Award y los Student Video Award de Procarton para 2022 - ASPACK NEWS<\/title>\n<meta name=\"description\" content=\"El Premio Pro Carton a J\u00f3venes Dise\u00f1adores es el principal concurso anual de j\u00f3venes talentos de Europa para dise\u00f1o de envases y embalajes de cart\u00f3n.\" \/>\n<meta name=\"robots\" content=\"index, follow, max-snippet:-1, max-image-preview:large, max-video-preview:-1\" \/>\n<link rel=\"canonical\" href=\"http:\/\/www.aspack.es\/news\/abiertos-los-young-designers-award-y-los-student-video-award-de-procarton-para-2022\/\" \/>\n<meta property=\"og:locale\" content=\"es_ES\" \/>\n<meta property=\"og:type\" content=\"article\" \/>\n<meta property=\"og:title\" content=\"Abiertos los Young Designers Award y los Student Video Award de Procarton para 2022 - ASPACK NEWS\" \/>\n<meta property=\"og:description\" content=\"El Premio Pro Carton a J\u00f3venes Dise\u00f1adores es el principal concurso anual de j\u00f3venes talentos de Europa para dise\u00f1o de envases y embalajes de cart\u00f3n.\" \/>\n<meta property=\"og:url\" content=\"http:\/\/www.aspack.es\/news\/abiertos-los-young-designers-award-y-los-student-video-award-de-procarton-para-2022\/\" \/>\n<meta property=\"og:site_name\" content=\"ASPACK NEWS\" \/>\n<meta property=\"article:published_time\" content=\"2021-12-17T11:09:19+00:00\" \/>\n<meta property=\"article:modified_time\" content=\"2022-01-31T12:10:46+00:00\" \/>\n<meta property=\"og:image\" content=\"http:\/\/www.aspack.es\/news\/wp-content\/uploads\/2021\/12\/Fotos-articulos-9-1024x683.png\" \/>\n\t<meta property=\"og:image:width\" content=\"1024\" \/>\n\t<meta property=\"og:image:height\" content=\"683\" \/>\n\t<meta property=\"og:image:type\" content=\"image\/png\" \/>\n<meta name=\"author\" content=\"admin\" \/>\n<meta name=\"twitter:card\" content=\"summary_large_image\" \/>\n<meta name=\"twitter:label1\" content=\"Escrito por\" \/>\n\t<meta name=\"twitter:data1\" content=\"admin\" \/>\n\t<meta name=\"twitter:label2\" content=\"Tiempo de lectura\" \/>\n\t<meta name=\"twitter:data2\" content=\"3 minutos\" \/>\n<script type=\"application\/ld+json\" class=\"yoast-schema-graph\">{\"@context\":\"https:\/\/schema.org\",\"@graph\":[{\"@type\":\"WebPage\",\"@id\":\"http:\/\/www.aspack.es\/news\/abiertos-los-young-designers-award-y-los-student-video-award-de-procarton-para-2022\/\",\"url\":\"http:\/\/www.aspack.es\/news\/abiertos-los-young-designers-award-y-los-student-video-award-de-procarton-para-2022\/\",\"name\":\"Abiertos los Young Designers Award y los Student Video Award de Procarton para 2022 - ASPACK NEWS\",\"isPartOf\":{\"@id\":\"http:\/\/www.aspack.es\/news\/#website\"},\"primaryImageOfPage\":{\"@id\":\"http:\/\/www.aspack.es\/news\/abiertos-los-young-designers-award-y-los-student-video-award-de-procarton-para-2022\/#primaryimage\"},\"image\":{\"@id\":\"http:\/\/www.aspack.es\/news\/abiertos-los-young-designers-award-y-los-student-video-award-de-procarton-para-2022\/#primaryimage\"},\"thumbnailUrl\":\"http:\/\/www.aspack.es\/news\/wp-content\/uploads\/2021\/12\/Fotos-articulos-9.png\",\"datePublished\":\"2021-12-17T11:09:19+00:00\",\"dateModified\":\"2022-01-31T12:10:46+00:00\",\"author\":{\"@id\":\"http:\/\/www.aspack.es\/news\/#\/schema\/person\/0019098322836346476fc7dfdbd26d95\"},\"description\":\"El Premio Pro Carton a J\u00f3venes Dise\u00f1adores es el principal concurso anual de j\u00f3venes talentos de Europa para dise\u00f1o de envases y embalajes de cart\u00f3n.\",\"breadcrumb\":{\"@id\":\"http:\/\/www.aspack.es\/news\/abiertos-los-young-designers-award-y-los-student-video-award-de-procarton-para-2022\/#breadcrumb\"},\"inLanguage\":\"es\",\"potentialAction\":[{\"@type\":\"ReadAction\",\"target\":[\"http:\/\/www.aspack.es\/news\/abiertos-los-young-designers-award-y-los-student-video-award-de-procarton-para-2022\/\"]}]},{\"@type\":\"ImageObject\",\"inLanguage\":\"es\",\"@id\":\"http:\/\/www.aspack.es\/news\/abiertos-los-young-designers-award-y-los-student-video-award-de-procarton-para-2022\/#primaryimage\",\"url\":\"http:\/\/www.aspack.es\/news\/wp-content\/uploads\/2021\/12\/Fotos-articulos-9.png\",\"contentUrl\":\"http:\/\/www.aspack.es\/news\/wp-content\/uploads\/2021\/12\/Fotos-articulos-9.png\",\"width\":1620,\"height\":1080},{\"@type\":\"BreadcrumbList\",\"@id\":\"http:\/\/www.aspack.es\/news\/abiertos-los-young-designers-award-y-los-student-video-award-de-procarton-para-2022\/#breadcrumb\",\"itemListElement\":[{\"@type\":\"ListItem\",\"position\":1,\"name\":\"Portada\",\"item\":\"http:\/\/www.aspack.es\/news\/\"},{\"@type\":\"ListItem\",\"position\":2,\"name\":\"Abiertos los Young Designers Award y los Student Video Award de Procarton para 2022\"}]},{\"@type\":\"WebSite\",\"@id\":\"http:\/\/www.aspack.es\/news\/#website\",\"url\":\"http:\/\/www.aspack.es\/news\/\",\"name\":\"ASPACK NEWS\",\"description\":\"El peri?dico digital de los envases de cart?n\",\"potentialAction\":[{\"@type\":\"SearchAction\",\"target\":{\"@type\":\"EntryPoint\",\"urlTemplate\":\"http:\/\/www.aspack.es\/news\/?s={search_term_string}\"},\"query-input\":{\"@type\":\"PropertyValueSpecification\",\"valueRequired\":true,\"valueName\":\"search_term_string\"}}],\"inLanguage\":\"es\"},{\"@type\":\"Person\",\"@id\":\"http:\/\/www.aspack.es\/news\/#\/schema\/person\/0019098322836346476fc7dfdbd26d95\",\"name\":\"admin\",\"image\":{\"@type\":\"ImageObject\",\"inLanguage\":\"es\",\"@id\":\"http:\/\/www.aspack.es\/news\/#\/schema\/person\/image\/\",\"url\":\"https:\/\/secure.gravatar.com\/avatar\/6a6c60542c39a2d052b8b1e8c5145e669bf888b9b229b3da0e43092daac8a32e?s=96&d=mm&r=g\",\"contentUrl\":\"https:\/\/secure.gravatar.com\/avatar\/6a6c60542c39a2d052b8b1e8c5145e669bf888b9b229b3da0e43092daac8a32e?s=96&d=mm&r=g\",\"caption\":\"admin\"},\"url\":\"http:\/\/www.aspack.es\/news\/author\/admin\/\"}]}<\/script>\n<!-- \/ Yoast SEO plugin. -->","yoast_head_json":{"title":"Abiertos los Young Designers Award y los Student Video Award de Procarton para 2022 - ASPACK NEWS","description":"El Premio Pro Carton a J\u00f3venes Dise\u00f1adores es el principal concurso anual de j\u00f3venes talentos de Europa para dise\u00f1o de envases y embalajes de cart\u00f3n.","robots":{"index":"index","follow":"follow","max-snippet":"max-snippet:-1","max-image-preview":"max-image-preview:large","max-video-preview":"max-video-preview:-1"},"canonical":"http:\/\/www.aspack.es\/news\/abiertos-los-young-designers-award-y-los-student-video-award-de-procarton-para-2022\/","og_locale":"es_ES","og_type":"article","og_title":"Abiertos los Young Designers Award y los Student Video Award de Procarton para 2022 - ASPACK NEWS","og_description":"El Premio Pro Carton a J\u00f3venes Dise\u00f1adores es el principal concurso anual de j\u00f3venes talentos de Europa para dise\u00f1o de envases y embalajes de cart\u00f3n.","og_url":"http:\/\/www.aspack.es\/news\/abiertos-los-young-designers-award-y-los-student-video-award-de-procarton-para-2022\/","og_site_name":"ASPACK NEWS","article_published_time":"2021-12-17T11:09:19+00:00","article_modified_time":"2022-01-31T12:10:46+00:00","og_image":[{"width":1024,"height":683,"url":"http:\/\/www.aspack.es\/news\/wp-content\/uploads\/2021\/12\/Fotos-articulos-9-1024x683.png","type":"image\/png"}],"author":"admin","twitter_card":"summary_large_image","twitter_misc":{"Escrito por":"admin","Tiempo de lectura":"3 minutos"},"schema":{"@context":"https:\/\/schema.org","@graph":[{"@type":"WebPage","@id":"http:\/\/www.aspack.es\/news\/abiertos-los-young-designers-award-y-los-student-video-award-de-procarton-para-2022\/","url":"http:\/\/www.aspack.es\/news\/abiertos-los-young-designers-award-y-los-student-video-award-de-procarton-para-2022\/","name":"Abiertos los Young Designers Award y los Student Video Award de Procarton para 2022 - ASPACK NEWS","isPartOf":{"@id":"http:\/\/www.aspack.es\/news\/#website"},"primaryImageOfPage":{"@id":"http:\/\/www.aspack.es\/news\/abiertos-los-young-designers-award-y-los-student-video-award-de-procarton-para-2022\/#primaryimage"},"image":{"@id":"http:\/\/www.aspack.es\/news\/abiertos-los-young-designers-award-y-los-student-video-award-de-procarton-para-2022\/#primaryimage"},"thumbnailUrl":"http:\/\/www.aspack.es\/news\/wp-content\/uploads\/2021\/12\/Fotos-articulos-9.png","datePublished":"2021-12-17T11:09:19+00:00","dateModified":"2022-01-31T12:10:46+00:00","author":{"@id":"http:\/\/www.aspack.es\/news\/#\/schema\/person\/0019098322836346476fc7dfdbd26d95"},"description":"El Premio Pro Carton a J\u00f3venes Dise\u00f1adores es el principal concurso anual de j\u00f3venes talentos de Europa para dise\u00f1o de envases y embalajes de cart\u00f3n.","breadcrumb":{"@id":"http:\/\/www.aspack.es\/news\/abiertos-los-young-designers-award-y-los-student-video-award-de-procarton-para-2022\/#breadcrumb"},"inLanguage":"es","potentialAction":[{"@type":"ReadAction","target":["http:\/\/www.aspack.es\/news\/abiertos-los-young-designers-award-y-los-student-video-award-de-procarton-para-2022\/"]}]},{"@type":"ImageObject","inLanguage":"es","@id":"http:\/\/www.aspack.es\/news\/abiertos-los-young-designers-award-y-los-student-video-award-de-procarton-para-2022\/#primaryimage","url":"http:\/\/www.aspack.es\/news\/wp-content\/uploads\/2021\/12\/Fotos-articulos-9.png","contentUrl":"http:\/\/www.aspack.es\/news\/wp-content\/uploads\/2021\/12\/Fotos-articulos-9.png","width":1620,"height":1080},{"@type":"BreadcrumbList","@id":"http:\/\/www.aspack.es\/news\/abiertos-los-young-designers-award-y-los-student-video-award-de-procarton-para-2022\/#breadcrumb","itemListElement":[{"@type":"ListItem","position":1,"name":"Portada","item":"http:\/\/www.aspack.es\/news\/"},{"@type":"ListItem","position":2,"name":"Abiertos los Young Designers Award y los Student Video Award de Procarton para 2022"}]},{"@type":"WebSite","@id":"http:\/\/www.aspack.es\/news\/#website","url":"http:\/\/www.aspack.es\/news\/","name":"ASPACK NEWS","description":"El peri?dico digital de los envases de cart?n","potentialAction":[{"@type":"SearchAction","target":{"@type":"EntryPoint","urlTemplate":"http:\/\/www.aspack.es\/news\/?s={search_term_string}"},"query-input":{"@type":"PropertyValueSpecification","valueRequired":true,"valueName":"search_term_string"}}],"inLanguage":"es"},{"@type":"Person","@id":"http:\/\/www.aspack.es\/news\/#\/schema\/person\/0019098322836346476fc7dfdbd26d95","name":"admin","image":{"@type":"ImageObject","inLanguage":"es","@id":"http:\/\/www.aspack.es\/news\/#\/schema\/person\/image\/","url":"https:\/\/secure.gravatar.com\/avatar\/6a6c60542c39a2d052b8b1e8c5145e669bf888b9b229b3da0e43092daac8a32e?s=96&d=mm&r=g","contentUrl":"https:\/\/secure.gravatar.com\/avatar\/6a6c60542c39a2d052b8b1e8c5145e669bf888b9b229b3da0e43092daac8a32e?s=96&d=mm&r=g","caption":"admin"},"url":"http:\/\/www.aspack.es\/news\/author\/admin\/"}]}},"_links":{"self":[{"href":"http:\/\/www.aspack.es\/news\/wp-json\/wp\/v2\/posts\/1516","targetHints":{"allow":["GET"]}}],"collection":[{"href":"http:\/\/www.aspack.es\/news\/wp-json\/wp\/v2\/posts"}],"about":[{"href":"http:\/\/www.aspack.es\/news\/wp-json\/wp\/v2\/types\/post"}],"author":[{"embeddable":true,"href":"http:\/\/www.aspack.es\/news\/wp-json\/wp\/v2\/users\/1"}],"replies":[{"embeddable":true,"href":"http:\/\/www.aspack.es\/news\/wp-json\/wp\/v2\/comments?post=1516"}],"version-history":[{"count":4,"href":"http:\/\/www.aspack.es\/news\/wp-json\/wp\/v2\/posts\/1516\/revisions"}],"predecessor-version":[{"id":1527,"href":"http:\/\/www.aspack.es\/news\/wp-json\/wp\/v2\/posts\/1516\/revisions\/1527"}],"wp:featuredmedia":[{"embeddable":true,"href":"http:\/\/www.aspack.es\/news\/wp-json\/wp\/v2\/media\/1522"}],"wp:attachment":[{"href":"http:\/\/www.aspack.es\/news\/wp-json\/wp\/v2\/media?parent=1516"}],"wp:term":[{"taxonomy":"category","embeddable":true,"href":"http:\/\/www.aspack.es\/news\/wp-json\/wp\/v2\/categories?post=1516"},{"taxonomy":"post_tag","embeddable":true,"href":"http:\/\/www.aspack.es\/news\/wp-json\/wp\/v2\/tags?post=1516"}],"curies":[{"name":"wp","href":"https:\/\/api.w.org\/{rel}","templated":true}]}}