{"id":1539,"date":"2022-01-03T15:25:26","date_gmt":"2022-01-03T15:25:26","guid":{"rendered":"http:\/\/www.aspack.es\/news\/?p=1539"},"modified":"2022-01-31T12:11:24","modified_gmt":"2022-01-31T12:11:24","slug":"4evergreen-comparte-los-aspectos-mas-destacados-de-las-pautas-y-el-protocolo-basados-en-hechos-destinados-a-aumentar-la-tasa-de-reciclaje-de-los-envases-a-base-de-fibra","status":"publish","type":"post","link":"http:\/\/www.aspack.es\/news\/4evergreen-comparte-los-aspectos-mas-destacados-de-las-pautas-y-el-protocolo-basados-en-hechos-destinados-a-aumentar-la-tasa-de-reciclaje-de-los-envases-a-base-de-fibra\/","title":{"rendered":"4evergreen comparte los aspectos m\u00e1s destacados de las pautas y el protocolo basados en hechos destinados a aumentar la tasa de reciclaje de los envases a base de fibra"},"content":{"rendered":"\n<p><strong>La alianza 4evergreen comparte sus primeros conocimientos de investigaci\u00f3n sobre diferentes aspectos de la cadena de valor de los envases y embalajes a base de fibra, en un intento \u00fanico en toda la industria de aumentar la tasa de reciclaje de los mismos.<\/strong><\/p>\n\n\n\n<p>Despu\u00e9s de una extensa investigaci\u00f3n y an\u00e1lisis, realizados por m\u00e1s de 130 expertos de 80 empresas durante el \u00faltimo a\u00f1o, 4evergreen alliance present\u00f3 los aspectos m\u00e1s destacados de su trabajo fundamental centrado en aumentar la reciclabilidad de los envases a base de fibra al 90% para 2030 a trav\u00e9s de:<\/p>\n\n\n\n<p>&#8211; <strong>Un nuevo protocolo de evaluaci\u00f3n de la reciclabilidad<\/strong>: se han probado y evaluado 52 muestras de envases de acuerdo con su idoneidad para ser recicladas en una f\u00e1brica de reciclaje de papel est\u00e1ndar para proporcionar un conjunto de herramientas completo para impulsar la validaci\u00f3n de la reciclabilidad.<\/p>\n\n\n\n<p>&#8211; <strong>Circularidad por pautas de dise\u00f1o<\/strong>: Se han creado tablas de recomendaciones de dise\u00f1o expl\u00edcitas basadas en la opini\u00f3n de consenso de expertos para garantizar el dise\u00f1o para el reciclaje.<\/p>\n\n\n\n<p>&#8211; <strong>Directrices de recogida y clasificaci\u00f3n<\/strong>: Las pr\u00e1cticas de recogida y clasificaci\u00f3n en toda la UE se han investigado y resumido para dilucidar las mejores pr\u00e1cticas y anticipar el impacto de los futuros desaf\u00edos regulatorios a nivel de la UE.<\/p>\n\n\n\n<p>&#8211; <strong>Innovaci\u00f3n<\/strong>: Tres proyectos innovadores relacionados con tecnolog\u00edas novedosas de reciclaje y clasificaci\u00f3n que tienen como objetivo encontrar nuevas formas de agilizar el proceso de reciclaje y reducir la p\u00e9rdida de material.<\/p>\n\n\n\n<p>Desde la Presidencia eslovena del Consejo de la Uni\u00f3n Europea, Andrej \u010cu\u0161 dijo que \u201c<em>la industria de la UE es la piedra angular de la econom\u00eda y el desarrollo. Ha sido impulsado por la innovaci\u00f3n, la calidad y el respeto por el medio ambiente, incluso en los envases. Creo que el futuro circular es el \u00fanico futuro posible para los envases y otras \u00e1reas de la industria&nbsp;<\/em>\u201d.<\/p>\n\n\n\n<p>El evento foment\u00f3 la discusi\u00f3n y el debate entre las partes interesadas dentro y fuera de la cadena de valor de los envases. Hubo fuertes llamamientos a la colaboraci\u00f3n y la ambici\u00f3n continuas y a desafiar el status quo y la circularidad perfecta.<\/p>\n\n\n\n<p><strong>Hans Wortman, presidente de 4evergreen<\/strong>, dijo: \u201c<em>Hoy marca una etapa clave en lo que es un viaje emocionante. Hemos estado trabajando juntos durante casi 2 a\u00f1os y ahora es el momento de mostrar nuestro progreso. Estamos orgullosos de nuestros miembros y de la experiencia que han aportado al proyecto, y esperamos continuar este viaje. Esperamos que a principios del pr\u00f3ximo a\u00f1o podamos llevar nuestras primeras pautas al p\u00fablico<\/em>&nbsp;\u201d.<\/p>\n\n\n\n<p>La conferencia en l\u00ednea \u00abUn futuro circular para los envases: perfeccionar juntos la circularidad de los envases basados \u200b\u200ben fibras\u00bb reuni\u00f3 a unos 500 participantes de toda la cadena de valor, as\u00ed como a asociaciones de consumidores y legisladores de la UE para debatir sobre el perfeccionamiento de la circularidad de los envases de fibra.<\/p>\n\n\n\n<p><strong>ACERCA DE 4EVERGREEN<\/strong><\/p>\n\n\n\n<p>4evergreen es una alianza intersectorial que perfecciona la circularidad de los envases a base de fibra para contribuir a una sociedad sostenible y clim\u00e1ticamente neutra.&nbsp;Su&nbsp;objetivo es aumentar la tasa general de reciclaje de envases a base de fibra al 90% para 2030. En la actualidad, prestan&nbsp;especial atenci\u00f3n a los envases con un rendimiento de circularidad m\u00e1s bajo, es decir, los tipos que se utilizan para el hogar, fuera del hogar y en el hogar. <\/p>\n\n\n\n<p>La alianza re\u00fane a representantes de la industria de toda la cadena de valor de envases basados \u200b\u200ben fibra, desde fabricantes y recicladores de pulpa, papel y cart\u00f3n hasta productores y convertidores de envases, incluidos propietarios de marcas, minoristas y empresas de gesti\u00f3n de residuos. Tambi\u00e9n comprende proveedores de productos qu\u00edmicos (por ejemplo, adhesivos, tintas, recubrimientos), proveedores de tecnolog\u00eda (por ejemplo, maquinaria, soluciones de recolecci\u00f3n y reciclaje) e institutos de investigaci\u00f3n l\u00edderes.<\/p>\n\n\n\n<p><em>Nota de Prensa de&nbsp;<a href=\"https:\/\/4evergreenforum.eu\/press-release-4evergreen-shares-the-highlights-of-fact-based-guidelines-and-protocol-aimed-to-increase-the-recycling-rate-of-fibre-based-packaging\/\">4evergreen<\/a>&nbsp;publicado en Bruselas el 30 de noviembre de 2021.&nbsp;<\/em><\/p>\n","protected":false},"excerpt":{"rendered":"<p>La alianza 4evergreen comparte sus primeros conocimientos de investigaci\u00f3n sobre diferentes aspectos de la cadena de valor de los envases y embalajes a base de fibra, en un intento \u00fanico en toda la industria de aumentar la tasa de reciclaje de los mismos. Despu\u00e9s de una extensa investigaci\u00f3n y an\u00e1lisis, realizados por m\u00e1s de 130&hellip;<\/p>\n","protected":false},"author":1,"featured_media":1541,"comment_status":"closed","ping_status":"open","sticky":false,"template":"","format":"standard","meta":{"footnotes":""},"categories":[18,17],"tags":[],"class_list":["post-1539","post","type-post","status-publish","format-standard","has-post-thumbnail","hentry","category-asociados","category-el-sector"],"yoast_head":"<!-- This site is optimized with the Yoast SEO plugin v25.9 - https:\/\/yoast.com\/wordpress\/plugins\/seo\/ -->\n<title>4evergreen comparte los aspectos m\u00e1s destacados de las pautas y el protocolo basados en hechos destinados a aumentar la tasa de reciclaje de los envases a base de fibra - ASPACK NEWS<\/title>\n<meta name=\"description\" content=\"La alianza 4evergreen comparte sus primeros conocimientos de investigaci\u00f3n sobre diferentes aspectos de la cadena de valor de los empaques a base de fibra, en un intento \u00fanico en toda la industria de aumentar la tasa de reciclaje de los empaques a base de fibra.\" \/>\n<meta name=\"robots\" content=\"index, follow, max-snippet:-1, max-image-preview:large, max-video-preview:-1\" \/>\n<link rel=\"canonical\" href=\"https:\/\/www.aspack.es\/news\/4evergreen-comparte-los-aspectos-mas-destacados-de-las-pautas-y-el-protocolo-basados-en-hechos-destinados-a-aumentar-la-tasa-de-reciclaje-de-los-envases-a-base-de-fibra\/\" \/>\n<meta property=\"og:locale\" content=\"es_ES\" \/>\n<meta property=\"og:type\" content=\"article\" \/>\n<meta property=\"og:title\" content=\"4evergreen comparte los aspectos m\u00e1s destacados de las pautas y el protocolo basados en hechos destinados a aumentar la tasa de reciclaje de los envases a base de fibra - ASPACK NEWS\" \/>\n<meta property=\"og:description\" content=\"La alianza 4evergreen comparte sus primeros conocimientos de investigaci\u00f3n sobre diferentes aspectos de la cadena de valor de los empaques a base de fibra, en un intento \u00fanico en toda la industria de aumentar la tasa de reciclaje de los empaques a base de fibra.\" \/>\n<meta property=\"og:url\" content=\"https:\/\/www.aspack.es\/news\/4evergreen-comparte-los-aspectos-mas-destacados-de-las-pautas-y-el-protocolo-basados-en-hechos-destinados-a-aumentar-la-tasa-de-reciclaje-de-los-envases-a-base-de-fibra\/\" \/>\n<meta property=\"og:site_name\" content=\"ASPACK NEWS\" \/>\n<meta property=\"article:published_time\" content=\"2022-01-03T15:25:26+00:00\" \/>\n<meta property=\"article:modified_time\" content=\"2022-01-31T12:11:24+00:00\" \/>\n<meta property=\"og:image\" content=\"https:\/\/www.aspack.es\/news\/wp-content\/uploads\/2022\/01\/MicrosoftTeams-image-7-e1640189937723.png\" \/>\n\t<meta property=\"og:image:width\" content=\"1250\" \/>\n\t<meta property=\"og:image:height\" content=\"1250\" \/>\n\t<meta property=\"og:image:type\" content=\"image\/png\" \/>\n<meta name=\"author\" content=\"admin\" \/>\n<meta name=\"twitter:card\" content=\"summary_large_image\" \/>\n<meta name=\"twitter:label1\" content=\"Escrito por\" \/>\n\t<meta name=\"twitter:data1\" content=\"admin\" \/>\n\t<meta name=\"twitter:label2\" content=\"Tiempo de lectura\" \/>\n\t<meta name=\"twitter:data2\" content=\"3 minutos\" \/>\n<script type=\"application\/ld+json\" class=\"yoast-schema-graph\">{\"@context\":\"https:\/\/schema.org\",\"@graph\":[{\"@type\":\"WebPage\",\"@id\":\"https:\/\/www.aspack.es\/news\/4evergreen-comparte-los-aspectos-mas-destacados-de-las-pautas-y-el-protocolo-basados-en-hechos-destinados-a-aumentar-la-tasa-de-reciclaje-de-los-envases-a-base-de-fibra\/\",\"url\":\"https:\/\/www.aspack.es\/news\/4evergreen-comparte-los-aspectos-mas-destacados-de-las-pautas-y-el-protocolo-basados-en-hechos-destinados-a-aumentar-la-tasa-de-reciclaje-de-los-envases-a-base-de-fibra\/\",\"name\":\"4evergreen comparte los aspectos m\u00e1s destacados de las pautas y el protocolo basados en hechos destinados a aumentar la tasa de reciclaje de los envases a base de fibra - ASPACK NEWS\",\"isPartOf\":{\"@id\":\"http:\/\/www.aspack.es\/news\/#website\"},\"primaryImageOfPage\":{\"@id\":\"https:\/\/www.aspack.es\/news\/4evergreen-comparte-los-aspectos-mas-destacados-de-las-pautas-y-el-protocolo-basados-en-hechos-destinados-a-aumentar-la-tasa-de-reciclaje-de-los-envases-a-base-de-fibra\/#primaryimage\"},\"image\":{\"@id\":\"https:\/\/www.aspack.es\/news\/4evergreen-comparte-los-aspectos-mas-destacados-de-las-pautas-y-el-protocolo-basados-en-hechos-destinados-a-aumentar-la-tasa-de-reciclaje-de-los-envases-a-base-de-fibra\/#primaryimage\"},\"thumbnailUrl\":\"http:\/\/www.aspack.es\/news\/wp-content\/uploads\/2022\/01\/MicrosoftTeams-image-7-e1640189937723.png\",\"datePublished\":\"2022-01-03T15:25:26+00:00\",\"dateModified\":\"2022-01-31T12:11:24+00:00\",\"author\":{\"@id\":\"http:\/\/www.aspack.es\/news\/#\/schema\/person\/0019098322836346476fc7dfdbd26d95\"},\"description\":\"La alianza 4evergreen comparte sus primeros conocimientos de investigaci\u00f3n sobre diferentes aspectos de la cadena de valor de los empaques a base de fibra, en un intento \u00fanico en toda la industria de aumentar la tasa de reciclaje de los empaques a base de fibra.\",\"breadcrumb\":{\"@id\":\"https:\/\/www.aspack.es\/news\/4evergreen-comparte-los-aspectos-mas-destacados-de-las-pautas-y-el-protocolo-basados-en-hechos-destinados-a-aumentar-la-tasa-de-reciclaje-de-los-envases-a-base-de-fibra\/#breadcrumb\"},\"inLanguage\":\"es\",\"potentialAction\":[{\"@type\":\"ReadAction\",\"target\":[\"https:\/\/www.aspack.es\/news\/4evergreen-comparte-los-aspectos-mas-destacados-de-las-pautas-y-el-protocolo-basados-en-hechos-destinados-a-aumentar-la-tasa-de-reciclaje-de-los-envases-a-base-de-fibra\/\"]}]},{\"@type\":\"ImageObject\",\"inLanguage\":\"es\",\"@id\":\"https:\/\/www.aspack.es\/news\/4evergreen-comparte-los-aspectos-mas-destacados-de-las-pautas-y-el-protocolo-basados-en-hechos-destinados-a-aumentar-la-tasa-de-reciclaje-de-los-envases-a-base-de-fibra\/#primaryimage\",\"url\":\"http:\/\/www.aspack.es\/news\/wp-content\/uploads\/2022\/01\/MicrosoftTeams-image-7-e1640189937723.png\",\"contentUrl\":\"http:\/\/www.aspack.es\/news\/wp-content\/uploads\/2022\/01\/MicrosoftTeams-image-7-e1640189937723.png\",\"width\":1250,\"height\":1250},{\"@type\":\"BreadcrumbList\",\"@id\":\"https:\/\/www.aspack.es\/news\/4evergreen-comparte-los-aspectos-mas-destacados-de-las-pautas-y-el-protocolo-basados-en-hechos-destinados-a-aumentar-la-tasa-de-reciclaje-de-los-envases-a-base-de-fibra\/#breadcrumb\",\"itemListElement\":[{\"@type\":\"ListItem\",\"position\":1,\"name\":\"Portada\",\"item\":\"http:\/\/www.aspack.es\/news\/\"},{\"@type\":\"ListItem\",\"position\":2,\"name\":\"4evergreen comparte los aspectos m\u00e1s destacados de las pautas y el protocolo basados en hechos destinados a aumentar la tasa de reciclaje de los envases a base de fibra\"}]},{\"@type\":\"WebSite\",\"@id\":\"http:\/\/www.aspack.es\/news\/#website\",\"url\":\"http:\/\/www.aspack.es\/news\/\",\"name\":\"ASPACK NEWS\",\"description\":\"El peri?dico digital de los envases de cart?n\",\"potentialAction\":[{\"@type\":\"SearchAction\",\"target\":{\"@type\":\"EntryPoint\",\"urlTemplate\":\"http:\/\/www.aspack.es\/news\/?s={search_term_string}\"},\"query-input\":{\"@type\":\"PropertyValueSpecification\",\"valueRequired\":true,\"valueName\":\"search_term_string\"}}],\"inLanguage\":\"es\"},{\"@type\":\"Person\",\"@id\":\"http:\/\/www.aspack.es\/news\/#\/schema\/person\/0019098322836346476fc7dfdbd26d95\",\"name\":\"admin\",\"image\":{\"@type\":\"ImageObject\",\"inLanguage\":\"es\",\"@id\":\"http:\/\/www.aspack.es\/news\/#\/schema\/person\/image\/\",\"url\":\"https:\/\/secure.gravatar.com\/avatar\/6a6c60542c39a2d052b8b1e8c5145e669bf888b9b229b3da0e43092daac8a32e?s=96&d=mm&r=g\",\"contentUrl\":\"https:\/\/secure.gravatar.com\/avatar\/6a6c60542c39a2d052b8b1e8c5145e669bf888b9b229b3da0e43092daac8a32e?s=96&d=mm&r=g\",\"caption\":\"admin\"},\"url\":\"http:\/\/www.aspack.es\/news\/author\/admin\/\"}]}<\/script>\n<!-- \/ Yoast SEO plugin. -->","yoast_head_json":{"title":"4evergreen comparte los aspectos m\u00e1s destacados de las pautas y el protocolo basados en hechos destinados a aumentar la tasa de reciclaje de los envases a base de fibra - ASPACK NEWS","description":"La alianza 4evergreen comparte sus primeros conocimientos de investigaci\u00f3n sobre diferentes aspectos de la cadena de valor de los empaques a base de fibra, en un intento \u00fanico en toda la industria de aumentar la tasa de reciclaje de los empaques a base de fibra.","robots":{"index":"index","follow":"follow","max-snippet":"max-snippet:-1","max-image-preview":"max-image-preview:large","max-video-preview":"max-video-preview:-1"},"canonical":"https:\/\/www.aspack.es\/news\/4evergreen-comparte-los-aspectos-mas-destacados-de-las-pautas-y-el-protocolo-basados-en-hechos-destinados-a-aumentar-la-tasa-de-reciclaje-de-los-envases-a-base-de-fibra\/","og_locale":"es_ES","og_type":"article","og_title":"4evergreen comparte los aspectos m\u00e1s destacados de las pautas y el protocolo basados en hechos destinados a aumentar la tasa de reciclaje de los envases a base de fibra - ASPACK NEWS","og_description":"La alianza 4evergreen comparte sus primeros conocimientos de investigaci\u00f3n sobre diferentes aspectos de la cadena de valor de los empaques a base de fibra, en un intento \u00fanico en toda la industria de aumentar la tasa de reciclaje de los empaques a base de fibra.","og_url":"https:\/\/www.aspack.es\/news\/4evergreen-comparte-los-aspectos-mas-destacados-de-las-pautas-y-el-protocolo-basados-en-hechos-destinados-a-aumentar-la-tasa-de-reciclaje-de-los-envases-a-base-de-fibra\/","og_site_name":"ASPACK NEWS","article_published_time":"2022-01-03T15:25:26+00:00","article_modified_time":"2022-01-31T12:11:24+00:00","og_image":[{"width":1250,"height":1250,"url":"https:\/\/www.aspack.es\/news\/wp-content\/uploads\/2022\/01\/MicrosoftTeams-image-7-e1640189937723.png","type":"image\/png"}],"author":"admin","twitter_card":"summary_large_image","twitter_misc":{"Escrito por":"admin","Tiempo de lectura":"3 minutos"},"schema":{"@context":"https:\/\/schema.org","@graph":[{"@type":"WebPage","@id":"https:\/\/www.aspack.es\/news\/4evergreen-comparte-los-aspectos-mas-destacados-de-las-pautas-y-el-protocolo-basados-en-hechos-destinados-a-aumentar-la-tasa-de-reciclaje-de-los-envases-a-base-de-fibra\/","url":"https:\/\/www.aspack.es\/news\/4evergreen-comparte-los-aspectos-mas-destacados-de-las-pautas-y-el-protocolo-basados-en-hechos-destinados-a-aumentar-la-tasa-de-reciclaje-de-los-envases-a-base-de-fibra\/","name":"4evergreen comparte los aspectos m\u00e1s destacados de las pautas y el protocolo basados en hechos destinados a aumentar la tasa de reciclaje de los envases a base de fibra - ASPACK NEWS","isPartOf":{"@id":"http:\/\/www.aspack.es\/news\/#website"},"primaryImageOfPage":{"@id":"https:\/\/www.aspack.es\/news\/4evergreen-comparte-los-aspectos-mas-destacados-de-las-pautas-y-el-protocolo-basados-en-hechos-destinados-a-aumentar-la-tasa-de-reciclaje-de-los-envases-a-base-de-fibra\/#primaryimage"},"image":{"@id":"https:\/\/www.aspack.es\/news\/4evergreen-comparte-los-aspectos-mas-destacados-de-las-pautas-y-el-protocolo-basados-en-hechos-destinados-a-aumentar-la-tasa-de-reciclaje-de-los-envases-a-base-de-fibra\/#primaryimage"},"thumbnailUrl":"http:\/\/www.aspack.es\/news\/wp-content\/uploads\/2022\/01\/MicrosoftTeams-image-7-e1640189937723.png","datePublished":"2022-01-03T15:25:26+00:00","dateModified":"2022-01-31T12:11:24+00:00","author":{"@id":"http:\/\/www.aspack.es\/news\/#\/schema\/person\/0019098322836346476fc7dfdbd26d95"},"description":"La alianza 4evergreen comparte sus primeros conocimientos de investigaci\u00f3n sobre diferentes aspectos de la cadena de valor de los empaques a base de fibra, en un intento \u00fanico en toda la industria de aumentar la tasa de reciclaje de los empaques a base de fibra.","breadcrumb":{"@id":"https:\/\/www.aspack.es\/news\/4evergreen-comparte-los-aspectos-mas-destacados-de-las-pautas-y-el-protocolo-basados-en-hechos-destinados-a-aumentar-la-tasa-de-reciclaje-de-los-envases-a-base-de-fibra\/#breadcrumb"},"inLanguage":"es","potentialAction":[{"@type":"ReadAction","target":["https:\/\/www.aspack.es\/news\/4evergreen-comparte-los-aspectos-mas-destacados-de-las-pautas-y-el-protocolo-basados-en-hechos-destinados-a-aumentar-la-tasa-de-reciclaje-de-los-envases-a-base-de-fibra\/"]}]},{"@type":"ImageObject","inLanguage":"es","@id":"https:\/\/www.aspack.es\/news\/4evergreen-comparte-los-aspectos-mas-destacados-de-las-pautas-y-el-protocolo-basados-en-hechos-destinados-a-aumentar-la-tasa-de-reciclaje-de-los-envases-a-base-de-fibra\/#primaryimage","url":"http:\/\/www.aspack.es\/news\/wp-content\/uploads\/2022\/01\/MicrosoftTeams-image-7-e1640189937723.png","contentUrl":"http:\/\/www.aspack.es\/news\/wp-content\/uploads\/2022\/01\/MicrosoftTeams-image-7-e1640189937723.png","width":1250,"height":1250},{"@type":"BreadcrumbList","@id":"https:\/\/www.aspack.es\/news\/4evergreen-comparte-los-aspectos-mas-destacados-de-las-pautas-y-el-protocolo-basados-en-hechos-destinados-a-aumentar-la-tasa-de-reciclaje-de-los-envases-a-base-de-fibra\/#breadcrumb","itemListElement":[{"@type":"ListItem","position":1,"name":"Portada","item":"http:\/\/www.aspack.es\/news\/"},{"@type":"ListItem","position":2,"name":"4evergreen comparte los aspectos m\u00e1s destacados de las pautas y el protocolo basados en hechos destinados a aumentar la tasa de reciclaje de los envases a base de fibra"}]},{"@type":"WebSite","@id":"http:\/\/www.aspack.es\/news\/#website","url":"http:\/\/www.aspack.es\/news\/","name":"ASPACK NEWS","description":"El peri?dico digital de los envases de cart?n","potentialAction":[{"@type":"SearchAction","target":{"@type":"EntryPoint","urlTemplate":"http:\/\/www.aspack.es\/news\/?s={search_term_string}"},"query-input":{"@type":"PropertyValueSpecification","valueRequired":true,"valueName":"search_term_string"}}],"inLanguage":"es"},{"@type":"Person","@id":"http:\/\/www.aspack.es\/news\/#\/schema\/person\/0019098322836346476fc7dfdbd26d95","name":"admin","image":{"@type":"ImageObject","inLanguage":"es","@id":"http:\/\/www.aspack.es\/news\/#\/schema\/person\/image\/","url":"https:\/\/secure.gravatar.com\/avatar\/6a6c60542c39a2d052b8b1e8c5145e669bf888b9b229b3da0e43092daac8a32e?s=96&d=mm&r=g","contentUrl":"https:\/\/secure.gravatar.com\/avatar\/6a6c60542c39a2d052b8b1e8c5145e669bf888b9b229b3da0e43092daac8a32e?s=96&d=mm&r=g","caption":"admin"},"url":"http:\/\/www.aspack.es\/news\/author\/admin\/"}]}},"_links":{"self":[{"href":"http:\/\/www.aspack.es\/news\/wp-json\/wp\/v2\/posts\/1539","targetHints":{"allow":["GET"]}}],"collection":[{"href":"http:\/\/www.aspack.es\/news\/wp-json\/wp\/v2\/posts"}],"about":[{"href":"http:\/\/www.aspack.es\/news\/wp-json\/wp\/v2\/types\/post"}],"author":[{"embeddable":true,"href":"http:\/\/www.aspack.es\/news\/wp-json\/wp\/v2\/users\/1"}],"replies":[{"embeddable":true,"href":"http:\/\/www.aspack.es\/news\/wp-json\/wp\/v2\/comments?post=1539"}],"version-history":[{"count":6,"href":"http:\/\/www.aspack.es\/news\/wp-json\/wp\/v2\/posts\/1539\/revisions"}],"predecessor-version":[{"id":1593,"href":"http:\/\/www.aspack.es\/news\/wp-json\/wp\/v2\/posts\/1539\/revisions\/1593"}],"wp:featuredmedia":[{"embeddable":true,"href":"http:\/\/www.aspack.es\/news\/wp-json\/wp\/v2\/media\/1541"}],"wp:attachment":[{"href":"http:\/\/www.aspack.es\/news\/wp-json\/wp\/v2\/media?parent=1539"}],"wp:term":[{"taxonomy":"category","embeddable":true,"href":"http:\/\/www.aspack.es\/news\/wp-json\/wp\/v2\/categories?post=1539"},{"taxonomy":"post_tag","embeddable":true,"href":"http:\/\/www.aspack.es\/news\/wp-json\/wp\/v2\/tags?post=1539"}],"curies":[{"name":"wp","href":"https:\/\/api.w.org\/{rel}","templated":true}]}}