{"id":1555,"date":"2022-01-18T15:24:33","date_gmt":"2022-01-18T15:24:33","guid":{"rendered":"http:\/\/www.aspack.es\/news\/?p=1555"},"modified":"2022-02-28T13:48:01","modified_gmt":"2022-02-28T13:48:01","slug":"ya-es-oficial-el-carton-puede-reciclarse-al-menos-25-veces","status":"publish","type":"post","link":"http:\/\/www.aspack.es\/news\/ya-es-oficial-el-carton-puede-reciclarse-al-menos-25-veces\/","title":{"rendered":"Ya es oficial: el cart\u00f3n puede reciclarse al menos 25 veces"},"content":{"rendered":"\n<p><strong>El material de envasado a base de fibra \u2013papel, cartulina<\/strong><strong>&nbsp;y<\/strong><strong>&nbsp;cart\u00f3n \u2013 puede reciclarse m\u00e1s de 25 veces sin apenas p\u00e9rdida de integridad, seg\u00fan un estudio independiente reciente.&nbsp;<\/strong><\/p>\n\n\n\n<p>El estudio de 2021, llevado a cabo por la Universidad Tecnol\u00f3gica de Graz (Austria), recicl\u00f3&nbsp;repetidamente envases plegables de cart\u00f3n&nbsp;para entender qu\u00e9 efecto, si lo hubiera, tendr\u00eda sobre las propiedades mec\u00e1nicas del material, incluidas su fuerza innata y su resistencia a los impactos. \u00ab<em>En este estudio no se ha podido demostrar ning\u00fan efecto negativo sobre las propiedades mec\u00e1nicas en cuesti\u00f3n. La capacidad de expansi\u00f3n de la fibra tampoco mostr\u00f3 una tendencia negativa evidente<\/em>\u00bb, inform\u00f3 la universidad.<\/p>\n\n\n\n<p>Winfried Muehling, director general de Pro Carton, la Asociaci\u00f3n Europea de Fabricantes de Cart\u00f3n y Envases de&nbsp;Cart\u00f3n, a la que pertenece <a href=\"http:\/\/aspack.es\">ASPACK<\/a> a trav\u00e9s de <a href=\"https:\/\/www.ecma.org\">ECMA<\/a>,&nbsp;enfatiz\u00f3: \u00ab<em>Los hallazgos ponen fin al frecuente mito de que los envases de fibra solo pueden reciclarse entre cuatro y siete veces antes de perder su integridad. Destaca que las fibras de papel y cart\u00f3n son mucho m\u00e1s resistentes de lo que se consideraba hasta ahora<\/em>\u00bb.<\/p>\n\n\n\n<p>\u00ab<em>De hecho, Ren\u00e9 Eckhart, investigador principal de la Universidad Tecnol\u00f3gica de Graz que dirigi\u00f3 la investigaci\u00f3n, cree que el l\u00edmite de las veces que se puede reciclar el papel, el cart\u00f3n&nbsp;y&nbsp;los&nbsp;envases plegables de cart\u00f3n depende en realidad del proceso de preparaci\u00f3n de la materia y por la cantidad de recogida y reciclaje obtenida<\/em>\u00bb, a\u00f1adi\u00f3 Muehling.<\/p>\n\n\n\n<p>El estudio de la Universidad Tecnol\u00f3gica de Graz vuelve a destacar la vital contribuci\u00f3n del cart\u00f3n a la econom\u00eda circular y la funci\u00f3n que puede desempe\u00f1ar a la hora de mejorar las credenciales de sostenibilidad de las empresas y marcas. La tasa actual de reciclaje de los envases de papel y cart\u00f3n en Europa es de aproximadamente el 84,2 % y la industria papelera europea se ha fijado como objetivo una tasa de reciclaje del 90 % para el 2030. El cart\u00f3n tambi\u00e9n es biodegradable, un proceso com\u00fanmente conocido como \u00abreciclaje org\u00e1nico\u00bb.<\/p>\n\n\n\n<p>El informe de la universidad tambi\u00e9n destaca los beneficios ecol\u00f3gicos del aumento del n\u00famero de ciclos de reciclado. \u00ab<em>Cuanto m\u00e1s a menudo se pueda reciclar un mismo envase, m\u00e1s positivo ser\u00e1 su impacto en el medioambiente<\/em>\u00bb, afirma el estudio.<\/p>\n\n\n\n<p>Asimismo, Winfried Muehling a\u00f1adi\u00f3: \u00ab<em>Para que nuestro modelo de negocio circular siga funcionando, siempre necesitaremos una buena mezcla de fibra virgen y reciclada. Algunos clientes tienen requisitos de producto espec\u00edficos que solo permiten el uso de fibra virgen, por ejemplo, los que necesitan envases destinados al contacto directo con alimentos h\u00famedos o grasos como el chocolate. Otros ejemplos son los envases de lujo con requisitos especiales en cuanto a la blancura o la rigidez del material, que sin duda necesitar\u00e1n fibras v\u00edrgenes<\/em>\u00bb.<\/p>\n\n\n\n<p>\u00ab<em>Para nuestra industria es crucial recoger, clasificar y reciclar todos los materiales de fibra del mercado. La fibra virgen y la fibra reciclada son igualmente importantes para la econom\u00eda circular, algo que muchas de marcas y minoristas quieren fomentar<\/em>\u00bb, concluy\u00f3 Muehling.<\/p>\n\n\n\n<p>A trav\u00e9s de este link (<a href=\"https:\/\/www.procarton.com\/wp-content\/uploads\/2022\/01\/25-Loops-Study-English-v3.pdf\">https:\/\/www.procarton.com\/wp-content\/uploads\/2022\/01\/25-Loops-Study-English-v3.pdf<\/a>) puede acceder al estudio de la&nbsp;Universidad Tecnol\u00f3gica de Graz<\/p>\n","protected":false},"excerpt":{"rendered":"<p>El material de envasado a base de fibra \u2013papel, cartulina&nbsp;y&nbsp;cart\u00f3n \u2013 puede reciclarse m\u00e1s de 25 veces sin apenas p\u00e9rdida de integridad, seg\u00fan un estudio independiente reciente.&nbsp; El estudio de 2021, llevado a cabo por la Universidad Tecnol\u00f3gica de Graz (Austria), recicl\u00f3&nbsp;repetidamente envases plegables de cart\u00f3n&nbsp;para entender qu\u00e9 efecto, si lo hubiera, tendr\u00eda sobre las&hellip;<\/p>\n","protected":false},"author":1,"featured_media":1558,"comment_status":"closed","ping_status":"open","sticky":false,"template":"","format":"standard","meta":{"footnotes":""},"categories":[18,17],"tags":[],"class_list":["post-1555","post","type-post","status-publish","format-standard","has-post-thumbnail","hentry","category-asociados","category-el-sector"],"yoast_head":"<!-- This site is optimized with the Yoast SEO plugin v25.9 - https:\/\/yoast.com\/wordpress\/plugins\/seo\/ -->\n<title>Ya es oficial: el cart\u00f3n puede reciclarse al menos 25 veces - ASPACK NEWS<\/title>\n<meta name=\"description\" content=\"El material de envasado a base de fibra \u2013papel, cartulina y cart\u00f3n \u2013 puede reciclarse m\u00e1s de 25 veces sin apenas p\u00e9rdida de integridad, seg\u00fan un estudio independiente reciente.\" \/>\n<meta name=\"robots\" content=\"index, follow, max-snippet:-1, max-image-preview:large, max-video-preview:-1\" \/>\n<link rel=\"canonical\" href=\"http:\/\/www.aspack.es\/news\/ya-es-oficial-el-carton-puede-reciclarse-al-menos-25-veces\/\" \/>\n<meta property=\"og:locale\" content=\"es_ES\" \/>\n<meta property=\"og:type\" content=\"article\" \/>\n<meta property=\"og:title\" content=\"Ya es oficial: el cart\u00f3n puede reciclarse al menos 25 veces - ASPACK NEWS\" \/>\n<meta property=\"og:description\" content=\"El material de envasado a base de fibra \u2013papel, cartulina y cart\u00f3n \u2013 puede reciclarse m\u00e1s de 25 veces sin apenas p\u00e9rdida de integridad, seg\u00fan un estudio independiente reciente.\" \/>\n<meta property=\"og:url\" content=\"http:\/\/www.aspack.es\/news\/ya-es-oficial-el-carton-puede-reciclarse-al-menos-25-veces\/\" \/>\n<meta property=\"og:site_name\" content=\"ASPACK NEWS\" \/>\n<meta property=\"article:published_time\" content=\"2022-01-18T15:24:33+00:00\" \/>\n<meta property=\"article:modified_time\" content=\"2022-02-28T13:48:01+00:00\" \/>\n<meta property=\"og:image\" content=\"http:\/\/www.aspack.es\/news\/wp-content\/uploads\/2022\/01\/Fotos-articulos-15-1024x683.png\" \/>\n\t<meta property=\"og:image:width\" content=\"1024\" \/>\n\t<meta property=\"og:image:height\" content=\"683\" \/>\n\t<meta property=\"og:image:type\" content=\"image\/png\" \/>\n<meta name=\"author\" content=\"admin\" \/>\n<meta name=\"twitter:card\" content=\"summary_large_image\" \/>\n<meta name=\"twitter:label1\" content=\"Escrito por\" \/>\n\t<meta name=\"twitter:data1\" content=\"admin\" \/>\n\t<meta name=\"twitter:label2\" content=\"Tiempo de lectura\" \/>\n\t<meta name=\"twitter:data2\" content=\"3 minutos\" \/>\n<script type=\"application\/ld+json\" class=\"yoast-schema-graph\">{\"@context\":\"https:\/\/schema.org\",\"@graph\":[{\"@type\":\"WebPage\",\"@id\":\"http:\/\/www.aspack.es\/news\/ya-es-oficial-el-carton-puede-reciclarse-al-menos-25-veces\/\",\"url\":\"http:\/\/www.aspack.es\/news\/ya-es-oficial-el-carton-puede-reciclarse-al-menos-25-veces\/\",\"name\":\"Ya es oficial: el cart\u00f3n puede reciclarse al menos 25 veces - ASPACK NEWS\",\"isPartOf\":{\"@id\":\"http:\/\/www.aspack.es\/news\/#website\"},\"primaryImageOfPage\":{\"@id\":\"http:\/\/www.aspack.es\/news\/ya-es-oficial-el-carton-puede-reciclarse-al-menos-25-veces\/#primaryimage\"},\"image\":{\"@id\":\"http:\/\/www.aspack.es\/news\/ya-es-oficial-el-carton-puede-reciclarse-al-menos-25-veces\/#primaryimage\"},\"thumbnailUrl\":\"http:\/\/www.aspack.es\/news\/wp-content\/uploads\/2022\/01\/Fotos-articulos-15.png\",\"datePublished\":\"2022-01-18T15:24:33+00:00\",\"dateModified\":\"2022-02-28T13:48:01+00:00\",\"author\":{\"@id\":\"http:\/\/www.aspack.es\/news\/#\/schema\/person\/0019098322836346476fc7dfdbd26d95\"},\"description\":\"El material de envasado a base de fibra \u2013papel, cartulina y cart\u00f3n \u2013 puede reciclarse m\u00e1s de 25 veces sin apenas p\u00e9rdida de integridad, seg\u00fan un estudio independiente reciente.\",\"breadcrumb\":{\"@id\":\"http:\/\/www.aspack.es\/news\/ya-es-oficial-el-carton-puede-reciclarse-al-menos-25-veces\/#breadcrumb\"},\"inLanguage\":\"es\",\"potentialAction\":[{\"@type\":\"ReadAction\",\"target\":[\"http:\/\/www.aspack.es\/news\/ya-es-oficial-el-carton-puede-reciclarse-al-menos-25-veces\/\"]}]},{\"@type\":\"ImageObject\",\"inLanguage\":\"es\",\"@id\":\"http:\/\/www.aspack.es\/news\/ya-es-oficial-el-carton-puede-reciclarse-al-menos-25-veces\/#primaryimage\",\"url\":\"http:\/\/www.aspack.es\/news\/wp-content\/uploads\/2022\/01\/Fotos-articulos-15.png\",\"contentUrl\":\"http:\/\/www.aspack.es\/news\/wp-content\/uploads\/2022\/01\/Fotos-articulos-15.png\",\"width\":1620,\"height\":1080,\"caption\":\"el cart\u00f3n puede reciclarse\"},{\"@type\":\"BreadcrumbList\",\"@id\":\"http:\/\/www.aspack.es\/news\/ya-es-oficial-el-carton-puede-reciclarse-al-menos-25-veces\/#breadcrumb\",\"itemListElement\":[{\"@type\":\"ListItem\",\"position\":1,\"name\":\"Portada\",\"item\":\"http:\/\/www.aspack.es\/news\/\"},{\"@type\":\"ListItem\",\"position\":2,\"name\":\"Ya es oficial: el cart\u00f3n puede reciclarse al menos 25 veces\"}]},{\"@type\":\"WebSite\",\"@id\":\"http:\/\/www.aspack.es\/news\/#website\",\"url\":\"http:\/\/www.aspack.es\/news\/\",\"name\":\"ASPACK NEWS\",\"description\":\"El peri?dico digital de los envases de cart?n\",\"potentialAction\":[{\"@type\":\"SearchAction\",\"target\":{\"@type\":\"EntryPoint\",\"urlTemplate\":\"http:\/\/www.aspack.es\/news\/?s={search_term_string}\"},\"query-input\":{\"@type\":\"PropertyValueSpecification\",\"valueRequired\":true,\"valueName\":\"search_term_string\"}}],\"inLanguage\":\"es\"},{\"@type\":\"Person\",\"@id\":\"http:\/\/www.aspack.es\/news\/#\/schema\/person\/0019098322836346476fc7dfdbd26d95\",\"name\":\"admin\",\"image\":{\"@type\":\"ImageObject\",\"inLanguage\":\"es\",\"@id\":\"http:\/\/www.aspack.es\/news\/#\/schema\/person\/image\/\",\"url\":\"https:\/\/secure.gravatar.com\/avatar\/6a6c60542c39a2d052b8b1e8c5145e669bf888b9b229b3da0e43092daac8a32e?s=96&d=mm&r=g\",\"contentUrl\":\"https:\/\/secure.gravatar.com\/avatar\/6a6c60542c39a2d052b8b1e8c5145e669bf888b9b229b3da0e43092daac8a32e?s=96&d=mm&r=g\",\"caption\":\"admin\"},\"url\":\"http:\/\/www.aspack.es\/news\/author\/admin\/\"}]}<\/script>\n<!-- \/ Yoast SEO plugin. -->","yoast_head_json":{"title":"Ya es oficial: el cart\u00f3n puede reciclarse al menos 25 veces - ASPACK NEWS","description":"El material de envasado a base de fibra \u2013papel, cartulina y cart\u00f3n \u2013 puede reciclarse m\u00e1s de 25 veces sin apenas p\u00e9rdida de integridad, seg\u00fan un estudio independiente reciente.","robots":{"index":"index","follow":"follow","max-snippet":"max-snippet:-1","max-image-preview":"max-image-preview:large","max-video-preview":"max-video-preview:-1"},"canonical":"http:\/\/www.aspack.es\/news\/ya-es-oficial-el-carton-puede-reciclarse-al-menos-25-veces\/","og_locale":"es_ES","og_type":"article","og_title":"Ya es oficial: el cart\u00f3n puede reciclarse al menos 25 veces - ASPACK NEWS","og_description":"El material de envasado a base de fibra \u2013papel, cartulina y cart\u00f3n \u2013 puede reciclarse m\u00e1s de 25 veces sin apenas p\u00e9rdida de integridad, seg\u00fan un estudio independiente reciente.","og_url":"http:\/\/www.aspack.es\/news\/ya-es-oficial-el-carton-puede-reciclarse-al-menos-25-veces\/","og_site_name":"ASPACK NEWS","article_published_time":"2022-01-18T15:24:33+00:00","article_modified_time":"2022-02-28T13:48:01+00:00","og_image":[{"width":1024,"height":683,"url":"http:\/\/www.aspack.es\/news\/wp-content\/uploads\/2022\/01\/Fotos-articulos-15-1024x683.png","type":"image\/png"}],"author":"admin","twitter_card":"summary_large_image","twitter_misc":{"Escrito por":"admin","Tiempo de lectura":"3 minutos"},"schema":{"@context":"https:\/\/schema.org","@graph":[{"@type":"WebPage","@id":"http:\/\/www.aspack.es\/news\/ya-es-oficial-el-carton-puede-reciclarse-al-menos-25-veces\/","url":"http:\/\/www.aspack.es\/news\/ya-es-oficial-el-carton-puede-reciclarse-al-menos-25-veces\/","name":"Ya es oficial: el cart\u00f3n puede reciclarse al menos 25 veces - ASPACK NEWS","isPartOf":{"@id":"http:\/\/www.aspack.es\/news\/#website"},"primaryImageOfPage":{"@id":"http:\/\/www.aspack.es\/news\/ya-es-oficial-el-carton-puede-reciclarse-al-menos-25-veces\/#primaryimage"},"image":{"@id":"http:\/\/www.aspack.es\/news\/ya-es-oficial-el-carton-puede-reciclarse-al-menos-25-veces\/#primaryimage"},"thumbnailUrl":"http:\/\/www.aspack.es\/news\/wp-content\/uploads\/2022\/01\/Fotos-articulos-15.png","datePublished":"2022-01-18T15:24:33+00:00","dateModified":"2022-02-28T13:48:01+00:00","author":{"@id":"http:\/\/www.aspack.es\/news\/#\/schema\/person\/0019098322836346476fc7dfdbd26d95"},"description":"El material de envasado a base de fibra \u2013papel, cartulina y cart\u00f3n \u2013 puede reciclarse m\u00e1s de 25 veces sin apenas p\u00e9rdida de integridad, seg\u00fan un estudio independiente reciente.","breadcrumb":{"@id":"http:\/\/www.aspack.es\/news\/ya-es-oficial-el-carton-puede-reciclarse-al-menos-25-veces\/#breadcrumb"},"inLanguage":"es","potentialAction":[{"@type":"ReadAction","target":["http:\/\/www.aspack.es\/news\/ya-es-oficial-el-carton-puede-reciclarse-al-menos-25-veces\/"]}]},{"@type":"ImageObject","inLanguage":"es","@id":"http:\/\/www.aspack.es\/news\/ya-es-oficial-el-carton-puede-reciclarse-al-menos-25-veces\/#primaryimage","url":"http:\/\/www.aspack.es\/news\/wp-content\/uploads\/2022\/01\/Fotos-articulos-15.png","contentUrl":"http:\/\/www.aspack.es\/news\/wp-content\/uploads\/2022\/01\/Fotos-articulos-15.png","width":1620,"height":1080,"caption":"el cart\u00f3n puede reciclarse"},{"@type":"BreadcrumbList","@id":"http:\/\/www.aspack.es\/news\/ya-es-oficial-el-carton-puede-reciclarse-al-menos-25-veces\/#breadcrumb","itemListElement":[{"@type":"ListItem","position":1,"name":"Portada","item":"http:\/\/www.aspack.es\/news\/"},{"@type":"ListItem","position":2,"name":"Ya es oficial: el cart\u00f3n puede reciclarse al menos 25 veces"}]},{"@type":"WebSite","@id":"http:\/\/www.aspack.es\/news\/#website","url":"http:\/\/www.aspack.es\/news\/","name":"ASPACK NEWS","description":"El peri?dico digital de los envases de cart?n","potentialAction":[{"@type":"SearchAction","target":{"@type":"EntryPoint","urlTemplate":"http:\/\/www.aspack.es\/news\/?s={search_term_string}"},"query-input":{"@type":"PropertyValueSpecification","valueRequired":true,"valueName":"search_term_string"}}],"inLanguage":"es"},{"@type":"Person","@id":"http:\/\/www.aspack.es\/news\/#\/schema\/person\/0019098322836346476fc7dfdbd26d95","name":"admin","image":{"@type":"ImageObject","inLanguage":"es","@id":"http:\/\/www.aspack.es\/news\/#\/schema\/person\/image\/","url":"https:\/\/secure.gravatar.com\/avatar\/6a6c60542c39a2d052b8b1e8c5145e669bf888b9b229b3da0e43092daac8a32e?s=96&d=mm&r=g","contentUrl":"https:\/\/secure.gravatar.com\/avatar\/6a6c60542c39a2d052b8b1e8c5145e669bf888b9b229b3da0e43092daac8a32e?s=96&d=mm&r=g","caption":"admin"},"url":"http:\/\/www.aspack.es\/news\/author\/admin\/"}]}},"_links":{"self":[{"href":"http:\/\/www.aspack.es\/news\/wp-json\/wp\/v2\/posts\/1555","targetHints":{"allow":["GET"]}}],"collection":[{"href":"http:\/\/www.aspack.es\/news\/wp-json\/wp\/v2\/posts"}],"about":[{"href":"http:\/\/www.aspack.es\/news\/wp-json\/wp\/v2\/types\/post"}],"author":[{"embeddable":true,"href":"http:\/\/www.aspack.es\/news\/wp-json\/wp\/v2\/users\/1"}],"replies":[{"embeddable":true,"href":"http:\/\/www.aspack.es\/news\/wp-json\/wp\/v2\/comments?post=1555"}],"version-history":[{"count":2,"href":"http:\/\/www.aspack.es\/news\/wp-json\/wp\/v2\/posts\/1555\/revisions"}],"predecessor-version":[{"id":1617,"href":"http:\/\/www.aspack.es\/news\/wp-json\/wp\/v2\/posts\/1555\/revisions\/1617"}],"wp:featuredmedia":[{"embeddable":true,"href":"http:\/\/www.aspack.es\/news\/wp-json\/wp\/v2\/media\/1558"}],"wp:attachment":[{"href":"http:\/\/www.aspack.es\/news\/wp-json\/wp\/v2\/media?parent=1555"}],"wp:term":[{"taxonomy":"category","embeddable":true,"href":"http:\/\/www.aspack.es\/news\/wp-json\/wp\/v2\/categories?post=1555"},{"taxonomy":"post_tag","embeddable":true,"href":"http:\/\/www.aspack.es\/news\/wp-json\/wp\/v2\/tags?post=1555"}],"curies":[{"name":"wp","href":"https:\/\/api.w.org\/{rel}","templated":true}]}}