{"id":1569,"date":"2022-01-24T13:21:26","date_gmt":"2022-01-24T13:21:26","guid":{"rendered":"http:\/\/www.aspack.es\/news\/?p=1569"},"modified":"2022-02-28T13:48:14","modified_gmt":"2022-02-28T13:48:14","slug":"nueva-memoria-de-sostenibilidad-del-papel-la-apuesta-sectorial-por-la-bicircularidad-descarbonizada","status":"publish","type":"post","link":"http:\/\/www.aspack.es\/news\/nueva-memoria-de-sostenibilidad-del-papel-la-apuesta-sectorial-por-la-bicircularidad-descarbonizada\/","title":{"rendered":"Nueva Memoria de Sostenibilidad del Papel: la apuesta sectorial por la bicircularidad descarbonizada"},"content":{"rendered":"\n<ul class=\"wp-block-list\"><li>Las emisiones de CO<sub>2<\/sub>&nbsp;se han reducido un 25% con respecto a 2011, las de NOx un 52% y las de SOx un 86%<\/li><\/ul>\n\n\n\n<ul class=\"wp-block-list\"><li>Materias primas locales y renovables: el 97% de la madera y el 71% del papel para reciclar son de procedencia local y el resto de otros pa\u00edses UE<\/li><\/ul>\n\n\n\n<ul class=\"wp-block-list\"><li>Productos certificados que se reciclan masivamente: el 62% del papel ya es certificado y se recicla el 78% del papel que se consume&nbsp;&nbsp;&nbsp;<\/li><\/ul>\n\n\n\n<p><strong>La Memoria de Sostenibilidad del Papel que publica ASPAPEL \u2014en palabras de la presidenta de la asociaci\u00f3n, Elisabet Alier\u2014 \u201c<em>refleja el compromiso del sector papelero con la econom\u00eda circular y la descarbonizaci\u00f3n, un camino jalonado de logros y oportunidades como el uso de materia prima local, renovable y neutra en carbono; las muy altas tasas de reciclaje, o el haber logrado desacoplar las emisiones de carbono del crecimiento de la producci\u00f3n, as\u00ed como el creciente proceso de sustituci\u00f3n de materiales que protagoniza el papel como alternativa a&nbsp;&nbsp;productos&nbsp;&nbsp;no renovables y no biodegradables<\/em>\u201d.<\/strong><\/p>\n\n\n\n<p>En su sexta edici\u00f3n trienal, la Memoria de Sostenibilidad del Papel se estructura en torno a los cuatro ejes de actuaci\u00f3n estrat\u00e9gicos del sector: gesti\u00f3n forestal sostenible, proceso productivo eficiente y responsable, generaci\u00f3n de riqueza y contribuci\u00f3n a la calidad de vida y liderazgo en recuperaci\u00f3n y reciclaje. En esta nueva edici\u00f3n se ha ampliado el foco, con la colaboraci\u00f3n de organizaciones y empresas de los distintos eslabones de la cadena de valor, para recoger las principales tendencias de sostenibilidad en sus respectivos \u00e1mbitos.<\/p>\n\n\n\n<p><strong>Descarbonizaci\u00f3n<\/strong><\/p>\n\n\n\n<p><strong>La biomasa supone el 34% del total de combustibles empleados por el sector<\/strong><\/p>\n\n\n\n<p>La biomasa que se genera en la fabricaci\u00f3n de la celulosa y el papel (cortezas, lignina, restos de fibras no aptos ya para el reciclaje\u2026) se utiliza de manera creciente como combustible en las propias plantas. El sector papelero es hoy el mayor productor y consumidor industrial de biomasa en nuestro pa\u00eds. Actualmente la biomasa supone el 34% del total de combustibles empleados.<\/p>\n\n\n\n<p>El gas natural (64% del total) es el combustible fundamental en las cogeneraciones del sector en estos momentos y tambi\u00e9n se utiliza en calderas auxiliares para generaci\u00f3n de calor.<\/p>\n\n\n\n<p><strong>Potencia instalada de 876 MW de cogeneraci\u00f3n<\/strong><\/p>\n\n\n\n<p>La industria de la celulosa y el papel es electrointensiva y calorintensiva: necesita electricidad para mover la maquinaria y calor para secar la celulosa y el papel. El sector produce la mayor parte de la energ\u00eda t\u00e9rmica y el\u00e9ctrica que necesita en plantas de cogeneraci\u00f3n situadas al lado de sus f\u00e1bricas, con una potencia instalada de 876 MW.<\/p>\n\n\n\n<p>La cogeneraci\u00f3n produce a la vez electricidad y calor \u00fatil en forma de vapor, optimizando el uso de combustible, de manera que ahorra energ\u00eda primaria (un ahorro superior al 10%) y reduce las emisiones.<\/p>\n\n\n\n<p><strong>En esta d\u00e9cada, la cogeneraci\u00f3n con hidr\u00f3geno podr\u00eda ser una realidad<\/strong><\/p>\n\n\n\n<p>A lo largo de esta d\u00e9cada, la cogeneraci\u00f3n con hidr\u00f3geno podr\u00eda ser una realidad. Se est\u00e1 avanzando en el desarrollo de motores y turbinas aptos para el consumo de hidr\u00f3geno, de modo que el futuro de la ecogeneraci\u00f3n estar\u00e1 principalmente condicionado al desarrollo de la generaci\u00f3n de hidr\u00f3geno verde y la adaptaci\u00f3n de las redes de transporte y distribuci\u00f3n de gas natural ahora existentes.<strong><\/strong><\/p>\n\n\n\n<p>En el plan de inversiones estrat\u00e9gicas para los pr\u00f3ximos tres a\u00f1os de la industria papelera espa\u00f1ola, presentado recientemente como propuesta de Proyecto Tractor de Competitividad y Sostenibilidad Industrial, dentro del marco del Plan Nacional de Recuperaci\u00f3n y Resiliencia, incluye proyectos encaminados a la sustituci\u00f3n del gas y los combustibles f\u00f3siles por combustibles renovables e hidr\u00f3geno verde en las cogeneraciones (ecogeneraci\u00f3n), la incorporaci\u00f3n de biog\u00e1s e hidr\u00f3geno verde como combustibles con impacto neto nulo para cubrir la demanda de energ\u00eda t\u00e9rmica en la producci\u00f3n de celulosa y papel y la integraci\u00f3n de instalaciones de generaci\u00f3n de electricidad a partir de fuentes renovables (fotovoltaica, biomasa, residuos renovables, etc.).<\/p>\n\n\n\n<p><strong>Las emisiones de CO<sub>2<\/sub>&nbsp;se han reducido un 25% con respecto a 2011 y las de SOx y NOx en un 86% y un 52%.<\/strong><\/p>\n\n\n\n<p>Las medidas de eficiencia energ\u00e9tica, el uso de biomasa como combustible (neutra en emisiones de carbono, de acuerdo al criterio establecido en la Directiva de comercio GEI) y la cogeneraci\u00f3n son actualmente los tres pilares de la estrategia del sector en Espa\u00f1a en cuanto a reducci\u00f3n de emisiones.<\/p>\n\n\n\n<p>Las emisiones totales de CO<sub>2<\/sub>&nbsp;se han reducido un 25% con respecto a 2011 y las de SOx y NOx en un 86% y un 52% respectivamente.<\/p>\n\n\n\n<p>Las f\u00e1bricas espa\u00f1olas del sector forman parte del ETS (sistema de comercio de emisiones) de la Uni\u00f3n Europea. Por lo tanto sus emisiones han de cubrirse con cr\u00e9ditos de carbono recibidos por asignaci\u00f3n gratuita o comprados. El actual esquema resulta desincentivador para una tecnolog\u00eda de eficiencia energ\u00e9tica fundamental en el sector como la cogeneraci\u00f3n, ya que no se le asignan derechos de emisi\u00f3n a la parte correspondiente a la generaci\u00f3n de energ\u00eda el\u00e9ctrica.<\/p>\n\n\n\n<p><strong>La&nbsp;&nbsp;bicircularidad del papel&nbsp;<\/strong><\/p>\n\n\n\n<p>La bicircularidad papelera a\u00fana la circularidad natural que se deriva del car\u00e1cter renovable de la materia prima, la madera para papel cultivada en plantaciones locales, con la circularidad social del reciclaje masivo de los productos papeleros.<\/p>\n\n\n\n<p><strong>Madera procedente de plantaciones locales en un 97%<\/strong><\/p>\n\n\n\n<p>Para la producci\u00f3n de celulosa para papel se utilizan en Espa\u00f1a 5,3 millones de&nbsp;&nbsp;m<sup>3<\/sup>&nbsp;de madera. El 97% de esta madera procede de plantaciones locales de pinos y eucaliptos&nbsp;y&nbsp;el 3% restante de plantaciones de otros pa\u00edses de la Uni\u00f3n Europea.&nbsp;<\/p>\n\n\n\n<p><strong>El 62% del papel puesto en el mercado est\u00e1 certificado FSC y\/o PEFC<\/strong><\/p>\n\n\n\n<p>Se trata adem\u00e1s en un alto y creciente porcentaje de madera con certificaci\u00f3n de gesti\u00f3n forestal sostenible (FSC y\/o PEFC): la madera certificada consumida por el sector asciende al 61%. La totalidad del abastecimiento de madera del sector est\u00e1 controlado, al proceder \u00fanicamente de la Uni\u00f3n Europea.<\/p>\n\n\n\n<p>Est\u00e1n certificados el 100% de las f\u00e1bricas de celulosa y de los proveedores de celulosa, el 92% de los proveedores de madera del sector y el 62% de las f\u00e1bricas de papel. Y por lo que se refiere a los productos, el 60% de la celulosa consumida por el sector y el 62% del papel puesto en el mercado est\u00e1n certificados.&nbsp;<\/p>\n\n\n\n<p><strong>47 millones de toneladas de CO<sub>2<\/sub>&nbsp;equivalente fijadas en las plantaciones de madera usadas para papel&nbsp;<\/strong><\/p>\n\n\n\n<p>Las 480.122 hect\u00e1reas de plantaciones de madera que se utilizan para papel en Espa\u00f1a son grandes sumideros de CO<sub>2<\/sub>&nbsp;que, con 47 millones de toneladas de CO<sub>2<\/sub>&nbsp;equivalente fijadas, contribuyen a mitigar el cambio clim\u00e1tico.<\/p>\n\n\n\n<p><strong>Plantaciones de madera para papel: m<\/strong><strong>\u00e1s de 21.000 empleos que fijan poblaci\u00f3n en la Espa\u00f1a vac\u00eda.&nbsp;<\/strong><\/p>\n\n\n\n<p>Ante el creciente despoblamiento y envejecimiento del mundo rural, las plantaciones locales de madera para papel son un motor de creaci\u00f3n de empleo y riqueza.&nbsp;<\/p>\n\n\n\n<p>Por lo que se refiere al empleo, las 480.122 hect\u00e1reas de plantaciones de madera usadas para papel proporcionan 5.083 empleos directos en tareas de repoblaci\u00f3n y selvicultura y 15.935 empleos indirectos en maquinaria, transporte, talleres\u2026 M\u00e1s de 21.000 empleos que fijan poblaci\u00f3n en la Espa\u00f1a vac\u00eda.&nbsp;<\/p>\n\n\n\n<p>Y en cuanto a la creaci\u00f3n de riqueza, hay que destacar la importante contribuci\u00f3n de estas plantaciones a las rentas de los peque\u00f1os propietarios forestales y de los municipios y a las arcas p\u00fablicas por los impuestos asociados.<\/p>\n\n\n\n<p><strong>Reciclamos el 78% del papel que consumimos<\/strong><\/p>\n\n\n\n<p>Las f\u00e1bricas papeleras espa\u00f1olas reciclan anualmente 5,1 millones de toneladas de papel usado. La tasa de reciclaje (papel que recicla como materia prima en las f\u00e1bricas papeleras sobre el consumo total de papel y cart\u00f3n) se sit\u00faa en el 78%.<\/p>\n\n\n\n<p><strong>Segundos mayores recicladores de papel y cart\u00f3n en la UE tras Alemania&nbsp;<\/strong><\/p>\n\n\n\n<p>El modelo espa\u00f1ol de recogida selectiva municipal monomaterial, basado en el contenedor azul y reforzado con recogidas complementarias sistematizadas en peque\u00f1o comercio, colegios, oficinas\u2026 es un modelo de \u00e9xito y un referente en Europa. Esto es posible gracias a la concurrencia de tres factores: un sistema de recogida altamente eficiente, con la implicaci\u00f3n de los ayuntamientos y la colaboraci\u00f3n masiva de la ciudadan\u00eda, un importante sector de la recuperaci\u00f3n y una industria papelera con una gran capacidad recicladora (la segunda m\u00e1s recicladora de Europa tras Alemania) que garantiza el reciclaje de todo el papel recogido en Espa\u00f1a conforme a los est\u00e1ndares europeos de calidad.<\/p>\n\n\n\n<p><strong>El 71% del papel que reciclan las papeleras espa\u00f1olas se recoge localmente y el resto procede de Francia y Portugal&nbsp;<\/strong><\/p>\n\n\n\n<p>Un signo distintivo del sector papelero espa\u00f1ol es el uso de materias primas locales. Por lo que refiere al papel para reciclar, el 71% del papel usado que reciclan las f\u00e1bricas papeleras ubicadas en Espa\u00f1a se recoge en nuestro pa\u00eds y el resto procede de Francia y Portugal fundamentalmente.<\/p>\n\n\n\n<p>En Espa\u00f1a recogemos para su reciclaje 4,4 millones de toneladas de papel y cart\u00f3n. Este volumen de recogida equivale a 44 grandes estadios de f\u00fatbol llenos hasta arriba de papel y cart\u00f3n.&nbsp;<\/p>\n\n\n\n<p><strong>Empleo cualificado y en crecimiento<\/strong><\/p>\n\n\n\n<p>El empleo directo en el sector en 2020 se mantiene con respecto al a\u00f1o anterior en 16.637 empleados directos. Desde 2017, el empleo se ha incrementado en un 2,2%. Se trata de empleo cualificado y estable con un 90% de contratos indefinidos.<\/p>\n\n\n\n<p><\/p>\n","protected":false},"excerpt":{"rendered":"<p>Las emisiones de CO2&nbsp;se han reducido un 25% con respecto a 2011, las de NOx un 52% y las de SOx un 86% Materias primas locales y renovables: el 97% de la madera y el 71% del papel para reciclar son de procedencia local y el resto de otros pa\u00edses UE Productos certificados que se&hellip;<\/p>\n","protected":false},"author":1,"featured_media":1573,"comment_status":"closed","ping_status":"open","sticky":false,"template":"","format":"standard","meta":{"footnotes":""},"categories":[18,17],"tags":[],"class_list":["post-1569","post","type-post","status-publish","format-standard","has-post-thumbnail","hentry","category-asociados","category-el-sector"],"yoast_head":"<!-- This site is optimized with the Yoast SEO plugin v25.9 - https:\/\/yoast.com\/wordpress\/plugins\/seo\/ -->\n<title>Nueva Memoria de Sostenibilidad del Papel: la apuesta sectorial por la bicircularidad descarbonizada - ASPACK NEWS<\/title>\n<meta name=\"description\" content=\"En su sexta edici\u00f3n trienal, la Memoria de Sostenibilidad del Papel se estructura en torno a los cuatro ejes de actuaci\u00f3n estrat\u00e9gicos del sector\" \/>\n<meta name=\"robots\" content=\"index, follow, max-snippet:-1, max-image-preview:large, max-video-preview:-1\" \/>\n<link rel=\"canonical\" href=\"http:\/\/www.aspack.es\/news\/nueva-memoria-de-sostenibilidad-del-papel-la-apuesta-sectorial-por-la-bicircularidad-descarbonizada\/\" \/>\n<meta property=\"og:locale\" content=\"es_ES\" \/>\n<meta property=\"og:type\" content=\"article\" \/>\n<meta property=\"og:title\" content=\"Nueva Memoria de Sostenibilidad del Papel: la apuesta sectorial por la bicircularidad descarbonizada - ASPACK NEWS\" \/>\n<meta property=\"og:description\" content=\"En su sexta edici\u00f3n trienal, la Memoria de Sostenibilidad del Papel se estructura en torno a los cuatro ejes de actuaci\u00f3n estrat\u00e9gicos del sector\" \/>\n<meta property=\"og:url\" content=\"http:\/\/www.aspack.es\/news\/nueva-memoria-de-sostenibilidad-del-papel-la-apuesta-sectorial-por-la-bicircularidad-descarbonizada\/\" \/>\n<meta property=\"og:site_name\" content=\"ASPACK NEWS\" \/>\n<meta property=\"article:published_time\" content=\"2022-01-24T13:21:26+00:00\" \/>\n<meta property=\"article:modified_time\" content=\"2022-02-28T13:48:14+00:00\" \/>\n<meta property=\"og:image\" content=\"http:\/\/www.aspack.es\/news\/wp-content\/uploads\/2022\/01\/Fotos-articulos-17-wecompress.com_.png\" \/>\n\t<meta property=\"og:image:width\" content=\"1620\" \/>\n\t<meta property=\"og:image:height\" content=\"1080\" \/>\n\t<meta property=\"og:image:type\" content=\"image\/png\" \/>\n<meta name=\"author\" content=\"admin\" \/>\n<meta name=\"twitter:card\" content=\"summary_large_image\" \/>\n<meta name=\"twitter:label1\" content=\"Escrito por\" \/>\n\t<meta name=\"twitter:data1\" content=\"admin\" \/>\n\t<meta name=\"twitter:label2\" content=\"Tiempo de lectura\" \/>\n\t<meta name=\"twitter:data2\" content=\"7 minutos\" \/>\n<script type=\"application\/ld+json\" class=\"yoast-schema-graph\">{\"@context\":\"https:\/\/schema.org\",\"@graph\":[{\"@type\":\"WebPage\",\"@id\":\"http:\/\/www.aspack.es\/news\/nueva-memoria-de-sostenibilidad-del-papel-la-apuesta-sectorial-por-la-bicircularidad-descarbonizada\/\",\"url\":\"http:\/\/www.aspack.es\/news\/nueva-memoria-de-sostenibilidad-del-papel-la-apuesta-sectorial-por-la-bicircularidad-descarbonizada\/\",\"name\":\"Nueva Memoria de Sostenibilidad del Papel: la apuesta sectorial por la bicircularidad descarbonizada - ASPACK NEWS\",\"isPartOf\":{\"@id\":\"http:\/\/www.aspack.es\/news\/#website\"},\"primaryImageOfPage\":{\"@id\":\"http:\/\/www.aspack.es\/news\/nueva-memoria-de-sostenibilidad-del-papel-la-apuesta-sectorial-por-la-bicircularidad-descarbonizada\/#primaryimage\"},\"image\":{\"@id\":\"http:\/\/www.aspack.es\/news\/nueva-memoria-de-sostenibilidad-del-papel-la-apuesta-sectorial-por-la-bicircularidad-descarbonizada\/#primaryimage\"},\"thumbnailUrl\":\"http:\/\/www.aspack.es\/news\/wp-content\/uploads\/2022\/01\/Fotos-articulos-17-wecompress.com_.png\",\"datePublished\":\"2022-01-24T13:21:26+00:00\",\"dateModified\":\"2022-02-28T13:48:14+00:00\",\"author\":{\"@id\":\"http:\/\/www.aspack.es\/news\/#\/schema\/person\/0019098322836346476fc7dfdbd26d95\"},\"description\":\"En su sexta edici\u00f3n trienal, la Memoria de Sostenibilidad del Papel se estructura en torno a los cuatro ejes de actuaci\u00f3n estrat\u00e9gicos del sector\",\"breadcrumb\":{\"@id\":\"http:\/\/www.aspack.es\/news\/nueva-memoria-de-sostenibilidad-del-papel-la-apuesta-sectorial-por-la-bicircularidad-descarbonizada\/#breadcrumb\"},\"inLanguage\":\"es\",\"potentialAction\":[{\"@type\":\"ReadAction\",\"target\":[\"http:\/\/www.aspack.es\/news\/nueva-memoria-de-sostenibilidad-del-papel-la-apuesta-sectorial-por-la-bicircularidad-descarbonizada\/\"]}]},{\"@type\":\"ImageObject\",\"inLanguage\":\"es\",\"@id\":\"http:\/\/www.aspack.es\/news\/nueva-memoria-de-sostenibilidad-del-papel-la-apuesta-sectorial-por-la-bicircularidad-descarbonizada\/#primaryimage\",\"url\":\"http:\/\/www.aspack.es\/news\/wp-content\/uploads\/2022\/01\/Fotos-articulos-17-wecompress.com_.png\",\"contentUrl\":\"http:\/\/www.aspack.es\/news\/wp-content\/uploads\/2022\/01\/Fotos-articulos-17-wecompress.com_.png\",\"width\":1620,\"height\":1080},{\"@type\":\"BreadcrumbList\",\"@id\":\"http:\/\/www.aspack.es\/news\/nueva-memoria-de-sostenibilidad-del-papel-la-apuesta-sectorial-por-la-bicircularidad-descarbonizada\/#breadcrumb\",\"itemListElement\":[{\"@type\":\"ListItem\",\"position\":1,\"name\":\"Portada\",\"item\":\"http:\/\/www.aspack.es\/news\/\"},{\"@type\":\"ListItem\",\"position\":2,\"name\":\"Nueva Memoria de Sostenibilidad del Papel: la apuesta sectorial por la bicircularidad descarbonizada\"}]},{\"@type\":\"WebSite\",\"@id\":\"http:\/\/www.aspack.es\/news\/#website\",\"url\":\"http:\/\/www.aspack.es\/news\/\",\"name\":\"ASPACK NEWS\",\"description\":\"El peri?dico digital de los envases de cart?n\",\"potentialAction\":[{\"@type\":\"SearchAction\",\"target\":{\"@type\":\"EntryPoint\",\"urlTemplate\":\"http:\/\/www.aspack.es\/news\/?s={search_term_string}\"},\"query-input\":{\"@type\":\"PropertyValueSpecification\",\"valueRequired\":true,\"valueName\":\"search_term_string\"}}],\"inLanguage\":\"es\"},{\"@type\":\"Person\",\"@id\":\"http:\/\/www.aspack.es\/news\/#\/schema\/person\/0019098322836346476fc7dfdbd26d95\",\"name\":\"admin\",\"image\":{\"@type\":\"ImageObject\",\"inLanguage\":\"es\",\"@id\":\"http:\/\/www.aspack.es\/news\/#\/schema\/person\/image\/\",\"url\":\"https:\/\/secure.gravatar.com\/avatar\/6a6c60542c39a2d052b8b1e8c5145e669bf888b9b229b3da0e43092daac8a32e?s=96&d=mm&r=g\",\"contentUrl\":\"https:\/\/secure.gravatar.com\/avatar\/6a6c60542c39a2d052b8b1e8c5145e669bf888b9b229b3da0e43092daac8a32e?s=96&d=mm&r=g\",\"caption\":\"admin\"},\"url\":\"http:\/\/www.aspack.es\/news\/author\/admin\/\"}]}<\/script>\n<!-- \/ Yoast SEO plugin. -->","yoast_head_json":{"title":"Nueva Memoria de Sostenibilidad del Papel: la apuesta sectorial por la bicircularidad descarbonizada - ASPACK NEWS","description":"En su sexta edici\u00f3n trienal, la Memoria de Sostenibilidad del Papel se estructura en torno a los cuatro ejes de actuaci\u00f3n estrat\u00e9gicos del sector","robots":{"index":"index","follow":"follow","max-snippet":"max-snippet:-1","max-image-preview":"max-image-preview:large","max-video-preview":"max-video-preview:-1"},"canonical":"http:\/\/www.aspack.es\/news\/nueva-memoria-de-sostenibilidad-del-papel-la-apuesta-sectorial-por-la-bicircularidad-descarbonizada\/","og_locale":"es_ES","og_type":"article","og_title":"Nueva Memoria de Sostenibilidad del Papel: la apuesta sectorial por la bicircularidad descarbonizada - ASPACK NEWS","og_description":"En su sexta edici\u00f3n trienal, la Memoria de Sostenibilidad del Papel se estructura en torno a los cuatro ejes de actuaci\u00f3n estrat\u00e9gicos del sector","og_url":"http:\/\/www.aspack.es\/news\/nueva-memoria-de-sostenibilidad-del-papel-la-apuesta-sectorial-por-la-bicircularidad-descarbonizada\/","og_site_name":"ASPACK NEWS","article_published_time":"2022-01-24T13:21:26+00:00","article_modified_time":"2022-02-28T13:48:14+00:00","og_image":[{"width":1620,"height":1080,"url":"http:\/\/www.aspack.es\/news\/wp-content\/uploads\/2022\/01\/Fotos-articulos-17-wecompress.com_.png","type":"image\/png"}],"author":"admin","twitter_card":"summary_large_image","twitter_misc":{"Escrito por":"admin","Tiempo de lectura":"7 minutos"},"schema":{"@context":"https:\/\/schema.org","@graph":[{"@type":"WebPage","@id":"http:\/\/www.aspack.es\/news\/nueva-memoria-de-sostenibilidad-del-papel-la-apuesta-sectorial-por-la-bicircularidad-descarbonizada\/","url":"http:\/\/www.aspack.es\/news\/nueva-memoria-de-sostenibilidad-del-papel-la-apuesta-sectorial-por-la-bicircularidad-descarbonizada\/","name":"Nueva Memoria de Sostenibilidad del Papel: la apuesta sectorial por la bicircularidad descarbonizada - ASPACK NEWS","isPartOf":{"@id":"http:\/\/www.aspack.es\/news\/#website"},"primaryImageOfPage":{"@id":"http:\/\/www.aspack.es\/news\/nueva-memoria-de-sostenibilidad-del-papel-la-apuesta-sectorial-por-la-bicircularidad-descarbonizada\/#primaryimage"},"image":{"@id":"http:\/\/www.aspack.es\/news\/nueva-memoria-de-sostenibilidad-del-papel-la-apuesta-sectorial-por-la-bicircularidad-descarbonizada\/#primaryimage"},"thumbnailUrl":"http:\/\/www.aspack.es\/news\/wp-content\/uploads\/2022\/01\/Fotos-articulos-17-wecompress.com_.png","datePublished":"2022-01-24T13:21:26+00:00","dateModified":"2022-02-28T13:48:14+00:00","author":{"@id":"http:\/\/www.aspack.es\/news\/#\/schema\/person\/0019098322836346476fc7dfdbd26d95"},"description":"En su sexta edici\u00f3n trienal, la Memoria de Sostenibilidad del Papel se estructura en torno a los cuatro ejes de actuaci\u00f3n estrat\u00e9gicos del sector","breadcrumb":{"@id":"http:\/\/www.aspack.es\/news\/nueva-memoria-de-sostenibilidad-del-papel-la-apuesta-sectorial-por-la-bicircularidad-descarbonizada\/#breadcrumb"},"inLanguage":"es","potentialAction":[{"@type":"ReadAction","target":["http:\/\/www.aspack.es\/news\/nueva-memoria-de-sostenibilidad-del-papel-la-apuesta-sectorial-por-la-bicircularidad-descarbonizada\/"]}]},{"@type":"ImageObject","inLanguage":"es","@id":"http:\/\/www.aspack.es\/news\/nueva-memoria-de-sostenibilidad-del-papel-la-apuesta-sectorial-por-la-bicircularidad-descarbonizada\/#primaryimage","url":"http:\/\/www.aspack.es\/news\/wp-content\/uploads\/2022\/01\/Fotos-articulos-17-wecompress.com_.png","contentUrl":"http:\/\/www.aspack.es\/news\/wp-content\/uploads\/2022\/01\/Fotos-articulos-17-wecompress.com_.png","width":1620,"height":1080},{"@type":"BreadcrumbList","@id":"http:\/\/www.aspack.es\/news\/nueva-memoria-de-sostenibilidad-del-papel-la-apuesta-sectorial-por-la-bicircularidad-descarbonizada\/#breadcrumb","itemListElement":[{"@type":"ListItem","position":1,"name":"Portada","item":"http:\/\/www.aspack.es\/news\/"},{"@type":"ListItem","position":2,"name":"Nueva Memoria de Sostenibilidad del Papel: la apuesta sectorial por la bicircularidad descarbonizada"}]},{"@type":"WebSite","@id":"http:\/\/www.aspack.es\/news\/#website","url":"http:\/\/www.aspack.es\/news\/","name":"ASPACK NEWS","description":"El peri?dico digital de los envases de cart?n","potentialAction":[{"@type":"SearchAction","target":{"@type":"EntryPoint","urlTemplate":"http:\/\/www.aspack.es\/news\/?s={search_term_string}"},"query-input":{"@type":"PropertyValueSpecification","valueRequired":true,"valueName":"search_term_string"}}],"inLanguage":"es"},{"@type":"Person","@id":"http:\/\/www.aspack.es\/news\/#\/schema\/person\/0019098322836346476fc7dfdbd26d95","name":"admin","image":{"@type":"ImageObject","inLanguage":"es","@id":"http:\/\/www.aspack.es\/news\/#\/schema\/person\/image\/","url":"https:\/\/secure.gravatar.com\/avatar\/6a6c60542c39a2d052b8b1e8c5145e669bf888b9b229b3da0e43092daac8a32e?s=96&d=mm&r=g","contentUrl":"https:\/\/secure.gravatar.com\/avatar\/6a6c60542c39a2d052b8b1e8c5145e669bf888b9b229b3da0e43092daac8a32e?s=96&d=mm&r=g","caption":"admin"},"url":"http:\/\/www.aspack.es\/news\/author\/admin\/"}]}},"_links":{"self":[{"href":"http:\/\/www.aspack.es\/news\/wp-json\/wp\/v2\/posts\/1569","targetHints":{"allow":["GET"]}}],"collection":[{"href":"http:\/\/www.aspack.es\/news\/wp-json\/wp\/v2\/posts"}],"about":[{"href":"http:\/\/www.aspack.es\/news\/wp-json\/wp\/v2\/types\/post"}],"author":[{"embeddable":true,"href":"http:\/\/www.aspack.es\/news\/wp-json\/wp\/v2\/users\/1"}],"replies":[{"embeddable":true,"href":"http:\/\/www.aspack.es\/news\/wp-json\/wp\/v2\/comments?post=1569"}],"version-history":[{"count":3,"href":"http:\/\/www.aspack.es\/news\/wp-json\/wp\/v2\/posts\/1569\/revisions"}],"predecessor-version":[{"id":1574,"href":"http:\/\/www.aspack.es\/news\/wp-json\/wp\/v2\/posts\/1569\/revisions\/1574"}],"wp:featuredmedia":[{"embeddable":true,"href":"http:\/\/www.aspack.es\/news\/wp-json\/wp\/v2\/media\/1573"}],"wp:attachment":[{"href":"http:\/\/www.aspack.es\/news\/wp-json\/wp\/v2\/media?parent=1569"}],"wp:term":[{"taxonomy":"category","embeddable":true,"href":"http:\/\/www.aspack.es\/news\/wp-json\/wp\/v2\/categories?post=1569"},{"taxonomy":"post_tag","embeddable":true,"href":"http:\/\/www.aspack.es\/news\/wp-json\/wp\/v2\/tags?post=1569"}],"curies":[{"name":"wp","href":"https:\/\/api.w.org\/{rel}","templated":true}]}}