{"id":1580,"date":"2022-01-31T12:04:29","date_gmt":"2022-01-31T12:04:29","guid":{"rendered":"http:\/\/www.aspack.es\/news\/?p=1580"},"modified":"2022-02-28T13:48:48","modified_gmt":"2022-02-28T13:48:48","slug":"cuales-son-las-tendencias-globales-de-consumo-para-2022","status":"publish","type":"post","link":"http:\/\/www.aspack.es\/news\/cuales-son-las-tendencias-globales-de-consumo-para-2022\/","title":{"rendered":"\u00bfCu\u00e1les son las tendencias globales de consumo para 2022?"},"content":{"rendered":"\n<p>Cada a\u00f1o, Euromonitor International identifica tendencias emergentes y de r\u00e1pida evoluci\u00f3n que se espera ganen terreno el a\u00f1o siguiente. El cambio fue la \u00fanica constante en los \u00faltimos dos a\u00f1os. Los radicales cambios en el estilo de vida motivaron a los consumidores a tomar decisiones intencionales, conscientes y ambiciosas. Ahora, el mundo va camino a la recuperaci\u00f3n. El acceso y la acci\u00f3n son los factores detr\u00e1s de las 10 principales tendencias globales de consumo para 2022.<\/p>\n\n\n\n<p><strong>Entre&nbsp;las 10 principales tendencias globales de consumo&nbsp;se identificaron:<\/strong><\/p>\n\n\n\n<ul class=\"wp-block-list\"><li>BUSCADORES DEL PLAN B&nbsp;:&nbsp;<strong>En 2021, 28%<\/strong>&nbsp;<strong>de los consumidores intentaron comprar productos abastecidos localmente.&nbsp;<\/strong>Los Buscadores del plan B se est\u00e1n adelantando a la multitud, tomando el control y usando la tecnolog\u00eda para pasar al frente&nbsp;de la fila cuando los suministros se ven amenazados. Si se sienten frustrados, los Buscadores del plan B est\u00e1n recurriendo a la siguiente mejor opci\u00f3n, buscando alternativas y, en algunos casos, postergando compras o cambiando h\u00e1bitos de compra.&nbsp;<strong>36%&nbsp;de los profesionales esperaban que la escasez de suministro fuera el efecto m\u00e1s significativo de la pandemia de COVID-19 en la cadena de suministro de su compa\u00f1\u00eda.&nbsp;<\/strong><\/li><\/ul>\n\n\n\n<div class=\"wp-block-image\"><figure class=\"alignright size-large is-resized\"><img decoding=\"async\" src=\"http:\/\/www.aspack.es\/news\/wp-content\/uploads\/2022\/01\/plan-b-wecompress.com_-1.jpg\" alt=\"\" class=\"wp-image-1584\" width=\"-375\" height=\"-313\" srcset=\"http:\/\/www.aspack.es\/news\/wp-content\/uploads\/2022\/01\/plan-b-wecompress.com_-1.jpg 792w, http:\/\/www.aspack.es\/news\/wp-content\/uploads\/2022\/01\/plan-b-wecompress.com_-1-300x251.jpg 300w, http:\/\/www.aspack.es\/news\/wp-content\/uploads\/2022\/01\/plan-b-wecompress.com_-1-768x642.jpg 768w, http:\/\/www.aspack.es\/news\/wp-content\/uploads\/2022\/01\/plan-b-wecompress.com_-1-480x401.jpg 480w, http:\/\/www.aspack.es\/news\/wp-content\/uploads\/2022\/01\/plan-b-wecompress.com_-1-598x500.jpg 598w\" sizes=\"(max-width: 792px) 100vw, 792px\" \/><\/figure><\/div>\n\n\n\n<p>A fines de 2022, las cadenas de suministro deber\u00edan comenzar a estabilizarse y el acceso a los productos deber\u00eda volver a los niveles anteriores al COVID-19. Sin embargo, los nuevos h\u00e1bitos de compra definir\u00e1n c\u00f3mo los Buscadores del plan B descubren y seleccionan productos, desde marcas de origen local hasta marcas directas al consumidor y servicios de suscripci\u00f3n. La localizaci\u00f3n y la optimizaci\u00f3n se convertir\u00e1n en la norma. Las empresas y los distribuidores deben utilizar datos&nbsp;para mejorar la visibilidad de la cadena de suministro, perfeccionar las operaciones y repensar las&nbsp;inversiones.&nbsp;<\/p>\n\n\n\n<p><\/p>\n\n\n\n<ul class=\"wp-block-list\"><li>LOS QUE&nbsp;&nbsp;CAMBIAN EL CLIMA:&nbsp;<strong>En 2021, 67%&nbsp;de los consumidores intentaron tener un impacto positivo en el medioambiente a trav\u00e9s de sus acciones diarias&nbsp;<\/strong>.&nbsp;Para ganarse a&nbsp;los que cambian el clima, las empresas deben ofrecer productos con certificaci\u00f3n de huella de carbono. El etiquetado transparente de productos neutros en carbono genera confianza y permite a los consumidores tomar decisiones informadas<strong>. 78%<\/strong>&nbsp;<strong>de los profesionales piensan que el cambio clim\u00e1tico afectar\u00e1 la demanda de los consumidores, cambiando conductas, necesidades y preferencias&nbsp;<\/strong>En 2021, 39% de los profesionales indicaron que su empresa planea invertir en innovaci\u00f3n de productos bajos en carbono y en el desarrollo y lanzamiento de productos amigables con el clima. En 2021, 43% de los profesionales informaron que la falta de voluntad del consumidor para pagar m\u00e1s por estos productos constituye una barrera importante que obstaculiza las iniciativas de sostenibilidad empresarial.&nbsp;<\/li><\/ul>\n\n\n\n<div class=\"wp-block-image\"><figure class=\"alignleft size-large is-resized\"><img decoding=\"async\" src=\"http:\/\/www.aspack.es\/news\/wp-content\/uploads\/2022\/01\/cambio-climatico-wecompress.com_-1.jpg\" alt=\"\" class=\"wp-image-1585\" width=\"-431\" height=\"-385\" srcset=\"http:\/\/www.aspack.es\/news\/wp-content\/uploads\/2022\/01\/cambio-climatico-wecompress.com_-1.jpg 806w, http:\/\/www.aspack.es\/news\/wp-content\/uploads\/2022\/01\/cambio-climatico-wecompress.com_-1-300x268.jpg 300w, http:\/\/www.aspack.es\/news\/wp-content\/uploads\/2022\/01\/cambio-climatico-wecompress.com_-1-768x686.jpg 768w, http:\/\/www.aspack.es\/news\/wp-content\/uploads\/2022\/01\/cambio-climatico-wecompress.com_-1-480x429.jpg 480w, http:\/\/www.aspack.es\/news\/wp-content\/uploads\/2022\/01\/cambio-climatico-wecompress.com_-1-560x500.jpg 560w\" sizes=\"(max-width: 806px) 100vw, 806px\" \/><\/figure><\/div>\n\n\n\n<p>La innovaci\u00f3n digital est\u00e1 remodelando la forma en que los minoristas, fabricantes y consumidores hacen la transici\u00f3n a una nueva era de transparencia ambiental. Las herramientas tecnol\u00f3gicas, tales como el etiquetado digital de productos y las aplicaciones de rastreo m\u00f3vil, ayudan a los consumidores a rastrear en sus tel\u00e9fonos&nbsp;las declaraciones \u00e9ticas, su huella de carbono y los h\u00e1bitos de reciclaje. Los Millennials y la Generaci\u00f3n Z, especialmente, sienten que pueden cambiar las cosas en el mundo a trav\u00e9s de sus decisiones. Este grupo del futuro que m\u00e1s gasta utilizar\u00e1 herramientas para asegurar un impacto clim\u00e1tico m\u00ednimo.&nbsp;<\/p>\n\n\n\n<p><\/p>\n\n\n\n<ul class=\"wp-block-list\"><li>ADULTOS MAYORES DIGITALES&nbsp;<strong>:&nbsp;45%<\/strong>&nbsp;<strong>de los consumidores mayores de 60 a\u00f1os usaron un servicio bancario m\u00f3vil al menos semanalmente.&nbsp;<\/strong>La poblaci\u00f3n mundial mayor de 60 a\u00f1os crecer\u00e1 un 65% entre 2021 y 2040, llegando a m\u00e1s de dos mil millones de&nbsp;personas. Adem\u00e1s de navegar y comprar en l\u00ednea, los Adultos mayores digitales adoptan soluciones virtuales para socializar, chequeos de salud, finanzas y aprendizaje.&nbsp;<strong>En 2021, 82%&nbsp;de los consumidores mayores de 60 a\u00f1os fueron due\u00f1os de un tel\u00e9fono inteligente.&nbsp;<\/strong>A medida que los consumidores mayores adopten la tecnolog\u00eda, las interacciones humanas seguir\u00e1n siendo un componente predominante de c\u00f3mo ellos interact\u00faan con las marcas. Tecnolog\u00eda f\u00e1cil de usar y soluciones integradas combinadas con comunicaci\u00f3n en persona, definen el futuro de la inclusi\u00f3n digital para los adultos mayores.<br>La creaci\u00f3n de un plan \u00e1gil dirigido tanto a los Adultos mayores digitales como a los principiantes mayores mejorar\u00e1 el retorno de la inversi\u00f3n.<\/li><\/ul>\n\n\n\n<div class=\"wp-block-image\"><figure class=\"aligncenter size-large is-resized\"><img decoding=\"async\" src=\"http:\/\/www.aspack.es\/news\/wp-content\/uploads\/2022\/01\/mayores-de-60-wecompress.com_-1.jpg\" alt=\"\" class=\"wp-image-1586\" width=\"-456\" height=\"-373\" srcset=\"http:\/\/www.aspack.es\/news\/wp-content\/uploads\/2022\/01\/mayores-de-60-wecompress.com_-1.jpg 830w, http:\/\/www.aspack.es\/news\/wp-content\/uploads\/2022\/01\/mayores-de-60-wecompress.com_-1-300x246.jpg 300w, http:\/\/www.aspack.es\/news\/wp-content\/uploads\/2022\/01\/mayores-de-60-wecompress.com_-1-768x629.jpg 768w, http:\/\/www.aspack.es\/news\/wp-content\/uploads\/2022\/01\/mayores-de-60-wecompress.com_-1-480x393.jpg 480w, http:\/\/www.aspack.es\/news\/wp-content\/uploads\/2022\/01\/mayores-de-60-wecompress.com_-1-610x500.jpg 610w\" sizes=\"(max-width: 830px) 100vw, 830px\" \/><\/figure><\/div>\n\n\n\n<p><strong><u>\u00bf<\/u><\/strong><strong><u>C<\/u><\/strong><strong><u>\u00f3mo responden las empresas a los consumidores en 2022?&nbsp;<\/u><\/strong><\/p>\n\n\n\n<p>Los modelos de negocios y las redes log\u00edsticas tradicionales est\u00e1n siendo desafiados. Las empresas deben evolucionar tan r\u00e1pido como cambia la conducta de los consumidores. En el mundo actual, los h\u00e1bitos de compra del pasado no implican necesariamente lealtad de marca.&nbsp;<\/p>\n\n\n\n<p>Las empresas exitosas se encontrar\u00e1n con los consumidores en sus t\u00e9rminos.<br>Las relaciones con los clientes ya no pueden ser transaccionales. El desarrollo de conexiones profundas y de apoyo empujar\u00e1 a las empresas m\u00e1s all\u00e1 de la compra para ser vistas como aliados. Los consumidores preferir\u00e1n y confiar\u00e1n en las marcas humanizadas.&nbsp;<\/p>\n\n\n\n<p>La experiencia del cliente debe ser multifac\u00e9tica. Las empresas podr\u00edan perder clientes si la experiencia no es fluida y personalizada. Los modelos h\u00edbridos efectivos permiten a las empresas girar entre compromisos en persona y virtuales, mientras que el futuro cercano sigue siendo impredecible. Desde la simplificaci\u00f3n de la tecnolog\u00eda para los principiantes hasta la exploraci\u00f3n del metaverso, la personalizaci\u00f3n de las experiencias digitales basadas en el p\u00fablico objetivo es crucial.&nbsp;<\/p>\n\n\n\n<p>La sostenibilidad es una ventaja competitiva renovada. Los consumidores se inclinar\u00e1n por productos y comunidades ecol\u00f3gicos. Nuevos canales de distribuci\u00f3n y v\u00edas comerciales, tales como estrategias directas al consumidor o programas de recompra, podr\u00edan ofrecer canales de ingresos adicionales. Las empresas deben considerar alianzas con otros actores en todos los sectores para compartir recursos, expandir el alcance y lograr objetivos m\u00e1s all\u00e1 de sus capacidades operativas actuales. Los clientes se mueven. Las empresas deben moverse con ellos o arriesgarse a perderlos.&nbsp;<\/p>\n\n\n\n<p><em>Para poder leer el pdf completo, dejamos el enlace de descarga de&nbsp;<\/em><a href=\"https:\/\/go.euromonitor.com\/white-paper-EC-2022-Top-10-Global-Consumer-Trends-SP.html\"><em>Euromonitor International<\/em><\/a><em>.&nbsp;<\/em><em><\/em><\/p>\n","protected":false},"excerpt":{"rendered":"<p>Cada a\u00f1o, Euromonitor International identifica tendencias emergentes y de r\u00e1pida evoluci\u00f3n que se espera ganen terreno el a\u00f1o siguiente. El cambio fue la \u00fanica constante en los \u00faltimos dos a\u00f1os. Los radicales cambios en el estilo de vida motivaron a los consumidores a tomar decisiones intencionales, conscientes y ambiciosas. Ahora, el mundo va camino a&hellip;<\/p>\n","protected":false},"author":1,"featured_media":1587,"comment_status":"closed","ping_status":"open","sticky":false,"template":"","format":"standard","meta":{"footnotes":""},"categories":[18,17],"tags":[],"class_list":["post-1580","post","type-post","status-publish","format-standard","has-post-thumbnail","hentry","category-asociados","category-el-sector"],"yoast_head":"<!-- This site is optimized with the Yoast SEO plugin v25.9 - https:\/\/yoast.com\/wordpress\/plugins\/seo\/ -->\n<title>\u00bfCu\u00e1les son las tendencias globales de consumo para 2022? - ASPACK NEWS<\/title>\n<meta name=\"description\" content=\"Cada a\u00f1o, Euromonitor International identifica tendencias emergentes y de r\u00e1pida evoluci\u00f3n que se espera ganen terreno el a\u00f1o siguiente\" \/>\n<meta name=\"robots\" content=\"index, follow, max-snippet:-1, max-image-preview:large, max-video-preview:-1\" \/>\n<link rel=\"canonical\" href=\"http:\/\/www.aspack.es\/news\/cuales-son-las-tendencias-globales-de-consumo-para-2022\/\" \/>\n<meta property=\"og:locale\" content=\"es_ES\" \/>\n<meta property=\"og:type\" content=\"article\" \/>\n<meta property=\"og:title\" content=\"\u00bfCu\u00e1les son las tendencias globales de consumo para 2022? - ASPACK NEWS\" \/>\n<meta property=\"og:description\" content=\"Cada a\u00f1o, Euromonitor International identifica tendencias emergentes y de r\u00e1pida evoluci\u00f3n que se espera ganen terreno el a\u00f1o siguiente\" \/>\n<meta property=\"og:url\" content=\"http:\/\/www.aspack.es\/news\/cuales-son-las-tendencias-globales-de-consumo-para-2022\/\" \/>\n<meta property=\"og:site_name\" content=\"ASPACK NEWS\" \/>\n<meta property=\"article:published_time\" content=\"2022-01-31T12:04:29+00:00\" \/>\n<meta property=\"article:modified_time\" content=\"2022-02-28T13:48:48+00:00\" \/>\n<meta property=\"og:image\" content=\"http:\/\/www.aspack.es\/news\/wp-content\/uploads\/2022\/01\/10-tendencias-wecompress.com_.jpg\" \/>\n\t<meta property=\"og:image:width\" content=\"1514\" \/>\n\t<meta property=\"og:image:height\" content=\"926\" \/>\n\t<meta property=\"og:image:type\" content=\"image\/jpeg\" \/>\n<meta name=\"author\" content=\"admin\" \/>\n<meta name=\"twitter:card\" content=\"summary_large_image\" \/>\n<meta name=\"twitter:label1\" content=\"Escrito por\" \/>\n\t<meta name=\"twitter:data1\" content=\"admin\" \/>\n\t<meta name=\"twitter:label2\" content=\"Tiempo de lectura\" \/>\n\t<meta name=\"twitter:data2\" content=\"5 minutos\" \/>\n<script type=\"application\/ld+json\" class=\"yoast-schema-graph\">{\"@context\":\"https:\/\/schema.org\",\"@graph\":[{\"@type\":\"WebPage\",\"@id\":\"http:\/\/www.aspack.es\/news\/cuales-son-las-tendencias-globales-de-consumo-para-2022\/\",\"url\":\"http:\/\/www.aspack.es\/news\/cuales-son-las-tendencias-globales-de-consumo-para-2022\/\",\"name\":\"\u00bfCu\u00e1les son las tendencias globales de consumo para 2022? - ASPACK NEWS\",\"isPartOf\":{\"@id\":\"http:\/\/www.aspack.es\/news\/#website\"},\"primaryImageOfPage\":{\"@id\":\"http:\/\/www.aspack.es\/news\/cuales-son-las-tendencias-globales-de-consumo-para-2022\/#primaryimage\"},\"image\":{\"@id\":\"http:\/\/www.aspack.es\/news\/cuales-son-las-tendencias-globales-de-consumo-para-2022\/#primaryimage\"},\"thumbnailUrl\":\"http:\/\/www.aspack.es\/news\/wp-content\/uploads\/2022\/01\/10-tendencias-wecompress.com_.jpg\",\"datePublished\":\"2022-01-31T12:04:29+00:00\",\"dateModified\":\"2022-02-28T13:48:48+00:00\",\"author\":{\"@id\":\"http:\/\/www.aspack.es\/news\/#\/schema\/person\/0019098322836346476fc7dfdbd26d95\"},\"description\":\"Cada a\u00f1o, Euromonitor International identifica tendencias emergentes y de r\u00e1pida evoluci\u00f3n que se espera ganen terreno el a\u00f1o siguiente\",\"breadcrumb\":{\"@id\":\"http:\/\/www.aspack.es\/news\/cuales-son-las-tendencias-globales-de-consumo-para-2022\/#breadcrumb\"},\"inLanguage\":\"es\",\"potentialAction\":[{\"@type\":\"ReadAction\",\"target\":[\"http:\/\/www.aspack.es\/news\/cuales-son-las-tendencias-globales-de-consumo-para-2022\/\"]}]},{\"@type\":\"ImageObject\",\"inLanguage\":\"es\",\"@id\":\"http:\/\/www.aspack.es\/news\/cuales-son-las-tendencias-globales-de-consumo-para-2022\/#primaryimage\",\"url\":\"http:\/\/www.aspack.es\/news\/wp-content\/uploads\/2022\/01\/10-tendencias-wecompress.com_.jpg\",\"contentUrl\":\"http:\/\/www.aspack.es\/news\/wp-content\/uploads\/2022\/01\/10-tendencias-wecompress.com_.jpg\",\"width\":1514,\"height\":926,\"caption\":\"tendencias globales de consumo para 2022\"},{\"@type\":\"BreadcrumbList\",\"@id\":\"http:\/\/www.aspack.es\/news\/cuales-son-las-tendencias-globales-de-consumo-para-2022\/#breadcrumb\",\"itemListElement\":[{\"@type\":\"ListItem\",\"position\":1,\"name\":\"Portada\",\"item\":\"http:\/\/www.aspack.es\/news\/\"},{\"@type\":\"ListItem\",\"position\":2,\"name\":\"\u00bfCu\u00e1les son las tendencias globales de consumo para 2022?\"}]},{\"@type\":\"WebSite\",\"@id\":\"http:\/\/www.aspack.es\/news\/#website\",\"url\":\"http:\/\/www.aspack.es\/news\/\",\"name\":\"ASPACK NEWS\",\"description\":\"El peri?dico digital de los envases de cart?n\",\"potentialAction\":[{\"@type\":\"SearchAction\",\"target\":{\"@type\":\"EntryPoint\",\"urlTemplate\":\"http:\/\/www.aspack.es\/news\/?s={search_term_string}\"},\"query-input\":{\"@type\":\"PropertyValueSpecification\",\"valueRequired\":true,\"valueName\":\"search_term_string\"}}],\"inLanguage\":\"es\"},{\"@type\":\"Person\",\"@id\":\"http:\/\/www.aspack.es\/news\/#\/schema\/person\/0019098322836346476fc7dfdbd26d95\",\"name\":\"admin\",\"image\":{\"@type\":\"ImageObject\",\"inLanguage\":\"es\",\"@id\":\"http:\/\/www.aspack.es\/news\/#\/schema\/person\/image\/\",\"url\":\"https:\/\/secure.gravatar.com\/avatar\/6a6c60542c39a2d052b8b1e8c5145e669bf888b9b229b3da0e43092daac8a32e?s=96&d=mm&r=g\",\"contentUrl\":\"https:\/\/secure.gravatar.com\/avatar\/6a6c60542c39a2d052b8b1e8c5145e669bf888b9b229b3da0e43092daac8a32e?s=96&d=mm&r=g\",\"caption\":\"admin\"},\"url\":\"http:\/\/www.aspack.es\/news\/author\/admin\/\"}]}<\/script>\n<!-- \/ Yoast SEO plugin. -->","yoast_head_json":{"title":"\u00bfCu\u00e1les son las tendencias globales de consumo para 2022? - ASPACK NEWS","description":"Cada a\u00f1o, Euromonitor International identifica tendencias emergentes y de r\u00e1pida evoluci\u00f3n que se espera ganen terreno el a\u00f1o siguiente","robots":{"index":"index","follow":"follow","max-snippet":"max-snippet:-1","max-image-preview":"max-image-preview:large","max-video-preview":"max-video-preview:-1"},"canonical":"http:\/\/www.aspack.es\/news\/cuales-son-las-tendencias-globales-de-consumo-para-2022\/","og_locale":"es_ES","og_type":"article","og_title":"\u00bfCu\u00e1les son las tendencias globales de consumo para 2022? - ASPACK NEWS","og_description":"Cada a\u00f1o, Euromonitor International identifica tendencias emergentes y de r\u00e1pida evoluci\u00f3n que se espera ganen terreno el a\u00f1o siguiente","og_url":"http:\/\/www.aspack.es\/news\/cuales-son-las-tendencias-globales-de-consumo-para-2022\/","og_site_name":"ASPACK NEWS","article_published_time":"2022-01-31T12:04:29+00:00","article_modified_time":"2022-02-28T13:48:48+00:00","og_image":[{"width":1514,"height":926,"url":"http:\/\/www.aspack.es\/news\/wp-content\/uploads\/2022\/01\/10-tendencias-wecompress.com_.jpg","type":"image\/jpeg"}],"author":"admin","twitter_card":"summary_large_image","twitter_misc":{"Escrito por":"admin","Tiempo de lectura":"5 minutos"},"schema":{"@context":"https:\/\/schema.org","@graph":[{"@type":"WebPage","@id":"http:\/\/www.aspack.es\/news\/cuales-son-las-tendencias-globales-de-consumo-para-2022\/","url":"http:\/\/www.aspack.es\/news\/cuales-son-las-tendencias-globales-de-consumo-para-2022\/","name":"\u00bfCu\u00e1les son las tendencias globales de consumo para 2022? - ASPACK NEWS","isPartOf":{"@id":"http:\/\/www.aspack.es\/news\/#website"},"primaryImageOfPage":{"@id":"http:\/\/www.aspack.es\/news\/cuales-son-las-tendencias-globales-de-consumo-para-2022\/#primaryimage"},"image":{"@id":"http:\/\/www.aspack.es\/news\/cuales-son-las-tendencias-globales-de-consumo-para-2022\/#primaryimage"},"thumbnailUrl":"http:\/\/www.aspack.es\/news\/wp-content\/uploads\/2022\/01\/10-tendencias-wecompress.com_.jpg","datePublished":"2022-01-31T12:04:29+00:00","dateModified":"2022-02-28T13:48:48+00:00","author":{"@id":"http:\/\/www.aspack.es\/news\/#\/schema\/person\/0019098322836346476fc7dfdbd26d95"},"description":"Cada a\u00f1o, Euromonitor International identifica tendencias emergentes y de r\u00e1pida evoluci\u00f3n que se espera ganen terreno el a\u00f1o siguiente","breadcrumb":{"@id":"http:\/\/www.aspack.es\/news\/cuales-son-las-tendencias-globales-de-consumo-para-2022\/#breadcrumb"},"inLanguage":"es","potentialAction":[{"@type":"ReadAction","target":["http:\/\/www.aspack.es\/news\/cuales-son-las-tendencias-globales-de-consumo-para-2022\/"]}]},{"@type":"ImageObject","inLanguage":"es","@id":"http:\/\/www.aspack.es\/news\/cuales-son-las-tendencias-globales-de-consumo-para-2022\/#primaryimage","url":"http:\/\/www.aspack.es\/news\/wp-content\/uploads\/2022\/01\/10-tendencias-wecompress.com_.jpg","contentUrl":"http:\/\/www.aspack.es\/news\/wp-content\/uploads\/2022\/01\/10-tendencias-wecompress.com_.jpg","width":1514,"height":926,"caption":"tendencias globales de consumo para 2022"},{"@type":"BreadcrumbList","@id":"http:\/\/www.aspack.es\/news\/cuales-son-las-tendencias-globales-de-consumo-para-2022\/#breadcrumb","itemListElement":[{"@type":"ListItem","position":1,"name":"Portada","item":"http:\/\/www.aspack.es\/news\/"},{"@type":"ListItem","position":2,"name":"\u00bfCu\u00e1les son las tendencias globales de consumo para 2022?"}]},{"@type":"WebSite","@id":"http:\/\/www.aspack.es\/news\/#website","url":"http:\/\/www.aspack.es\/news\/","name":"ASPACK NEWS","description":"El peri?dico digital de los envases de cart?n","potentialAction":[{"@type":"SearchAction","target":{"@type":"EntryPoint","urlTemplate":"http:\/\/www.aspack.es\/news\/?s={search_term_string}"},"query-input":{"@type":"PropertyValueSpecification","valueRequired":true,"valueName":"search_term_string"}}],"inLanguage":"es"},{"@type":"Person","@id":"http:\/\/www.aspack.es\/news\/#\/schema\/person\/0019098322836346476fc7dfdbd26d95","name":"admin","image":{"@type":"ImageObject","inLanguage":"es","@id":"http:\/\/www.aspack.es\/news\/#\/schema\/person\/image\/","url":"https:\/\/secure.gravatar.com\/avatar\/6a6c60542c39a2d052b8b1e8c5145e669bf888b9b229b3da0e43092daac8a32e?s=96&d=mm&r=g","contentUrl":"https:\/\/secure.gravatar.com\/avatar\/6a6c60542c39a2d052b8b1e8c5145e669bf888b9b229b3da0e43092daac8a32e?s=96&d=mm&r=g","caption":"admin"},"url":"http:\/\/www.aspack.es\/news\/author\/admin\/"}]}},"_links":{"self":[{"href":"http:\/\/www.aspack.es\/news\/wp-json\/wp\/v2\/posts\/1580","targetHints":{"allow":["GET"]}}],"collection":[{"href":"http:\/\/www.aspack.es\/news\/wp-json\/wp\/v2\/posts"}],"about":[{"href":"http:\/\/www.aspack.es\/news\/wp-json\/wp\/v2\/types\/post"}],"author":[{"embeddable":true,"href":"http:\/\/www.aspack.es\/news\/wp-json\/wp\/v2\/users\/1"}],"replies":[{"embeddable":true,"href":"http:\/\/www.aspack.es\/news\/wp-json\/wp\/v2\/comments?post=1580"}],"version-history":[{"count":4,"href":"http:\/\/www.aspack.es\/news\/wp-json\/wp\/v2\/posts\/1580\/revisions"}],"predecessor-version":[{"id":1591,"href":"http:\/\/www.aspack.es\/news\/wp-json\/wp\/v2\/posts\/1580\/revisions\/1591"}],"wp:featuredmedia":[{"embeddable":true,"href":"http:\/\/www.aspack.es\/news\/wp-json\/wp\/v2\/media\/1587"}],"wp:attachment":[{"href":"http:\/\/www.aspack.es\/news\/wp-json\/wp\/v2\/media?parent=1580"}],"wp:term":[{"taxonomy":"category","embeddable":true,"href":"http:\/\/www.aspack.es\/news\/wp-json\/wp\/v2\/categories?post=1580"},{"taxonomy":"post_tag","embeddable":true,"href":"http:\/\/www.aspack.es\/news\/wp-json\/wp\/v2\/tags?post=1580"}],"curies":[{"name":"wp","href":"https:\/\/api.w.org\/{rel}","templated":true}]}}