{"id":1601,"date":"2022-02-08T16:02:52","date_gmt":"2022-02-08T16:02:52","guid":{"rendered":"http:\/\/www.aspack.es\/news\/?p=1601"},"modified":"2022-04-01T10:42:21","modified_gmt":"2022-04-01T10:42:21","slug":"alta-satisfaccion-de-los-asistentes-a-la-primera-masterclass-de-aspack-organizada-junto-con-insco","status":"publish","type":"post","link":"http:\/\/www.aspack.es\/news\/alta-satisfaccion-de-los-asistentes-a-la-primera-masterclass-de-aspack-organizada-junto-con-insco\/","title":{"rendered":"Alta satisfacci\u00f3n de los asistentes a la primera masterclass de ASPACK organizada junto con INSCO"},"content":{"rendered":"\n<p>Cada a\u00f1o desde ASPACK organizamos formaciones como webinars, masterclass, cursos\u2026 para poder ayudar a todos nuestros asociados aport\u00e1ndoles conocimiento en \u00e1mbitos que ellos necesiten. Para ello ASPACK colabora con <a href=\"https:\/\/institutodelcarton.com\/masterclass\/mc-optimizacion-del-plegado-y-encolado-para-fondos-automaticos-y-lineales-en-envases-de-carton\/\">INSCO<\/a> (Instituto del Cart\u00f3n),&nbsp;que tienen gran contenido t\u00e9cnico sobre los diferentes procesos del cart\u00f3n, con instructores de mucha experiencia en el sector y que comparten sus conocimientos y habilidades para la resoluci\u00f3n de problemas, buenas pr\u00e1cticas y experiencias de \u00e9xito.<\/p>\n\n\n\n<p>El 25 y 26 de enero 2022 se celebr\u00f3 en formato virtual la masterclass&nbsp;de&nbsp;OPTIMIZACI\u00d3N DEL PLEGADO Y ENCOLADO PARA FONDOS AUTOM\u00c1TICOS Y LINEALES EN ENVASES DE CART\u00d3N. Asistieron 20 asociados de ASPACK y debido al alto n\u00famero de peticiones, se prefiri\u00f3 cerrar el grupo con menos personas y volver a realizar otro masterclass m\u00e1s adelante.<\/p>\n\n\n\n<p>Este programa&nbsp;estaba&nbsp;orientado&nbsp;hacia la&nbsp;optimizaci\u00f3n del proceso de fabricaci\u00f3n en los trabajos que realiza en la plegadora de&nbsp;fondos&nbsp;autom\u00e1ticos y lineales de envases de cart\u00f3n.&nbsp;Durante estas dos sesiones se estudi\u00f3&nbsp;con detalle los diferentes trabajos que se realizan en la m\u00e1quina para el plegado-encolado de envases.&nbsp;Tambi\u00e9n se&nbsp;detall\u00f3&nbsp;cada posible trabajo que se puede&nbsp;realizar, describiendo la m\u00e1quina, los problemas habituales que se presentan en su manejo y las posibles correcciones a realizar para solucionar cada uno de ellos.&nbsp;<\/p>\n\n\n\n<p>El objetivo con este curso era&nbsp;conocer las acciones y trabajos en el plegado-encolado de&nbsp;fondos autom\u00e1ticos y lineales de envases de cart\u00f3n.&nbsp;Conseguir una mayor habilidad y eficacia en la realizaci\u00f3n de estos trabajos.&nbsp;Y revisar los problemas m\u00e1s caracter\u00edsticos que pueden aparecer, analizar y detectar sus causas y las acciones necesarias para su resoluci\u00f3n.<\/p>\n\n\n\n<p>Tras est\u00e1 masterclass realizamos una encuesta de satisfacci\u00f3n para poder analizar el grado de satisfacci\u00f3n de los asistentes. En general tuvimos una mayor\u00eda de comentarios positivos.&nbsp;<\/p>\n\n\n\n<ul class=\"wp-block-list\"><li>&nbsp;Contenido del curso: Muy bueno (43%) Bueno (57%)<\/li><li>Formador:&nbsp;Muy bueno (43%) Bueno (57%)<\/li><li>Funcionalidad de la plataforma online: Muy bueno (43%) Bueno (57%)<\/li><li>Fecha del curso: Muy bueno (57%) Bueno (43%)<\/li><li>Comunicaci\u00f3n del curso: Muy bueno (57%) Bueno (43%)<\/li><\/ul>\n\n\n\n<p>Pr\u00f3ximamente anunciaremos m\u00e1s cursos en colaboraci\u00f3n con INSCO que esperemos que aporten valor formativo a nuestros asociados. Si necesita m\u00e1s informaci\u00f3n no dude en contactar con ASPACK.&nbsp;<\/p>\n","protected":false},"excerpt":{"rendered":"<p>Cada a\u00f1o desde ASPACK organizamos formaciones como webinars, masterclass, cursos\u2026 para poder ayudar a todos nuestros asociados aport\u00e1ndoles conocimiento en \u00e1mbitos que ellos necesiten. Para ello ASPACK colabora con INSCO (Instituto del Cart\u00f3n),&nbsp;que tienen gran contenido t\u00e9cnico sobre los diferentes procesos del cart\u00f3n, con instructores de mucha experiencia en el sector y que comparten sus&hellip;<\/p>\n","protected":false},"author":1,"featured_media":1605,"comment_status":"closed","ping_status":"open","sticky":false,"template":"","format":"standard","meta":{"footnotes":""},"categories":[18,17],"tags":[],"class_list":["post-1601","post","type-post","status-publish","format-standard","has-post-thumbnail","hentry","category-asociados","category-el-sector"],"yoast_head":"<!-- This site is optimized with the Yoast SEO plugin v25.9 - https:\/\/yoast.com\/wordpress\/plugins\/seo\/ -->\n<title>Alta satisfacci\u00f3n de los asistentes a la primera masterclass de ASPACK organizada junto con INSCO - ASPACK NEWS<\/title>\n<meta name=\"description\" content=\"Cada a\u00f1o desde ASPACK organizamos formaciones como webinars, masterclass, cursos\u2026 para poder ayudar a todos nuestros asociados aport\u00e1ndoles conocimiento en \u00e1mbitos que ellos necesiten\" \/>\n<meta name=\"robots\" content=\"index, follow, max-snippet:-1, max-image-preview:large, max-video-preview:-1\" \/>\n<link rel=\"canonical\" href=\"https:\/\/www.aspack.es\/news\/alta-satisfaccion-de-los-asistentes-a-la-primera-masterclass-de-aspack-organizada-junto-con-insco\/\" \/>\n<meta property=\"og:locale\" content=\"es_ES\" \/>\n<meta property=\"og:type\" content=\"article\" \/>\n<meta property=\"og:title\" content=\"Alta satisfacci\u00f3n de los asistentes a la primera masterclass de ASPACK organizada junto con INSCO - ASPACK NEWS\" \/>\n<meta property=\"og:description\" content=\"Cada a\u00f1o desde ASPACK organizamos formaciones como webinars, masterclass, cursos\u2026 para poder ayudar a todos nuestros asociados aport\u00e1ndoles conocimiento en \u00e1mbitos que ellos necesiten\" \/>\n<meta property=\"og:url\" content=\"https:\/\/www.aspack.es\/news\/alta-satisfaccion-de-los-asistentes-a-la-primera-masterclass-de-aspack-organizada-junto-con-insco\/\" \/>\n<meta property=\"og:site_name\" content=\"ASPACK NEWS\" \/>\n<meta property=\"article:published_time\" content=\"2022-02-08T16:02:52+00:00\" \/>\n<meta property=\"article:modified_time\" content=\"2022-04-01T10:42:21+00:00\" \/>\n<meta property=\"og:image\" content=\"https:\/\/www.aspack.es\/news\/wp-content\/uploads\/2022\/02\/2.png\" \/>\n\t<meta property=\"og:image:width\" content=\"1620\" \/>\n\t<meta property=\"og:image:height\" content=\"1080\" \/>\n\t<meta property=\"og:image:type\" content=\"image\/png\" \/>\n<meta name=\"author\" content=\"admin\" \/>\n<meta name=\"twitter:card\" content=\"summary_large_image\" \/>\n<meta name=\"twitter:label1\" content=\"Escrito por\" \/>\n\t<meta name=\"twitter:data1\" content=\"admin\" \/>\n\t<meta name=\"twitter:label2\" content=\"Tiempo de lectura\" \/>\n\t<meta name=\"twitter:data2\" content=\"2 minutos\" \/>\n<script type=\"application\/ld+json\" class=\"yoast-schema-graph\">{\"@context\":\"https:\/\/schema.org\",\"@graph\":[{\"@type\":\"WebPage\",\"@id\":\"https:\/\/www.aspack.es\/news\/alta-satisfaccion-de-los-asistentes-a-la-primera-masterclass-de-aspack-organizada-junto-con-insco\/\",\"url\":\"https:\/\/www.aspack.es\/news\/alta-satisfaccion-de-los-asistentes-a-la-primera-masterclass-de-aspack-organizada-junto-con-insco\/\",\"name\":\"Alta satisfacci\u00f3n de los asistentes a la primera masterclass de ASPACK organizada junto con INSCO - ASPACK NEWS\",\"isPartOf\":{\"@id\":\"http:\/\/www.aspack.es\/news\/#website\"},\"primaryImageOfPage\":{\"@id\":\"https:\/\/www.aspack.es\/news\/alta-satisfaccion-de-los-asistentes-a-la-primera-masterclass-de-aspack-organizada-junto-con-insco\/#primaryimage\"},\"image\":{\"@id\":\"https:\/\/www.aspack.es\/news\/alta-satisfaccion-de-los-asistentes-a-la-primera-masterclass-de-aspack-organizada-junto-con-insco\/#primaryimage\"},\"thumbnailUrl\":\"http:\/\/www.aspack.es\/news\/wp-content\/uploads\/2022\/02\/2.png\",\"datePublished\":\"2022-02-08T16:02:52+00:00\",\"dateModified\":\"2022-04-01T10:42:21+00:00\",\"author\":{\"@id\":\"http:\/\/www.aspack.es\/news\/#\/schema\/person\/0019098322836346476fc7dfdbd26d95\"},\"description\":\"Cada a\u00f1o desde ASPACK organizamos formaciones como webinars, masterclass, cursos\u2026 para poder ayudar a todos nuestros asociados aport\u00e1ndoles conocimiento en \u00e1mbitos que ellos necesiten\",\"breadcrumb\":{\"@id\":\"https:\/\/www.aspack.es\/news\/alta-satisfaccion-de-los-asistentes-a-la-primera-masterclass-de-aspack-organizada-junto-con-insco\/#breadcrumb\"},\"inLanguage\":\"es\",\"potentialAction\":[{\"@type\":\"ReadAction\",\"target\":[\"https:\/\/www.aspack.es\/news\/alta-satisfaccion-de-los-asistentes-a-la-primera-masterclass-de-aspack-organizada-junto-con-insco\/\"]}]},{\"@type\":\"ImageObject\",\"inLanguage\":\"es\",\"@id\":\"https:\/\/www.aspack.es\/news\/alta-satisfaccion-de-los-asistentes-a-la-primera-masterclass-de-aspack-organizada-junto-con-insco\/#primaryimage\",\"url\":\"http:\/\/www.aspack.es\/news\/wp-content\/uploads\/2022\/02\/2.png\",\"contentUrl\":\"http:\/\/www.aspack.es\/news\/wp-content\/uploads\/2022\/02\/2.png\",\"width\":1620,\"height\":1080},{\"@type\":\"BreadcrumbList\",\"@id\":\"https:\/\/www.aspack.es\/news\/alta-satisfaccion-de-los-asistentes-a-la-primera-masterclass-de-aspack-organizada-junto-con-insco\/#breadcrumb\",\"itemListElement\":[{\"@type\":\"ListItem\",\"position\":1,\"name\":\"Portada\",\"item\":\"http:\/\/www.aspack.es\/news\/\"},{\"@type\":\"ListItem\",\"position\":2,\"name\":\"Alta satisfacci\u00f3n de los asistentes a la primera masterclass de ASPACK organizada junto con INSCO\"}]},{\"@type\":\"WebSite\",\"@id\":\"http:\/\/www.aspack.es\/news\/#website\",\"url\":\"http:\/\/www.aspack.es\/news\/\",\"name\":\"ASPACK NEWS\",\"description\":\"El peri?dico digital de los envases de cart?n\",\"potentialAction\":[{\"@type\":\"SearchAction\",\"target\":{\"@type\":\"EntryPoint\",\"urlTemplate\":\"http:\/\/www.aspack.es\/news\/?s={search_term_string}\"},\"query-input\":{\"@type\":\"PropertyValueSpecification\",\"valueRequired\":true,\"valueName\":\"search_term_string\"}}],\"inLanguage\":\"es\"},{\"@type\":\"Person\",\"@id\":\"http:\/\/www.aspack.es\/news\/#\/schema\/person\/0019098322836346476fc7dfdbd26d95\",\"name\":\"admin\",\"image\":{\"@type\":\"ImageObject\",\"inLanguage\":\"es\",\"@id\":\"http:\/\/www.aspack.es\/news\/#\/schema\/person\/image\/\",\"url\":\"https:\/\/secure.gravatar.com\/avatar\/6a6c60542c39a2d052b8b1e8c5145e669bf888b9b229b3da0e43092daac8a32e?s=96&d=mm&r=g\",\"contentUrl\":\"https:\/\/secure.gravatar.com\/avatar\/6a6c60542c39a2d052b8b1e8c5145e669bf888b9b229b3da0e43092daac8a32e?s=96&d=mm&r=g\",\"caption\":\"admin\"},\"url\":\"http:\/\/www.aspack.es\/news\/author\/admin\/\"}]}<\/script>\n<!-- \/ Yoast SEO plugin. -->","yoast_head_json":{"title":"Alta satisfacci\u00f3n de los asistentes a la primera masterclass de ASPACK organizada junto con INSCO - ASPACK NEWS","description":"Cada a\u00f1o desde ASPACK organizamos formaciones como webinars, masterclass, cursos\u2026 para poder ayudar a todos nuestros asociados aport\u00e1ndoles conocimiento en \u00e1mbitos que ellos necesiten","robots":{"index":"index","follow":"follow","max-snippet":"max-snippet:-1","max-image-preview":"max-image-preview:large","max-video-preview":"max-video-preview:-1"},"canonical":"https:\/\/www.aspack.es\/news\/alta-satisfaccion-de-los-asistentes-a-la-primera-masterclass-de-aspack-organizada-junto-con-insco\/","og_locale":"es_ES","og_type":"article","og_title":"Alta satisfacci\u00f3n de los asistentes a la primera masterclass de ASPACK organizada junto con INSCO - ASPACK NEWS","og_description":"Cada a\u00f1o desde ASPACK organizamos formaciones como webinars, masterclass, cursos\u2026 para poder ayudar a todos nuestros asociados aport\u00e1ndoles conocimiento en \u00e1mbitos que ellos necesiten","og_url":"https:\/\/www.aspack.es\/news\/alta-satisfaccion-de-los-asistentes-a-la-primera-masterclass-de-aspack-organizada-junto-con-insco\/","og_site_name":"ASPACK NEWS","article_published_time":"2022-02-08T16:02:52+00:00","article_modified_time":"2022-04-01T10:42:21+00:00","og_image":[{"width":1620,"height":1080,"url":"https:\/\/www.aspack.es\/news\/wp-content\/uploads\/2022\/02\/2.png","type":"image\/png"}],"author":"admin","twitter_card":"summary_large_image","twitter_misc":{"Escrito por":"admin","Tiempo de lectura":"2 minutos"},"schema":{"@context":"https:\/\/schema.org","@graph":[{"@type":"WebPage","@id":"https:\/\/www.aspack.es\/news\/alta-satisfaccion-de-los-asistentes-a-la-primera-masterclass-de-aspack-organizada-junto-con-insco\/","url":"https:\/\/www.aspack.es\/news\/alta-satisfaccion-de-los-asistentes-a-la-primera-masterclass-de-aspack-organizada-junto-con-insco\/","name":"Alta satisfacci\u00f3n de los asistentes a la primera masterclass de ASPACK organizada junto con INSCO - ASPACK NEWS","isPartOf":{"@id":"http:\/\/www.aspack.es\/news\/#website"},"primaryImageOfPage":{"@id":"https:\/\/www.aspack.es\/news\/alta-satisfaccion-de-los-asistentes-a-la-primera-masterclass-de-aspack-organizada-junto-con-insco\/#primaryimage"},"image":{"@id":"https:\/\/www.aspack.es\/news\/alta-satisfaccion-de-los-asistentes-a-la-primera-masterclass-de-aspack-organizada-junto-con-insco\/#primaryimage"},"thumbnailUrl":"http:\/\/www.aspack.es\/news\/wp-content\/uploads\/2022\/02\/2.png","datePublished":"2022-02-08T16:02:52+00:00","dateModified":"2022-04-01T10:42:21+00:00","author":{"@id":"http:\/\/www.aspack.es\/news\/#\/schema\/person\/0019098322836346476fc7dfdbd26d95"},"description":"Cada a\u00f1o desde ASPACK organizamos formaciones como webinars, masterclass, cursos\u2026 para poder ayudar a todos nuestros asociados aport\u00e1ndoles conocimiento en \u00e1mbitos que ellos necesiten","breadcrumb":{"@id":"https:\/\/www.aspack.es\/news\/alta-satisfaccion-de-los-asistentes-a-la-primera-masterclass-de-aspack-organizada-junto-con-insco\/#breadcrumb"},"inLanguage":"es","potentialAction":[{"@type":"ReadAction","target":["https:\/\/www.aspack.es\/news\/alta-satisfaccion-de-los-asistentes-a-la-primera-masterclass-de-aspack-organizada-junto-con-insco\/"]}]},{"@type":"ImageObject","inLanguage":"es","@id":"https:\/\/www.aspack.es\/news\/alta-satisfaccion-de-los-asistentes-a-la-primera-masterclass-de-aspack-organizada-junto-con-insco\/#primaryimage","url":"http:\/\/www.aspack.es\/news\/wp-content\/uploads\/2022\/02\/2.png","contentUrl":"http:\/\/www.aspack.es\/news\/wp-content\/uploads\/2022\/02\/2.png","width":1620,"height":1080},{"@type":"BreadcrumbList","@id":"https:\/\/www.aspack.es\/news\/alta-satisfaccion-de-los-asistentes-a-la-primera-masterclass-de-aspack-organizada-junto-con-insco\/#breadcrumb","itemListElement":[{"@type":"ListItem","position":1,"name":"Portada","item":"http:\/\/www.aspack.es\/news\/"},{"@type":"ListItem","position":2,"name":"Alta satisfacci\u00f3n de los asistentes a la primera masterclass de ASPACK organizada junto con INSCO"}]},{"@type":"WebSite","@id":"http:\/\/www.aspack.es\/news\/#website","url":"http:\/\/www.aspack.es\/news\/","name":"ASPACK NEWS","description":"El peri?dico digital de los envases de cart?n","potentialAction":[{"@type":"SearchAction","target":{"@type":"EntryPoint","urlTemplate":"http:\/\/www.aspack.es\/news\/?s={search_term_string}"},"query-input":{"@type":"PropertyValueSpecification","valueRequired":true,"valueName":"search_term_string"}}],"inLanguage":"es"},{"@type":"Person","@id":"http:\/\/www.aspack.es\/news\/#\/schema\/person\/0019098322836346476fc7dfdbd26d95","name":"admin","image":{"@type":"ImageObject","inLanguage":"es","@id":"http:\/\/www.aspack.es\/news\/#\/schema\/person\/image\/","url":"https:\/\/secure.gravatar.com\/avatar\/6a6c60542c39a2d052b8b1e8c5145e669bf888b9b229b3da0e43092daac8a32e?s=96&d=mm&r=g","contentUrl":"https:\/\/secure.gravatar.com\/avatar\/6a6c60542c39a2d052b8b1e8c5145e669bf888b9b229b3da0e43092daac8a32e?s=96&d=mm&r=g","caption":"admin"},"url":"http:\/\/www.aspack.es\/news\/author\/admin\/"}]}},"_links":{"self":[{"href":"http:\/\/www.aspack.es\/news\/wp-json\/wp\/v2\/posts\/1601","targetHints":{"allow":["GET"]}}],"collection":[{"href":"http:\/\/www.aspack.es\/news\/wp-json\/wp\/v2\/posts"}],"about":[{"href":"http:\/\/www.aspack.es\/news\/wp-json\/wp\/v2\/types\/post"}],"author":[{"embeddable":true,"href":"http:\/\/www.aspack.es\/news\/wp-json\/wp\/v2\/users\/1"}],"replies":[{"embeddable":true,"href":"http:\/\/www.aspack.es\/news\/wp-json\/wp\/v2\/comments?post=1601"}],"version-history":[{"count":3,"href":"http:\/\/www.aspack.es\/news\/wp-json\/wp\/v2\/posts\/1601\/revisions"}],"predecessor-version":[{"id":1606,"href":"http:\/\/www.aspack.es\/news\/wp-json\/wp\/v2\/posts\/1601\/revisions\/1606"}],"wp:featuredmedia":[{"embeddable":true,"href":"http:\/\/www.aspack.es\/news\/wp-json\/wp\/v2\/media\/1605"}],"wp:attachment":[{"href":"http:\/\/www.aspack.es\/news\/wp-json\/wp\/v2\/media?parent=1601"}],"wp:term":[{"taxonomy":"category","embeddable":true,"href":"http:\/\/www.aspack.es\/news\/wp-json\/wp\/v2\/categories?post=1601"},{"taxonomy":"post_tag","embeddable":true,"href":"http:\/\/www.aspack.es\/news\/wp-json\/wp\/v2\/tags?post=1601"}],"curies":[{"name":"wp","href":"https:\/\/api.w.org\/{rel}","templated":true}]}}