{"id":1608,"date":"2022-02-15T10:55:13","date_gmt":"2022-02-15T10:55:13","guid":{"rendered":"http:\/\/www.aspack.es\/news\/?p=1608"},"modified":"2022-04-01T10:42:07","modified_gmt":"2022-04-01T10:42:07","slug":"los-envases-de-fibra-una-ventaja-entre-los-productos-sostenibles","status":"publish","type":"post","link":"http:\/\/www.aspack.es\/news\/los-envases-de-fibra-una-ventaja-entre-los-productos-sostenibles\/","title":{"rendered":"Los envases de fibra: una ventaja entre los productos sostenibles"},"content":{"rendered":"\n<p>Fibre Packaging Europe da la bienvenida a la Iniciativa de Productos Sostenibles (SPI) de la Comisi\u00f3n Europea. Reconocemos la importancia de garantizar que los productos sostenibles apoyen la transici\u00f3n de Europa hacia una econom\u00eda clim\u00e1ticamente neutra, eficiente en cuanto a recursos y circular. Los envases obtenidos a partir de madera renovable, generalmente denominados envases de fibra, contribuyen activamente a la transici\u00f3n ecol\u00f3gica al eliminar gradualmente los materiales de origen f\u00f3sil y sus emisiones asociadas. Esta contribuci\u00f3n tiene el potencial de incrementarse continuamente mediante una mayor innovaci\u00f3n en los productos de embalaje de fibra. A medida que la Comisi\u00f3n define su marco legislativo de SPI, es importante reconocer a los pioneros m\u00e1s sostenibles y reconocer el papel crucial de los envases de fibra en la econom\u00eda circular. Fibre Packaging Europe acoge con satisfacci\u00f3n el establecimiento de principios generales de sostenibilidad destinados a minimizar los impactos ambientales y sociales negativos de los productos y sus procesos de fabricaci\u00f3n asociados. Estos principios deben ser aplicables a diversas categor\u00edas de productos, por lo que sugerimos que se centren en medidas que:<\/p>\n\n\n\n<ul class=\"wp-block-list\"><li><strong>Mejorar la eficiencia de los recursos introduciendo la renovabilidad como principio de sostenibilidad<\/strong><\/li><\/ul>\n\n\n\n<p>Para alcanzar los objetivos principales fijados en el marco del Pacto Verde Europeo, es necesaria una transformaci\u00f3n sist\u00e9mica. Esto afectar\u00e1 a la forma en que vivimos, lo que comemos, lo que vestimos, c\u00f3mo nos mantenemos sanos y c\u00f3mo viajamos. La sustituci\u00f3n de materiales, incluido el uso de materiales renovables basados en la madera en lugar de alternativas basadas en los f\u00f3siles, ser\u00e1 imperativa en esta transformaci\u00f3n. <\/p>\n\n\n\n<p>1 La Comisi\u00f3n ha reconocido que la bioeconom\u00eda puede ser un catalizador para el cambio sist\u00e9mico y ayudar a lograr la transici\u00f3n verde. <\/p>\n\n\n\n<p>2 En el impulso a los productos m\u00e1s sostenibles deben explorarse m\u00e1s las nuevas formas de producir y consumir recursos respetando nuestros l\u00edmites planetarios. Los materiales reciclables procedentes de fuentes renovables, como los envases de fibra, deber\u00edan reconocerse como elementos de la nueva econom\u00eda circular. En consecuencia, la Comisi\u00f3n deber\u00eda diferenciar entre&nbsp;Materias primas primarias de origen f\u00f3sil y materias primas renovables. Para lograr la neutralidad clim\u00e1tica en 2050, los recursos f\u00f3siles deber\u00e1n permanecer en el suelo y las emisiones derivadas del abastecimiento y la fabricaci\u00f3n de todos los productos deber\u00e1n reducirse. Por ello, recomendamos que la renovabilidad se incluya como un principio de sostenibilidad en la Iniciativa de Productos Sostenibles para que la pol\u00edtica de la UE promueva la eliminaci\u00f3n progresiva de los productos de origen f\u00f3sil mediante el cambio a una econom\u00eda verde renovable.&nbsp;<\/p>\n\n\n\n<ul class=\"wp-block-list\"><li><strong>Abstenerse de aplicar requisitos obligatorios de contenido reciclado en los mercados de reciclaje que funcionan bien<\/strong><\/li><\/ul>\n\n\n\n<p>Preservar el valor material de los productos existentes es crucial para lograr una mayor circularidad. En 2020, se recogieron y reciclaron 56,1 millones de toneladas de papel y cart\u00f3n en Europa, y los envases de papel tienen la tasa de reciclaje m\u00e1s alta entre los materiales de envasado, con 84,2% en la UE. <\/p>\n\n\n\n<p>3 El mercado de papel y cart\u00f3n reciclado como materia prima secundaria ya est\u00e1 bien desarrollado en Europa. Por ejemplo, los envases de cart\u00f3n ondulado contienen una media de 89% de contenido reciclado. <\/p>\n\n\n\n<p>4 La demanda existente en el mercado permite a la industria reciclar el papel y el cart\u00f3n y reutilizar la fibra en los segmentos de la industria en los que se necesita. Los envases de fibra necesitan fibras recicladas y un flujo continuo de fibras frescas en el circuito de reciclaje. En este contexto, creemos firmemente que la introducci\u00f3n de un requisito obligatorio en toda la UE sobre el contenido reciclado en los envases de fibra supondr\u00eda un reto para una industria que ya es l\u00edder en el reciclaje, ya que el material recogido se desviar\u00eda artificialmente para ser utilizado en determinados productos y regiones, lo que provocar\u00eda una escasez de material secundario para otros productos o regiones. Un requisito obligatorio en toda la UE aplicado a los envases de fibra no har\u00eda m\u00e1s que aumentar los costes y las emisiones relacionadas con el transporte al enviar por toda Europa materiales de desecho que, de otro modo, podr\u00edan reciclarse completamente en su origen. En \u00faltima instancia, los requisitos obligatorios limitar\u00edan inevitablemente el mercado y reducir\u00edan las posibilidades de elecci\u00f3n de los consumidores. El reciclaje de papel y cart\u00f3n se ver\u00eda favorecido si se siguieran desarrollando sistemas de recogida selectiva y clasificaci\u00f3n de alta calidad para aumentar a\u00fan m\u00e1s las tasas de reciclaje.&nbsp;<\/p>\n\n\n\n<ul class=\"wp-block-list\"><li><strong>Promover el abastecimiento responsable de materias primas<\/strong><\/li><\/ul>\n\n\n\n<p>Para ser verdaderamente sostenibles, los productos deben tener un origen sostenible. Por ello, la legislaci\u00f3n de la UE debe promover el uso de materias primas de origen sostenible en los productos, incluidos los envases. Los envases de fibra proceden de bosques gestionados de forma sostenible, guiados por la normativa forestal nacional y de la UE, as\u00ed como por sistemas de certificaci\u00f3n basados en el mercado, como el Consejo de Administraci\u00f3n Forestal (FSC) y el Programa de Reconocimiento de la Certificaci\u00f3n Forestal (PEFC). La gesti\u00f3n forestal sostenible es multifuncional y se esfuerza continuamente por encontrar el equilibrio entre la preservaci\u00f3n de la biodiversidad, la protecci\u00f3n del clima y el rendimiento econ\u00f3mico. Gracias a la gesti\u00f3n forestal sostenible, Europa puede afirmar con orgullo que en la actualidad cuenta con m\u00e1s recursos forestales que hace un siglo, ya que la superficie forestal en Europa ha crecido en 19,3 millones de hect\u00e1reas en los \u00faltimos 30 a\u00f1os.<\/p>\n\n\n\n<p>5 El aprovechamiento total de la madera en la UE es inferior a la tasa de crecimiento anual de los bosques, con lo que se incrementan activamente las reservas de carbono de nuestros bosques y se contribuye a preservar la biodiversidad.&nbsp;<\/p>\n\n\n\n<ul class=\"wp-block-list\"><li><strong>Aplicar enfoques espec\u00edficos por producto para evitar solapamientos y duplicar la pol\u00edtica<\/strong><\/li><\/ul>\n\n\n\n<p>Los distintos productos sirven para diferentes prop\u00f3sitos y tienen diferentes impactos en la sostenibilidad. Por lo tanto, es importante reconocer que un enfoque \u00fanico para todos no ser\u00e1 eficaz para lograr el cambio sist\u00e9mico necesario. Por esta raz\u00f3n, los enfoques espec\u00edficos de los productos deben ser abordados por marcos legislativos espec\u00edficos, como la Directiva de Envases y Residuos de Envases (PPWD) para los envases. Hay que tener cuidado para evitar solapamientos con legislaci\u00f3n duplicada.&nbsp;<\/p>\n\n\n\n<p>Al incorporar el IPS en una revisi\u00f3n del PPWD, creemos que la legislaci\u00f3n puede ser clara, predecible y tan f\u00e1cil de administrar como sea posible. Esto tambi\u00e9n garantizar\u00eda la previsibilidad a largo plazo, necesaria para que la industria cumpla con los nuevos requisitos, realice inversiones e impulse nuevas innovaciones.&nbsp;<\/p>\n\n\n\n<ul class=\"wp-block-list\"><li><strong>Garantizar que los productos basados en la fibra puedan seguir contribuyendo a la resistencia europea<\/strong><\/li><\/ul>\n\n\n\n<p>Para minimizar las futuras perturbaciones externas, asegurar la competitividad global y proteger nuestra prosperidad, la UE debe ser econ\u00f3mica, social y ambientalmente resistente. La comunidad empresarial ser\u00e1 un socio importante para lograrlo.<\/p>\n\n\n\n<p>Los envases de fibra apoyan la resistencia europea de varias maneras. Se obtienen principalmente de los bosques europeos y se reciclan en Europa. Se produce en todo el continente, creando puestos de trabajo e ingresos fiscales, y se vende en gran medida a los consumidores europeos.<\/p>\n\n\n\n<p>Los envases desempe\u00f1an un papel esencial en los sistemas alimentarios resistentes y sostenibles, desde garantizar la salud y la seguridad de los consumidores hasta aumentar la vida \u00fatil y la seguridad de un producto, reduciendo al mismo tiempo las p\u00e9rdidas y los residuos de alimentos. Junto con sus beneficios medioambientales, estas caracter\u00edsticas demuestran que los envases de fibra contribuyen de forma importante a la resiliencia econ\u00f3mica y social de Europa. Los responsables pol\u00edticos deben seguir reconociendo esta contribuci\u00f3n mediante un marco legislativo que apoye la capacidad de la industria para crecer, invertir e innovar.&nbsp;<\/p>\n\n\n\n<ul class=\"wp-block-list\"><li><strong>Garantizar la igualdad de condiciones con los productos importados<\/strong><\/li><\/ul>\n\n\n\n<p>En una econom\u00eda abierta y de mercado, los productos europeos compiten con los del resto del mundo. Para ser eficaces y garantizar la igualdad de condiciones, es fundamental que los principios generales de sostenibilidad que se definan en el marco de la IPS se apliquen tanto a los productos producidos en la UE como a los importados de terceros pa\u00edses.&nbsp;<\/p>\n\n\n\n<p>Fibre Packaging Europe espera trabajar con los responsables pol\u00edticos para garantizar que se tengan en cuenta las preocupaciones de las partes interesadas y las pruebas cient\u00edficas antes de que se publique la propuesta legislativa.&nbsp;<\/p>\n\n\n\n<p><em>Fuente del art\u00edculo&nbsp;<a href=\"https:\/\/www.procarton.com\/es\/fibre-based-packaging-a-frontrunner-among-sustainable-products\/\">Procarton<\/a><\/em><\/p>\n","protected":false},"excerpt":{"rendered":"<p>Fibre Packaging Europe da la bienvenida a la Iniciativa de Productos Sostenibles (SPI) de la Comisi\u00f3n Europea. Reconocemos la importancia de garantizar que los productos sostenibles apoyen la transici\u00f3n de Europa hacia una econom\u00eda clim\u00e1ticamente neutra, eficiente en cuanto a recursos y circular. Los envases obtenidos a partir de madera renovable, generalmente denominados envases de&hellip;<\/p>\n","protected":false},"author":1,"featured_media":1609,"comment_status":"closed","ping_status":"open","sticky":false,"template":"","format":"standard","meta":{"footnotes":""},"categories":[18,17],"tags":[],"class_list":["post-1608","post","type-post","status-publish","format-standard","has-post-thumbnail","hentry","category-asociados","category-el-sector"],"yoast_head":"<!-- This site is optimized with the Yoast SEO plugin v25.9 - https:\/\/yoast.com\/wordpress\/plugins\/seo\/ -->\n<title>Los envases de fibra: una ventaja entre los productos sostenibles - ASPACK NEWS<\/title>\n<meta name=\"description\" content=\"Fibre Packaging Europe da la bienvenida a la Iniciativa de Productos Sostenibles (SPI) de la Comisi\u00f3n Europea.\" \/>\n<meta name=\"robots\" content=\"index, follow, max-snippet:-1, max-image-preview:large, max-video-preview:-1\" \/>\n<link rel=\"canonical\" href=\"http:\/\/www.aspack.es\/news\/los-envases-de-fibra-una-ventaja-entre-los-productos-sostenibles\/\" \/>\n<meta property=\"og:locale\" content=\"es_ES\" \/>\n<meta property=\"og:type\" content=\"article\" \/>\n<meta property=\"og:title\" content=\"Los envases de fibra: una ventaja entre los productos sostenibles - ASPACK NEWS\" \/>\n<meta property=\"og:description\" content=\"Fibre Packaging Europe da la bienvenida a la Iniciativa de Productos Sostenibles (SPI) de la Comisi\u00f3n Europea.\" \/>\n<meta property=\"og:url\" content=\"http:\/\/www.aspack.es\/news\/los-envases-de-fibra-una-ventaja-entre-los-productos-sostenibles\/\" \/>\n<meta property=\"og:site_name\" content=\"ASPACK NEWS\" \/>\n<meta property=\"article:published_time\" content=\"2022-02-15T10:55:13+00:00\" \/>\n<meta property=\"article:modified_time\" content=\"2022-04-01T10:42:07+00:00\" \/>\n<meta property=\"og:image\" content=\"http:\/\/www.aspack.es\/news\/wp-content\/uploads\/2022\/02\/Fotos-articulos-7.jpg\" \/>\n\t<meta property=\"og:image:width\" content=\"1620\" \/>\n\t<meta property=\"og:image:height\" content=\"1080\" \/>\n\t<meta property=\"og:image:type\" content=\"image\/jpeg\" \/>\n<meta name=\"author\" content=\"admin\" \/>\n<meta name=\"twitter:card\" content=\"summary_large_image\" \/>\n<meta name=\"twitter:label1\" content=\"Escrito por\" \/>\n\t<meta name=\"twitter:data1\" content=\"admin\" \/>\n\t<meta name=\"twitter:label2\" content=\"Tiempo de lectura\" \/>\n\t<meta name=\"twitter:data2\" content=\"6 minutos\" \/>\n<script type=\"application\/ld+json\" class=\"yoast-schema-graph\">{\"@context\":\"https:\/\/schema.org\",\"@graph\":[{\"@type\":\"WebPage\",\"@id\":\"http:\/\/www.aspack.es\/news\/los-envases-de-fibra-una-ventaja-entre-los-productos-sostenibles\/\",\"url\":\"http:\/\/www.aspack.es\/news\/los-envases-de-fibra-una-ventaja-entre-los-productos-sostenibles\/\",\"name\":\"Los envases de fibra: una ventaja entre los productos sostenibles - ASPACK NEWS\",\"isPartOf\":{\"@id\":\"http:\/\/www.aspack.es\/news\/#website\"},\"primaryImageOfPage\":{\"@id\":\"http:\/\/www.aspack.es\/news\/los-envases-de-fibra-una-ventaja-entre-los-productos-sostenibles\/#primaryimage\"},\"image\":{\"@id\":\"http:\/\/www.aspack.es\/news\/los-envases-de-fibra-una-ventaja-entre-los-productos-sostenibles\/#primaryimage\"},\"thumbnailUrl\":\"http:\/\/www.aspack.es\/news\/wp-content\/uploads\/2022\/02\/Fotos-articulos-7.jpg\",\"datePublished\":\"2022-02-15T10:55:13+00:00\",\"dateModified\":\"2022-04-01T10:42:07+00:00\",\"author\":{\"@id\":\"http:\/\/www.aspack.es\/news\/#\/schema\/person\/0019098322836346476fc7dfdbd26d95\"},\"description\":\"Fibre Packaging Europe da la bienvenida a la Iniciativa de Productos Sostenibles (SPI) de la Comisi\u00f3n Europea.\",\"breadcrumb\":{\"@id\":\"http:\/\/www.aspack.es\/news\/los-envases-de-fibra-una-ventaja-entre-los-productos-sostenibles\/#breadcrumb\"},\"inLanguage\":\"es\",\"potentialAction\":[{\"@type\":\"ReadAction\",\"target\":[\"http:\/\/www.aspack.es\/news\/los-envases-de-fibra-una-ventaja-entre-los-productos-sostenibles\/\"]}]},{\"@type\":\"ImageObject\",\"inLanguage\":\"es\",\"@id\":\"http:\/\/www.aspack.es\/news\/los-envases-de-fibra-una-ventaja-entre-los-productos-sostenibles\/#primaryimage\",\"url\":\"http:\/\/www.aspack.es\/news\/wp-content\/uploads\/2022\/02\/Fotos-articulos-7.jpg\",\"contentUrl\":\"http:\/\/www.aspack.es\/news\/wp-content\/uploads\/2022\/02\/Fotos-articulos-7.jpg\",\"width\":1620,\"height\":1080},{\"@type\":\"BreadcrumbList\",\"@id\":\"http:\/\/www.aspack.es\/news\/los-envases-de-fibra-una-ventaja-entre-los-productos-sostenibles\/#breadcrumb\",\"itemListElement\":[{\"@type\":\"ListItem\",\"position\":1,\"name\":\"Portada\",\"item\":\"http:\/\/www.aspack.es\/news\/\"},{\"@type\":\"ListItem\",\"position\":2,\"name\":\"Los envases de fibra: una ventaja entre los productos sostenibles\"}]},{\"@type\":\"WebSite\",\"@id\":\"http:\/\/www.aspack.es\/news\/#website\",\"url\":\"http:\/\/www.aspack.es\/news\/\",\"name\":\"ASPACK NEWS\",\"description\":\"El peri?dico digital de los envases de cart?n\",\"potentialAction\":[{\"@type\":\"SearchAction\",\"target\":{\"@type\":\"EntryPoint\",\"urlTemplate\":\"http:\/\/www.aspack.es\/news\/?s={search_term_string}\"},\"query-input\":{\"@type\":\"PropertyValueSpecification\",\"valueRequired\":true,\"valueName\":\"search_term_string\"}}],\"inLanguage\":\"es\"},{\"@type\":\"Person\",\"@id\":\"http:\/\/www.aspack.es\/news\/#\/schema\/person\/0019098322836346476fc7dfdbd26d95\",\"name\":\"admin\",\"image\":{\"@type\":\"ImageObject\",\"inLanguage\":\"es\",\"@id\":\"http:\/\/www.aspack.es\/news\/#\/schema\/person\/image\/\",\"url\":\"https:\/\/secure.gravatar.com\/avatar\/6a6c60542c39a2d052b8b1e8c5145e669bf888b9b229b3da0e43092daac8a32e?s=96&d=mm&r=g\",\"contentUrl\":\"https:\/\/secure.gravatar.com\/avatar\/6a6c60542c39a2d052b8b1e8c5145e669bf888b9b229b3da0e43092daac8a32e?s=96&d=mm&r=g\",\"caption\":\"admin\"},\"url\":\"http:\/\/www.aspack.es\/news\/author\/admin\/\"}]}<\/script>\n<!-- \/ Yoast SEO plugin. -->","yoast_head_json":{"title":"Los envases de fibra: una ventaja entre los productos sostenibles - ASPACK NEWS","description":"Fibre Packaging Europe da la bienvenida a la Iniciativa de Productos Sostenibles (SPI) de la Comisi\u00f3n Europea.","robots":{"index":"index","follow":"follow","max-snippet":"max-snippet:-1","max-image-preview":"max-image-preview:large","max-video-preview":"max-video-preview:-1"},"canonical":"http:\/\/www.aspack.es\/news\/los-envases-de-fibra-una-ventaja-entre-los-productos-sostenibles\/","og_locale":"es_ES","og_type":"article","og_title":"Los envases de fibra: una ventaja entre los productos sostenibles - ASPACK NEWS","og_description":"Fibre Packaging Europe da la bienvenida a la Iniciativa de Productos Sostenibles (SPI) de la Comisi\u00f3n Europea.","og_url":"http:\/\/www.aspack.es\/news\/los-envases-de-fibra-una-ventaja-entre-los-productos-sostenibles\/","og_site_name":"ASPACK NEWS","article_published_time":"2022-02-15T10:55:13+00:00","article_modified_time":"2022-04-01T10:42:07+00:00","og_image":[{"width":1620,"height":1080,"url":"http:\/\/www.aspack.es\/news\/wp-content\/uploads\/2022\/02\/Fotos-articulos-7.jpg","type":"image\/jpeg"}],"author":"admin","twitter_card":"summary_large_image","twitter_misc":{"Escrito por":"admin","Tiempo de lectura":"6 minutos"},"schema":{"@context":"https:\/\/schema.org","@graph":[{"@type":"WebPage","@id":"http:\/\/www.aspack.es\/news\/los-envases-de-fibra-una-ventaja-entre-los-productos-sostenibles\/","url":"http:\/\/www.aspack.es\/news\/los-envases-de-fibra-una-ventaja-entre-los-productos-sostenibles\/","name":"Los envases de fibra: una ventaja entre los productos sostenibles - ASPACK NEWS","isPartOf":{"@id":"http:\/\/www.aspack.es\/news\/#website"},"primaryImageOfPage":{"@id":"http:\/\/www.aspack.es\/news\/los-envases-de-fibra-una-ventaja-entre-los-productos-sostenibles\/#primaryimage"},"image":{"@id":"http:\/\/www.aspack.es\/news\/los-envases-de-fibra-una-ventaja-entre-los-productos-sostenibles\/#primaryimage"},"thumbnailUrl":"http:\/\/www.aspack.es\/news\/wp-content\/uploads\/2022\/02\/Fotos-articulos-7.jpg","datePublished":"2022-02-15T10:55:13+00:00","dateModified":"2022-04-01T10:42:07+00:00","author":{"@id":"http:\/\/www.aspack.es\/news\/#\/schema\/person\/0019098322836346476fc7dfdbd26d95"},"description":"Fibre Packaging Europe da la bienvenida a la Iniciativa de Productos Sostenibles (SPI) de la Comisi\u00f3n Europea.","breadcrumb":{"@id":"http:\/\/www.aspack.es\/news\/los-envases-de-fibra-una-ventaja-entre-los-productos-sostenibles\/#breadcrumb"},"inLanguage":"es","potentialAction":[{"@type":"ReadAction","target":["http:\/\/www.aspack.es\/news\/los-envases-de-fibra-una-ventaja-entre-los-productos-sostenibles\/"]}]},{"@type":"ImageObject","inLanguage":"es","@id":"http:\/\/www.aspack.es\/news\/los-envases-de-fibra-una-ventaja-entre-los-productos-sostenibles\/#primaryimage","url":"http:\/\/www.aspack.es\/news\/wp-content\/uploads\/2022\/02\/Fotos-articulos-7.jpg","contentUrl":"http:\/\/www.aspack.es\/news\/wp-content\/uploads\/2022\/02\/Fotos-articulos-7.jpg","width":1620,"height":1080},{"@type":"BreadcrumbList","@id":"http:\/\/www.aspack.es\/news\/los-envases-de-fibra-una-ventaja-entre-los-productos-sostenibles\/#breadcrumb","itemListElement":[{"@type":"ListItem","position":1,"name":"Portada","item":"http:\/\/www.aspack.es\/news\/"},{"@type":"ListItem","position":2,"name":"Los envases de fibra: una ventaja entre los productos sostenibles"}]},{"@type":"WebSite","@id":"http:\/\/www.aspack.es\/news\/#website","url":"http:\/\/www.aspack.es\/news\/","name":"ASPACK NEWS","description":"El peri?dico digital de los envases de cart?n","potentialAction":[{"@type":"SearchAction","target":{"@type":"EntryPoint","urlTemplate":"http:\/\/www.aspack.es\/news\/?s={search_term_string}"},"query-input":{"@type":"PropertyValueSpecification","valueRequired":true,"valueName":"search_term_string"}}],"inLanguage":"es"},{"@type":"Person","@id":"http:\/\/www.aspack.es\/news\/#\/schema\/person\/0019098322836346476fc7dfdbd26d95","name":"admin","image":{"@type":"ImageObject","inLanguage":"es","@id":"http:\/\/www.aspack.es\/news\/#\/schema\/person\/image\/","url":"https:\/\/secure.gravatar.com\/avatar\/6a6c60542c39a2d052b8b1e8c5145e669bf888b9b229b3da0e43092daac8a32e?s=96&d=mm&r=g","contentUrl":"https:\/\/secure.gravatar.com\/avatar\/6a6c60542c39a2d052b8b1e8c5145e669bf888b9b229b3da0e43092daac8a32e?s=96&d=mm&r=g","caption":"admin"},"url":"http:\/\/www.aspack.es\/news\/author\/admin\/"}]}},"_links":{"self":[{"href":"http:\/\/www.aspack.es\/news\/wp-json\/wp\/v2\/posts\/1608","targetHints":{"allow":["GET"]}}],"collection":[{"href":"http:\/\/www.aspack.es\/news\/wp-json\/wp\/v2\/posts"}],"about":[{"href":"http:\/\/www.aspack.es\/news\/wp-json\/wp\/v2\/types\/post"}],"author":[{"embeddable":true,"href":"http:\/\/www.aspack.es\/news\/wp-json\/wp\/v2\/users\/1"}],"replies":[{"embeddable":true,"href":"http:\/\/www.aspack.es\/news\/wp-json\/wp\/v2\/comments?post=1608"}],"version-history":[{"count":3,"href":"http:\/\/www.aspack.es\/news\/wp-json\/wp\/v2\/posts\/1608\/revisions"}],"predecessor-version":[{"id":1641,"href":"http:\/\/www.aspack.es\/news\/wp-json\/wp\/v2\/posts\/1608\/revisions\/1641"}],"wp:featuredmedia":[{"embeddable":true,"href":"http:\/\/www.aspack.es\/news\/wp-json\/wp\/v2\/media\/1609"}],"wp:attachment":[{"href":"http:\/\/www.aspack.es\/news\/wp-json\/wp\/v2\/media?parent=1608"}],"wp:term":[{"taxonomy":"category","embeddable":true,"href":"http:\/\/www.aspack.es\/news\/wp-json\/wp\/v2\/categories?post=1608"},{"taxonomy":"post_tag","embeddable":true,"href":"http:\/\/www.aspack.es\/news\/wp-json\/wp\/v2\/tags?post=1608"}],"curies":[{"name":"wp","href":"https:\/\/api.w.org\/{rel}","templated":true}]}}