{"id":1612,"date":"2022-02-21T14:47:44","date_gmt":"2022-02-21T14:47:44","guid":{"rendered":"http:\/\/www.aspack.es\/news\/?p=1612"},"modified":"2022-04-01T10:41:53","modified_gmt":"2022-04-01T10:41:53","slug":"primera-reunion-del-ano-del-grupo-de-responsables-de-calidad-de-aspack-con-la-intervencion-de-intertek","status":"publish","type":"post","link":"http:\/\/www.aspack.es\/news\/primera-reunion-del-ano-del-grupo-de-responsables-de-calidad-de-aspack-con-la-intervencion-de-intertek\/","title":{"rendered":"Primera reuni\u00f3n del a\u00f1o del Grupo de Responsables de Calidad de ASPACK con la intervenci\u00f3n de Intertek"},"content":{"rendered":"\n<p>El pasado martes 8 de febrero se celebr\u00f3 la primera reuni\u00f3n del a\u00f1o en modo virtual del Grupo de Responsables de Calidad de ASPACK, centrada en la presentaci\u00f3n sobre Food Contact: Normativa Legislaci\u00f3n presentado por Iratxe Sola,&nbsp;Business Development Manager, Food Contact \/ T&amp;H,&nbsp;de <a href=\"https:\/\/www.intertek.es\">Intertek<\/a>. Es un tema de gran actualidad dados los incrementos en controles de sanidad y aduanas con el alimento y todo lo que rodea el alimento, principalmente el envase y embalaje.&nbsp;<\/p>\n\n\n\n<p>Intertek es una empresa multinacional de servicios de calidad, que,&nbsp;durante m\u00e1s de 130 a\u00f1os, ha ayudado a empresas de todo el mundo a asegurar la calidad y seguridad de sus productos, procesos y sistemas.&nbsp;Proporcionan&nbsp;un enfoque sist\u00e9mico para apoyar a&nbsp;sus&nbsp;clientes en el Aseguramiento de la Calidad en cada una de las \u00e1reas de sus operaciones, incluyendo I+D, suministro de materias primas, provisi\u00f3n de componentes, fabricaci\u00f3n, transporte, canales de distribuci\u00f3n y gesti\u00f3n del consumidor.<\/p>\n\n\n\n<p>Desde hace varios a\u00f1os ASPACK colabora con ellos para apoyar a sus asociados y que mejoren en temas de calidad y seguridad.&nbsp;Se aprovech\u00f3 esta reuni\u00f3n para realizar una rueda de opiniones en base a la valoraci\u00f3n y principales incidencias de no conformidades seg\u00fan los cuestionarios recibidos.&nbsp;<\/p>\n\n\n\n<p>Tambi\u00e9n se coment\u00f3 como est\u00e1 afectando al sector la puesta en marcha del plan de acci\u00f3n de econom\u00eda circular de la Uni\u00f3n Europea. Se mencion\u00f3 el proyecto de ley de residuos y suelos contaminados por el que ASPACK con el resto de organizaciones de la cadena de valor del papel ha realizado diferentes acciones a nivel institucional para enfocar la posici\u00f3n del sector. Se mencion\u00f3 el Real decreto de envases y residuos de envases, que se espera que sea aprobado a principios de verano 2022.<\/p>\n\n\n\n<p>ASPACK ya est\u00e1 organizando la pr\u00f3xima reuni\u00f3n para poder seguir formando y ayudando a sus asociados. Si ten\u00e9is cualquier consulta para Intertek o temas de la asociaci\u00f3n no dud\u00e9is en contactar a jorge@aspack.es&nbsp;<\/p>\n","protected":false},"excerpt":{"rendered":"<p>El pasado martes 8 de febrero se celebr\u00f3 la primera reuni\u00f3n del a\u00f1o en modo virtual del Grupo de Responsables de Calidad de ASPACK, centrada en la presentaci\u00f3n sobre Food Contact: Normativa Legislaci\u00f3n presentado por Iratxe Sola,&nbsp;Business Development Manager, Food Contact \/ T&amp;H,&nbsp;de Intertek. Es un tema de gran actualidad dados los incrementos en controles&hellip;<\/p>\n","protected":false},"author":1,"featured_media":1614,"comment_status":"closed","ping_status":"open","sticky":false,"template":"","format":"standard","meta":{"footnotes":""},"categories":[18,17,19],"tags":[],"class_list":["post-1612","post","type-post","status-publish","format-standard","has-post-thumbnail","hentry","category-asociados","category-el-sector","category-eventos"],"yoast_head":"<!-- This site is optimized with the Yoast SEO plugin v25.9 - https:\/\/yoast.com\/wordpress\/plugins\/seo\/ -->\n<title>Primera reuni\u00f3n del a\u00f1o del Grupo de Responsables de Calidad de ASPACK con la intervenci\u00f3n de Intertek - ASPACK NEWS<\/title>\n<meta name=\"description\" content=\"El pasado martes 8 de febrero se celebr\u00f3 la primera reuni\u00f3n del a\u00f1o en modo virtual del Grupo de Responsables de Calidad de ASPACK, centrada en la presentaci\u00f3n sobre Food Contact: Normativa Legislaci\u00f3n presentado por Iratxe Sola, Business Development Manager, Food Contact \/ T&amp;H, de Intertek.\" \/>\n<meta name=\"robots\" content=\"index, follow, max-snippet:-1, max-image-preview:large, max-video-preview:-1\" \/>\n<link rel=\"canonical\" href=\"http:\/\/www.aspack.es\/news\/primera-reunion-del-ano-del-grupo-de-responsables-de-calidad-de-aspack-con-la-intervencion-de-intertek\/\" \/>\n<meta property=\"og:locale\" content=\"es_ES\" \/>\n<meta property=\"og:type\" content=\"article\" \/>\n<meta property=\"og:title\" content=\"Primera reuni\u00f3n del a\u00f1o del Grupo de Responsables de Calidad de ASPACK con la intervenci\u00f3n de Intertek - ASPACK NEWS\" \/>\n<meta property=\"og:description\" content=\"El pasado martes 8 de febrero se celebr\u00f3 la primera reuni\u00f3n del a\u00f1o en modo virtual del Grupo de Responsables de Calidad de ASPACK, centrada en la presentaci\u00f3n sobre Food Contact: Normativa Legislaci\u00f3n presentado por Iratxe Sola, Business Development Manager, Food Contact \/ T&amp;H, de Intertek.\" \/>\n<meta property=\"og:url\" content=\"http:\/\/www.aspack.es\/news\/primera-reunion-del-ano-del-grupo-de-responsables-de-calidad-de-aspack-con-la-intervencion-de-intertek\/\" \/>\n<meta property=\"og:site_name\" content=\"ASPACK NEWS\" \/>\n<meta property=\"article:published_time\" content=\"2022-02-21T14:47:44+00:00\" \/>\n<meta property=\"article:modified_time\" content=\"2022-04-01T10:41:53+00:00\" \/>\n<meta property=\"og:image\" content=\"http:\/\/www.aspack.es\/news\/wp-content\/uploads\/2022\/02\/1-wecompress.com-2.jpg\" \/>\n\t<meta property=\"og:image:width\" content=\"1920\" \/>\n\t<meta property=\"og:image:height\" content=\"1080\" \/>\n\t<meta property=\"og:image:type\" content=\"image\/jpeg\" \/>\n<meta name=\"author\" content=\"admin\" \/>\n<meta name=\"twitter:card\" content=\"summary_large_image\" \/>\n<meta name=\"twitter:label1\" content=\"Escrito por\" \/>\n\t<meta name=\"twitter:data1\" content=\"admin\" \/>\n\t<meta name=\"twitter:label2\" content=\"Tiempo de lectura\" \/>\n\t<meta name=\"twitter:data2\" content=\"2 minutos\" \/>\n<script type=\"application\/ld+json\" class=\"yoast-schema-graph\">{\"@context\":\"https:\/\/schema.org\",\"@graph\":[{\"@type\":\"WebPage\",\"@id\":\"http:\/\/www.aspack.es\/news\/primera-reunion-del-ano-del-grupo-de-responsables-de-calidad-de-aspack-con-la-intervencion-de-intertek\/\",\"url\":\"http:\/\/www.aspack.es\/news\/primera-reunion-del-ano-del-grupo-de-responsables-de-calidad-de-aspack-con-la-intervencion-de-intertek\/\",\"name\":\"Primera reuni\u00f3n del a\u00f1o del Grupo de Responsables de Calidad de ASPACK con la intervenci\u00f3n de Intertek - ASPACK NEWS\",\"isPartOf\":{\"@id\":\"http:\/\/www.aspack.es\/news\/#website\"},\"primaryImageOfPage\":{\"@id\":\"http:\/\/www.aspack.es\/news\/primera-reunion-del-ano-del-grupo-de-responsables-de-calidad-de-aspack-con-la-intervencion-de-intertek\/#primaryimage\"},\"image\":{\"@id\":\"http:\/\/www.aspack.es\/news\/primera-reunion-del-ano-del-grupo-de-responsables-de-calidad-de-aspack-con-la-intervencion-de-intertek\/#primaryimage\"},\"thumbnailUrl\":\"http:\/\/www.aspack.es\/news\/wp-content\/uploads\/2022\/02\/1-wecompress.com-2.jpg\",\"datePublished\":\"2022-02-21T14:47:44+00:00\",\"dateModified\":\"2022-04-01T10:41:53+00:00\",\"author\":{\"@id\":\"http:\/\/www.aspack.es\/news\/#\/schema\/person\/0019098322836346476fc7dfdbd26d95\"},\"description\":\"El pasado martes 8 de febrero se celebr\u00f3 la primera reuni\u00f3n del a\u00f1o en modo virtual del Grupo de Responsables de Calidad de ASPACK, centrada en la presentaci\u00f3n sobre Food Contact: Normativa Legislaci\u00f3n presentado por Iratxe Sola, Business Development Manager, Food Contact \/ T&H, de Intertek.\",\"breadcrumb\":{\"@id\":\"http:\/\/www.aspack.es\/news\/primera-reunion-del-ano-del-grupo-de-responsables-de-calidad-de-aspack-con-la-intervencion-de-intertek\/#breadcrumb\"},\"inLanguage\":\"es\",\"potentialAction\":[{\"@type\":\"ReadAction\",\"target\":[\"http:\/\/www.aspack.es\/news\/primera-reunion-del-ano-del-grupo-de-responsables-de-calidad-de-aspack-con-la-intervencion-de-intertek\/\"]}]},{\"@type\":\"ImageObject\",\"inLanguage\":\"es\",\"@id\":\"http:\/\/www.aspack.es\/news\/primera-reunion-del-ano-del-grupo-de-responsables-de-calidad-de-aspack-con-la-intervencion-de-intertek\/#primaryimage\",\"url\":\"http:\/\/www.aspack.es\/news\/wp-content\/uploads\/2022\/02\/1-wecompress.com-2.jpg\",\"contentUrl\":\"http:\/\/www.aspack.es\/news\/wp-content\/uploads\/2022\/02\/1-wecompress.com-2.jpg\",\"width\":1920,\"height\":1080},{\"@type\":\"BreadcrumbList\",\"@id\":\"http:\/\/www.aspack.es\/news\/primera-reunion-del-ano-del-grupo-de-responsables-de-calidad-de-aspack-con-la-intervencion-de-intertek\/#breadcrumb\",\"itemListElement\":[{\"@type\":\"ListItem\",\"position\":1,\"name\":\"Portada\",\"item\":\"http:\/\/www.aspack.es\/news\/\"},{\"@type\":\"ListItem\",\"position\":2,\"name\":\"Primera reuni\u00f3n del a\u00f1o del Grupo de Responsables de Calidad de ASPACK con la intervenci\u00f3n de Intertek\"}]},{\"@type\":\"WebSite\",\"@id\":\"http:\/\/www.aspack.es\/news\/#website\",\"url\":\"http:\/\/www.aspack.es\/news\/\",\"name\":\"ASPACK NEWS\",\"description\":\"El peri?dico digital de los envases de cart?n\",\"potentialAction\":[{\"@type\":\"SearchAction\",\"target\":{\"@type\":\"EntryPoint\",\"urlTemplate\":\"http:\/\/www.aspack.es\/news\/?s={search_term_string}\"},\"query-input\":{\"@type\":\"PropertyValueSpecification\",\"valueRequired\":true,\"valueName\":\"search_term_string\"}}],\"inLanguage\":\"es\"},{\"@type\":\"Person\",\"@id\":\"http:\/\/www.aspack.es\/news\/#\/schema\/person\/0019098322836346476fc7dfdbd26d95\",\"name\":\"admin\",\"image\":{\"@type\":\"ImageObject\",\"inLanguage\":\"es\",\"@id\":\"http:\/\/www.aspack.es\/news\/#\/schema\/person\/image\/\",\"url\":\"https:\/\/secure.gravatar.com\/avatar\/6a6c60542c39a2d052b8b1e8c5145e669bf888b9b229b3da0e43092daac8a32e?s=96&d=mm&r=g\",\"contentUrl\":\"https:\/\/secure.gravatar.com\/avatar\/6a6c60542c39a2d052b8b1e8c5145e669bf888b9b229b3da0e43092daac8a32e?s=96&d=mm&r=g\",\"caption\":\"admin\"},\"url\":\"http:\/\/www.aspack.es\/news\/author\/admin\/\"}]}<\/script>\n<!-- \/ Yoast SEO plugin. -->","yoast_head_json":{"title":"Primera reuni\u00f3n del a\u00f1o del Grupo de Responsables de Calidad de ASPACK con la intervenci\u00f3n de Intertek - ASPACK NEWS","description":"El pasado martes 8 de febrero se celebr\u00f3 la primera reuni\u00f3n del a\u00f1o en modo virtual del Grupo de Responsables de Calidad de ASPACK, centrada en la presentaci\u00f3n sobre Food Contact: Normativa Legislaci\u00f3n presentado por Iratxe Sola, Business Development Manager, Food Contact \/ T&H, de Intertek.","robots":{"index":"index","follow":"follow","max-snippet":"max-snippet:-1","max-image-preview":"max-image-preview:large","max-video-preview":"max-video-preview:-1"},"canonical":"http:\/\/www.aspack.es\/news\/primera-reunion-del-ano-del-grupo-de-responsables-de-calidad-de-aspack-con-la-intervencion-de-intertek\/","og_locale":"es_ES","og_type":"article","og_title":"Primera reuni\u00f3n del a\u00f1o del Grupo de Responsables de Calidad de ASPACK con la intervenci\u00f3n de Intertek - ASPACK NEWS","og_description":"El pasado martes 8 de febrero se celebr\u00f3 la primera reuni\u00f3n del a\u00f1o en modo virtual del Grupo de Responsables de Calidad de ASPACK, centrada en la presentaci\u00f3n sobre Food Contact: Normativa Legislaci\u00f3n presentado por Iratxe Sola, Business Development Manager, Food Contact \/ T&H, de Intertek.","og_url":"http:\/\/www.aspack.es\/news\/primera-reunion-del-ano-del-grupo-de-responsables-de-calidad-de-aspack-con-la-intervencion-de-intertek\/","og_site_name":"ASPACK NEWS","article_published_time":"2022-02-21T14:47:44+00:00","article_modified_time":"2022-04-01T10:41:53+00:00","og_image":[{"width":1920,"height":1080,"url":"http:\/\/www.aspack.es\/news\/wp-content\/uploads\/2022\/02\/1-wecompress.com-2.jpg","type":"image\/jpeg"}],"author":"admin","twitter_card":"summary_large_image","twitter_misc":{"Escrito por":"admin","Tiempo de lectura":"2 minutos"},"schema":{"@context":"https:\/\/schema.org","@graph":[{"@type":"WebPage","@id":"http:\/\/www.aspack.es\/news\/primera-reunion-del-ano-del-grupo-de-responsables-de-calidad-de-aspack-con-la-intervencion-de-intertek\/","url":"http:\/\/www.aspack.es\/news\/primera-reunion-del-ano-del-grupo-de-responsables-de-calidad-de-aspack-con-la-intervencion-de-intertek\/","name":"Primera reuni\u00f3n del a\u00f1o del Grupo de Responsables de Calidad de ASPACK con la intervenci\u00f3n de Intertek - ASPACK NEWS","isPartOf":{"@id":"http:\/\/www.aspack.es\/news\/#website"},"primaryImageOfPage":{"@id":"http:\/\/www.aspack.es\/news\/primera-reunion-del-ano-del-grupo-de-responsables-de-calidad-de-aspack-con-la-intervencion-de-intertek\/#primaryimage"},"image":{"@id":"http:\/\/www.aspack.es\/news\/primera-reunion-del-ano-del-grupo-de-responsables-de-calidad-de-aspack-con-la-intervencion-de-intertek\/#primaryimage"},"thumbnailUrl":"http:\/\/www.aspack.es\/news\/wp-content\/uploads\/2022\/02\/1-wecompress.com-2.jpg","datePublished":"2022-02-21T14:47:44+00:00","dateModified":"2022-04-01T10:41:53+00:00","author":{"@id":"http:\/\/www.aspack.es\/news\/#\/schema\/person\/0019098322836346476fc7dfdbd26d95"},"description":"El pasado martes 8 de febrero se celebr\u00f3 la primera reuni\u00f3n del a\u00f1o en modo virtual del Grupo de Responsables de Calidad de ASPACK, centrada en la presentaci\u00f3n sobre Food Contact: Normativa Legislaci\u00f3n presentado por Iratxe Sola, Business Development Manager, Food Contact \/ T&H, de Intertek.","breadcrumb":{"@id":"http:\/\/www.aspack.es\/news\/primera-reunion-del-ano-del-grupo-de-responsables-de-calidad-de-aspack-con-la-intervencion-de-intertek\/#breadcrumb"},"inLanguage":"es","potentialAction":[{"@type":"ReadAction","target":["http:\/\/www.aspack.es\/news\/primera-reunion-del-ano-del-grupo-de-responsables-de-calidad-de-aspack-con-la-intervencion-de-intertek\/"]}]},{"@type":"ImageObject","inLanguage":"es","@id":"http:\/\/www.aspack.es\/news\/primera-reunion-del-ano-del-grupo-de-responsables-de-calidad-de-aspack-con-la-intervencion-de-intertek\/#primaryimage","url":"http:\/\/www.aspack.es\/news\/wp-content\/uploads\/2022\/02\/1-wecompress.com-2.jpg","contentUrl":"http:\/\/www.aspack.es\/news\/wp-content\/uploads\/2022\/02\/1-wecompress.com-2.jpg","width":1920,"height":1080},{"@type":"BreadcrumbList","@id":"http:\/\/www.aspack.es\/news\/primera-reunion-del-ano-del-grupo-de-responsables-de-calidad-de-aspack-con-la-intervencion-de-intertek\/#breadcrumb","itemListElement":[{"@type":"ListItem","position":1,"name":"Portada","item":"http:\/\/www.aspack.es\/news\/"},{"@type":"ListItem","position":2,"name":"Primera reuni\u00f3n del a\u00f1o del Grupo de Responsables de Calidad de ASPACK con la intervenci\u00f3n de Intertek"}]},{"@type":"WebSite","@id":"http:\/\/www.aspack.es\/news\/#website","url":"http:\/\/www.aspack.es\/news\/","name":"ASPACK NEWS","description":"El peri?dico digital de los envases de cart?n","potentialAction":[{"@type":"SearchAction","target":{"@type":"EntryPoint","urlTemplate":"http:\/\/www.aspack.es\/news\/?s={search_term_string}"},"query-input":{"@type":"PropertyValueSpecification","valueRequired":true,"valueName":"search_term_string"}}],"inLanguage":"es"},{"@type":"Person","@id":"http:\/\/www.aspack.es\/news\/#\/schema\/person\/0019098322836346476fc7dfdbd26d95","name":"admin","image":{"@type":"ImageObject","inLanguage":"es","@id":"http:\/\/www.aspack.es\/news\/#\/schema\/person\/image\/","url":"https:\/\/secure.gravatar.com\/avatar\/6a6c60542c39a2d052b8b1e8c5145e669bf888b9b229b3da0e43092daac8a32e?s=96&d=mm&r=g","contentUrl":"https:\/\/secure.gravatar.com\/avatar\/6a6c60542c39a2d052b8b1e8c5145e669bf888b9b229b3da0e43092daac8a32e?s=96&d=mm&r=g","caption":"admin"},"url":"http:\/\/www.aspack.es\/news\/author\/admin\/"}]}},"_links":{"self":[{"href":"http:\/\/www.aspack.es\/news\/wp-json\/wp\/v2\/posts\/1612","targetHints":{"allow":["GET"]}}],"collection":[{"href":"http:\/\/www.aspack.es\/news\/wp-json\/wp\/v2\/posts"}],"about":[{"href":"http:\/\/www.aspack.es\/news\/wp-json\/wp\/v2\/types\/post"}],"author":[{"embeddable":true,"href":"http:\/\/www.aspack.es\/news\/wp-json\/wp\/v2\/users\/1"}],"replies":[{"embeddable":true,"href":"http:\/\/www.aspack.es\/news\/wp-json\/wp\/v2\/comments?post=1612"}],"version-history":[{"count":2,"href":"http:\/\/www.aspack.es\/news\/wp-json\/wp\/v2\/posts\/1612\/revisions"}],"predecessor-version":[{"id":1640,"href":"http:\/\/www.aspack.es\/news\/wp-json\/wp\/v2\/posts\/1612\/revisions\/1640"}],"wp:featuredmedia":[{"embeddable":true,"href":"http:\/\/www.aspack.es\/news\/wp-json\/wp\/v2\/media\/1614"}],"wp:attachment":[{"href":"http:\/\/www.aspack.es\/news\/wp-json\/wp\/v2\/media?parent=1612"}],"wp:term":[{"taxonomy":"category","embeddable":true,"href":"http:\/\/www.aspack.es\/news\/wp-json\/wp\/v2\/categories?post=1612"},{"taxonomy":"post_tag","embeddable":true,"href":"http:\/\/www.aspack.es\/news\/wp-json\/wp\/v2\/tags?post=1612"}],"curies":[{"name":"wp","href":"https:\/\/api.w.org\/{rel}","templated":true}]}}