{"id":1620,"date":"2022-02-28T15:29:38","date_gmt":"2022-02-28T15:29:38","guid":{"rendered":"http:\/\/www.aspack.es\/news\/?p=1620"},"modified":"2022-04-01T10:41:39","modified_gmt":"2022-04-01T10:41:39","slug":"el-78-de-los-espanoles-a-favor-de-prohibir-los-plasticos-de-un-solo-uso","status":"publish","type":"post","link":"http:\/\/www.aspack.es\/news\/el-78-de-los-espanoles-a-favor-de-prohibir-los-plasticos-de-un-solo-uso\/","title":{"rendered":"El 78% de los espa\u00f1oles a favor de prohibir los pl\u00e1sticos de un solo uso"},"content":{"rendered":"\n<p>El especialista en investigaci\u00f3n de mercados&nbsp;<strong>Ipsos ha elaborado junto a Plastic Free July,<\/strong>&nbsp;movimiento global que ayuda a las personas a tomar medidas para poner fin a los desechos pl\u00e1sticos,&nbsp;<strong>una encuesta sobre la percepci\u00f3n que la poblaci\u00f3n puede tener de los pl\u00e1sticos de un solo uso.<\/strong>&nbsp;Bajo el t\u00edtulo&nbsp;<strong>\u00abActitudes hacia el pl\u00e1stico de un solo uso\u00bb,<\/strong>&nbsp;la principal conclusi\u00f3n del mismo es que el grueso de la poblaci\u00f3n esta de acuerdo en que estos productos&nbsp;<strong>deber\u00edan de prohibirse cuanto antes.<\/strong>&nbsp;En Europa, este porcentaje coincide con la media global&nbsp;<strong>(75%),<\/strong>&nbsp;siendo Italia (83%), Gran Breta\u00f1a (80%)&nbsp;<strong>y Espa\u00f1a (78%),<\/strong>&nbsp;los pa\u00edses que m\u00e1s respaldan la adopci\u00f3n de esta medida.<\/p>\n\n\n\n<p>El pr\u00f3ximo 28 de febrero se abrir\u00e1 en Nairobi la quinta sesi\u00f3n de la Asamblea Medioambiental de la ONU (UNEA), en la que los gobiernos del mundo debatir\u00e1n el camino hacia el primer tratado internacional para hacer frente a la contaminaci\u00f3n por pl\u00e1sticos. En este sentido,&nbsp;<strong>el 88% de la poblaci\u00f3n mundial,<\/strong>&nbsp;de media, considera esencial, muy importante o bastante importante alcanzar un&nbsp;<strong>acuerdo global para combatirla.<\/strong><\/p>\n\n\n\n<p>Por su parte, Espa\u00f1a es, junto con Gran Breta\u00f1a (ambos con un 90%), el segundo pa\u00eds europeo, solo despu\u00e9s de Italia (94%), que muestra el nivel m\u00e1s alto de creencia en la&nbsp;<strong>importancia de un tratado internacional para combatir la contaminaci\u00f3n pl\u00e1stica.<\/strong>&nbsp;El 82% de la poblaci\u00f3n mundial, de media, afirma que quiere comprar productos con el menor n\u00famero de envases de pl\u00e1sticos posible. En l\u00ednea con la media global, el 82% de la ciudadan\u00eda europea se muestra de acuerdo con este compromiso. Por su parte, Espa\u00f1a, con un 85%, es el tercer pa\u00eds del viejo continente, por debajo de Gran Breta\u00f1a e Italia (ambos con un 86%), que m\u00e1s apuesta por&nbsp;<strong>reducir su consumo de pl\u00e1stico.<\/strong><\/p>\n\n\n\n<p>Sin embargo, adem\u00e1s de asumir este compromiso de manera individual, la poblaci\u00f3n mundial tambi\u00e9n insta a las empresas a asumir su responsabilidad en este asunto. As\u00ed,&nbsp;<strong>el 85% de la poblaci\u00f3n mundial, de media, est\u00e1 de acuerdo en que fabricantes y minoristas deber\u00edan ser responsables a la hora de reducir, reutilizar y reciclar los envases de pl\u00e1stico.<\/strong>&nbsp;En Europa, el porcentaje si sit\u00faa un punto por encima de la media global, con un 86%.<\/p>\n\n\n\n<p><em>Extracto art\u00edculo de Alimarket<\/em><\/p>\n","protected":false},"excerpt":{"rendered":"<p>El especialista en investigaci\u00f3n de mercados&nbsp;Ipsos ha elaborado junto a Plastic Free July,&nbsp;movimiento global que ayuda a las personas a tomar medidas para poner fin a los desechos pl\u00e1sticos,&nbsp;una encuesta sobre la percepci\u00f3n que la poblaci\u00f3n puede tener de los pl\u00e1sticos de un solo uso.&nbsp;Bajo el t\u00edtulo&nbsp;\u00abActitudes hacia el pl\u00e1stico de un solo uso\u00bb,&nbsp;la principal&hellip;<\/p>\n","protected":false},"author":1,"featured_media":1621,"comment_status":"closed","ping_status":"open","sticky":false,"template":"","format":"standard","meta":{"footnotes":""},"categories":[18,17],"tags":[],"class_list":["post-1620","post","type-post","status-publish","format-standard","has-post-thumbnail","hentry","category-asociados","category-el-sector"],"yoast_head":"<!-- This site is optimized with the Yoast SEO plugin v25.9 - https:\/\/yoast.com\/wordpress\/plugins\/seo\/ -->\n<title>El 78% de los espa\u00f1oles a favor de prohibir los pl\u00e1sticos de un solo uso - ASPACK NEWS<\/title>\n<meta name=\"description\" content=\"El especialista en investigaci\u00f3n de mercados Ipsos ha elaborado junto a Plastic Free July, movimiento global que ayuda a las personas a tomar medidas para poner fin a los desechos pl\u00e1sticos, una encuesta sobre la percepci\u00f3n que la poblaci\u00f3n puede tener de los pl\u00e1sticos de un solo uso\" \/>\n<meta name=\"robots\" content=\"index, follow, max-snippet:-1, max-image-preview:large, max-video-preview:-1\" \/>\n<link rel=\"canonical\" href=\"http:\/\/www.aspack.es\/news\/el-78-de-los-espanoles-a-favor-de-prohibir-los-plasticos-de-un-solo-uso\/\" \/>\n<meta property=\"og:locale\" content=\"es_ES\" \/>\n<meta property=\"og:type\" content=\"article\" \/>\n<meta property=\"og:title\" content=\"El 78% de los espa\u00f1oles a favor de prohibir los pl\u00e1sticos de un solo uso - ASPACK NEWS\" \/>\n<meta property=\"og:description\" content=\"El especialista en investigaci\u00f3n de mercados Ipsos ha elaborado junto a Plastic Free July, movimiento global que ayuda a las personas a tomar medidas para poner fin a los desechos pl\u00e1sticos, una encuesta sobre la percepci\u00f3n que la poblaci\u00f3n puede tener de los pl\u00e1sticos de un solo uso\" \/>\n<meta property=\"og:url\" content=\"http:\/\/www.aspack.es\/news\/el-78-de-los-espanoles-a-favor-de-prohibir-los-plasticos-de-un-solo-uso\/\" \/>\n<meta property=\"og:site_name\" content=\"ASPACK NEWS\" \/>\n<meta property=\"article:published_time\" content=\"2022-02-28T15:29:38+00:00\" \/>\n<meta property=\"article:modified_time\" content=\"2022-04-01T10:41:39+00:00\" \/>\n<meta property=\"og:image\" content=\"http:\/\/www.aspack.es\/news\/wp-content\/uploads\/2022\/02\/Diseno-sin-titulo-80.jpg\" \/>\n\t<meta property=\"og:image:width\" content=\"1920\" \/>\n\t<meta property=\"og:image:height\" content=\"1080\" \/>\n\t<meta property=\"og:image:type\" content=\"image\/jpeg\" \/>\n<meta name=\"author\" content=\"admin\" \/>\n<meta name=\"twitter:card\" content=\"summary_large_image\" \/>\n<meta name=\"twitter:label1\" content=\"Escrito por\" \/>\n\t<meta name=\"twitter:data1\" content=\"admin\" \/>\n\t<meta name=\"twitter:label2\" content=\"Tiempo de lectura\" \/>\n\t<meta name=\"twitter:data2\" content=\"2 minutos\" \/>\n<script type=\"application\/ld+json\" class=\"yoast-schema-graph\">{\"@context\":\"https:\/\/schema.org\",\"@graph\":[{\"@type\":\"WebPage\",\"@id\":\"http:\/\/www.aspack.es\/news\/el-78-de-los-espanoles-a-favor-de-prohibir-los-plasticos-de-un-solo-uso\/\",\"url\":\"http:\/\/www.aspack.es\/news\/el-78-de-los-espanoles-a-favor-de-prohibir-los-plasticos-de-un-solo-uso\/\",\"name\":\"El 78% de los espa\u00f1oles a favor de prohibir los pl\u00e1sticos de un solo uso - ASPACK NEWS\",\"isPartOf\":{\"@id\":\"http:\/\/www.aspack.es\/news\/#website\"},\"primaryImageOfPage\":{\"@id\":\"http:\/\/www.aspack.es\/news\/el-78-de-los-espanoles-a-favor-de-prohibir-los-plasticos-de-un-solo-uso\/#primaryimage\"},\"image\":{\"@id\":\"http:\/\/www.aspack.es\/news\/el-78-de-los-espanoles-a-favor-de-prohibir-los-plasticos-de-un-solo-uso\/#primaryimage\"},\"thumbnailUrl\":\"http:\/\/www.aspack.es\/news\/wp-content\/uploads\/2022\/02\/Diseno-sin-titulo-80.jpg\",\"datePublished\":\"2022-02-28T15:29:38+00:00\",\"dateModified\":\"2022-04-01T10:41:39+00:00\",\"author\":{\"@id\":\"http:\/\/www.aspack.es\/news\/#\/schema\/person\/0019098322836346476fc7dfdbd26d95\"},\"description\":\"El especialista en investigaci\u00f3n de mercados Ipsos ha elaborado junto a Plastic Free July, movimiento global que ayuda a las personas a tomar medidas para poner fin a los desechos pl\u00e1sticos, una encuesta sobre la percepci\u00f3n que la poblaci\u00f3n puede tener de los pl\u00e1sticos de un solo uso\",\"breadcrumb\":{\"@id\":\"http:\/\/www.aspack.es\/news\/el-78-de-los-espanoles-a-favor-de-prohibir-los-plasticos-de-un-solo-uso\/#breadcrumb\"},\"inLanguage\":\"es\",\"potentialAction\":[{\"@type\":\"ReadAction\",\"target\":[\"http:\/\/www.aspack.es\/news\/el-78-de-los-espanoles-a-favor-de-prohibir-los-plasticos-de-un-solo-uso\/\"]}]},{\"@type\":\"ImageObject\",\"inLanguage\":\"es\",\"@id\":\"http:\/\/www.aspack.es\/news\/el-78-de-los-espanoles-a-favor-de-prohibir-los-plasticos-de-un-solo-uso\/#primaryimage\",\"url\":\"http:\/\/www.aspack.es\/news\/wp-content\/uploads\/2022\/02\/Diseno-sin-titulo-80.jpg\",\"contentUrl\":\"http:\/\/www.aspack.es\/news\/wp-content\/uploads\/2022\/02\/Diseno-sin-titulo-80.jpg\",\"width\":1920,\"height\":1080,\"caption\":\"los pl\u00e1sticos\"},{\"@type\":\"BreadcrumbList\",\"@id\":\"http:\/\/www.aspack.es\/news\/el-78-de-los-espanoles-a-favor-de-prohibir-los-plasticos-de-un-solo-uso\/#breadcrumb\",\"itemListElement\":[{\"@type\":\"ListItem\",\"position\":1,\"name\":\"Portada\",\"item\":\"http:\/\/www.aspack.es\/news\/\"},{\"@type\":\"ListItem\",\"position\":2,\"name\":\"El 78% de los espa\u00f1oles a favor de prohibir los pl\u00e1sticos de un solo uso\"}]},{\"@type\":\"WebSite\",\"@id\":\"http:\/\/www.aspack.es\/news\/#website\",\"url\":\"http:\/\/www.aspack.es\/news\/\",\"name\":\"ASPACK NEWS\",\"description\":\"El peri?dico digital de los envases de cart?n\",\"potentialAction\":[{\"@type\":\"SearchAction\",\"target\":{\"@type\":\"EntryPoint\",\"urlTemplate\":\"http:\/\/www.aspack.es\/news\/?s={search_term_string}\"},\"query-input\":{\"@type\":\"PropertyValueSpecification\",\"valueRequired\":true,\"valueName\":\"search_term_string\"}}],\"inLanguage\":\"es\"},{\"@type\":\"Person\",\"@id\":\"http:\/\/www.aspack.es\/news\/#\/schema\/person\/0019098322836346476fc7dfdbd26d95\",\"name\":\"admin\",\"image\":{\"@type\":\"ImageObject\",\"inLanguage\":\"es\",\"@id\":\"http:\/\/www.aspack.es\/news\/#\/schema\/person\/image\/\",\"url\":\"https:\/\/secure.gravatar.com\/avatar\/6a6c60542c39a2d052b8b1e8c5145e669bf888b9b229b3da0e43092daac8a32e?s=96&d=mm&r=g\",\"contentUrl\":\"https:\/\/secure.gravatar.com\/avatar\/6a6c60542c39a2d052b8b1e8c5145e669bf888b9b229b3da0e43092daac8a32e?s=96&d=mm&r=g\",\"caption\":\"admin\"},\"url\":\"http:\/\/www.aspack.es\/news\/author\/admin\/\"}]}<\/script>\n<!-- \/ Yoast SEO plugin. -->","yoast_head_json":{"title":"El 78% de los espa\u00f1oles a favor de prohibir los pl\u00e1sticos de un solo uso - ASPACK NEWS","description":"El especialista en investigaci\u00f3n de mercados Ipsos ha elaborado junto a Plastic Free July, movimiento global que ayuda a las personas a tomar medidas para poner fin a los desechos pl\u00e1sticos, una encuesta sobre la percepci\u00f3n que la poblaci\u00f3n puede tener de los pl\u00e1sticos de un solo uso","robots":{"index":"index","follow":"follow","max-snippet":"max-snippet:-1","max-image-preview":"max-image-preview:large","max-video-preview":"max-video-preview:-1"},"canonical":"http:\/\/www.aspack.es\/news\/el-78-de-los-espanoles-a-favor-de-prohibir-los-plasticos-de-un-solo-uso\/","og_locale":"es_ES","og_type":"article","og_title":"El 78% de los espa\u00f1oles a favor de prohibir los pl\u00e1sticos de un solo uso - ASPACK NEWS","og_description":"El especialista en investigaci\u00f3n de mercados Ipsos ha elaborado junto a Plastic Free July, movimiento global que ayuda a las personas a tomar medidas para poner fin a los desechos pl\u00e1sticos, una encuesta sobre la percepci\u00f3n que la poblaci\u00f3n puede tener de los pl\u00e1sticos de un solo uso","og_url":"http:\/\/www.aspack.es\/news\/el-78-de-los-espanoles-a-favor-de-prohibir-los-plasticos-de-un-solo-uso\/","og_site_name":"ASPACK NEWS","article_published_time":"2022-02-28T15:29:38+00:00","article_modified_time":"2022-04-01T10:41:39+00:00","og_image":[{"width":1920,"height":1080,"url":"http:\/\/www.aspack.es\/news\/wp-content\/uploads\/2022\/02\/Diseno-sin-titulo-80.jpg","type":"image\/jpeg"}],"author":"admin","twitter_card":"summary_large_image","twitter_misc":{"Escrito por":"admin","Tiempo de lectura":"2 minutos"},"schema":{"@context":"https:\/\/schema.org","@graph":[{"@type":"WebPage","@id":"http:\/\/www.aspack.es\/news\/el-78-de-los-espanoles-a-favor-de-prohibir-los-plasticos-de-un-solo-uso\/","url":"http:\/\/www.aspack.es\/news\/el-78-de-los-espanoles-a-favor-de-prohibir-los-plasticos-de-un-solo-uso\/","name":"El 78% de los espa\u00f1oles a favor de prohibir los pl\u00e1sticos de un solo uso - ASPACK NEWS","isPartOf":{"@id":"http:\/\/www.aspack.es\/news\/#website"},"primaryImageOfPage":{"@id":"http:\/\/www.aspack.es\/news\/el-78-de-los-espanoles-a-favor-de-prohibir-los-plasticos-de-un-solo-uso\/#primaryimage"},"image":{"@id":"http:\/\/www.aspack.es\/news\/el-78-de-los-espanoles-a-favor-de-prohibir-los-plasticos-de-un-solo-uso\/#primaryimage"},"thumbnailUrl":"http:\/\/www.aspack.es\/news\/wp-content\/uploads\/2022\/02\/Diseno-sin-titulo-80.jpg","datePublished":"2022-02-28T15:29:38+00:00","dateModified":"2022-04-01T10:41:39+00:00","author":{"@id":"http:\/\/www.aspack.es\/news\/#\/schema\/person\/0019098322836346476fc7dfdbd26d95"},"description":"El especialista en investigaci\u00f3n de mercados Ipsos ha elaborado junto a Plastic Free July, movimiento global que ayuda a las personas a tomar medidas para poner fin a los desechos pl\u00e1sticos, una encuesta sobre la percepci\u00f3n que la poblaci\u00f3n puede tener de los pl\u00e1sticos de un solo uso","breadcrumb":{"@id":"http:\/\/www.aspack.es\/news\/el-78-de-los-espanoles-a-favor-de-prohibir-los-plasticos-de-un-solo-uso\/#breadcrumb"},"inLanguage":"es","potentialAction":[{"@type":"ReadAction","target":["http:\/\/www.aspack.es\/news\/el-78-de-los-espanoles-a-favor-de-prohibir-los-plasticos-de-un-solo-uso\/"]}]},{"@type":"ImageObject","inLanguage":"es","@id":"http:\/\/www.aspack.es\/news\/el-78-de-los-espanoles-a-favor-de-prohibir-los-plasticos-de-un-solo-uso\/#primaryimage","url":"http:\/\/www.aspack.es\/news\/wp-content\/uploads\/2022\/02\/Diseno-sin-titulo-80.jpg","contentUrl":"http:\/\/www.aspack.es\/news\/wp-content\/uploads\/2022\/02\/Diseno-sin-titulo-80.jpg","width":1920,"height":1080,"caption":"los pl\u00e1sticos"},{"@type":"BreadcrumbList","@id":"http:\/\/www.aspack.es\/news\/el-78-de-los-espanoles-a-favor-de-prohibir-los-plasticos-de-un-solo-uso\/#breadcrumb","itemListElement":[{"@type":"ListItem","position":1,"name":"Portada","item":"http:\/\/www.aspack.es\/news\/"},{"@type":"ListItem","position":2,"name":"El 78% de los espa\u00f1oles a favor de prohibir los pl\u00e1sticos de un solo uso"}]},{"@type":"WebSite","@id":"http:\/\/www.aspack.es\/news\/#website","url":"http:\/\/www.aspack.es\/news\/","name":"ASPACK NEWS","description":"El peri?dico digital de los envases de cart?n","potentialAction":[{"@type":"SearchAction","target":{"@type":"EntryPoint","urlTemplate":"http:\/\/www.aspack.es\/news\/?s={search_term_string}"},"query-input":{"@type":"PropertyValueSpecification","valueRequired":true,"valueName":"search_term_string"}}],"inLanguage":"es"},{"@type":"Person","@id":"http:\/\/www.aspack.es\/news\/#\/schema\/person\/0019098322836346476fc7dfdbd26d95","name":"admin","image":{"@type":"ImageObject","inLanguage":"es","@id":"http:\/\/www.aspack.es\/news\/#\/schema\/person\/image\/","url":"https:\/\/secure.gravatar.com\/avatar\/6a6c60542c39a2d052b8b1e8c5145e669bf888b9b229b3da0e43092daac8a32e?s=96&d=mm&r=g","contentUrl":"https:\/\/secure.gravatar.com\/avatar\/6a6c60542c39a2d052b8b1e8c5145e669bf888b9b229b3da0e43092daac8a32e?s=96&d=mm&r=g","caption":"admin"},"url":"http:\/\/www.aspack.es\/news\/author\/admin\/"}]}},"_links":{"self":[{"href":"http:\/\/www.aspack.es\/news\/wp-json\/wp\/v2\/posts\/1620","targetHints":{"allow":["GET"]}}],"collection":[{"href":"http:\/\/www.aspack.es\/news\/wp-json\/wp\/v2\/posts"}],"about":[{"href":"http:\/\/www.aspack.es\/news\/wp-json\/wp\/v2\/types\/post"}],"author":[{"embeddable":true,"href":"http:\/\/www.aspack.es\/news\/wp-json\/wp\/v2\/users\/1"}],"replies":[{"embeddable":true,"href":"http:\/\/www.aspack.es\/news\/wp-json\/wp\/v2\/comments?post=1620"}],"version-history":[{"count":1,"href":"http:\/\/www.aspack.es\/news\/wp-json\/wp\/v2\/posts\/1620\/revisions"}],"predecessor-version":[{"id":1622,"href":"http:\/\/www.aspack.es\/news\/wp-json\/wp\/v2\/posts\/1620\/revisions\/1622"}],"wp:featuredmedia":[{"embeddable":true,"href":"http:\/\/www.aspack.es\/news\/wp-json\/wp\/v2\/media\/1621"}],"wp:attachment":[{"href":"http:\/\/www.aspack.es\/news\/wp-json\/wp\/v2\/media?parent=1620"}],"wp:term":[{"taxonomy":"category","embeddable":true,"href":"http:\/\/www.aspack.es\/news\/wp-json\/wp\/v2\/categories?post=1620"},{"taxonomy":"post_tag","embeddable":true,"href":"http:\/\/www.aspack.es\/news\/wp-json\/wp\/v2\/tags?post=1620"}],"curies":[{"name":"wp","href":"https:\/\/api.w.org\/{rel}","templated":true}]}}