{"id":1623,"date":"2022-03-07T10:36:10","date_gmt":"2022-03-07T10:36:10","guid":{"rendered":"http:\/\/www.aspack.es\/news\/?p=1623"},"modified":"2022-05-02T12:05:30","modified_gmt":"2022-05-02T12:05:30","slug":"la-onu-pacta-el-primer-tratado-internacional-para-frenar-la-contaminacion-por-plasticos","status":"publish","type":"post","link":"http:\/\/www.aspack.es\/news\/la-onu-pacta-el-primer-tratado-internacional-para-frenar-la-contaminacion-por-plasticos\/","title":{"rendered":"La ONU pacta el primer tratado internacional para frenar la contaminaci\u00f3n por pl\u00e1sticos"},"content":{"rendered":"\n<p>Los representantes de 175 naciones reunidos en Nairobi pactan la creaci\u00f3n de un instrumento jur\u00eddicamente vinculante contra este tipo de poluci\u00f3n. La ONU sostiene que es el pacto ambiental m\u00e1s importante desde la firma del Acuerdo de Par\u00eds contra el cambio clim\u00e1tico<\/p>\n\n\n\n<p>Los representantes de los 175 pa\u00edses que han participado en la Asamblea de las Naciones Unidas para el Medio Ambiente, que se cierra este mi\u00e9rcoles en Nairobi (Kenia), han acordado la creaci\u00f3n del&nbsp;primer tratado internacional jur\u00eddicamente vinculante contra la contaminaci\u00f3n por pl\u00e1sticos. Tras varios a\u00f1os de negociaciones y declaraciones, se ha aprobado una resoluci\u00f3n por la que se crea el comit\u00e9 intergubernamental que comenzar\u00e1 a elaborar este tratado a partir de junio. La intenci\u00f3n es que los trabajos est\u00e9n rematados en el horizonte de finales de 2024 para que comience entonces el proceso de ratificaci\u00f3n de los pa\u00edses de este pacto para combatir&nbsp;la creciente contaminaci\u00f3n por pl\u00e1sticos.<\/p>\n\n\n\n<p>Inger Andersen, directora ejecutiva del Programa de la ONU para el Medio Ambiente (<a href=\"https:\/\/www.unep.org\/es\" target=\"_blank\" rel=\"noreferrer noopener\">Pnuma<\/a>), considera que este es el pacto internacional ambiental m\u00e1s importante al que se ha llegado&nbsp;desde que en diciembre de 2015 se cerr\u00f3 el Acuerdo de Par\u00eds contra el cambio clim\u00e1tico. Y en cierta forma lo acordado ahora en Nairobi mantiene el esp\u00edritu del hist\u00f3rico pacto contra el calentamiento, porque se basa en que los pa\u00edses que lo ratifiquen presenten planes nacionales para combatir la contaminaci\u00f3n por pl\u00e1stico.<\/p>\n\n\n\n<p>El problema no es menor y va en aumento a\u00f1o a a\u00f1o. La&nbsp;<strong>producci\u00f3n mundial de pl\u00e1stico<\/strong>&nbsp;se ha multiplicado por dos en solo dos d\u00e9cadas hasta alcanzar&nbsp;<strong>los 461,1 millones de toneladas en 2021<\/strong>. La previsi\u00f3n es que vuelva a duplicarse para 2040 si no se pone coto a la producci\u00f3n de un material que es muy barato, tiene una baj\u00edsima tasa de reciclaje \u2014apenas el 9% de los residuos de este tipo que se recogen en el mundo\u2014 y genera un alto impacto en la naturaleza:&nbsp;<strong>m\u00e1s de 140 millones de toneladas de residuos pl\u00e1sticos est\u00e1n ya contaminando los r\u00edos, lagos y mares del planeta<\/strong>, como advert\u00eda&nbsp;<a href=\"https:\/\/elpais.com\/clima-y-medio-ambiente\/2022-02-22\/mas-de-140-millones-de-toneladas-de-plasticos-contaminan-ya-los-rios-oceanos-y-lagos-del-planeta.html\" target=\"_blank\" rel=\"noreferrer noopener\">un reciente informe&nbsp;<\/a>de la OCDE.<\/p>\n\n\n\n<p>Varios pa\u00edses llevan a\u00f1os tomando medidas puntuales contra las bolsas de pl\u00e1stico, los envases o&nbsp;algunos productos de un solo uso.&nbsp;Pero en el seno de la ONU est\u00e1 extendida la idea de que contra este problema mundial es necesario crear un instrumento tambi\u00e9n global y jur\u00eddicamente vinculante. Porque los residuos pl\u00e1sticos viajan de un pa\u00eds a otro y los vertidos&nbsp;en los r\u00edos y mares se producen en muchas ocasiones a miles de kil\u00f3metros de donde se ha usado ese material.<\/p>\n\n\n\n<p>Varias resoluciones aprobadas desde 2014 en Naciones Unidas apoyaban que se creara el tratado contra la contaminaci\u00f3n por pl\u00e1sticos. El texto que finalmente se ha adoptado en la UNEA insta a esa comisi\u00f3n a \u201c<em>desarrollar un<\/em><strong><em>&nbsp;<\/em><\/strong><em>instrumento internacional jur\u00eddicamente vinculante\u201d, con medidas \u201cvinculantes y voluntarias<\/em>\u201d, que aborde el \u201c<em>ciclo de vida completo del pl\u00e1stico<\/em>\u201d. Esta referencia al ciclo de vida completo ha sido uno de los asuntos que ha costado m\u00e1s cerrar, ya que abre la puerta a que no solo se aborden medidas contra la contaminaci\u00f3n ya generada, sino tambi\u00e9n a que se limite la producci\u00f3n de pl\u00e1stico virgen, que muchos analistas consideran clave.<\/p>\n\n\n\n<p>Lo barato que resulta fabricar este material derivado del petr\u00f3leo es una de las razones por las que la tasa de reciclaje mundial es tan baja, lo que a su vez lleva a que los residuos pl\u00e1sticos acaben en vertederos, incinerados o contaminando el medio ambiente. Solo en 2019 alrededor de 22 millones de toneladas de basuras pl\u00e1sticas terminaron en el medio ambiente, seg\u00fan el mismo estudio de la OCDE presentado la semana pasada.<\/p>\n\n\n\n<p>La resoluci\u00f3n adoptada insta a que ese comit\u00e9 intergubernamental fije los objetivos concretos del futuro tratado. Pero se especifica que se deber\u00e1n promover \u201c<em>medidas de cooperaci\u00f3n nacionales e internacionales para reducir la contaminaci\u00f3n pl\u00e1stica en el medio marino, incluida la contaminaci\u00f3n pl\u00e1stica existente<\/em>\u201d. Tambi\u00e9n se deber\u00e1 instar a la elaboraci\u00f3n y actualizaci\u00f3n de \u201c<em>planes de acci\u00f3n nacionale<\/em>s\u201d sobre prevenci\u00f3n, reducci\u00f3n y eliminaci\u00f3n de este tipo de poluci\u00f3n. Adem\u00e1s, se plantea que se eval\u00fae \u201c<em>peri\u00f3dicamente el progreso de la implementaci\u00f3n<\/em>\u201d del acuerdo.<\/p>\n\n\n\n<p>Varios grupos ecologistas tambi\u00e9n han aplaudido el paso dado en la UNEA. WWF, por ejemplo, ha asegurado que \u201c<em>este acuerdo crucial constituye una de las acciones medioambientales m\u00e1s ambiciosas desde el Protocolo de Montreal de 1989<\/em>\u2033, el que elimin\u00f3 de forma efectiva las sustancias que&nbsp; da\u00f1an la capa de ozono. Y ha recordado que m\u00e1s de 2,2 millones de personas de todo el mundo hab\u00edan suscrito la petici\u00f3n lanzada por esta ONG apoyando la creaci\u00f3n de este tratado mundial.<\/p>\n\n\n\n<p>Desde ASPACK seguimos muy de cerca todas las nuevas normativas para frenar la contaminaci\u00f3n del pl\u00e1stico y poder ofrecer alternativas desde el sector del cart\u00f3n.&nbsp;<\/p>\n\n\n\n<p><em>Extracto del art\u00edculo de&nbsp;<\/em><a href=\"https:\/\/elpais.com\/autor\/manuel-planelles\/#?rel=author_top\"><strong><em>MANUEL PLANELLES<\/em><\/strong><\/a><em>&nbsp;en elPais.com<\/em><\/p>\n","protected":false},"excerpt":{"rendered":"<p>Los representantes de 175 naciones reunidos en Nairobi pactan la creaci\u00f3n de un instrumento jur\u00eddicamente vinculante contra este tipo de poluci\u00f3n. La ONU sostiene que es el pacto ambiental m\u00e1s importante desde la firma del Acuerdo de Par\u00eds contra el cambio clim\u00e1tico Los representantes de los 175 pa\u00edses que han participado en la Asamblea de&hellip;<\/p>\n","protected":false},"author":1,"featured_media":1624,"comment_status":"closed","ping_status":"open","sticky":false,"template":"","format":"standard","meta":{"footnotes":""},"categories":[18,17],"tags":[],"class_list":["post-1623","post","type-post","status-publish","format-standard","has-post-thumbnail","hentry","category-asociados","category-el-sector"],"yoast_head":"<!-- This site is optimized with the Yoast SEO plugin v25.9 - https:\/\/yoast.com\/wordpress\/plugins\/seo\/ -->\n<title>La ONU pacta el primer tratado internacional para frenar la contaminaci\u00f3n por pl\u00e1sticos - ASPACK NEWS<\/title>\n<meta name=\"description\" content=\"Los representantes de 175 naciones reunidos en Nairobi pactan la creaci\u00f3n de un instrumento jur\u00eddicamente vinculante contra este tipo de poluci\u00f3n.\" \/>\n<meta name=\"robots\" content=\"index, follow, max-snippet:-1, max-image-preview:large, max-video-preview:-1\" \/>\n<link rel=\"canonical\" href=\"https:\/\/www.aspack.es\/news\/la-onu-pacta-el-primer-tratado-internacional-para-frenar-la-contaminacion-por-plasticos\/\" \/>\n<meta property=\"og:locale\" content=\"es_ES\" \/>\n<meta property=\"og:type\" content=\"article\" \/>\n<meta property=\"og:title\" content=\"La ONU pacta el primer tratado internacional para frenar la contaminaci\u00f3n por pl\u00e1sticos - ASPACK NEWS\" \/>\n<meta property=\"og:description\" content=\"Los representantes de 175 naciones reunidos en Nairobi pactan la creaci\u00f3n de un instrumento jur\u00eddicamente vinculante contra este tipo de poluci\u00f3n.\" \/>\n<meta property=\"og:url\" content=\"https:\/\/www.aspack.es\/news\/la-onu-pacta-el-primer-tratado-internacional-para-frenar-la-contaminacion-por-plasticos\/\" \/>\n<meta property=\"og:site_name\" content=\"ASPACK NEWS\" \/>\n<meta property=\"article:published_time\" content=\"2022-03-07T10:36:10+00:00\" \/>\n<meta property=\"article:modified_time\" content=\"2022-05-02T12:05:30+00:00\" \/>\n<meta property=\"og:image\" content=\"https:\/\/www.aspack.es\/news\/wp-content\/uploads\/2022\/03\/Fotos-articulos-20-1024x683.png\" \/>\n\t<meta property=\"og:image:width\" content=\"1024\" \/>\n\t<meta property=\"og:image:height\" content=\"683\" \/>\n\t<meta property=\"og:image:type\" content=\"image\/png\" \/>\n<meta name=\"author\" content=\"admin\" \/>\n<meta name=\"twitter:card\" content=\"summary_large_image\" \/>\n<meta name=\"twitter:label1\" content=\"Escrito por\" \/>\n\t<meta name=\"twitter:data1\" content=\"admin\" \/>\n\t<meta name=\"twitter:label2\" content=\"Tiempo de lectura\" \/>\n\t<meta name=\"twitter:data2\" content=\"4 minutos\" \/>\n<script type=\"application\/ld+json\" class=\"yoast-schema-graph\">{\"@context\":\"https:\/\/schema.org\",\"@graph\":[{\"@type\":\"WebPage\",\"@id\":\"https:\/\/www.aspack.es\/news\/la-onu-pacta-el-primer-tratado-internacional-para-frenar-la-contaminacion-por-plasticos\/\",\"url\":\"https:\/\/www.aspack.es\/news\/la-onu-pacta-el-primer-tratado-internacional-para-frenar-la-contaminacion-por-plasticos\/\",\"name\":\"La ONU pacta el primer tratado internacional para frenar la contaminaci\u00f3n por pl\u00e1sticos - ASPACK NEWS\",\"isPartOf\":{\"@id\":\"http:\/\/www.aspack.es\/news\/#website\"},\"primaryImageOfPage\":{\"@id\":\"https:\/\/www.aspack.es\/news\/la-onu-pacta-el-primer-tratado-internacional-para-frenar-la-contaminacion-por-plasticos\/#primaryimage\"},\"image\":{\"@id\":\"https:\/\/www.aspack.es\/news\/la-onu-pacta-el-primer-tratado-internacional-para-frenar-la-contaminacion-por-plasticos\/#primaryimage\"},\"thumbnailUrl\":\"http:\/\/www.aspack.es\/news\/wp-content\/uploads\/2022\/03\/Fotos-articulos-20.png\",\"datePublished\":\"2022-03-07T10:36:10+00:00\",\"dateModified\":\"2022-05-02T12:05:30+00:00\",\"author\":{\"@id\":\"http:\/\/www.aspack.es\/news\/#\/schema\/person\/0019098322836346476fc7dfdbd26d95\"},\"description\":\"Los representantes de 175 naciones reunidos en Nairobi pactan la creaci\u00f3n de un instrumento jur\u00eddicamente vinculante contra este tipo de poluci\u00f3n.\",\"breadcrumb\":{\"@id\":\"https:\/\/www.aspack.es\/news\/la-onu-pacta-el-primer-tratado-internacional-para-frenar-la-contaminacion-por-plasticos\/#breadcrumb\"},\"inLanguage\":\"es\",\"potentialAction\":[{\"@type\":\"ReadAction\",\"target\":[\"https:\/\/www.aspack.es\/news\/la-onu-pacta-el-primer-tratado-internacional-para-frenar-la-contaminacion-por-plasticos\/\"]}]},{\"@type\":\"ImageObject\",\"inLanguage\":\"es\",\"@id\":\"https:\/\/www.aspack.es\/news\/la-onu-pacta-el-primer-tratado-internacional-para-frenar-la-contaminacion-por-plasticos\/#primaryimage\",\"url\":\"http:\/\/www.aspack.es\/news\/wp-content\/uploads\/2022\/03\/Fotos-articulos-20.png\",\"contentUrl\":\"http:\/\/www.aspack.es\/news\/wp-content\/uploads\/2022\/03\/Fotos-articulos-20.png\",\"width\":1620,\"height\":1080,\"caption\":\"la contaminaci\u00f3n por pl\u00e1sticos\"},{\"@type\":\"BreadcrumbList\",\"@id\":\"https:\/\/www.aspack.es\/news\/la-onu-pacta-el-primer-tratado-internacional-para-frenar-la-contaminacion-por-plasticos\/#breadcrumb\",\"itemListElement\":[{\"@type\":\"ListItem\",\"position\":1,\"name\":\"Portada\",\"item\":\"http:\/\/www.aspack.es\/news\/\"},{\"@type\":\"ListItem\",\"position\":2,\"name\":\"La ONU pacta el primer tratado internacional para frenar la contaminaci\u00f3n por pl\u00e1sticos\"}]},{\"@type\":\"WebSite\",\"@id\":\"http:\/\/www.aspack.es\/news\/#website\",\"url\":\"http:\/\/www.aspack.es\/news\/\",\"name\":\"ASPACK NEWS\",\"description\":\"El peri?dico digital de los envases de cart?n\",\"potentialAction\":[{\"@type\":\"SearchAction\",\"target\":{\"@type\":\"EntryPoint\",\"urlTemplate\":\"http:\/\/www.aspack.es\/news\/?s={search_term_string}\"},\"query-input\":{\"@type\":\"PropertyValueSpecification\",\"valueRequired\":true,\"valueName\":\"search_term_string\"}}],\"inLanguage\":\"es\"},{\"@type\":\"Person\",\"@id\":\"http:\/\/www.aspack.es\/news\/#\/schema\/person\/0019098322836346476fc7dfdbd26d95\",\"name\":\"admin\",\"image\":{\"@type\":\"ImageObject\",\"inLanguage\":\"es\",\"@id\":\"http:\/\/www.aspack.es\/news\/#\/schema\/person\/image\/\",\"url\":\"https:\/\/secure.gravatar.com\/avatar\/6a6c60542c39a2d052b8b1e8c5145e669bf888b9b229b3da0e43092daac8a32e?s=96&d=mm&r=g\",\"contentUrl\":\"https:\/\/secure.gravatar.com\/avatar\/6a6c60542c39a2d052b8b1e8c5145e669bf888b9b229b3da0e43092daac8a32e?s=96&d=mm&r=g\",\"caption\":\"admin\"},\"url\":\"http:\/\/www.aspack.es\/news\/author\/admin\/\"}]}<\/script>\n<!-- \/ Yoast SEO plugin. -->","yoast_head_json":{"title":"La ONU pacta el primer tratado internacional para frenar la contaminaci\u00f3n por pl\u00e1sticos - ASPACK NEWS","description":"Los representantes de 175 naciones reunidos en Nairobi pactan la creaci\u00f3n de un instrumento jur\u00eddicamente vinculante contra este tipo de poluci\u00f3n.","robots":{"index":"index","follow":"follow","max-snippet":"max-snippet:-1","max-image-preview":"max-image-preview:large","max-video-preview":"max-video-preview:-1"},"canonical":"https:\/\/www.aspack.es\/news\/la-onu-pacta-el-primer-tratado-internacional-para-frenar-la-contaminacion-por-plasticos\/","og_locale":"es_ES","og_type":"article","og_title":"La ONU pacta el primer tratado internacional para frenar la contaminaci\u00f3n por pl\u00e1sticos - ASPACK NEWS","og_description":"Los representantes de 175 naciones reunidos en Nairobi pactan la creaci\u00f3n de un instrumento jur\u00eddicamente vinculante contra este tipo de poluci\u00f3n.","og_url":"https:\/\/www.aspack.es\/news\/la-onu-pacta-el-primer-tratado-internacional-para-frenar-la-contaminacion-por-plasticos\/","og_site_name":"ASPACK NEWS","article_published_time":"2022-03-07T10:36:10+00:00","article_modified_time":"2022-05-02T12:05:30+00:00","og_image":[{"width":1024,"height":683,"url":"https:\/\/www.aspack.es\/news\/wp-content\/uploads\/2022\/03\/Fotos-articulos-20-1024x683.png","type":"image\/png"}],"author":"admin","twitter_card":"summary_large_image","twitter_misc":{"Escrito por":"admin","Tiempo de lectura":"4 minutos"},"schema":{"@context":"https:\/\/schema.org","@graph":[{"@type":"WebPage","@id":"https:\/\/www.aspack.es\/news\/la-onu-pacta-el-primer-tratado-internacional-para-frenar-la-contaminacion-por-plasticos\/","url":"https:\/\/www.aspack.es\/news\/la-onu-pacta-el-primer-tratado-internacional-para-frenar-la-contaminacion-por-plasticos\/","name":"La ONU pacta el primer tratado internacional para frenar la contaminaci\u00f3n por pl\u00e1sticos - ASPACK NEWS","isPartOf":{"@id":"http:\/\/www.aspack.es\/news\/#website"},"primaryImageOfPage":{"@id":"https:\/\/www.aspack.es\/news\/la-onu-pacta-el-primer-tratado-internacional-para-frenar-la-contaminacion-por-plasticos\/#primaryimage"},"image":{"@id":"https:\/\/www.aspack.es\/news\/la-onu-pacta-el-primer-tratado-internacional-para-frenar-la-contaminacion-por-plasticos\/#primaryimage"},"thumbnailUrl":"http:\/\/www.aspack.es\/news\/wp-content\/uploads\/2022\/03\/Fotos-articulos-20.png","datePublished":"2022-03-07T10:36:10+00:00","dateModified":"2022-05-02T12:05:30+00:00","author":{"@id":"http:\/\/www.aspack.es\/news\/#\/schema\/person\/0019098322836346476fc7dfdbd26d95"},"description":"Los representantes de 175 naciones reunidos en Nairobi pactan la creaci\u00f3n de un instrumento jur\u00eddicamente vinculante contra este tipo de poluci\u00f3n.","breadcrumb":{"@id":"https:\/\/www.aspack.es\/news\/la-onu-pacta-el-primer-tratado-internacional-para-frenar-la-contaminacion-por-plasticos\/#breadcrumb"},"inLanguage":"es","potentialAction":[{"@type":"ReadAction","target":["https:\/\/www.aspack.es\/news\/la-onu-pacta-el-primer-tratado-internacional-para-frenar-la-contaminacion-por-plasticos\/"]}]},{"@type":"ImageObject","inLanguage":"es","@id":"https:\/\/www.aspack.es\/news\/la-onu-pacta-el-primer-tratado-internacional-para-frenar-la-contaminacion-por-plasticos\/#primaryimage","url":"http:\/\/www.aspack.es\/news\/wp-content\/uploads\/2022\/03\/Fotos-articulos-20.png","contentUrl":"http:\/\/www.aspack.es\/news\/wp-content\/uploads\/2022\/03\/Fotos-articulos-20.png","width":1620,"height":1080,"caption":"la contaminaci\u00f3n por pl\u00e1sticos"},{"@type":"BreadcrumbList","@id":"https:\/\/www.aspack.es\/news\/la-onu-pacta-el-primer-tratado-internacional-para-frenar-la-contaminacion-por-plasticos\/#breadcrumb","itemListElement":[{"@type":"ListItem","position":1,"name":"Portada","item":"http:\/\/www.aspack.es\/news\/"},{"@type":"ListItem","position":2,"name":"La ONU pacta el primer tratado internacional para frenar la contaminaci\u00f3n por pl\u00e1sticos"}]},{"@type":"WebSite","@id":"http:\/\/www.aspack.es\/news\/#website","url":"http:\/\/www.aspack.es\/news\/","name":"ASPACK NEWS","description":"El peri?dico digital de los envases de cart?n","potentialAction":[{"@type":"SearchAction","target":{"@type":"EntryPoint","urlTemplate":"http:\/\/www.aspack.es\/news\/?s={search_term_string}"},"query-input":{"@type":"PropertyValueSpecification","valueRequired":true,"valueName":"search_term_string"}}],"inLanguage":"es"},{"@type":"Person","@id":"http:\/\/www.aspack.es\/news\/#\/schema\/person\/0019098322836346476fc7dfdbd26d95","name":"admin","image":{"@type":"ImageObject","inLanguage":"es","@id":"http:\/\/www.aspack.es\/news\/#\/schema\/person\/image\/","url":"https:\/\/secure.gravatar.com\/avatar\/6a6c60542c39a2d052b8b1e8c5145e669bf888b9b229b3da0e43092daac8a32e?s=96&d=mm&r=g","contentUrl":"https:\/\/secure.gravatar.com\/avatar\/6a6c60542c39a2d052b8b1e8c5145e669bf888b9b229b3da0e43092daac8a32e?s=96&d=mm&r=g","caption":"admin"},"url":"http:\/\/www.aspack.es\/news\/author\/admin\/"}]}},"_links":{"self":[{"href":"http:\/\/www.aspack.es\/news\/wp-json\/wp\/v2\/posts\/1623","targetHints":{"allow":["GET"]}}],"collection":[{"href":"http:\/\/www.aspack.es\/news\/wp-json\/wp\/v2\/posts"}],"about":[{"href":"http:\/\/www.aspack.es\/news\/wp-json\/wp\/v2\/types\/post"}],"author":[{"embeddable":true,"href":"http:\/\/www.aspack.es\/news\/wp-json\/wp\/v2\/users\/1"}],"replies":[{"embeddable":true,"href":"http:\/\/www.aspack.es\/news\/wp-json\/wp\/v2\/comments?post=1623"}],"version-history":[{"count":3,"href":"http:\/\/www.aspack.es\/news\/wp-json\/wp\/v2\/posts\/1623\/revisions"}],"predecessor-version":[{"id":1659,"href":"http:\/\/www.aspack.es\/news\/wp-json\/wp\/v2\/posts\/1623\/revisions\/1659"}],"wp:featuredmedia":[{"embeddable":true,"href":"http:\/\/www.aspack.es\/news\/wp-json\/wp\/v2\/media\/1624"}],"wp:attachment":[{"href":"http:\/\/www.aspack.es\/news\/wp-json\/wp\/v2\/media?parent=1623"}],"wp:term":[{"taxonomy":"category","embeddable":true,"href":"http:\/\/www.aspack.es\/news\/wp-json\/wp\/v2\/categories?post=1623"},{"taxonomy":"post_tag","embeddable":true,"href":"http:\/\/www.aspack.es\/news\/wp-json\/wp\/v2\/tags?post=1623"}],"curies":[{"name":"wp","href":"https:\/\/api.w.org\/{rel}","templated":true}]}}