{"id":2029,"date":"2023-10-25T12:18:39","date_gmt":"2023-10-25T12:18:39","guid":{"rendered":"http:\/\/www.aspack.es\/news\/?p=2029"},"modified":"2023-10-26T07:23:14","modified_gmt":"2023-10-26T07:23:14","slug":"exito-del-encuentro-anual-del-envase-de-carton","status":"publish","type":"post","link":"http:\/\/www.aspack.es\/news\/exito-del-encuentro-anual-del-envase-de-carton\/","title":{"rendered":"Alta satisfacci\u00f3n en el Encuentro Anual del Envase de Cart\u00f3n"},"content":{"rendered":"\n<p>El Encuentro Anual del Envase de Cart\u00f3n tuvo lugar el pasado 23 de octubre de 2023 en Zaragoza, Espa\u00f1a, fue todo un \u00e9xito, contando con numerosos asistentes.&nbsp;<\/p>\n\n\n\n<p>Dio comienzo el evento, con la intervenci\u00f3n de Jos\u00e9 Ram\u00f3n Benito, presidente de ASPACK, qui\u00e9n present\u00f3 en brevedad a grandes rasgos la situaci\u00f3n actual del sector.\u00a0<em>\u201cSe est\u00e1 ralentizando el consumo, pero no hay que perder la esperanza.\u201d<\/em>\u00a0Adem\u00e1s, aprovech\u00f3 para agradecer a los asistentes su participaci\u00f3n en el evento.\u00a0<\/p>\n\n\n\n<div class=\"wp-block-image\"><figure class=\"aligncenter size-large is-resized\"><img loading=\"lazy\" decoding=\"async\" src=\"http:\/\/www.aspack.es\/news\/wp-content\/uploads\/2023\/10\/JoseRamon1_EncuentroAspack2023-1024x576.jpg\" alt=\"\" class=\"wp-image-2030\" width=\"522\" height=\"293\" srcset=\"http:\/\/www.aspack.es\/news\/wp-content\/uploads\/2023\/10\/JoseRamon1_EncuentroAspack2023-1024x576.jpg 1024w, http:\/\/www.aspack.es\/news\/wp-content\/uploads\/2023\/10\/JoseRamon1_EncuentroAspack2023-300x169.jpg 300w, http:\/\/www.aspack.es\/news\/wp-content\/uploads\/2023\/10\/JoseRamon1_EncuentroAspack2023-768x432.jpg 768w, http:\/\/www.aspack.es\/news\/wp-content\/uploads\/2023\/10\/JoseRamon1_EncuentroAspack2023-1536x864.jpg 1536w, http:\/\/www.aspack.es\/news\/wp-content\/uploads\/2023\/10\/JoseRamon1_EncuentroAspack2023-480x270.jpg 480w, http:\/\/www.aspack.es\/news\/wp-content\/uploads\/2023\/10\/JoseRamon1_EncuentroAspack2023-888x500.jpg 888w, http:\/\/www.aspack.es\/news\/wp-content\/uploads\/2023\/10\/JoseRamon1_EncuentroAspack2023.jpg 1560w\" sizes=\"auto, (max-width: 522px) 100vw, 522px\" \/><figcaption><sub>Jos\u00e9 Ram\u00f3n Benito \u2013 Presidente ASPACK<\/sub><\/figcaption><\/figure><\/div>\n\n\n\n<p>A continuaci\u00f3n de Jos\u00e9 Ram\u00f3n, el secretario general de ASPACK, Pablo Serrano, realiz\u00f3 una ponencia sobre \u201c<em>C\u00f3mo se posiciona y da respuesta la industria del envase de cart\u00f3n ante la nueva legislaci\u00f3n europea de los envases y residuos de envases.\u201d<\/em>\u00a0Pablo quiso empezar su ponencia, lanzando una pregunta al p\u00fablico.\u00a0<em>\u00bfPara qu\u00e9 sirven las asociaciones?\u00a0<\/em>A lo que a\u00f1adi\u00f3:\u00a0<em>\u201cSe deber\u00eda cambiar la pregunta por una afirmaci\u00f3n, el poder de las asociaciones. Por muchos malos tiempos que vengan, siempre quedar\u00e1n las asociaciones, para generar proyecto y futuro.\u201d<\/em>\u00a0Seguidamente, se present\u00f3 la evoluci\u00f3n de la normativa relativa al sector, explicando la evoluci\u00f3n de esta y mostrando una cronolog\u00eda de la legislaci\u00f3n tanto a nivel nacional como a nivel europeo. Por \u00faltimo, quiso centrarse en la Propuesta de Reglamento Europeo de envases y residuos de envases, que permanece en construcci\u00f3n. A trav\u00e9s de esta nueva propuesta, se pretende establecer objetivos espec\u00edficos a corto y medio plazo, para lograr reducir los residuos de envases.\u00a0<\/p>\n\n\n\n<div class=\"wp-block-image\"><figure class=\"aligncenter size-large is-resized\"><img loading=\"lazy\" decoding=\"async\" src=\"http:\/\/www.aspack.es\/news\/wp-content\/uploads\/2023\/10\/Pablo2_EncuentroAspack2023-1024x576.jpg\" alt=\"\" class=\"wp-image-2031\" width=\"467\" height=\"262\" srcset=\"http:\/\/www.aspack.es\/news\/wp-content\/uploads\/2023\/10\/Pablo2_EncuentroAspack2023-1024x576.jpg 1024w, http:\/\/www.aspack.es\/news\/wp-content\/uploads\/2023\/10\/Pablo2_EncuentroAspack2023-300x169.jpg 300w, http:\/\/www.aspack.es\/news\/wp-content\/uploads\/2023\/10\/Pablo2_EncuentroAspack2023-768x432.jpg 768w, http:\/\/www.aspack.es\/news\/wp-content\/uploads\/2023\/10\/Pablo2_EncuentroAspack2023-1536x864.jpg 1536w, http:\/\/www.aspack.es\/news\/wp-content\/uploads\/2023\/10\/Pablo2_EncuentroAspack2023-480x270.jpg 480w, http:\/\/www.aspack.es\/news\/wp-content\/uploads\/2023\/10\/Pablo2_EncuentroAspack2023-888x500.jpg 888w, http:\/\/www.aspack.es\/news\/wp-content\/uploads\/2023\/10\/Pablo2_EncuentroAspack2023.jpg 1560w\" sizes=\"auto, (max-width: 467px) 100vw, 467px\" \/><figcaption>Pablo Serrano \u2013 Secretario General ASPACK<\/figcaption><\/figure><\/div>\n\n\n\n<p>Para finalizar la ronda de ponencias, contamos con la participaci\u00f3n de Pilar Arrayas, directora de&nbsp;<a href=\"https:\/\/cartoncircular.es\/\" target=\"_blank\" rel=\"noreferrer noopener\">Cart\u00f3n Circular<\/a>, que nos habl\u00f3 sobre&nbsp;<em>el SCRAP de los fabricantes para los envasadores<\/em>. Desde Cart\u00f3n Circular, buscan asegurar el reciclado de los envases industriales de papel y cart\u00f3n.&nbsp;Es el Sistema Colectivo de Responsabilidad Ampliada del Productor (SCRAP) que ofrece a las industrias cumplir con sus obligaciones legales a trav\u00e9s de sus proveedores de envases industriales de papel y cart\u00f3n.&nbsp;<\/p>\n\n\n\n<div class=\"wp-block-image\"><figure class=\"aligncenter size-large is-resized\"><img loading=\"lazy\" decoding=\"async\" src=\"http:\/\/www.aspack.es\/news\/wp-content\/uploads\/2023\/10\/Pilar_EncuentroAspack2023-1024x576.jpg\" alt=\"\" class=\"wp-image-2032\" width=\"467\" height=\"262\" srcset=\"http:\/\/www.aspack.es\/news\/wp-content\/uploads\/2023\/10\/Pilar_EncuentroAspack2023-1024x576.jpg 1024w, http:\/\/www.aspack.es\/news\/wp-content\/uploads\/2023\/10\/Pilar_EncuentroAspack2023-300x169.jpg 300w, http:\/\/www.aspack.es\/news\/wp-content\/uploads\/2023\/10\/Pilar_EncuentroAspack2023-768x432.jpg 768w, http:\/\/www.aspack.es\/news\/wp-content\/uploads\/2023\/10\/Pilar_EncuentroAspack2023-1536x864.jpg 1536w, http:\/\/www.aspack.es\/news\/wp-content\/uploads\/2023\/10\/Pilar_EncuentroAspack2023-480x270.jpg 480w, http:\/\/www.aspack.es\/news\/wp-content\/uploads\/2023\/10\/Pilar_EncuentroAspack2023-888x500.jpg 888w, http:\/\/www.aspack.es\/news\/wp-content\/uploads\/2023\/10\/Pilar_EncuentroAspack2023.jpg 1560w\" sizes=\"auto, (max-width: 467px) 100vw, 467px\" \/><figcaption>Pilar Arrayas \u2013 Cart\u00f3n Circular<\/figcaption><\/figure><\/div>\n\n\n\n<p>Dando fin a la jornada, se celebr\u00f3 un cocktail almuerzo, donde los asistentes aprovecharon para reencontrarse y hacer networking.&nbsp;<\/p>\n\n\n\n<p>Desde ASPACK, queremos agradecer la asistencia a todos los participantes del Encuentro Anual del Envase de Cart\u00f3n. \u00a1Esperamos vernos en futuras ediciones!<\/p>\n","protected":false},"excerpt":{"rendered":"<p>El Encuentro Anual del Envase de Cart\u00f3n tuvo lugar el pasado 23 de octubre de 2023 en Zaragoza, Espa\u00f1a, fue todo un \u00e9xito, contando con numerosos asistentes.&nbsp; Dio comienzo el evento, con la intervenci\u00f3n de Jos\u00e9 Ram\u00f3n Benito, presidente de ASPACK, qui\u00e9n present\u00f3 en brevedad a grandes rasgos la situaci\u00f3n actual del sector.\u00a0\u201cSe est\u00e1 ralentizando&hellip;<\/p>\n","protected":false},"author":1,"featured_media":2033,"comment_status":"closed","ping_status":"open","sticky":false,"template":"","format":"standard","meta":{"footnotes":""},"categories":[17,19,22],"tags":[],"class_list":["post-2029","post","type-post","status-publish","format-standard","has-post-thumbnail","hentry","category-el-sector","category-eventos","category-noticias"],"yoast_head":"<!-- This site is optimized with the Yoast SEO plugin v25.9 - https:\/\/yoast.com\/wordpress\/plugins\/seo\/ -->\n<title>Alta satisfacci\u00f3n en el Encuentro Anual del Envase de Cart\u00f3n - ASPACK NEWS<\/title>\n<meta name=\"robots\" content=\"index, follow, max-snippet:-1, max-image-preview:large, max-video-preview:-1\" \/>\n<link rel=\"canonical\" href=\"http:\/\/www.aspack.es\/news\/exito-del-encuentro-anual-del-envase-de-carton\/\" \/>\n<meta property=\"og:locale\" content=\"es_ES\" \/>\n<meta property=\"og:type\" content=\"article\" \/>\n<meta property=\"og:title\" content=\"Alta satisfacci\u00f3n en el Encuentro Anual del Envase de Cart\u00f3n - ASPACK NEWS\" \/>\n<meta property=\"og:description\" content=\"El Encuentro Anual del Envase de Cart\u00f3n tuvo lugar el pasado 23 de octubre de 2023 en Zaragoza, Espa\u00f1a, fue todo un \u00e9xito, contando con numerosos asistentes.&nbsp; Dio comienzo el evento, con la intervenci\u00f3n de Jos\u00e9 Ram\u00f3n Benito, presidente de ASPACK, qui\u00e9n present\u00f3 en brevedad a grandes rasgos la situaci\u00f3n actual del sector.\u00a0\u201cSe est\u00e1 ralentizando&hellip;\" \/>\n<meta property=\"og:url\" content=\"http:\/\/www.aspack.es\/news\/exito-del-encuentro-anual-del-envase-de-carton\/\" \/>\n<meta property=\"og:site_name\" content=\"ASPACK NEWS\" \/>\n<meta property=\"article:published_time\" content=\"2023-10-25T12:18:39+00:00\" \/>\n<meta property=\"article:modified_time\" content=\"2023-10-26T07:23:14+00:00\" \/>\n<meta property=\"og:image\" content=\"http:\/\/www.aspack.es\/news\/wp-content\/uploads\/2023\/10\/Sala_EncuentroAspack2023.jpg\" \/>\n\t<meta property=\"og:image:width\" content=\"1560\" \/>\n\t<meta property=\"og:image:height\" content=\"878\" \/>\n\t<meta property=\"og:image:type\" content=\"image\/jpeg\" \/>\n<meta name=\"author\" content=\"admin\" \/>\n<meta name=\"twitter:card\" content=\"summary_large_image\" \/>\n<meta name=\"twitter:label1\" content=\"Escrito por\" \/>\n\t<meta name=\"twitter:data1\" content=\"admin\" \/>\n\t<meta name=\"twitter:label2\" content=\"Tiempo de lectura\" \/>\n\t<meta name=\"twitter:data2\" content=\"3 minutos\" \/>\n<script type=\"application\/ld+json\" class=\"yoast-schema-graph\">{\"@context\":\"https:\/\/schema.org\",\"@graph\":[{\"@type\":\"WebPage\",\"@id\":\"http:\/\/www.aspack.es\/news\/exito-del-encuentro-anual-del-envase-de-carton\/\",\"url\":\"http:\/\/www.aspack.es\/news\/exito-del-encuentro-anual-del-envase-de-carton\/\",\"name\":\"Alta satisfacci\u00f3n en el Encuentro Anual del Envase de Cart\u00f3n - ASPACK NEWS\",\"isPartOf\":{\"@id\":\"http:\/\/www.aspack.es\/news\/#website\"},\"primaryImageOfPage\":{\"@id\":\"http:\/\/www.aspack.es\/news\/exito-del-encuentro-anual-del-envase-de-carton\/#primaryimage\"},\"image\":{\"@id\":\"http:\/\/www.aspack.es\/news\/exito-del-encuentro-anual-del-envase-de-carton\/#primaryimage\"},\"thumbnailUrl\":\"http:\/\/www.aspack.es\/news\/wp-content\/uploads\/2023\/10\/Sala_EncuentroAspack2023.jpg\",\"datePublished\":\"2023-10-25T12:18:39+00:00\",\"dateModified\":\"2023-10-26T07:23:14+00:00\",\"author\":{\"@id\":\"http:\/\/www.aspack.es\/news\/#\/schema\/person\/0019098322836346476fc7dfdbd26d95\"},\"breadcrumb\":{\"@id\":\"http:\/\/www.aspack.es\/news\/exito-del-encuentro-anual-del-envase-de-carton\/#breadcrumb\"},\"inLanguage\":\"es\",\"potentialAction\":[{\"@type\":\"ReadAction\",\"target\":[\"http:\/\/www.aspack.es\/news\/exito-del-encuentro-anual-del-envase-de-carton\/\"]}]},{\"@type\":\"ImageObject\",\"inLanguage\":\"es\",\"@id\":\"http:\/\/www.aspack.es\/news\/exito-del-encuentro-anual-del-envase-de-carton\/#primaryimage\",\"url\":\"http:\/\/www.aspack.es\/news\/wp-content\/uploads\/2023\/10\/Sala_EncuentroAspack2023.jpg\",\"contentUrl\":\"http:\/\/www.aspack.es\/news\/wp-content\/uploads\/2023\/10\/Sala_EncuentroAspack2023.jpg\",\"width\":1560,\"height\":878,\"caption\":\"EncuentroAspack2023\"},{\"@type\":\"BreadcrumbList\",\"@id\":\"http:\/\/www.aspack.es\/news\/exito-del-encuentro-anual-del-envase-de-carton\/#breadcrumb\",\"itemListElement\":[{\"@type\":\"ListItem\",\"position\":1,\"name\":\"Portada\",\"item\":\"http:\/\/www.aspack.es\/news\/\"},{\"@type\":\"ListItem\",\"position\":2,\"name\":\"Alta satisfacci\u00f3n en el Encuentro Anual del Envase de Cart\u00f3n\"}]},{\"@type\":\"WebSite\",\"@id\":\"http:\/\/www.aspack.es\/news\/#website\",\"url\":\"http:\/\/www.aspack.es\/news\/\",\"name\":\"ASPACK NEWS\",\"description\":\"El peri?dico digital de los envases de cart?n\",\"potentialAction\":[{\"@type\":\"SearchAction\",\"target\":{\"@type\":\"EntryPoint\",\"urlTemplate\":\"http:\/\/www.aspack.es\/news\/?s={search_term_string}\"},\"query-input\":{\"@type\":\"PropertyValueSpecification\",\"valueRequired\":true,\"valueName\":\"search_term_string\"}}],\"inLanguage\":\"es\"},{\"@type\":\"Person\",\"@id\":\"http:\/\/www.aspack.es\/news\/#\/schema\/person\/0019098322836346476fc7dfdbd26d95\",\"name\":\"admin\",\"image\":{\"@type\":\"ImageObject\",\"inLanguage\":\"es\",\"@id\":\"http:\/\/www.aspack.es\/news\/#\/schema\/person\/image\/\",\"url\":\"https:\/\/secure.gravatar.com\/avatar\/6a6c60542c39a2d052b8b1e8c5145e669bf888b9b229b3da0e43092daac8a32e?s=96&d=mm&r=g\",\"contentUrl\":\"https:\/\/secure.gravatar.com\/avatar\/6a6c60542c39a2d052b8b1e8c5145e669bf888b9b229b3da0e43092daac8a32e?s=96&d=mm&r=g\",\"caption\":\"admin\"},\"url\":\"http:\/\/www.aspack.es\/news\/author\/admin\/\"}]}<\/script>\n<!-- \/ Yoast SEO plugin. -->","yoast_head_json":{"title":"Alta satisfacci\u00f3n en el Encuentro Anual del Envase de Cart\u00f3n - ASPACK NEWS","robots":{"index":"index","follow":"follow","max-snippet":"max-snippet:-1","max-image-preview":"max-image-preview:large","max-video-preview":"max-video-preview:-1"},"canonical":"http:\/\/www.aspack.es\/news\/exito-del-encuentro-anual-del-envase-de-carton\/","og_locale":"es_ES","og_type":"article","og_title":"Alta satisfacci\u00f3n en el Encuentro Anual del Envase de Cart\u00f3n - ASPACK NEWS","og_description":"El Encuentro Anual del Envase de Cart\u00f3n tuvo lugar el pasado 23 de octubre de 2023 en Zaragoza, Espa\u00f1a, fue todo un \u00e9xito, contando con numerosos asistentes.&nbsp; Dio comienzo el evento, con la intervenci\u00f3n de Jos\u00e9 Ram\u00f3n Benito, presidente de ASPACK, qui\u00e9n present\u00f3 en brevedad a grandes rasgos la situaci\u00f3n actual del sector.\u00a0\u201cSe est\u00e1 ralentizando&hellip;","og_url":"http:\/\/www.aspack.es\/news\/exito-del-encuentro-anual-del-envase-de-carton\/","og_site_name":"ASPACK NEWS","article_published_time":"2023-10-25T12:18:39+00:00","article_modified_time":"2023-10-26T07:23:14+00:00","og_image":[{"width":1560,"height":878,"url":"http:\/\/www.aspack.es\/news\/wp-content\/uploads\/2023\/10\/Sala_EncuentroAspack2023.jpg","type":"image\/jpeg"}],"author":"admin","twitter_card":"summary_large_image","twitter_misc":{"Escrito por":"admin","Tiempo de lectura":"3 minutos"},"schema":{"@context":"https:\/\/schema.org","@graph":[{"@type":"WebPage","@id":"http:\/\/www.aspack.es\/news\/exito-del-encuentro-anual-del-envase-de-carton\/","url":"http:\/\/www.aspack.es\/news\/exito-del-encuentro-anual-del-envase-de-carton\/","name":"Alta satisfacci\u00f3n en el Encuentro Anual del Envase de Cart\u00f3n - ASPACK NEWS","isPartOf":{"@id":"http:\/\/www.aspack.es\/news\/#website"},"primaryImageOfPage":{"@id":"http:\/\/www.aspack.es\/news\/exito-del-encuentro-anual-del-envase-de-carton\/#primaryimage"},"image":{"@id":"http:\/\/www.aspack.es\/news\/exito-del-encuentro-anual-del-envase-de-carton\/#primaryimage"},"thumbnailUrl":"http:\/\/www.aspack.es\/news\/wp-content\/uploads\/2023\/10\/Sala_EncuentroAspack2023.jpg","datePublished":"2023-10-25T12:18:39+00:00","dateModified":"2023-10-26T07:23:14+00:00","author":{"@id":"http:\/\/www.aspack.es\/news\/#\/schema\/person\/0019098322836346476fc7dfdbd26d95"},"breadcrumb":{"@id":"http:\/\/www.aspack.es\/news\/exito-del-encuentro-anual-del-envase-de-carton\/#breadcrumb"},"inLanguage":"es","potentialAction":[{"@type":"ReadAction","target":["http:\/\/www.aspack.es\/news\/exito-del-encuentro-anual-del-envase-de-carton\/"]}]},{"@type":"ImageObject","inLanguage":"es","@id":"http:\/\/www.aspack.es\/news\/exito-del-encuentro-anual-del-envase-de-carton\/#primaryimage","url":"http:\/\/www.aspack.es\/news\/wp-content\/uploads\/2023\/10\/Sala_EncuentroAspack2023.jpg","contentUrl":"http:\/\/www.aspack.es\/news\/wp-content\/uploads\/2023\/10\/Sala_EncuentroAspack2023.jpg","width":1560,"height":878,"caption":"EncuentroAspack2023"},{"@type":"BreadcrumbList","@id":"http:\/\/www.aspack.es\/news\/exito-del-encuentro-anual-del-envase-de-carton\/#breadcrumb","itemListElement":[{"@type":"ListItem","position":1,"name":"Portada","item":"http:\/\/www.aspack.es\/news\/"},{"@type":"ListItem","position":2,"name":"Alta satisfacci\u00f3n en el Encuentro Anual del Envase de Cart\u00f3n"}]},{"@type":"WebSite","@id":"http:\/\/www.aspack.es\/news\/#website","url":"http:\/\/www.aspack.es\/news\/","name":"ASPACK NEWS","description":"El peri?dico digital de los envases de cart?n","potentialAction":[{"@type":"SearchAction","target":{"@type":"EntryPoint","urlTemplate":"http:\/\/www.aspack.es\/news\/?s={search_term_string}"},"query-input":{"@type":"PropertyValueSpecification","valueRequired":true,"valueName":"search_term_string"}}],"inLanguage":"es"},{"@type":"Person","@id":"http:\/\/www.aspack.es\/news\/#\/schema\/person\/0019098322836346476fc7dfdbd26d95","name":"admin","image":{"@type":"ImageObject","inLanguage":"es","@id":"http:\/\/www.aspack.es\/news\/#\/schema\/person\/image\/","url":"https:\/\/secure.gravatar.com\/avatar\/6a6c60542c39a2d052b8b1e8c5145e669bf888b9b229b3da0e43092daac8a32e?s=96&d=mm&r=g","contentUrl":"https:\/\/secure.gravatar.com\/avatar\/6a6c60542c39a2d052b8b1e8c5145e669bf888b9b229b3da0e43092daac8a32e?s=96&d=mm&r=g","caption":"admin"},"url":"http:\/\/www.aspack.es\/news\/author\/admin\/"}]}},"_links":{"self":[{"href":"http:\/\/www.aspack.es\/news\/wp-json\/wp\/v2\/posts\/2029","targetHints":{"allow":["GET"]}}],"collection":[{"href":"http:\/\/www.aspack.es\/news\/wp-json\/wp\/v2\/posts"}],"about":[{"href":"http:\/\/www.aspack.es\/news\/wp-json\/wp\/v2\/types\/post"}],"author":[{"embeddable":true,"href":"http:\/\/www.aspack.es\/news\/wp-json\/wp\/v2\/users\/1"}],"replies":[{"embeddable":true,"href":"http:\/\/www.aspack.es\/news\/wp-json\/wp\/v2\/comments?post=2029"}],"version-history":[{"count":2,"href":"http:\/\/www.aspack.es\/news\/wp-json\/wp\/v2\/posts\/2029\/revisions"}],"predecessor-version":[{"id":2035,"href":"http:\/\/www.aspack.es\/news\/wp-json\/wp\/v2\/posts\/2029\/revisions\/2035"}],"wp:featuredmedia":[{"embeddable":true,"href":"http:\/\/www.aspack.es\/news\/wp-json\/wp\/v2\/media\/2033"}],"wp:attachment":[{"href":"http:\/\/www.aspack.es\/news\/wp-json\/wp\/v2\/media?parent=2029"}],"wp:term":[{"taxonomy":"category","embeddable":true,"href":"http:\/\/www.aspack.es\/news\/wp-json\/wp\/v2\/categories?post=2029"},{"taxonomy":"post_tag","embeddable":true,"href":"http:\/\/www.aspack.es\/news\/wp-json\/wp\/v2\/tags?post=2029"}],"curies":[{"name":"wp","href":"https:\/\/api.w.org\/{rel}","templated":true}]}}