{"id":2037,"date":"2023-10-31T15:58:37","date_gmt":"2023-10-31T15:58:37","guid":{"rendered":"http:\/\/www.aspack.es\/news\/?p=2037"},"modified":"2023-10-31T16:04:13","modified_gmt":"2023-10-31T16:04:13","slug":"alzamora-group-reduce-hasta-cuatro-veces-sus-emisiones-de-gases-de-efecto-invernadero-superando-el-objetivo-marcado","status":"publish","type":"post","link":"http:\/\/www.aspack.es\/news\/alzamora-group-reduce-hasta-cuatro-veces-sus-emisiones-de-gases-de-efecto-invernadero-superando-el-objetivo-marcado\/","title":{"rendered":"Alzamora Group reduce hasta cuatro veces sus emisiones de gases de efecto invernadero, superando el objetivo marcado"},"content":{"rendered":"\n<p><strong>El grupo especializado en la fabricaci\u00f3n de envases de cart\u00f3n&nbsp;cuenta con el certificado de huella de carbono&nbsp;a nivel de organizaci\u00f3n&nbsp;y marca nuevos objetivos, para reducir a\u00fan m\u00e1s sus emisiones, de cara al 2026.<\/strong><\/p>\n\n\n\n<p><strong>Gracias a<\/strong><strong>&nbsp;<\/strong><strong>fuertes inversiones en sus instalaciones y la implementaci\u00f3n de nuevas medidas, Alzamora consigue disminuir sus emisiones de GEI un 19 %.<\/strong><\/p>\n\n\n\n<p><strong>Alzamora Group<\/strong>, empresa familiar especializada en la producci\u00f3n de envases de cart\u00f3n y protagonista destacado en el sector del packaging a nivel espa\u00f1ol y europeo,&nbsp;<strong>avanza a grandes pasos hacia sus objetivos de innovaci\u00f3n y sostenibilidad;<\/strong>&nbsp;valores clave en su prop\u00f3sito empresarial para con el sector, los clientes y el planeta.&nbsp;<\/p>\n\n\n\n<p>El pasado 2022 el grupo empresarial, con sedes en Espa\u00f1a y Portugal, nos compart\u00eda&nbsp;<strong>su objetivo de reducir un 5 % sus emisiones de gases de efecto invernadero<\/strong>&nbsp;(GEI) con medidas como la instalaci\u00f3n de paneles solares, la adquisici\u00f3n de maquinaria de \u00faltima generaci\u00f3n y la inversi\u00f3n en tecnolog\u00eda LED, entre otras.<\/p>\n\n\n\n<p>Un objetivo que, un a\u00f1o despu\u00e9s,&nbsp;<strong>han superado con creces; logrando una disminuci\u00f3n global del 19 % y del 23 % en su planta de Espa\u00f1a<\/strong>. Y que posiciona a Alzamora Group como uno de los referentes del sector en esta transici\u00f3n.<\/p>\n\n\n\n<p>Al respecto, Anna Alzamora, directora general&nbsp;del grupo,&nbsp;nos dice: \u201cEstamos muy satisfechos con los resultados obtenidos, a cierre 2022, fruto de la dedicaci\u00f3n y trabajo constante de todo nuestro equipo.&nbsp;<strong>El cumplimiento y, sobre todo, la superaci\u00f3n de los objetivos marcados es un gran impulso y motivaci\u00f3n para seguir avanzando con nuestro Plan de Reducci\u00f3n&nbsp;<\/strong>que ya cuenta con nuevos objetivos para 2026<strong>\u201d.<\/strong><\/p>\n\n\n\n<p>La estrategia de posicionamiento como referente tecnol\u00f3gico y ecol\u00f3gico de Alzamora Group, ha llevado a la empresa a realizar&nbsp;<strong>grandes mejoras en sus plantas con el objetivo de mejorar eficiencias y reducir su impacto medioambiental<\/strong>, y a desarrollar&nbsp;<strong>nuevas l\u00edneas para colaborar con sus clientes<\/strong>&nbsp;en este \u00faltimo objetivo.&nbsp;<\/p>\n\n\n\n<p>Revolucionaron el sector hace unos a\u00f1os con&nbsp;<strong>LatCub\u00ae<\/strong>, la soluci\u00f3n agrupadora de latas que sustituye a las anillas de pl\u00e1stico, y con&nbsp;<strong>Enovo\u00ae<\/strong>, su propuesta monomaterial para el envasado y transporte de huevos. Ambos desarrollos, ganadores del&nbsp;<strong>WorldStar Packaging Awards,<\/strong>&nbsp;forman parte de la l\u00ednea Green Packaging Planet; soluciones de cart\u00f3n desarrolladas por su departamento de I+D+i, a las que recientemente se ha sumado&nbsp;<strong>Gridpack\u00ae;<\/strong>&nbsp;un nuevo formato para el envasado, la conservaci\u00f3n y el transporte de chocolates y reposter\u00eda.<\/p>\n\n\n\n<p>En el ADN de Alzamora Group est\u00e1n grabados valores que van m\u00e1s all\u00e1 de la empresa y que apuestan por el planeta.&nbsp;Por ello, con&nbsp;<strong>la contrataci\u00f3n de comercializadoras de energ\u00edas renovables, la instalaci\u00f3n de paneles solares t\u00e9rmicos en su sede de Portugal, Novotipo,&nbsp;<\/strong><strong>y las mejoras en la eficiencia para reducir el consumo de energ\u00eda t\u00e9rmica<\/strong><strong>, Alzamora Group se propone el reto de una nueva reducci\u00f3n del 5 % para el 2026.<\/strong><strong>&nbsp;<\/strong>Un objetivo al que tambi\u00e9n se suman acciones como la&nbsp;<strong>planificaci\u00f3n eficiente de la gesti\u00f3n de sus rutas, el impulso de su departamento de mejora continua, la adquisici\u00f3n de nueva maquinaria y veh\u00edculos de \u00faltima tecnolog\u00eda<\/strong>&nbsp;y&nbsp;<strong>la formaci\u00f3n especializada de su equipo<\/strong>.<strong><\/strong><\/p>\n","protected":false},"excerpt":{"rendered":"<p>El grupo especializado en la fabricaci\u00f3n de envases de cart\u00f3n&nbsp;cuenta con el certificado de huella de carbono&nbsp;a nivel de organizaci\u00f3n&nbsp;y marca nuevos objetivos, para reducir a\u00fan m\u00e1s sus emisiones, de cara al 2026. Gracias a&nbsp;fuertes inversiones en sus instalaciones y la implementaci\u00f3n de nuevas medidas, Alzamora consigue disminuir sus emisiones de GEI un 19 %.&hellip;<\/p>\n","protected":false},"author":1,"featured_media":2038,"comment_status":"closed","ping_status":"open","sticky":true,"template":"","format":"standard","meta":{"footnotes":""},"categories":[18,17,22],"tags":[],"class_list":["post-2037","post","type-post","status-publish","format-standard","has-post-thumbnail","hentry","category-asociados","category-el-sector","category-noticias"],"yoast_head":"<!-- This site is optimized with the Yoast SEO plugin v25.9 - https:\/\/yoast.com\/wordpress\/plugins\/seo\/ -->\n<title>Alzamora Group reduce hasta cuatro veces sus emisiones de gases de efecto invernadero, superando el objetivo marcado - ASPACK NEWS<\/title>\n<meta name=\"description\" content=\"El grupo especializado en la fabricaci\u00f3n de envases de cart\u00f3n marca nuevos objetivos, para reducir a\u00fan m\u00e1s sus emisiones, de cara al 2026.\" \/>\n<meta name=\"robots\" content=\"index, follow, max-snippet:-1, max-image-preview:large, max-video-preview:-1\" \/>\n<link rel=\"canonical\" href=\"http:\/\/www.aspack.es\/news\/alzamora-group-reduce-hasta-cuatro-veces-sus-emisiones-de-gases-de-efecto-invernadero-superando-el-objetivo-marcado\/\" \/>\n<meta property=\"og:locale\" content=\"es_ES\" \/>\n<meta property=\"og:type\" content=\"article\" \/>\n<meta property=\"og:title\" content=\"Alzamora Group reduce hasta cuatro veces sus emisiones de gases de efecto invernadero, superando el objetivo marcado - ASPACK NEWS\" \/>\n<meta property=\"og:description\" content=\"El grupo especializado en la fabricaci\u00f3n de envases de cart\u00f3n marca nuevos objetivos, para reducir a\u00fan m\u00e1s sus emisiones, de cara al 2026.\" \/>\n<meta property=\"og:url\" content=\"http:\/\/www.aspack.es\/news\/alzamora-group-reduce-hasta-cuatro-veces-sus-emisiones-de-gases-de-efecto-invernadero-superando-el-objetivo-marcado\/\" \/>\n<meta property=\"og:site_name\" content=\"ASPACK NEWS\" \/>\n<meta property=\"article:published_time\" content=\"2023-10-31T15:58:37+00:00\" \/>\n<meta property=\"article:modified_time\" content=\"2023-10-31T16:04:13+00:00\" \/>\n<meta property=\"og:image\" content=\"http:\/\/www.aspack.es\/news\/wp-content\/uploads\/2023\/10\/alzamora-nau-2-1024x767.jpg\" \/>\n\t<meta property=\"og:image:width\" content=\"1024\" \/>\n\t<meta property=\"og:image:height\" content=\"767\" \/>\n\t<meta property=\"og:image:type\" content=\"image\/jpeg\" \/>\n<meta name=\"author\" content=\"admin\" \/>\n<meta name=\"twitter:card\" content=\"summary_large_image\" \/>\n<meta name=\"twitter:label1\" content=\"Escrito por\" \/>\n\t<meta name=\"twitter:data1\" content=\"admin\" \/>\n\t<meta name=\"twitter:label2\" content=\"Tiempo de lectura\" \/>\n\t<meta name=\"twitter:data2\" content=\"3 minutos\" \/>\n<script type=\"application\/ld+json\" class=\"yoast-schema-graph\">{\"@context\":\"https:\/\/schema.org\",\"@graph\":[{\"@type\":\"WebPage\",\"@id\":\"http:\/\/www.aspack.es\/news\/alzamora-group-reduce-hasta-cuatro-veces-sus-emisiones-de-gases-de-efecto-invernadero-superando-el-objetivo-marcado\/\",\"url\":\"http:\/\/www.aspack.es\/news\/alzamora-group-reduce-hasta-cuatro-veces-sus-emisiones-de-gases-de-efecto-invernadero-superando-el-objetivo-marcado\/\",\"name\":\"Alzamora Group reduce hasta cuatro veces sus emisiones de gases de efecto invernadero, superando el objetivo marcado - ASPACK NEWS\",\"isPartOf\":{\"@id\":\"http:\/\/www.aspack.es\/news\/#website\"},\"primaryImageOfPage\":{\"@id\":\"http:\/\/www.aspack.es\/news\/alzamora-group-reduce-hasta-cuatro-veces-sus-emisiones-de-gases-de-efecto-invernadero-superando-el-objetivo-marcado\/#primaryimage\"},\"image\":{\"@id\":\"http:\/\/www.aspack.es\/news\/alzamora-group-reduce-hasta-cuatro-veces-sus-emisiones-de-gases-de-efecto-invernadero-superando-el-objetivo-marcado\/#primaryimage\"},\"thumbnailUrl\":\"http:\/\/www.aspack.es\/news\/wp-content\/uploads\/2023\/10\/alzamora-nau-2.jpg\",\"datePublished\":\"2023-10-31T15:58:37+00:00\",\"dateModified\":\"2023-10-31T16:04:13+00:00\",\"author\":{\"@id\":\"http:\/\/www.aspack.es\/news\/#\/schema\/person\/0019098322836346476fc7dfdbd26d95\"},\"description\":\"El grupo especializado en la fabricaci\u00f3n de envases de cart\u00f3n marca nuevos objetivos, para reducir a\u00fan m\u00e1s sus emisiones, de cara al 2026.\",\"breadcrumb\":{\"@id\":\"http:\/\/www.aspack.es\/news\/alzamora-group-reduce-hasta-cuatro-veces-sus-emisiones-de-gases-de-efecto-invernadero-superando-el-objetivo-marcado\/#breadcrumb\"},\"inLanguage\":\"es\",\"potentialAction\":[{\"@type\":\"ReadAction\",\"target\":[\"http:\/\/www.aspack.es\/news\/alzamora-group-reduce-hasta-cuatro-veces-sus-emisiones-de-gases-de-efecto-invernadero-superando-el-objetivo-marcado\/\"]}]},{\"@type\":\"ImageObject\",\"inLanguage\":\"es\",\"@id\":\"http:\/\/www.aspack.es\/news\/alzamora-group-reduce-hasta-cuatro-veces-sus-emisiones-de-gases-de-efecto-invernadero-superando-el-objetivo-marcado\/#primaryimage\",\"url\":\"http:\/\/www.aspack.es\/news\/wp-content\/uploads\/2023\/10\/alzamora-nau-2.jpg\",\"contentUrl\":\"http:\/\/www.aspack.es\/news\/wp-content\/uploads\/2023\/10\/alzamora-nau-2.jpg\",\"width\":1772,\"height\":1328,\"caption\":\"alzamora\"},{\"@type\":\"BreadcrumbList\",\"@id\":\"http:\/\/www.aspack.es\/news\/alzamora-group-reduce-hasta-cuatro-veces-sus-emisiones-de-gases-de-efecto-invernadero-superando-el-objetivo-marcado\/#breadcrumb\",\"itemListElement\":[{\"@type\":\"ListItem\",\"position\":1,\"name\":\"Portada\",\"item\":\"http:\/\/www.aspack.es\/news\/\"},{\"@type\":\"ListItem\",\"position\":2,\"name\":\"Alzamora Group reduce hasta cuatro veces sus emisiones de gases de efecto invernadero, superando el objetivo marcado\"}]},{\"@type\":\"WebSite\",\"@id\":\"http:\/\/www.aspack.es\/news\/#website\",\"url\":\"http:\/\/www.aspack.es\/news\/\",\"name\":\"ASPACK NEWS\",\"description\":\"El peri?dico digital de los envases de cart?n\",\"potentialAction\":[{\"@type\":\"SearchAction\",\"target\":{\"@type\":\"EntryPoint\",\"urlTemplate\":\"http:\/\/www.aspack.es\/news\/?s={search_term_string}\"},\"query-input\":{\"@type\":\"PropertyValueSpecification\",\"valueRequired\":true,\"valueName\":\"search_term_string\"}}],\"inLanguage\":\"es\"},{\"@type\":\"Person\",\"@id\":\"http:\/\/www.aspack.es\/news\/#\/schema\/person\/0019098322836346476fc7dfdbd26d95\",\"name\":\"admin\",\"image\":{\"@type\":\"ImageObject\",\"inLanguage\":\"es\",\"@id\":\"http:\/\/www.aspack.es\/news\/#\/schema\/person\/image\/\",\"url\":\"https:\/\/secure.gravatar.com\/avatar\/6a6c60542c39a2d052b8b1e8c5145e669bf888b9b229b3da0e43092daac8a32e?s=96&d=mm&r=g\",\"contentUrl\":\"https:\/\/secure.gravatar.com\/avatar\/6a6c60542c39a2d052b8b1e8c5145e669bf888b9b229b3da0e43092daac8a32e?s=96&d=mm&r=g\",\"caption\":\"admin\"},\"url\":\"http:\/\/www.aspack.es\/news\/author\/admin\/\"}]}<\/script>\n<!-- \/ Yoast SEO plugin. -->","yoast_head_json":{"title":"Alzamora Group reduce hasta cuatro veces sus emisiones de gases de efecto invernadero, superando el objetivo marcado - ASPACK NEWS","description":"El grupo especializado en la fabricaci\u00f3n de envases de cart\u00f3n marca nuevos objetivos, para reducir a\u00fan m\u00e1s sus emisiones, de cara al 2026.","robots":{"index":"index","follow":"follow","max-snippet":"max-snippet:-1","max-image-preview":"max-image-preview:large","max-video-preview":"max-video-preview:-1"},"canonical":"http:\/\/www.aspack.es\/news\/alzamora-group-reduce-hasta-cuatro-veces-sus-emisiones-de-gases-de-efecto-invernadero-superando-el-objetivo-marcado\/","og_locale":"es_ES","og_type":"article","og_title":"Alzamora Group reduce hasta cuatro veces sus emisiones de gases de efecto invernadero, superando el objetivo marcado - ASPACK NEWS","og_description":"El grupo especializado en la fabricaci\u00f3n de envases de cart\u00f3n marca nuevos objetivos, para reducir a\u00fan m\u00e1s sus emisiones, de cara al 2026.","og_url":"http:\/\/www.aspack.es\/news\/alzamora-group-reduce-hasta-cuatro-veces-sus-emisiones-de-gases-de-efecto-invernadero-superando-el-objetivo-marcado\/","og_site_name":"ASPACK NEWS","article_published_time":"2023-10-31T15:58:37+00:00","article_modified_time":"2023-10-31T16:04:13+00:00","og_image":[{"width":1024,"height":767,"url":"http:\/\/www.aspack.es\/news\/wp-content\/uploads\/2023\/10\/alzamora-nau-2-1024x767.jpg","type":"image\/jpeg"}],"author":"admin","twitter_card":"summary_large_image","twitter_misc":{"Escrito por":"admin","Tiempo de lectura":"3 minutos"},"schema":{"@context":"https:\/\/schema.org","@graph":[{"@type":"WebPage","@id":"http:\/\/www.aspack.es\/news\/alzamora-group-reduce-hasta-cuatro-veces-sus-emisiones-de-gases-de-efecto-invernadero-superando-el-objetivo-marcado\/","url":"http:\/\/www.aspack.es\/news\/alzamora-group-reduce-hasta-cuatro-veces-sus-emisiones-de-gases-de-efecto-invernadero-superando-el-objetivo-marcado\/","name":"Alzamora Group reduce hasta cuatro veces sus emisiones de gases de efecto invernadero, superando el objetivo marcado - ASPACK NEWS","isPartOf":{"@id":"http:\/\/www.aspack.es\/news\/#website"},"primaryImageOfPage":{"@id":"http:\/\/www.aspack.es\/news\/alzamora-group-reduce-hasta-cuatro-veces-sus-emisiones-de-gases-de-efecto-invernadero-superando-el-objetivo-marcado\/#primaryimage"},"image":{"@id":"http:\/\/www.aspack.es\/news\/alzamora-group-reduce-hasta-cuatro-veces-sus-emisiones-de-gases-de-efecto-invernadero-superando-el-objetivo-marcado\/#primaryimage"},"thumbnailUrl":"http:\/\/www.aspack.es\/news\/wp-content\/uploads\/2023\/10\/alzamora-nau-2.jpg","datePublished":"2023-10-31T15:58:37+00:00","dateModified":"2023-10-31T16:04:13+00:00","author":{"@id":"http:\/\/www.aspack.es\/news\/#\/schema\/person\/0019098322836346476fc7dfdbd26d95"},"description":"El grupo especializado en la fabricaci\u00f3n de envases de cart\u00f3n marca nuevos objetivos, para reducir a\u00fan m\u00e1s sus emisiones, de cara al 2026.","breadcrumb":{"@id":"http:\/\/www.aspack.es\/news\/alzamora-group-reduce-hasta-cuatro-veces-sus-emisiones-de-gases-de-efecto-invernadero-superando-el-objetivo-marcado\/#breadcrumb"},"inLanguage":"es","potentialAction":[{"@type":"ReadAction","target":["http:\/\/www.aspack.es\/news\/alzamora-group-reduce-hasta-cuatro-veces-sus-emisiones-de-gases-de-efecto-invernadero-superando-el-objetivo-marcado\/"]}]},{"@type":"ImageObject","inLanguage":"es","@id":"http:\/\/www.aspack.es\/news\/alzamora-group-reduce-hasta-cuatro-veces-sus-emisiones-de-gases-de-efecto-invernadero-superando-el-objetivo-marcado\/#primaryimage","url":"http:\/\/www.aspack.es\/news\/wp-content\/uploads\/2023\/10\/alzamora-nau-2.jpg","contentUrl":"http:\/\/www.aspack.es\/news\/wp-content\/uploads\/2023\/10\/alzamora-nau-2.jpg","width":1772,"height":1328,"caption":"alzamora"},{"@type":"BreadcrumbList","@id":"http:\/\/www.aspack.es\/news\/alzamora-group-reduce-hasta-cuatro-veces-sus-emisiones-de-gases-de-efecto-invernadero-superando-el-objetivo-marcado\/#breadcrumb","itemListElement":[{"@type":"ListItem","position":1,"name":"Portada","item":"http:\/\/www.aspack.es\/news\/"},{"@type":"ListItem","position":2,"name":"Alzamora Group reduce hasta cuatro veces sus emisiones de gases de efecto invernadero, superando el objetivo marcado"}]},{"@type":"WebSite","@id":"http:\/\/www.aspack.es\/news\/#website","url":"http:\/\/www.aspack.es\/news\/","name":"ASPACK NEWS","description":"El peri?dico digital de los envases de cart?n","potentialAction":[{"@type":"SearchAction","target":{"@type":"EntryPoint","urlTemplate":"http:\/\/www.aspack.es\/news\/?s={search_term_string}"},"query-input":{"@type":"PropertyValueSpecification","valueRequired":true,"valueName":"search_term_string"}}],"inLanguage":"es"},{"@type":"Person","@id":"http:\/\/www.aspack.es\/news\/#\/schema\/person\/0019098322836346476fc7dfdbd26d95","name":"admin","image":{"@type":"ImageObject","inLanguage":"es","@id":"http:\/\/www.aspack.es\/news\/#\/schema\/person\/image\/","url":"https:\/\/secure.gravatar.com\/avatar\/6a6c60542c39a2d052b8b1e8c5145e669bf888b9b229b3da0e43092daac8a32e?s=96&d=mm&r=g","contentUrl":"https:\/\/secure.gravatar.com\/avatar\/6a6c60542c39a2d052b8b1e8c5145e669bf888b9b229b3da0e43092daac8a32e?s=96&d=mm&r=g","caption":"admin"},"url":"http:\/\/www.aspack.es\/news\/author\/admin\/"}]}},"_links":{"self":[{"href":"http:\/\/www.aspack.es\/news\/wp-json\/wp\/v2\/posts\/2037","targetHints":{"allow":["GET"]}}],"collection":[{"href":"http:\/\/www.aspack.es\/news\/wp-json\/wp\/v2\/posts"}],"about":[{"href":"http:\/\/www.aspack.es\/news\/wp-json\/wp\/v2\/types\/post"}],"author":[{"embeddable":true,"href":"http:\/\/www.aspack.es\/news\/wp-json\/wp\/v2\/users\/1"}],"replies":[{"embeddable":true,"href":"http:\/\/www.aspack.es\/news\/wp-json\/wp\/v2\/comments?post=2037"}],"version-history":[{"count":1,"href":"http:\/\/www.aspack.es\/news\/wp-json\/wp\/v2\/posts\/2037\/revisions"}],"predecessor-version":[{"id":2039,"href":"http:\/\/www.aspack.es\/news\/wp-json\/wp\/v2\/posts\/2037\/revisions\/2039"}],"wp:featuredmedia":[{"embeddable":true,"href":"http:\/\/www.aspack.es\/news\/wp-json\/wp\/v2\/media\/2038"}],"wp:attachment":[{"href":"http:\/\/www.aspack.es\/news\/wp-json\/wp\/v2\/media?parent=2037"}],"wp:term":[{"taxonomy":"category","embeddable":true,"href":"http:\/\/www.aspack.es\/news\/wp-json\/wp\/v2\/categories?post=2037"},{"taxonomy":"post_tag","embeddable":true,"href":"http:\/\/www.aspack.es\/news\/wp-json\/wp\/v2\/tags?post=2037"}],"curies":[{"name":"wp","href":"https:\/\/api.w.org\/{rel}","templated":true}]}}