{"id":2053,"date":"2023-12-11T16:31:16","date_gmt":"2023-12-11T16:31:16","guid":{"rendered":"http:\/\/www.aspack.es\/news\/?p=2053"},"modified":"2023-12-11T16:35:56","modified_gmt":"2023-12-11T16:35:56","slug":"la-nueva-regulacion-de-diseno-ecologico-mejorara-la-sostenibilidad-ambiental-de-los-productos-en-la-ue","status":"publish","type":"post","link":"http:\/\/www.aspack.es\/news\/la-nueva-regulacion-de-diseno-ecologico-mejorara-la-sostenibilidad-ambiental-de-los-productos-en-la-ue\/","title":{"rendered":"La nueva regulaci\u00f3n de dise\u00f1o ecol\u00f3gico mejorar\u00e1 la sostenibilidad ambiental de los productos en la UE"},"content":{"rendered":"\n<p>La Uni\u00f3n Europea (UE) est\u00e1 dando un paso significativo hacia la mejora de la circularidad de los productos, su rendimiento energ\u00e9tico y otros aspectos relacionados con la sostenibilidad ambiental. La actual Directiva de Ecodise\u00f1o 2009\/125\/CE ha demostrado ser eficaz en la generaci\u00f3n de beneficios tanto para las empresas como para los consumidores y el medio ambiente. Solo en el a\u00f1o 2021, las medidas actuales de ecodise\u00f1o, que abarcan 31 grupos de productos, lograron ahorrar 120 mil millones de euros en gastos energ\u00e9ticos para los consumidores de la UE y reducir el consumo energ\u00e9tico anual de los productos contemplados en un 10%.<\/p>\n\n\n\n<p><strong>Productos m\u00e1s Sostenibles y Circulares<\/strong><\/p>\n\n\n\n<p>La propuesta para una nueva Regulaci\u00f3n de Ecodise\u00f1o para Productos Sostenibles (ESPR), publicada el 30 de marzo de 2022, se ha convertido en el elemento clave de la estrategia de la Comisi\u00f3n para lograr productos m\u00e1s sostenibles y circulares. Esta propuesta se basa en la actual Directiva de Ecodise\u00f1o, que en la actualidad solo abarca productos relacionados con la energ\u00eda.<\/p>\n\n\n\n<p>La propuesta establece un marco para establecer requisitos de ecodise\u00f1o para grupos espec\u00edficos de productos con el objetivo de mejorar significativamente su circularidad, rendimiento energ\u00e9tico y otros aspectos relacionados con la sostenibilidad ambiental. Permitir\u00e1 establecer requisitos de rendimiento e informaci\u00f3n para casi todas las categor\u00edas de bienes f\u00edsicos presentes en el mercado de la UE. Adem\u00e1s, para grupos de productos que compartan caracter\u00edsticas comunes suficientes, el marco tambi\u00e9n permitir\u00e1 establecer reglas horizontales.<\/p>\n\n\n\n<p>Este marco posibilitar\u00e1 la fijaci\u00f3n de una amplia gama de requisitos, incluyendo:<\/p>\n\n\n\n<ul class=\"wp-block-list\"><li>Durabilidad, reutilizaci\u00f3n, capacidad de actualizaci\u00f3n y capacidad de reparaci\u00f3n del producto.<\/li><li>Presencia de sustancias que inhiban la circularidad.<\/li><li>Eficiencia energ\u00e9tica y de recursos.<\/li><li>Contenido reciclado.<\/li><li>Remanufactura y reciclaje.<\/li><li>Huella de carbono y ambiental.<\/li><li>Requisitos de informaci\u00f3n, incluyendo un Pasaporte Digital del Producto.<\/li><\/ul>\n\n\n\n<p>Para el a\u00f1o 2030, este nuevo marco de productos sostenibles puede llevar a ahorros primarios de energ\u00eda.&nbsp;<\/p>\n\n\n\n<p>Dicho esto, todo ello, puede tener implicaciones muy positivas para nuestro sector:<\/p>\n\n\n\n<ul class=\"wp-block-list\"><li><strong>Mayor demanda de envases sostenibles:<\/strong>&nbsp;con esta nueva regulaci\u00f3n que promueve la circularidad y sostenibilidad medioambiental, la demanda de envases que cumplan con este criterio es posible que aumente. Los envases de cart\u00f3n, al ser reciclables y biodegradables, se encuentran bien posicionados para esta creciente demanda.&nbsp;<\/li><li><strong>Mejora de caracter\u00edsticas a trav\u00e9s del ecodise\u00f1o:<\/strong>&nbsp;impulso a las empresas del sector a crear dise\u00f1os m\u00e1s robustos y pr\u00e1cticos, ofreciendo productos que se ajusten a los est\u00e1ndares de ecodise\u00f1o.&nbsp;<\/li><li><strong>Fomento de la innovaci\u00f3n:<\/strong>&nbsp;al tener que cumplir con los requisitos de eficiencia energ\u00e9tica, las empresas podr\u00edan destinar mayores inversiones en nueva tecnolog\u00eda que mejore la sostenibilidad de sus productos.&nbsp;<\/li><li><strong>Mejora de la reputaci\u00f3n de las empresas&nbsp;<\/strong>del sector al cumplir con la nueva normativa. Mayor confianza en los productos por parte del cliente.&nbsp;<\/li><li><strong>Colaboraci\u00f3n dentro de la cadena de suministro<\/strong>&nbsp;(entre los fabricantes de papel y los productores de envases) al implementar requisitos espec\u00edficos y comunes.&nbsp;<\/li><\/ul>\n\n\n\n<p>Esta propuesta refleja el compromiso de la UE con la transici\u00f3n hacia una econom\u00eda m\u00e1s sostenible y circular, impulsando la eficiencia energ\u00e9tica y reduciendo el impacto ambiental de los productos en el mercado.<\/p>\n","protected":false},"excerpt":{"rendered":"<p>La Uni\u00f3n Europea (UE) est\u00e1 dando un paso significativo hacia la mejora de la circularidad de los productos, su rendimiento energ\u00e9tico y otros aspectos relacionados con la sostenibilidad ambiental. La actual Directiva de Ecodise\u00f1o 2009\/125\/CE ha demostrado ser eficaz en la generaci\u00f3n de beneficios tanto para las empresas como para los consumidores y el medio&hellip;<\/p>\n","protected":false},"author":1,"featured_media":2054,"comment_status":"closed","ping_status":"open","sticky":true,"template":"","format":"standard","meta":{"footnotes":""},"categories":[17,22],"tags":[],"class_list":["post-2053","post","type-post","status-publish","format-standard","has-post-thumbnail","hentry","category-el-sector","category-noticias"],"yoast_head":"<!-- This site is optimized with the Yoast SEO plugin v25.9 - https:\/\/yoast.com\/wordpress\/plugins\/seo\/ -->\n<title>La nueva regulaci\u00f3n de dise\u00f1o ecol\u00f3gico mejorar\u00e1 la sostenibilidad ambiental de los productos en la UE - ASPACK NEWS<\/title>\n<meta name=\"description\" content=\"La nueva regulaci\u00f3n de dise\u00f1o ecol\u00f3gico de productos puede tener implicaciones muy positivas para el sector que engloba ASPACK.\" \/>\n<meta name=\"robots\" content=\"index, follow, max-snippet:-1, max-image-preview:large, max-video-preview:-1\" \/>\n<link rel=\"canonical\" href=\"http:\/\/www.aspack.es\/news\/la-nueva-regulacion-de-diseno-ecologico-mejorara-la-sostenibilidad-ambiental-de-los-productos-en-la-ue\/\" \/>\n<meta property=\"og:locale\" content=\"es_ES\" \/>\n<meta property=\"og:type\" content=\"article\" \/>\n<meta property=\"og:title\" content=\"La nueva regulaci\u00f3n de dise\u00f1o ecol\u00f3gico mejorar\u00e1 la sostenibilidad ambiental de los productos en la UE - ASPACK NEWS\" \/>\n<meta property=\"og:description\" content=\"La nueva regulaci\u00f3n de dise\u00f1o ecol\u00f3gico de productos puede tener implicaciones muy positivas para el sector que engloba ASPACK.\" \/>\n<meta property=\"og:url\" content=\"http:\/\/www.aspack.es\/news\/la-nueva-regulacion-de-diseno-ecologico-mejorara-la-sostenibilidad-ambiental-de-los-productos-en-la-ue\/\" \/>\n<meta property=\"og:site_name\" content=\"ASPACK NEWS\" \/>\n<meta property=\"article:published_time\" content=\"2023-12-11T16:31:16+00:00\" \/>\n<meta property=\"article:modified_time\" content=\"2023-12-11T16:35:56+00:00\" \/>\n<meta property=\"og:image\" content=\"http:\/\/www.aspack.es\/news\/wp-content\/uploads\/2023\/12\/ecodiseno.png\" \/>\n\t<meta property=\"og:image:width\" content=\"1000\" \/>\n\t<meta property=\"og:image:height\" content=\"600\" \/>\n\t<meta property=\"og:image:type\" content=\"image\/png\" \/>\n<meta name=\"author\" content=\"admin\" \/>\n<meta name=\"twitter:card\" content=\"summary_large_image\" \/>\n<meta name=\"twitter:label1\" content=\"Escrito por\" \/>\n\t<meta name=\"twitter:data1\" content=\"admin\" \/>\n\t<meta name=\"twitter:label2\" content=\"Tiempo de lectura\" \/>\n\t<meta name=\"twitter:data2\" content=\"3 minutos\" \/>\n<script type=\"application\/ld+json\" class=\"yoast-schema-graph\">{\"@context\":\"https:\/\/schema.org\",\"@graph\":[{\"@type\":\"WebPage\",\"@id\":\"http:\/\/www.aspack.es\/news\/la-nueva-regulacion-de-diseno-ecologico-mejorara-la-sostenibilidad-ambiental-de-los-productos-en-la-ue\/\",\"url\":\"http:\/\/www.aspack.es\/news\/la-nueva-regulacion-de-diseno-ecologico-mejorara-la-sostenibilidad-ambiental-de-los-productos-en-la-ue\/\",\"name\":\"La nueva regulaci\u00f3n de dise\u00f1o ecol\u00f3gico mejorar\u00e1 la sostenibilidad ambiental de los productos en la UE - ASPACK NEWS\",\"isPartOf\":{\"@id\":\"http:\/\/www.aspack.es\/news\/#website\"},\"primaryImageOfPage\":{\"@id\":\"http:\/\/www.aspack.es\/news\/la-nueva-regulacion-de-diseno-ecologico-mejorara-la-sostenibilidad-ambiental-de-los-productos-en-la-ue\/#primaryimage\"},\"image\":{\"@id\":\"http:\/\/www.aspack.es\/news\/la-nueva-regulacion-de-diseno-ecologico-mejorara-la-sostenibilidad-ambiental-de-los-productos-en-la-ue\/#primaryimage\"},\"thumbnailUrl\":\"http:\/\/www.aspack.es\/news\/wp-content\/uploads\/2023\/12\/ecodiseno.png\",\"datePublished\":\"2023-12-11T16:31:16+00:00\",\"dateModified\":\"2023-12-11T16:35:56+00:00\",\"author\":{\"@id\":\"http:\/\/www.aspack.es\/news\/#\/schema\/person\/0019098322836346476fc7dfdbd26d95\"},\"description\":\"La nueva regulaci\u00f3n de dise\u00f1o ecol\u00f3gico de productos puede tener implicaciones muy positivas para el sector que engloba ASPACK.\",\"breadcrumb\":{\"@id\":\"http:\/\/www.aspack.es\/news\/la-nueva-regulacion-de-diseno-ecologico-mejorara-la-sostenibilidad-ambiental-de-los-productos-en-la-ue\/#breadcrumb\"},\"inLanguage\":\"es\",\"potentialAction\":[{\"@type\":\"ReadAction\",\"target\":[\"http:\/\/www.aspack.es\/news\/la-nueva-regulacion-de-diseno-ecologico-mejorara-la-sostenibilidad-ambiental-de-los-productos-en-la-ue\/\"]}]},{\"@type\":\"ImageObject\",\"inLanguage\":\"es\",\"@id\":\"http:\/\/www.aspack.es\/news\/la-nueva-regulacion-de-diseno-ecologico-mejorara-la-sostenibilidad-ambiental-de-los-productos-en-la-ue\/#primaryimage\",\"url\":\"http:\/\/www.aspack.es\/news\/wp-content\/uploads\/2023\/12\/ecodiseno.png\",\"contentUrl\":\"http:\/\/www.aspack.es\/news\/wp-content\/uploads\/2023\/12\/ecodiseno.png\",\"width\":1000,\"height\":600,\"caption\":\"ecodise\u00f1o\"},{\"@type\":\"BreadcrumbList\",\"@id\":\"http:\/\/www.aspack.es\/news\/la-nueva-regulacion-de-diseno-ecologico-mejorara-la-sostenibilidad-ambiental-de-los-productos-en-la-ue\/#breadcrumb\",\"itemListElement\":[{\"@type\":\"ListItem\",\"position\":1,\"name\":\"Portada\",\"item\":\"http:\/\/www.aspack.es\/news\/\"},{\"@type\":\"ListItem\",\"position\":2,\"name\":\"La nueva regulaci\u00f3n de dise\u00f1o ecol\u00f3gico mejorar\u00e1 la sostenibilidad ambiental de los productos en la UE\"}]},{\"@type\":\"WebSite\",\"@id\":\"http:\/\/www.aspack.es\/news\/#website\",\"url\":\"http:\/\/www.aspack.es\/news\/\",\"name\":\"ASPACK NEWS\",\"description\":\"El peri?dico digital de los envases de cart?n\",\"potentialAction\":[{\"@type\":\"SearchAction\",\"target\":{\"@type\":\"EntryPoint\",\"urlTemplate\":\"http:\/\/www.aspack.es\/news\/?s={search_term_string}\"},\"query-input\":{\"@type\":\"PropertyValueSpecification\",\"valueRequired\":true,\"valueName\":\"search_term_string\"}}],\"inLanguage\":\"es\"},{\"@type\":\"Person\",\"@id\":\"http:\/\/www.aspack.es\/news\/#\/schema\/person\/0019098322836346476fc7dfdbd26d95\",\"name\":\"admin\",\"image\":{\"@type\":\"ImageObject\",\"inLanguage\":\"es\",\"@id\":\"http:\/\/www.aspack.es\/news\/#\/schema\/person\/image\/\",\"url\":\"https:\/\/secure.gravatar.com\/avatar\/6a6c60542c39a2d052b8b1e8c5145e669bf888b9b229b3da0e43092daac8a32e?s=96&d=mm&r=g\",\"contentUrl\":\"https:\/\/secure.gravatar.com\/avatar\/6a6c60542c39a2d052b8b1e8c5145e669bf888b9b229b3da0e43092daac8a32e?s=96&d=mm&r=g\",\"caption\":\"admin\"},\"url\":\"http:\/\/www.aspack.es\/news\/author\/admin\/\"}]}<\/script>\n<!-- \/ Yoast SEO plugin. -->","yoast_head_json":{"title":"La nueva regulaci\u00f3n de dise\u00f1o ecol\u00f3gico mejorar\u00e1 la sostenibilidad ambiental de los productos en la UE - ASPACK NEWS","description":"La nueva regulaci\u00f3n de dise\u00f1o ecol\u00f3gico de productos puede tener implicaciones muy positivas para el sector que engloba ASPACK.","robots":{"index":"index","follow":"follow","max-snippet":"max-snippet:-1","max-image-preview":"max-image-preview:large","max-video-preview":"max-video-preview:-1"},"canonical":"http:\/\/www.aspack.es\/news\/la-nueva-regulacion-de-diseno-ecologico-mejorara-la-sostenibilidad-ambiental-de-los-productos-en-la-ue\/","og_locale":"es_ES","og_type":"article","og_title":"La nueva regulaci\u00f3n de dise\u00f1o ecol\u00f3gico mejorar\u00e1 la sostenibilidad ambiental de los productos en la UE - ASPACK NEWS","og_description":"La nueva regulaci\u00f3n de dise\u00f1o ecol\u00f3gico de productos puede tener implicaciones muy positivas para el sector que engloba ASPACK.","og_url":"http:\/\/www.aspack.es\/news\/la-nueva-regulacion-de-diseno-ecologico-mejorara-la-sostenibilidad-ambiental-de-los-productos-en-la-ue\/","og_site_name":"ASPACK NEWS","article_published_time":"2023-12-11T16:31:16+00:00","article_modified_time":"2023-12-11T16:35:56+00:00","og_image":[{"width":1000,"height":600,"url":"http:\/\/www.aspack.es\/news\/wp-content\/uploads\/2023\/12\/ecodiseno.png","type":"image\/png"}],"author":"admin","twitter_card":"summary_large_image","twitter_misc":{"Escrito por":"admin","Tiempo de lectura":"3 minutos"},"schema":{"@context":"https:\/\/schema.org","@graph":[{"@type":"WebPage","@id":"http:\/\/www.aspack.es\/news\/la-nueva-regulacion-de-diseno-ecologico-mejorara-la-sostenibilidad-ambiental-de-los-productos-en-la-ue\/","url":"http:\/\/www.aspack.es\/news\/la-nueva-regulacion-de-diseno-ecologico-mejorara-la-sostenibilidad-ambiental-de-los-productos-en-la-ue\/","name":"La nueva regulaci\u00f3n de dise\u00f1o ecol\u00f3gico mejorar\u00e1 la sostenibilidad ambiental de los productos en la UE - ASPACK NEWS","isPartOf":{"@id":"http:\/\/www.aspack.es\/news\/#website"},"primaryImageOfPage":{"@id":"http:\/\/www.aspack.es\/news\/la-nueva-regulacion-de-diseno-ecologico-mejorara-la-sostenibilidad-ambiental-de-los-productos-en-la-ue\/#primaryimage"},"image":{"@id":"http:\/\/www.aspack.es\/news\/la-nueva-regulacion-de-diseno-ecologico-mejorara-la-sostenibilidad-ambiental-de-los-productos-en-la-ue\/#primaryimage"},"thumbnailUrl":"http:\/\/www.aspack.es\/news\/wp-content\/uploads\/2023\/12\/ecodiseno.png","datePublished":"2023-12-11T16:31:16+00:00","dateModified":"2023-12-11T16:35:56+00:00","author":{"@id":"http:\/\/www.aspack.es\/news\/#\/schema\/person\/0019098322836346476fc7dfdbd26d95"},"description":"La nueva regulaci\u00f3n de dise\u00f1o ecol\u00f3gico de productos puede tener implicaciones muy positivas para el sector que engloba ASPACK.","breadcrumb":{"@id":"http:\/\/www.aspack.es\/news\/la-nueva-regulacion-de-diseno-ecologico-mejorara-la-sostenibilidad-ambiental-de-los-productos-en-la-ue\/#breadcrumb"},"inLanguage":"es","potentialAction":[{"@type":"ReadAction","target":["http:\/\/www.aspack.es\/news\/la-nueva-regulacion-de-diseno-ecologico-mejorara-la-sostenibilidad-ambiental-de-los-productos-en-la-ue\/"]}]},{"@type":"ImageObject","inLanguage":"es","@id":"http:\/\/www.aspack.es\/news\/la-nueva-regulacion-de-diseno-ecologico-mejorara-la-sostenibilidad-ambiental-de-los-productos-en-la-ue\/#primaryimage","url":"http:\/\/www.aspack.es\/news\/wp-content\/uploads\/2023\/12\/ecodiseno.png","contentUrl":"http:\/\/www.aspack.es\/news\/wp-content\/uploads\/2023\/12\/ecodiseno.png","width":1000,"height":600,"caption":"ecodise\u00f1o"},{"@type":"BreadcrumbList","@id":"http:\/\/www.aspack.es\/news\/la-nueva-regulacion-de-diseno-ecologico-mejorara-la-sostenibilidad-ambiental-de-los-productos-en-la-ue\/#breadcrumb","itemListElement":[{"@type":"ListItem","position":1,"name":"Portada","item":"http:\/\/www.aspack.es\/news\/"},{"@type":"ListItem","position":2,"name":"La nueva regulaci\u00f3n de dise\u00f1o ecol\u00f3gico mejorar\u00e1 la sostenibilidad ambiental de los productos en la UE"}]},{"@type":"WebSite","@id":"http:\/\/www.aspack.es\/news\/#website","url":"http:\/\/www.aspack.es\/news\/","name":"ASPACK NEWS","description":"El peri?dico digital de los envases de cart?n","potentialAction":[{"@type":"SearchAction","target":{"@type":"EntryPoint","urlTemplate":"http:\/\/www.aspack.es\/news\/?s={search_term_string}"},"query-input":{"@type":"PropertyValueSpecification","valueRequired":true,"valueName":"search_term_string"}}],"inLanguage":"es"},{"@type":"Person","@id":"http:\/\/www.aspack.es\/news\/#\/schema\/person\/0019098322836346476fc7dfdbd26d95","name":"admin","image":{"@type":"ImageObject","inLanguage":"es","@id":"http:\/\/www.aspack.es\/news\/#\/schema\/person\/image\/","url":"https:\/\/secure.gravatar.com\/avatar\/6a6c60542c39a2d052b8b1e8c5145e669bf888b9b229b3da0e43092daac8a32e?s=96&d=mm&r=g","contentUrl":"https:\/\/secure.gravatar.com\/avatar\/6a6c60542c39a2d052b8b1e8c5145e669bf888b9b229b3da0e43092daac8a32e?s=96&d=mm&r=g","caption":"admin"},"url":"http:\/\/www.aspack.es\/news\/author\/admin\/"}]}},"_links":{"self":[{"href":"http:\/\/www.aspack.es\/news\/wp-json\/wp\/v2\/posts\/2053","targetHints":{"allow":["GET"]}}],"collection":[{"href":"http:\/\/www.aspack.es\/news\/wp-json\/wp\/v2\/posts"}],"about":[{"href":"http:\/\/www.aspack.es\/news\/wp-json\/wp\/v2\/types\/post"}],"author":[{"embeddable":true,"href":"http:\/\/www.aspack.es\/news\/wp-json\/wp\/v2\/users\/1"}],"replies":[{"embeddable":true,"href":"http:\/\/www.aspack.es\/news\/wp-json\/wp\/v2\/comments?post=2053"}],"version-history":[{"count":1,"href":"http:\/\/www.aspack.es\/news\/wp-json\/wp\/v2\/posts\/2053\/revisions"}],"predecessor-version":[{"id":2055,"href":"http:\/\/www.aspack.es\/news\/wp-json\/wp\/v2\/posts\/2053\/revisions\/2055"}],"wp:featuredmedia":[{"embeddable":true,"href":"http:\/\/www.aspack.es\/news\/wp-json\/wp\/v2\/media\/2054"}],"wp:attachment":[{"href":"http:\/\/www.aspack.es\/news\/wp-json\/wp\/v2\/media?parent=2053"}],"wp:term":[{"taxonomy":"category","embeddable":true,"href":"http:\/\/www.aspack.es\/news\/wp-json\/wp\/v2\/categories?post=2053"},{"taxonomy":"post_tag","embeddable":true,"href":"http:\/\/www.aspack.es\/news\/wp-json\/wp\/v2\/tags?post=2053"}],"curies":[{"name":"wp","href":"https:\/\/api.w.org\/{rel}","templated":true}]}}