{"id":2094,"date":"2024-02-29T08:56:54","date_gmt":"2024-02-29T08:56:54","guid":{"rendered":"http:\/\/www.aspack.es\/news\/?p=2094"},"modified":"2024-02-29T12:11:13","modified_gmt":"2024-02-29T12:11:13","slug":"la-cadena-de-valor-espanola-propone-tres-medidas-de-mejora-del-reglamento-de-envases-y-residuos-de-envases","status":"publish","type":"post","link":"http:\/\/www.aspack.es\/news\/la-cadena-de-valor-espanola-propone-tres-medidas-de-mejora-del-reglamento-de-envases-y-residuos-de-envases\/","title":{"rendered":"La cadena de valor propone tres medidas de mejora del Reglamento de Envases y Residuos de Envases"},"content":{"rendered":"\n<p>La\u00a0cadena de valor est\u00e1 comprometida con un mayor impulso al modelo de econom\u00eda circular puesto en marcha en Europa hace casi una d\u00e9cada para que en 2030 todos los\u00a0envases\u00a0puestos en el mercado sean reciclables y sus residuos sean adecuadamente reciclados y tratados. As\u00ed mismo, est\u00e1n comprometidos a introducir avances reales en la prevenci\u00f3n y reutilizaci\u00f3n de los envases.<\/p>\n\n\n\n<p>Las organizaciones que forman parte de la cadena de valor del envase solicitan 3 medidas t\u00e9cnicas para que sean tomadas en consideraci\u00f3n en la \u00faltima fase de tramitaci\u00f3n legislativa del&nbsp;Reglamento de Envases y Residuos de Envases:<\/p>\n\n\n\n<p><strong>Mayor armonizaci\u00f3n para preservar el mercado \u00fanico europeo<\/strong><strong><\/strong><\/p>\n\n\n\n<p>Una legislaci\u00f3n armonizada evita barreras a la libre circulaci\u00f3n de bienes, adem\u00e1s tiene beneficios medioambientales al reducir los costes operativos y administrativos. Las empresas europeas no deber\u00edan enfrentarse a requisitos nacionales divergentes en materia de envasado, etiquetado e informaci\u00f3n ni a prohibiciones de materiales de envasado por pa\u00eds. Pedimos que los objetivos del Reglamento sean comunes y sin margen de que los Estados Miembros puedan modificarlos, estableciendo as\u00ed certidumbre en la presente normativa.<\/p>\n\n\n\n<p>Existe una gran preocupaci\u00f3n por aspectos recogidos en la orientaci\u00f3n general del Consejo, que permite a los Estados miembros introducir requisitos nacionales, que romper\u00edan la unidad de mercado. Ejemplos de ello ser\u00edan el considerando 107\u00aa, que recoge que&nbsp;<em>\u201clos Estados miembros podr\u00e1n optar por aplicar el sistema de dep\u00f3sito y devoluci\u00f3n a nivel subnacional\u201d;<\/em>&nbsp;la posibilidad de introducir requisitos de etiquetado nacional para esquemas de responsabilidad ampliada de productor; o la enmienda, en el \u00e1mbito de la regulaci\u00f3n de las frutas y hortalizas, que permitir\u00eda que se mantengan aquellas normativas nacionales&nbsp;adoptadas antes del 1 de enero de 2024 para que sean los Estados miembro qui\u00e9nes regulen sobre las excepciones a la prohibici\u00f3n de uso de determinados envases de frutas y hortalizas.<\/p>\n\n\n\n<p><strong>An\u00e1lisis del ciclo de vida en los envases reutilizables<\/strong><\/p>\n\n\n\n<p>Una de las v\u00edas para lograr la circularidad de los envases es la reutilizaci\u00f3n, pero siempre teniendo en cuenta el ciclo de vida completo del envase, caso a caso y analizando las particularidades y naturaleza de cada sector.<\/p>\n\n\n\n<p>Los envases cumplen una primera funci\u00f3n de garantizar la seguridad de los productos, su calidad y el transporte, que es imprescindible. Por esta triple funci\u00f3n, la cadena de valor del envase considera necesario que se tengan en cuenta, al menos, dos mecanismos de an\u00e1lisis antes de obligar a un sistema de reutilizaci\u00f3n de envases. Es esencial considerar estas exenciones como opciones complementarias para proporcionar la flexibilidad necesaria de acuerdo con la amplia diversidad de formatos de envases existentes, que tendr\u00e1n que ser reciclables y reciclados en 2030. En este sentido, tambi\u00e9n hay que tener en cuenta la diversidad de modelos de distribuci\u00f3n que conviven en Europa y las consecuencias a la implantaci\u00f3n de sistemas de recogida y reutilizaci\u00f3n en cuestiones como la movilidad y contaminaci\u00f3n urbana o el uso del agua.<\/p>\n\n\n\n<p>Por todo ello, se considera que:<\/p>\n\n\n\n<ul class=\"wp-block-list\"><li>Se han incluido matices t\u00e9cnicos en el texto del Reglamento que ha sido aprobado por el Parlamento Europeo, que deber\u00edan mantenerse en la versi\u00f3n final de la normativa una vez sea aprobada.<\/li><li>Desde Espa\u00f1a se deber\u00eda tener en cuenta la importancia del transporte de los alimentos\/ y otros productos sin elaborar, que tambi\u00e9n necesitan envases y que en muchas ocasiones no pueden ser reutilizables. Al menos se deber\u00eda analizar su uso, as\u00ed como valorar con criterios t\u00e9cnicos las excepciones de los envases de transporte.<\/li><li>Se deber\u00eda incluir la posibilidad de exenciones a los objetivos de reutilizaci\u00f3n en los envases de un solo uso, si demuestran un mejor comportamiento ambiental teniendo en cuenta aspectos como el An\u00e1lisis de Ciclo de Vida; as\u00ed como que los objetivos de reutilizaci\u00f3n para las bebidas tambi\u00e9n puedan cumplirse a trav\u00e9s del refill (rellenado).<\/li><\/ul>\n\n\n\n<p><strong>Restricciones de envases: envases de agrupaci\u00f3n y otras prohibiciones<\/strong><\/p>\n\n\n\n<p>El \u00faltimo, y no menos importante, punto que se resalta desde la cadena de valor del envase es el art\u00edculo 22 acerca de la prohibici\u00f3n de determinados envases. Cada tipo de envase&nbsp;desempe\u00f1a un papel fundamental, lo que implica que cualquier restricci\u00f3n a la comercializaci\u00f3n de determinados tipos de envases debe tener en cuenta la funci\u00f3n del envase en cuesti\u00f3n, la disponibilidad de alternativas y el impacto econ\u00f3mico y medioambiental de la restricci\u00f3n.<\/p>\n\n\n\n<p>Una de las funciones principales del envase es facilitar el transporte y manipulaci\u00f3n en todas las fases de distribuci\u00f3n, el art\u00edculo 22, se ha convertido, junto con el 26 de reutilizaci\u00f3n, en uno de los art\u00edculos m\u00e1s pol\u00edticos y menos t\u00e9cnicos, lo que preocupa mucho a las compa\u00f1\u00edas que necesitan concreci\u00f3n y medidas que se puedan llevar a la pr\u00e1ctica.<\/p>\n\n\n\n<p>Por ello la cadena del envase considera imprescindible:<br><\/p>\n\n\n\n<ul class=\"wp-block-list\"><li>Mantener sin cambios la redacci\u00f3n del punto 1 del anexo V del art\u00edculo 22 de la propuesta de texto de Reglamento de la Comisi\u00f3n, que permite la agrupaci\u00f3n de envases, en aquellos casos que se utilizan para presentar productos juntos para una mejor log\u00edstica y comodidad para el cliente final por sus caracter\u00edsticas de consumo.<\/li><li>Es urgente definir y trabajar con el sector la propuesta que incluye limitaciones espec\u00edficas para el envasado de las Frutas y Hortalizas, ya que se est\u00e1 realizando de una manera discriminatoria, desproporcionada y contraproducente para un sector tan importante para nuestro pa\u00eds. Adem\u00e1s, consideramos que el futuro reglamento de la UE deber\u00eda impedir que la normativa estatal introdujera ese tipo de limitaciones.<\/li><li>Teniendo en cuenta que, en muchos casos, no existen alternativas desarrolladas a escala, modificar la redacci\u00f3n del art\u00edculo 22 a fin de prever un per\u00edodo transitorio m\u00e1s largo para aumentar la circularidad de los formatos de envases mencionados en el anexo V y\/o desarrollar alternativas a escala y prever alternativas.<\/li><\/ul>\n\n\n\n<p>Art\u00edculo obtenido de <a href=\"https:\/\/fiab.es\/la-cadena-de-valor-espanola-propone-tres-medidas-de-mejora-del-reglamento-de-envases-y-residuos-envases\/\">FIAB<\/a>.<\/p>\n","protected":false},"excerpt":{"rendered":"<p>La\u00a0cadena de valor est\u00e1 comprometida con un mayor impulso al modelo de econom\u00eda circular puesto en marcha en Europa hace casi una d\u00e9cada para que en 2030 todos los\u00a0envases\u00a0puestos en el mercado sean reciclables y sus residuos sean adecuadamente reciclados y tratados. As\u00ed mismo, est\u00e1n comprometidos a introducir avances reales en la prevenci\u00f3n y reutilizaci\u00f3n&hellip;<\/p>\n","protected":false},"author":1,"featured_media":2095,"comment_status":"closed","ping_status":"open","sticky":false,"template":"","format":"standard","meta":{"footnotes":""},"categories":[17,22],"tags":[],"class_list":["post-2094","post","type-post","status-publish","format-standard","has-post-thumbnail","hentry","category-el-sector","category-noticias"],"yoast_head":"<!-- This site is optimized with the Yoast SEO plugin v25.9 - https:\/\/yoast.com\/wordpress\/plugins\/seo\/ -->\n<title>La cadena de valor propone tres medidas de mejora del Reglamento de Envases y Residuos de Envases - ASPACK NEWS<\/title>\n<meta name=\"description\" content=\"La cadena de valor espa\u00f1ola del envase est\u00e1 comprometida con un mayor impulso al modelo de econom\u00eda circular impuesto en Europa.\" \/>\n<meta name=\"robots\" content=\"index, follow, max-snippet:-1, max-image-preview:large, max-video-preview:-1\" \/>\n<link rel=\"canonical\" href=\"https:\/\/www.aspack.es\/news\/la-cadena-de-valor-espanola-propone-tres-medidas-de-mejora-del-reglamento-de-envases-y-residuos-de-envases\/\" \/>\n<meta property=\"og:locale\" content=\"es_ES\" \/>\n<meta property=\"og:type\" content=\"article\" \/>\n<meta property=\"og:title\" content=\"La cadena de valor propone tres medidas de mejora del Reglamento de Envases y Residuos de Envases - ASPACK NEWS\" \/>\n<meta property=\"og:description\" content=\"La cadena de valor espa\u00f1ola del envase est\u00e1 comprometida con un mayor impulso al modelo de econom\u00eda circular impuesto en Europa.\" \/>\n<meta property=\"og:url\" content=\"https:\/\/www.aspack.es\/news\/la-cadena-de-valor-espanola-propone-tres-medidas-de-mejora-del-reglamento-de-envases-y-residuos-de-envases\/\" \/>\n<meta property=\"og:site_name\" content=\"ASPACK NEWS\" \/>\n<meta property=\"article:published_time\" content=\"2024-02-29T08:56:54+00:00\" \/>\n<meta property=\"article:modified_time\" content=\"2024-02-29T12:11:13+00:00\" \/>\n<meta property=\"og:image\" content=\"https:\/\/www.aspack.es\/news\/wp-content\/uploads\/2024\/02\/ASPACK-envases-regulacion.png\" \/>\n\t<meta property=\"og:image:width\" content=\"1000\" \/>\n\t<meta property=\"og:image:height\" content=\"600\" \/>\n\t<meta property=\"og:image:type\" content=\"image\/png\" \/>\n<meta name=\"author\" content=\"admin\" \/>\n<meta name=\"twitter:card\" content=\"summary_large_image\" \/>\n<meta name=\"twitter:label1\" content=\"Escrito por\" \/>\n\t<meta name=\"twitter:data1\" content=\"admin\" \/>\n\t<meta name=\"twitter:label2\" content=\"Tiempo de lectura\" \/>\n\t<meta name=\"twitter:data2\" content=\"5 minutos\" \/>\n<script type=\"application\/ld+json\" class=\"yoast-schema-graph\">{\"@context\":\"https:\/\/schema.org\",\"@graph\":[{\"@type\":\"WebPage\",\"@id\":\"https:\/\/www.aspack.es\/news\/la-cadena-de-valor-espanola-propone-tres-medidas-de-mejora-del-reglamento-de-envases-y-residuos-de-envases\/\",\"url\":\"https:\/\/www.aspack.es\/news\/la-cadena-de-valor-espanola-propone-tres-medidas-de-mejora-del-reglamento-de-envases-y-residuos-de-envases\/\",\"name\":\"La cadena de valor propone tres medidas de mejora del Reglamento de Envases y Residuos de Envases - ASPACK NEWS\",\"isPartOf\":{\"@id\":\"https:\/\/www.aspack.es\/news\/#website\"},\"primaryImageOfPage\":{\"@id\":\"https:\/\/www.aspack.es\/news\/la-cadena-de-valor-espanola-propone-tres-medidas-de-mejora-del-reglamento-de-envases-y-residuos-de-envases\/#primaryimage\"},\"image\":{\"@id\":\"https:\/\/www.aspack.es\/news\/la-cadena-de-valor-espanola-propone-tres-medidas-de-mejora-del-reglamento-de-envases-y-residuos-de-envases\/#primaryimage\"},\"thumbnailUrl\":\"http:\/\/www.aspack.es\/news\/wp-content\/uploads\/2024\/02\/ASPACK-envases-regulacion.png\",\"datePublished\":\"2024-02-29T08:56:54+00:00\",\"dateModified\":\"2024-02-29T12:11:13+00:00\",\"author\":{\"@id\":\"https:\/\/www.aspack.es\/news\/#\/schema\/person\/0019098322836346476fc7dfdbd26d95\"},\"description\":\"La cadena de valor espa\u00f1ola del envase est\u00e1 comprometida con un mayor impulso al modelo de econom\u00eda circular impuesto en Europa.\",\"breadcrumb\":{\"@id\":\"https:\/\/www.aspack.es\/news\/la-cadena-de-valor-espanola-propone-tres-medidas-de-mejora-del-reglamento-de-envases-y-residuos-de-envases\/#breadcrumb\"},\"inLanguage\":\"es\",\"potentialAction\":[{\"@type\":\"ReadAction\",\"target\":[\"https:\/\/www.aspack.es\/news\/la-cadena-de-valor-espanola-propone-tres-medidas-de-mejora-del-reglamento-de-envases-y-residuos-de-envases\/\"]}]},{\"@type\":\"ImageObject\",\"inLanguage\":\"es\",\"@id\":\"https:\/\/www.aspack.es\/news\/la-cadena-de-valor-espanola-propone-tres-medidas-de-mejora-del-reglamento-de-envases-y-residuos-de-envases\/#primaryimage\",\"url\":\"http:\/\/www.aspack.es\/news\/wp-content\/uploads\/2024\/02\/ASPACK-envases-regulacion.png\",\"contentUrl\":\"http:\/\/www.aspack.es\/news\/wp-content\/uploads\/2024\/02\/ASPACK-envases-regulacion.png\",\"width\":1000,\"height\":600},{\"@type\":\"BreadcrumbList\",\"@id\":\"https:\/\/www.aspack.es\/news\/la-cadena-de-valor-espanola-propone-tres-medidas-de-mejora-del-reglamento-de-envases-y-residuos-de-envases\/#breadcrumb\",\"itemListElement\":[{\"@type\":\"ListItem\",\"position\":1,\"name\":\"Portada\",\"item\":\"https:\/\/www.aspack.es\/news\/\"},{\"@type\":\"ListItem\",\"position\":2,\"name\":\"La cadena de valor propone tres medidas de mejora del Reglamento de Envases y Residuos de Envases\"}]},{\"@type\":\"WebSite\",\"@id\":\"https:\/\/www.aspack.es\/news\/#website\",\"url\":\"https:\/\/www.aspack.es\/news\/\",\"name\":\"ASPACK NEWS\",\"description\":\"El peri?dico digital de los envases de cart?n\",\"potentialAction\":[{\"@type\":\"SearchAction\",\"target\":{\"@type\":\"EntryPoint\",\"urlTemplate\":\"https:\/\/www.aspack.es\/news\/?s={search_term_string}\"},\"query-input\":{\"@type\":\"PropertyValueSpecification\",\"valueRequired\":true,\"valueName\":\"search_term_string\"}}],\"inLanguage\":\"es\"},{\"@type\":\"Person\",\"@id\":\"https:\/\/www.aspack.es\/news\/#\/schema\/person\/0019098322836346476fc7dfdbd26d95\",\"name\":\"admin\",\"image\":{\"@type\":\"ImageObject\",\"inLanguage\":\"es\",\"@id\":\"https:\/\/www.aspack.es\/news\/#\/schema\/person\/image\/\",\"url\":\"https:\/\/secure.gravatar.com\/avatar\/6a6c60542c39a2d052b8b1e8c5145e669bf888b9b229b3da0e43092daac8a32e?s=96&d=mm&r=g\",\"contentUrl\":\"https:\/\/secure.gravatar.com\/avatar\/6a6c60542c39a2d052b8b1e8c5145e669bf888b9b229b3da0e43092daac8a32e?s=96&d=mm&r=g\",\"caption\":\"admin\"},\"url\":\"http:\/\/www.aspack.es\/news\/author\/admin\/\"}]}<\/script>\n<!-- \/ Yoast SEO plugin. -->","yoast_head_json":{"title":"La cadena de valor propone tres medidas de mejora del Reglamento de Envases y Residuos de Envases - ASPACK NEWS","description":"La cadena de valor espa\u00f1ola del envase est\u00e1 comprometida con un mayor impulso al modelo de econom\u00eda circular impuesto en Europa.","robots":{"index":"index","follow":"follow","max-snippet":"max-snippet:-1","max-image-preview":"max-image-preview:large","max-video-preview":"max-video-preview:-1"},"canonical":"https:\/\/www.aspack.es\/news\/la-cadena-de-valor-espanola-propone-tres-medidas-de-mejora-del-reglamento-de-envases-y-residuos-de-envases\/","og_locale":"es_ES","og_type":"article","og_title":"La cadena de valor propone tres medidas de mejora del Reglamento de Envases y Residuos de Envases - ASPACK NEWS","og_description":"La cadena de valor espa\u00f1ola del envase est\u00e1 comprometida con un mayor impulso al modelo de econom\u00eda circular impuesto en Europa.","og_url":"https:\/\/www.aspack.es\/news\/la-cadena-de-valor-espanola-propone-tres-medidas-de-mejora-del-reglamento-de-envases-y-residuos-de-envases\/","og_site_name":"ASPACK NEWS","article_published_time":"2024-02-29T08:56:54+00:00","article_modified_time":"2024-02-29T12:11:13+00:00","og_image":[{"width":1000,"height":600,"url":"https:\/\/www.aspack.es\/news\/wp-content\/uploads\/2024\/02\/ASPACK-envases-regulacion.png","type":"image\/png"}],"author":"admin","twitter_card":"summary_large_image","twitter_misc":{"Escrito por":"admin","Tiempo de lectura":"5 minutos"},"schema":{"@context":"https:\/\/schema.org","@graph":[{"@type":"WebPage","@id":"https:\/\/www.aspack.es\/news\/la-cadena-de-valor-espanola-propone-tres-medidas-de-mejora-del-reglamento-de-envases-y-residuos-de-envases\/","url":"https:\/\/www.aspack.es\/news\/la-cadena-de-valor-espanola-propone-tres-medidas-de-mejora-del-reglamento-de-envases-y-residuos-de-envases\/","name":"La cadena de valor propone tres medidas de mejora del Reglamento de Envases y Residuos de Envases - ASPACK NEWS","isPartOf":{"@id":"https:\/\/www.aspack.es\/news\/#website"},"primaryImageOfPage":{"@id":"https:\/\/www.aspack.es\/news\/la-cadena-de-valor-espanola-propone-tres-medidas-de-mejora-del-reglamento-de-envases-y-residuos-de-envases\/#primaryimage"},"image":{"@id":"https:\/\/www.aspack.es\/news\/la-cadena-de-valor-espanola-propone-tres-medidas-de-mejora-del-reglamento-de-envases-y-residuos-de-envases\/#primaryimage"},"thumbnailUrl":"http:\/\/www.aspack.es\/news\/wp-content\/uploads\/2024\/02\/ASPACK-envases-regulacion.png","datePublished":"2024-02-29T08:56:54+00:00","dateModified":"2024-02-29T12:11:13+00:00","author":{"@id":"https:\/\/www.aspack.es\/news\/#\/schema\/person\/0019098322836346476fc7dfdbd26d95"},"description":"La cadena de valor espa\u00f1ola del envase est\u00e1 comprometida con un mayor impulso al modelo de econom\u00eda circular impuesto en Europa.","breadcrumb":{"@id":"https:\/\/www.aspack.es\/news\/la-cadena-de-valor-espanola-propone-tres-medidas-de-mejora-del-reglamento-de-envases-y-residuos-de-envases\/#breadcrumb"},"inLanguage":"es","potentialAction":[{"@type":"ReadAction","target":["https:\/\/www.aspack.es\/news\/la-cadena-de-valor-espanola-propone-tres-medidas-de-mejora-del-reglamento-de-envases-y-residuos-de-envases\/"]}]},{"@type":"ImageObject","inLanguage":"es","@id":"https:\/\/www.aspack.es\/news\/la-cadena-de-valor-espanola-propone-tres-medidas-de-mejora-del-reglamento-de-envases-y-residuos-de-envases\/#primaryimage","url":"http:\/\/www.aspack.es\/news\/wp-content\/uploads\/2024\/02\/ASPACK-envases-regulacion.png","contentUrl":"http:\/\/www.aspack.es\/news\/wp-content\/uploads\/2024\/02\/ASPACK-envases-regulacion.png","width":1000,"height":600},{"@type":"BreadcrumbList","@id":"https:\/\/www.aspack.es\/news\/la-cadena-de-valor-espanola-propone-tres-medidas-de-mejora-del-reglamento-de-envases-y-residuos-de-envases\/#breadcrumb","itemListElement":[{"@type":"ListItem","position":1,"name":"Portada","item":"https:\/\/www.aspack.es\/news\/"},{"@type":"ListItem","position":2,"name":"La cadena de valor propone tres medidas de mejora del Reglamento de Envases y Residuos de Envases"}]},{"@type":"WebSite","@id":"https:\/\/www.aspack.es\/news\/#website","url":"https:\/\/www.aspack.es\/news\/","name":"ASPACK NEWS","description":"El peri?dico digital de los envases de cart?n","potentialAction":[{"@type":"SearchAction","target":{"@type":"EntryPoint","urlTemplate":"https:\/\/www.aspack.es\/news\/?s={search_term_string}"},"query-input":{"@type":"PropertyValueSpecification","valueRequired":true,"valueName":"search_term_string"}}],"inLanguage":"es"},{"@type":"Person","@id":"https:\/\/www.aspack.es\/news\/#\/schema\/person\/0019098322836346476fc7dfdbd26d95","name":"admin","image":{"@type":"ImageObject","inLanguage":"es","@id":"https:\/\/www.aspack.es\/news\/#\/schema\/person\/image\/","url":"https:\/\/secure.gravatar.com\/avatar\/6a6c60542c39a2d052b8b1e8c5145e669bf888b9b229b3da0e43092daac8a32e?s=96&d=mm&r=g","contentUrl":"https:\/\/secure.gravatar.com\/avatar\/6a6c60542c39a2d052b8b1e8c5145e669bf888b9b229b3da0e43092daac8a32e?s=96&d=mm&r=g","caption":"admin"},"url":"http:\/\/www.aspack.es\/news\/author\/admin\/"}]}},"_links":{"self":[{"href":"http:\/\/www.aspack.es\/news\/wp-json\/wp\/v2\/posts\/2094","targetHints":{"allow":["GET"]}}],"collection":[{"href":"http:\/\/www.aspack.es\/news\/wp-json\/wp\/v2\/posts"}],"about":[{"href":"http:\/\/www.aspack.es\/news\/wp-json\/wp\/v2\/types\/post"}],"author":[{"embeddable":true,"href":"http:\/\/www.aspack.es\/news\/wp-json\/wp\/v2\/users\/1"}],"replies":[{"embeddable":true,"href":"http:\/\/www.aspack.es\/news\/wp-json\/wp\/v2\/comments?post=2094"}],"version-history":[{"count":3,"href":"http:\/\/www.aspack.es\/news\/wp-json\/wp\/v2\/posts\/2094\/revisions"}],"predecessor-version":[{"id":2100,"href":"http:\/\/www.aspack.es\/news\/wp-json\/wp\/v2\/posts\/2094\/revisions\/2100"}],"wp:featuredmedia":[{"embeddable":true,"href":"http:\/\/www.aspack.es\/news\/wp-json\/wp\/v2\/media\/2095"}],"wp:attachment":[{"href":"http:\/\/www.aspack.es\/news\/wp-json\/wp\/v2\/media?parent=2094"}],"wp:term":[{"taxonomy":"category","embeddable":true,"href":"http:\/\/www.aspack.es\/news\/wp-json\/wp\/v2\/categories?post=2094"},{"taxonomy":"post_tag","embeddable":true,"href":"http:\/\/www.aspack.es\/news\/wp-json\/wp\/v2\/tags?post=2094"}],"curies":[{"name":"wp","href":"https:\/\/api.w.org\/{rel}","templated":true}]}}