{"id":2115,"date":"2024-03-21T09:16:48","date_gmt":"2024-03-21T09:16:48","guid":{"rendered":"http:\/\/www.aspack.es\/news\/?p=2115"},"modified":"2024-03-21T09:16:49","modified_gmt":"2024-03-21T09:16:49","slug":"koenig-bauer-refuerza-su-presencia-en-el-sector-de-impresion-de-envases","status":"publish","type":"post","link":"http:\/\/www.aspack.es\/news\/koenig-bauer-refuerza-su-presencia-en-el-sector-de-impresion-de-envases\/","title":{"rendered":"Koenig &#038; Bauer refuerza su presencia en el sector de impresi\u00f3n de envases"},"content":{"rendered":"\n<p>Hace dos meses, Koenig &amp; Bauer tom\u00f3 las riendas de su hasta ahora agencia en Barcelona, transform\u00e1ndola en una filial al 100%. Como resultado, los interesados y usuarios se beneficiar\u00e1n de una mayor presencia de la marca Koenig &amp; Bauer en Espa\u00f1a, as\u00ed como de una l\u00ednea directa con las plantas de fabricaci\u00f3n.&nbsp;Adem\u00e1s, con su adhesi\u00f3n a ASPACK, Koenig &amp; Bauer intensifica sus v\u00ednculos con la industria del cart\u00f3n plegable y del packaging.&nbsp;<\/p>\n\n\n\n<p>Con buenos motivos: la empresa no s\u00f3lo fabrica m\u00e1quinas offset de pliegos, digitales y de bobina para el mercado del embalaje, sino que tambi\u00e9n ofrece ingenier\u00eda y tecnolog\u00eda para toda la cadena del proceso de producci\u00f3n de packaging. Esto incluye troqueladoras rotativas con producciones de hasta 15.000 hojas por hora, as\u00ed como troqueladoras planas de mediano y gran formato, que se fabrican en Koenig &amp; Bauer Ib\u00e9rica en Barcelona. Las plegadoras encoladoras OMEGA, con distintas especificaciones t\u00e9cnicas, se basan en m\u00f3dulos variables y ofrecen a los fabricantes de envases un m\u00e1ximo de posibilidades de producci\u00f3n en funci\u00f3n de los requisitos de sus productos. Tambi\u00e9n se fabrican en Europa y se caracterizan por la gran variedad de soportes que pueden procesar, as\u00ed como por su m\u00e1ximo rendimiento.<\/p>\n\n\n\n<p>En el contexto de su adhesi\u00f3n a ASPACK, Koenig &amp; Bauer Lauvic desea intensificar sus contactos con los impresores de envases y los fabricantes\u00a0\u00a0de cart\u00f3n plegable en Espa\u00f1a. La empresa desea intercambiar ideas con los especialistas en packaging para familiarizarse con sus retos diarios y poder ofrecer soluciones eficaces y econ\u00f3micas mediante el desarrollo de productos para la producci\u00f3n de los envases del futuro.<\/p>\n\n\n\n<figure class=\"wp-block-image size-large\"><img loading=\"lazy\" decoding=\"async\" width=\"1024\" height=\"290\" src=\"http:\/\/www.aspack.es\/news\/wp-content\/uploads\/2024\/03\/F1_Faltschachtel-Workflow-Sheetfed-en-4-1024x290.jpg\" alt=\"\" class=\"wp-image-2117\" srcset=\"http:\/\/www.aspack.es\/news\/wp-content\/uploads\/2024\/03\/F1_Faltschachtel-Workflow-Sheetfed-en-4-1024x290.jpg 1024w, http:\/\/www.aspack.es\/news\/wp-content\/uploads\/2024\/03\/F1_Faltschachtel-Workflow-Sheetfed-en-4-300x85.jpg 300w, http:\/\/www.aspack.es\/news\/wp-content\/uploads\/2024\/03\/F1_Faltschachtel-Workflow-Sheetfed-en-4-768x217.jpg 768w, http:\/\/www.aspack.es\/news\/wp-content\/uploads\/2024\/03\/F1_Faltschachtel-Workflow-Sheetfed-en-4-1536x435.jpg 1536w, http:\/\/www.aspack.es\/news\/wp-content\/uploads\/2024\/03\/F1_Faltschachtel-Workflow-Sheetfed-en-4-2048x580.jpg 2048w, http:\/\/www.aspack.es\/news\/wp-content\/uploads\/2024\/03\/F1_Faltschachtel-Workflow-Sheetfed-en-4-480x136.jpg 480w, http:\/\/www.aspack.es\/news\/wp-content\/uploads\/2024\/03\/F1_Faltschachtel-Workflow-Sheetfed-en-4-1766x500.jpg 1766w\" sizes=\"auto, (max-width: 1024px) 100vw, 1024px\" \/><figcaption><sub>Infinitas posibilidades: una visi\u00f3n de la tecnolog\u00eda de Koenig &amp; Bauer para la producci\u00f3n de cajas plegables<\/sub><\/figcaption><\/figure>\n","protected":false},"excerpt":{"rendered":"<p>Hace dos meses, Koenig &amp; Bauer tom\u00f3 las riendas de su hasta ahora agencia en Barcelona, transform\u00e1ndola en una filial al 100%. Como resultado, los interesados y usuarios se beneficiar\u00e1n de una mayor presencia de la marca Koenig &amp; Bauer en Espa\u00f1a, as\u00ed como de una l\u00ednea directa con las plantas de fabricaci\u00f3n.&nbsp;Adem\u00e1s, con su&hellip;<\/p>\n","protected":false},"author":1,"featured_media":2116,"comment_status":"closed","ping_status":"open","sticky":false,"template":"","format":"standard","meta":{"footnotes":""},"categories":[18,22],"tags":[],"class_list":["post-2115","post","type-post","status-publish","format-standard","has-post-thumbnail","hentry","category-asociados","category-noticias"],"yoast_head":"<!-- This site is optimized with the Yoast SEO plugin v25.9 - https:\/\/yoast.com\/wordpress\/plugins\/seo\/ -->\n<title>Koenig &amp; Bauer refuerza su presencia en el sector de impresi\u00f3n de envases - ASPACK NEWS<\/title>\n<meta name=\"description\" content=\"Koenig &amp; Bauer transforma su agencia en Barcelona en su filial para afianzar la presencia de la marca en Espa\u00f1a.\" \/>\n<meta name=\"robots\" content=\"index, follow, max-snippet:-1, max-image-preview:large, max-video-preview:-1\" \/>\n<link rel=\"canonical\" href=\"http:\/\/www.aspack.es\/news\/koenig-bauer-refuerza-su-presencia-en-el-sector-de-impresion-de-envases\/\" \/>\n<meta property=\"og:locale\" content=\"es_ES\" \/>\n<meta property=\"og:type\" content=\"article\" \/>\n<meta property=\"og:title\" content=\"Koenig &amp; Bauer refuerza su presencia en el sector de impresi\u00f3n de envases - ASPACK NEWS\" \/>\n<meta property=\"og:description\" content=\"Koenig &amp; Bauer transforma su agencia en Barcelona en su filial para afianzar la presencia de la marca en Espa\u00f1a.\" \/>\n<meta property=\"og:url\" content=\"http:\/\/www.aspack.es\/news\/koenig-bauer-refuerza-su-presencia-en-el-sector-de-impresion-de-envases\/\" \/>\n<meta property=\"og:site_name\" content=\"ASPACK NEWS\" \/>\n<meta property=\"article:published_time\" content=\"2024-03-21T09:16:48+00:00\" \/>\n<meta property=\"article:modified_time\" content=\"2024-03-21T09:16:49+00:00\" \/>\n<meta property=\"og:image\" content=\"http:\/\/www.aspack.es\/news\/wp-content\/uploads\/2024\/03\/Koenig-Bauer-ASPACK.png\" \/>\n\t<meta property=\"og:image:width\" content=\"1000\" \/>\n\t<meta property=\"og:image:height\" content=\"600\" \/>\n\t<meta property=\"og:image:type\" content=\"image\/png\" \/>\n<meta name=\"author\" content=\"admin\" \/>\n<meta name=\"twitter:card\" content=\"summary_large_image\" \/>\n<meta name=\"twitter:label1\" content=\"Escrito por\" \/>\n\t<meta name=\"twitter:data1\" content=\"admin\" \/>\n\t<meta name=\"twitter:label2\" content=\"Tiempo de lectura\" \/>\n\t<meta name=\"twitter:data2\" content=\"2 minutos\" \/>\n<script type=\"application\/ld+json\" class=\"yoast-schema-graph\">{\"@context\":\"https:\/\/schema.org\",\"@graph\":[{\"@type\":\"WebPage\",\"@id\":\"http:\/\/www.aspack.es\/news\/koenig-bauer-refuerza-su-presencia-en-el-sector-de-impresion-de-envases\/\",\"url\":\"http:\/\/www.aspack.es\/news\/koenig-bauer-refuerza-su-presencia-en-el-sector-de-impresion-de-envases\/\",\"name\":\"Koenig & Bauer refuerza su presencia en el sector de impresi\u00f3n de envases - ASPACK NEWS\",\"isPartOf\":{\"@id\":\"https:\/\/www.aspack.es\/news\/#website\"},\"primaryImageOfPage\":{\"@id\":\"http:\/\/www.aspack.es\/news\/koenig-bauer-refuerza-su-presencia-en-el-sector-de-impresion-de-envases\/#primaryimage\"},\"image\":{\"@id\":\"http:\/\/www.aspack.es\/news\/koenig-bauer-refuerza-su-presencia-en-el-sector-de-impresion-de-envases\/#primaryimage\"},\"thumbnailUrl\":\"http:\/\/www.aspack.es\/news\/wp-content\/uploads\/2024\/03\/Koenig-Bauer-ASPACK.png\",\"datePublished\":\"2024-03-21T09:16:48+00:00\",\"dateModified\":\"2024-03-21T09:16:49+00:00\",\"author\":{\"@id\":\"https:\/\/www.aspack.es\/news\/#\/schema\/person\/0019098322836346476fc7dfdbd26d95\"},\"description\":\"Koenig & Bauer transforma su agencia en Barcelona en su filial para afianzar la presencia de la marca en Espa\u00f1a.\",\"breadcrumb\":{\"@id\":\"http:\/\/www.aspack.es\/news\/koenig-bauer-refuerza-su-presencia-en-el-sector-de-impresion-de-envases\/#breadcrumb\"},\"inLanguage\":\"es\",\"potentialAction\":[{\"@type\":\"ReadAction\",\"target\":[\"http:\/\/www.aspack.es\/news\/koenig-bauer-refuerza-su-presencia-en-el-sector-de-impresion-de-envases\/\"]}]},{\"@type\":\"ImageObject\",\"inLanguage\":\"es\",\"@id\":\"http:\/\/www.aspack.es\/news\/koenig-bauer-refuerza-su-presencia-en-el-sector-de-impresion-de-envases\/#primaryimage\",\"url\":\"http:\/\/www.aspack.es\/news\/wp-content\/uploads\/2024\/03\/Koenig-Bauer-ASPACK.png\",\"contentUrl\":\"http:\/\/www.aspack.es\/news\/wp-content\/uploads\/2024\/03\/Koenig-Bauer-ASPACK.png\",\"width\":1000,\"height\":600},{\"@type\":\"BreadcrumbList\",\"@id\":\"http:\/\/www.aspack.es\/news\/koenig-bauer-refuerza-su-presencia-en-el-sector-de-impresion-de-envases\/#breadcrumb\",\"itemListElement\":[{\"@type\":\"ListItem\",\"position\":1,\"name\":\"Portada\",\"item\":\"https:\/\/www.aspack.es\/news\/\"},{\"@type\":\"ListItem\",\"position\":2,\"name\":\"Koenig &#038; Bauer refuerza su presencia en el sector de impresi\u00f3n de envases\"}]},{\"@type\":\"WebSite\",\"@id\":\"https:\/\/www.aspack.es\/news\/#website\",\"url\":\"https:\/\/www.aspack.es\/news\/\",\"name\":\"ASPACK NEWS\",\"description\":\"El peri?dico digital de los envases de cart?n\",\"potentialAction\":[{\"@type\":\"SearchAction\",\"target\":{\"@type\":\"EntryPoint\",\"urlTemplate\":\"https:\/\/www.aspack.es\/news\/?s={search_term_string}\"},\"query-input\":{\"@type\":\"PropertyValueSpecification\",\"valueRequired\":true,\"valueName\":\"search_term_string\"}}],\"inLanguage\":\"es\"},{\"@type\":\"Person\",\"@id\":\"https:\/\/www.aspack.es\/news\/#\/schema\/person\/0019098322836346476fc7dfdbd26d95\",\"name\":\"admin\",\"image\":{\"@type\":\"ImageObject\",\"inLanguage\":\"es\",\"@id\":\"https:\/\/www.aspack.es\/news\/#\/schema\/person\/image\/\",\"url\":\"https:\/\/secure.gravatar.com\/avatar\/6a6c60542c39a2d052b8b1e8c5145e669bf888b9b229b3da0e43092daac8a32e?s=96&d=mm&r=g\",\"contentUrl\":\"https:\/\/secure.gravatar.com\/avatar\/6a6c60542c39a2d052b8b1e8c5145e669bf888b9b229b3da0e43092daac8a32e?s=96&d=mm&r=g\",\"caption\":\"admin\"},\"url\":\"http:\/\/www.aspack.es\/news\/author\/admin\/\"}]}<\/script>\n<!-- \/ Yoast SEO plugin. -->","yoast_head_json":{"title":"Koenig & Bauer refuerza su presencia en el sector de impresi\u00f3n de envases - ASPACK NEWS","description":"Koenig & Bauer transforma su agencia en Barcelona en su filial para afianzar la presencia de la marca en Espa\u00f1a.","robots":{"index":"index","follow":"follow","max-snippet":"max-snippet:-1","max-image-preview":"max-image-preview:large","max-video-preview":"max-video-preview:-1"},"canonical":"http:\/\/www.aspack.es\/news\/koenig-bauer-refuerza-su-presencia-en-el-sector-de-impresion-de-envases\/","og_locale":"es_ES","og_type":"article","og_title":"Koenig & Bauer refuerza su presencia en el sector de impresi\u00f3n de envases - ASPACK NEWS","og_description":"Koenig & Bauer transforma su agencia en Barcelona en su filial para afianzar la presencia de la marca en Espa\u00f1a.","og_url":"http:\/\/www.aspack.es\/news\/koenig-bauer-refuerza-su-presencia-en-el-sector-de-impresion-de-envases\/","og_site_name":"ASPACK NEWS","article_published_time":"2024-03-21T09:16:48+00:00","article_modified_time":"2024-03-21T09:16:49+00:00","og_image":[{"width":1000,"height":600,"url":"http:\/\/www.aspack.es\/news\/wp-content\/uploads\/2024\/03\/Koenig-Bauer-ASPACK.png","type":"image\/png"}],"author":"admin","twitter_card":"summary_large_image","twitter_misc":{"Escrito por":"admin","Tiempo de lectura":"2 minutos"},"schema":{"@context":"https:\/\/schema.org","@graph":[{"@type":"WebPage","@id":"http:\/\/www.aspack.es\/news\/koenig-bauer-refuerza-su-presencia-en-el-sector-de-impresion-de-envases\/","url":"http:\/\/www.aspack.es\/news\/koenig-bauer-refuerza-su-presencia-en-el-sector-de-impresion-de-envases\/","name":"Koenig & Bauer refuerza su presencia en el sector de impresi\u00f3n de envases - ASPACK NEWS","isPartOf":{"@id":"https:\/\/www.aspack.es\/news\/#website"},"primaryImageOfPage":{"@id":"http:\/\/www.aspack.es\/news\/koenig-bauer-refuerza-su-presencia-en-el-sector-de-impresion-de-envases\/#primaryimage"},"image":{"@id":"http:\/\/www.aspack.es\/news\/koenig-bauer-refuerza-su-presencia-en-el-sector-de-impresion-de-envases\/#primaryimage"},"thumbnailUrl":"http:\/\/www.aspack.es\/news\/wp-content\/uploads\/2024\/03\/Koenig-Bauer-ASPACK.png","datePublished":"2024-03-21T09:16:48+00:00","dateModified":"2024-03-21T09:16:49+00:00","author":{"@id":"https:\/\/www.aspack.es\/news\/#\/schema\/person\/0019098322836346476fc7dfdbd26d95"},"description":"Koenig & Bauer transforma su agencia en Barcelona en su filial para afianzar la presencia de la marca en Espa\u00f1a.","breadcrumb":{"@id":"http:\/\/www.aspack.es\/news\/koenig-bauer-refuerza-su-presencia-en-el-sector-de-impresion-de-envases\/#breadcrumb"},"inLanguage":"es","potentialAction":[{"@type":"ReadAction","target":["http:\/\/www.aspack.es\/news\/koenig-bauer-refuerza-su-presencia-en-el-sector-de-impresion-de-envases\/"]}]},{"@type":"ImageObject","inLanguage":"es","@id":"http:\/\/www.aspack.es\/news\/koenig-bauer-refuerza-su-presencia-en-el-sector-de-impresion-de-envases\/#primaryimage","url":"http:\/\/www.aspack.es\/news\/wp-content\/uploads\/2024\/03\/Koenig-Bauer-ASPACK.png","contentUrl":"http:\/\/www.aspack.es\/news\/wp-content\/uploads\/2024\/03\/Koenig-Bauer-ASPACK.png","width":1000,"height":600},{"@type":"BreadcrumbList","@id":"http:\/\/www.aspack.es\/news\/koenig-bauer-refuerza-su-presencia-en-el-sector-de-impresion-de-envases\/#breadcrumb","itemListElement":[{"@type":"ListItem","position":1,"name":"Portada","item":"https:\/\/www.aspack.es\/news\/"},{"@type":"ListItem","position":2,"name":"Koenig &#038; Bauer refuerza su presencia en el sector de impresi\u00f3n de envases"}]},{"@type":"WebSite","@id":"https:\/\/www.aspack.es\/news\/#website","url":"https:\/\/www.aspack.es\/news\/","name":"ASPACK NEWS","description":"El peri?dico digital de los envases de cart?n","potentialAction":[{"@type":"SearchAction","target":{"@type":"EntryPoint","urlTemplate":"https:\/\/www.aspack.es\/news\/?s={search_term_string}"},"query-input":{"@type":"PropertyValueSpecification","valueRequired":true,"valueName":"search_term_string"}}],"inLanguage":"es"},{"@type":"Person","@id":"https:\/\/www.aspack.es\/news\/#\/schema\/person\/0019098322836346476fc7dfdbd26d95","name":"admin","image":{"@type":"ImageObject","inLanguage":"es","@id":"https:\/\/www.aspack.es\/news\/#\/schema\/person\/image\/","url":"https:\/\/secure.gravatar.com\/avatar\/6a6c60542c39a2d052b8b1e8c5145e669bf888b9b229b3da0e43092daac8a32e?s=96&d=mm&r=g","contentUrl":"https:\/\/secure.gravatar.com\/avatar\/6a6c60542c39a2d052b8b1e8c5145e669bf888b9b229b3da0e43092daac8a32e?s=96&d=mm&r=g","caption":"admin"},"url":"http:\/\/www.aspack.es\/news\/author\/admin\/"}]}},"_links":{"self":[{"href":"http:\/\/www.aspack.es\/news\/wp-json\/wp\/v2\/posts\/2115","targetHints":{"allow":["GET"]}}],"collection":[{"href":"http:\/\/www.aspack.es\/news\/wp-json\/wp\/v2\/posts"}],"about":[{"href":"http:\/\/www.aspack.es\/news\/wp-json\/wp\/v2\/types\/post"}],"author":[{"embeddable":true,"href":"http:\/\/www.aspack.es\/news\/wp-json\/wp\/v2\/users\/1"}],"replies":[{"embeddable":true,"href":"http:\/\/www.aspack.es\/news\/wp-json\/wp\/v2\/comments?post=2115"}],"version-history":[{"count":2,"href":"http:\/\/www.aspack.es\/news\/wp-json\/wp\/v2\/posts\/2115\/revisions"}],"predecessor-version":[{"id":2119,"href":"http:\/\/www.aspack.es\/news\/wp-json\/wp\/v2\/posts\/2115\/revisions\/2119"}],"wp:featuredmedia":[{"embeddable":true,"href":"http:\/\/www.aspack.es\/news\/wp-json\/wp\/v2\/media\/2116"}],"wp:attachment":[{"href":"http:\/\/www.aspack.es\/news\/wp-json\/wp\/v2\/media?parent=2115"}],"wp:term":[{"taxonomy":"category","embeddable":true,"href":"http:\/\/www.aspack.es\/news\/wp-json\/wp\/v2\/categories?post=2115"},{"taxonomy":"post_tag","embeddable":true,"href":"http:\/\/www.aspack.es\/news\/wp-json\/wp\/v2\/tags?post=2115"}],"curies":[{"name":"wp","href":"https:\/\/api.w.org\/{rel}","templated":true}]}}