{"id":2170,"date":"2024-06-27T14:07:44","date_gmt":"2024-06-27T14:07:44","guid":{"rendered":"http:\/\/www.aspack.es\/news\/?p=2170"},"modified":"2024-06-28T07:24:34","modified_gmt":"2024-06-28T07:24:34","slug":"abierta-la-inscripcion-para-el-xi-congreso-de-aspack-2024","status":"publish","type":"post","link":"http:\/\/www.aspack.es\/news\/abierta-la-inscripcion-para-el-xi-congreso-de-aspack-2024\/","title":{"rendered":"Abierta la inscripci\u00f3n para el XI CONGRESO DE ASPACK 2024"},"content":{"rendered":"\n<p>Nos complace anunciar la celebraci\u00f3n del pr\u00f3ximo congreso de ASPACK del 7 al 9 de noviembre de este a\u00f1o en Fuengirola, M\u00e1laga.<\/p>\n\n\n\n<p>Bajo el lema&nbsp;\u201c<strong>Sostenibilidad y envases responsables: transformando desaf\u00edos en soluciones<\/strong>\u201d,&nbsp;esta edici\u00f3n del congreso&nbsp;de referencia de la industria del&nbsp;envase de cart\u00f3n busca involucrar a todos los agentes de la cadena de valor para abordar de manera conjunta los desaf\u00edos y oportunidades a los que se enfrenta el sector.&nbsp;&nbsp;<\/p>\n\n\n\n<p>El congreso se desarrollar\u00e1 en el hotel Higuer\u00f3n by Hilton de Fuengirola, M\u00e1laga. Durante estos tres d\u00edas, ASPACK ha organizado un programa de lo m\u00e1s interesante y completo para todos los asistentes. En la apertura del congreso contaremos con el&nbsp;<strong>presidente de ASPACK, Jos\u00e9 Ram\u00f3n Benito.&nbsp;<\/strong>Seguidamente, tendr\u00e1 lugar la Asamblea General de ASPACK, donde&nbsp;se&nbsp;comentar\u00e1n&nbsp;abiertamente todos los proyectos que tiene en marcha la asociaci\u00f3n.<\/p>\n\n\n\n<p>Durante la jornada del viernes, se ha compuesto un programa muy din\u00e1mico, que se puede encontrar en el programa de la web. El viernes estar\u00e1 presente&nbsp;<strong>Mike Turner,&nbsp;<\/strong>Managing Director de ECMA, quien nos expondr\u00e1 las \u00faltimas actualizaciones del nuevo Reglamento de Envases y Residuos de Envases a nivel europeo. Seguido por una mesa redonda compuesta por&nbsp;<em>Mauricio Garc\u00eda de Quevedo (Director General de STANPA), Luc\u00eda Jim\u00e9nez (Direcci\u00f3n de Sostenibilidad de STANPA), Emili Esteve (Director T\u00e9cnico de FARMAINDUSTRIA) y Pablo Serrano (Secretario General de ASPACK y Director de KOLOKIO INTERNATIONAL)<\/em>, en la cual se hablar\u00e1 sobre&nbsp;<em>\u00abEl sector de envases de cart\u00f3n desde la mirada de los clientes\u00bb.<\/em><em><\/em><\/p>\n\n\n\n<p>Como novedad este a\u00f1o, contaremos con una nueva adici\u00f3n al programa, donde se presentar\u00e1n algunos casos de \u00e9xito de ASPACK, a cargo de Marga Romo (Directora de Marketing de MM Group), y Josep Ferr\u00e1s (Managing Director de Saica).<\/p>\n\n\n\n<p>ASPACK invitar\u00e1 tambi\u00e9n a Pilar Array\u00e1s, directora de Cart\u00f3n Circular, quien nos hablar\u00e1 de las claves para cumplir con la RAP de envases.&nbsp;<\/p>\n\n\n\n<p>Este a\u00f1o, contaremos tambi\u00e9n con la participaci\u00f3n de Francisco Xavier Mena, catedr\u00e1tico de Econom\u00eda en ESADE-URL, quien nos hablar\u00e1 de las perspectivas econ\u00f3micas para 2025 y los retos para el sector de envases de cart\u00f3n.&nbsp;<\/p>\n\n\n\n<p>No faltar\u00e1 el momento de networking, gracias a las mesas de negocio B2B entre patrocinadores y asistentes, que tendr\u00e1 lugar durante la tarde del viernes.<\/p>\n\n\n\n<p>Terminaremos la sesi\u00f3n de conferencias del viernes con&nbsp;un taller sobre innovaci\u00f3n en la retenci\u00f3n de talento. A trav\u00e9s de un taller de gamificaci\u00f3n, trabajaremos en grupo para conocer c\u00f3mo se est\u00e1 innovando actualmente en la gesti\u00f3n, impulso y retenci\u00f3n de talento, y dar respuesta a las preocupaciones actuales de las empresas de ASPACK frente a las nuevas necesidades de los empleados y la integraci\u00f3n de los j\u00f3venes en las empresas.<\/p>\n\n\n\n<p>Se ha dejado&nbsp;tiempo y espacio para el networking durante el Congreso con una jornada especial el s\u00e1bado por la ma\u00f1ana a trav\u00e9s de la cual, y en formato de equipos en los que participar\u00e1n todos los asistentes -tanto congresistas como acompa\u00f1antes-, se celebrar\u00e1 un concurso de Masterchef entre vi\u00f1edos.&nbsp;<\/p>\n\n\n\n<p>Para los acompa\u00f1antes se ha organizado otra actividad social el viernes, donde recorrer\u00e1n las calles de M\u00e1laga, y tambi\u00e9n realizar\u00e1n un taller de flamenco, seguido de un almuerzo en un Gastrobar, donde podr\u00e1n degustar platos t\u00edpicos de la regi\u00f3n.<\/p>\n\n\n\n<p>La inscripci\u00f3n al XI Congeso de ASPACK&nbsp;est\u00e1&nbsp;abierta y puede hacerse en&nbsp;<a href=\"https:\/\/event.meetmaps.com\/congresoaspack2024\/es\/registration\">este enlace<\/a>. El programa completo del evento puede consultarse&nbsp;<a href=\"https:\/\/aspack.es\/congreso2024\/programa\/\">aqu\u00ed<\/a>.<\/p>\n\n\n\n<p>Conoce toda la informaci\u00f3n en la <a href=\"https:\/\/aspack.es\/congreso2024\/\">web<\/a> del congreso.<\/p>\n\n\n\n<p>Nos gustar\u00eda hacer una menci\u00f3n especial de agradecimiento a nuestros patrocinadores: BOBST, RDM, HEIDELBERG, METS\u00c4 BOARD, STORAENSO, INDUSTRIAL BOROBIL, MANROLAND y SINORCELL.<\/p>\n","protected":false},"excerpt":{"rendered":"<p>Nos complace anunciar la celebraci\u00f3n del pr\u00f3ximo congreso de ASPACK del 7 al 9 de noviembre de este a\u00f1o en Fuengirola, M\u00e1laga. Bajo el lema&nbsp;\u201cSostenibilidad y envases responsables: transformando desaf\u00edos en soluciones\u201d,&nbsp;esta edici\u00f3n del congreso&nbsp;de referencia de la industria del&nbsp;envase de cart\u00f3n busca involucrar a todos los agentes de la cadena de valor para abordar&hellip;<\/p>\n","protected":false},"author":1,"featured_media":2171,"comment_status":"closed","ping_status":"open","sticky":false,"template":"","format":"standard","meta":{"footnotes":""},"categories":[19,22],"tags":[],"class_list":["post-2170","post","type-post","status-publish","format-standard","has-post-thumbnail","hentry","category-eventos","category-noticias"],"yoast_head":"<!-- This site is optimized with the Yoast SEO plugin v25.9 - https:\/\/yoast.com\/wordpress\/plugins\/seo\/ -->\n<title>Abierta la inscripci\u00f3n para el XI CONGRESO DE ASPACK 2024 - ASPACK NEWS<\/title>\n<meta name=\"description\" content=\"Nos complace anunciar el XI Congreso de ASPACK 2024 que tendr\u00e1 lugar en Fuengirola, M\u00e1laga, del 7 al 9 de noviembre.\" \/>\n<meta name=\"robots\" content=\"index, follow, max-snippet:-1, max-image-preview:large, max-video-preview:-1\" \/>\n<link rel=\"canonical\" href=\"http:\/\/www.aspack.es\/news\/abierta-la-inscripcion-para-el-xi-congreso-de-aspack-2024\/\" \/>\n<meta property=\"og:locale\" content=\"es_ES\" \/>\n<meta property=\"og:type\" content=\"article\" \/>\n<meta property=\"og:title\" content=\"Abierta la inscripci\u00f3n para el XI CONGRESO DE ASPACK 2024 - ASPACK NEWS\" \/>\n<meta property=\"og:description\" content=\"Nos complace anunciar el XI Congreso de ASPACK 2024 que tendr\u00e1 lugar en Fuengirola, M\u00e1laga, del 7 al 9 de noviembre.\" \/>\n<meta property=\"og:url\" content=\"http:\/\/www.aspack.es\/news\/abierta-la-inscripcion-para-el-xi-congreso-de-aspack-2024\/\" \/>\n<meta property=\"og:site_name\" content=\"ASPACK NEWS\" \/>\n<meta property=\"article:published_time\" content=\"2024-06-27T14:07:44+00:00\" \/>\n<meta property=\"article:modified_time\" content=\"2024-06-28T07:24:34+00:00\" \/>\n<meta property=\"og:image\" content=\"http:\/\/www.aspack.es\/news\/wp-content\/uploads\/2024\/06\/Imagen-web-aspack-3.jpg\" \/>\n\t<meta property=\"og:image:width\" content=\"1430\" \/>\n\t<meta property=\"og:image:height\" content=\"570\" \/>\n\t<meta property=\"og:image:type\" content=\"image\/jpeg\" \/>\n<meta name=\"author\" content=\"admin\" \/>\n<meta name=\"twitter:card\" content=\"summary_large_image\" \/>\n<meta name=\"twitter:label1\" content=\"Escrito por\" \/>\n\t<meta name=\"twitter:data1\" content=\"admin\" \/>\n\t<meta name=\"twitter:label2\" content=\"Tiempo de lectura\" \/>\n\t<meta name=\"twitter:data2\" content=\"3 minutos\" \/>\n<script type=\"application\/ld+json\" class=\"yoast-schema-graph\">{\"@context\":\"https:\/\/schema.org\",\"@graph\":[{\"@type\":\"WebPage\",\"@id\":\"http:\/\/www.aspack.es\/news\/abierta-la-inscripcion-para-el-xi-congreso-de-aspack-2024\/\",\"url\":\"http:\/\/www.aspack.es\/news\/abierta-la-inscripcion-para-el-xi-congreso-de-aspack-2024\/\",\"name\":\"Abierta la inscripci\u00f3n para el XI CONGRESO DE ASPACK 2024 - ASPACK NEWS\",\"isPartOf\":{\"@id\":\"http:\/\/www.aspack.es\/news\/#website\"},\"primaryImageOfPage\":{\"@id\":\"http:\/\/www.aspack.es\/news\/abierta-la-inscripcion-para-el-xi-congreso-de-aspack-2024\/#primaryimage\"},\"image\":{\"@id\":\"http:\/\/www.aspack.es\/news\/abierta-la-inscripcion-para-el-xi-congreso-de-aspack-2024\/#primaryimage\"},\"thumbnailUrl\":\"http:\/\/www.aspack.es\/news\/wp-content\/uploads\/2024\/06\/Imagen-web-aspack-3.jpg\",\"datePublished\":\"2024-06-27T14:07:44+00:00\",\"dateModified\":\"2024-06-28T07:24:34+00:00\",\"author\":{\"@id\":\"http:\/\/www.aspack.es\/news\/#\/schema\/person\/0019098322836346476fc7dfdbd26d95\"},\"description\":\"Nos complace anunciar el XI Congreso de ASPACK 2024 que tendr\u00e1 lugar en Fuengirola, M\u00e1laga, del 7 al 9 de noviembre.\",\"breadcrumb\":{\"@id\":\"http:\/\/www.aspack.es\/news\/abierta-la-inscripcion-para-el-xi-congreso-de-aspack-2024\/#breadcrumb\"},\"inLanguage\":\"es\",\"potentialAction\":[{\"@type\":\"ReadAction\",\"target\":[\"http:\/\/www.aspack.es\/news\/abierta-la-inscripcion-para-el-xi-congreso-de-aspack-2024\/\"]}]},{\"@type\":\"ImageObject\",\"inLanguage\":\"es\",\"@id\":\"http:\/\/www.aspack.es\/news\/abierta-la-inscripcion-para-el-xi-congreso-de-aspack-2024\/#primaryimage\",\"url\":\"http:\/\/www.aspack.es\/news\/wp-content\/uploads\/2024\/06\/Imagen-web-aspack-3.jpg\",\"contentUrl\":\"http:\/\/www.aspack.es\/news\/wp-content\/uploads\/2024\/06\/Imagen-web-aspack-3.jpg\",\"width\":1430,\"height\":570},{\"@type\":\"BreadcrumbList\",\"@id\":\"http:\/\/www.aspack.es\/news\/abierta-la-inscripcion-para-el-xi-congreso-de-aspack-2024\/#breadcrumb\",\"itemListElement\":[{\"@type\":\"ListItem\",\"position\":1,\"name\":\"Portada\",\"item\":\"http:\/\/www.aspack.es\/news\/\"},{\"@type\":\"ListItem\",\"position\":2,\"name\":\"Abierta la inscripci\u00f3n para el XI CONGRESO DE ASPACK 2024\"}]},{\"@type\":\"WebSite\",\"@id\":\"http:\/\/www.aspack.es\/news\/#website\",\"url\":\"http:\/\/www.aspack.es\/news\/\",\"name\":\"ASPACK NEWS\",\"description\":\"El peri?dico digital de los envases de cart?n\",\"potentialAction\":[{\"@type\":\"SearchAction\",\"target\":{\"@type\":\"EntryPoint\",\"urlTemplate\":\"http:\/\/www.aspack.es\/news\/?s={search_term_string}\"},\"query-input\":{\"@type\":\"PropertyValueSpecification\",\"valueRequired\":true,\"valueName\":\"search_term_string\"}}],\"inLanguage\":\"es\"},{\"@type\":\"Person\",\"@id\":\"http:\/\/www.aspack.es\/news\/#\/schema\/person\/0019098322836346476fc7dfdbd26d95\",\"name\":\"admin\",\"image\":{\"@type\":\"ImageObject\",\"inLanguage\":\"es\",\"@id\":\"http:\/\/www.aspack.es\/news\/#\/schema\/person\/image\/\",\"url\":\"https:\/\/secure.gravatar.com\/avatar\/6a6c60542c39a2d052b8b1e8c5145e669bf888b9b229b3da0e43092daac8a32e?s=96&d=mm&r=g\",\"contentUrl\":\"https:\/\/secure.gravatar.com\/avatar\/6a6c60542c39a2d052b8b1e8c5145e669bf888b9b229b3da0e43092daac8a32e?s=96&d=mm&r=g\",\"caption\":\"admin\"},\"url\":\"http:\/\/www.aspack.es\/news\/author\/admin\/\"}]}<\/script>\n<!-- \/ Yoast SEO plugin. -->","yoast_head_json":{"title":"Abierta la inscripci\u00f3n para el XI CONGRESO DE ASPACK 2024 - ASPACK NEWS","description":"Nos complace anunciar el XI Congreso de ASPACK 2024 que tendr\u00e1 lugar en Fuengirola, M\u00e1laga, del 7 al 9 de noviembre.","robots":{"index":"index","follow":"follow","max-snippet":"max-snippet:-1","max-image-preview":"max-image-preview:large","max-video-preview":"max-video-preview:-1"},"canonical":"http:\/\/www.aspack.es\/news\/abierta-la-inscripcion-para-el-xi-congreso-de-aspack-2024\/","og_locale":"es_ES","og_type":"article","og_title":"Abierta la inscripci\u00f3n para el XI CONGRESO DE ASPACK 2024 - ASPACK NEWS","og_description":"Nos complace anunciar el XI Congreso de ASPACK 2024 que tendr\u00e1 lugar en Fuengirola, M\u00e1laga, del 7 al 9 de noviembre.","og_url":"http:\/\/www.aspack.es\/news\/abierta-la-inscripcion-para-el-xi-congreso-de-aspack-2024\/","og_site_name":"ASPACK NEWS","article_published_time":"2024-06-27T14:07:44+00:00","article_modified_time":"2024-06-28T07:24:34+00:00","og_image":[{"width":1430,"height":570,"url":"http:\/\/www.aspack.es\/news\/wp-content\/uploads\/2024\/06\/Imagen-web-aspack-3.jpg","type":"image\/jpeg"}],"author":"admin","twitter_card":"summary_large_image","twitter_misc":{"Escrito por":"admin","Tiempo de lectura":"3 minutos"},"schema":{"@context":"https:\/\/schema.org","@graph":[{"@type":"WebPage","@id":"http:\/\/www.aspack.es\/news\/abierta-la-inscripcion-para-el-xi-congreso-de-aspack-2024\/","url":"http:\/\/www.aspack.es\/news\/abierta-la-inscripcion-para-el-xi-congreso-de-aspack-2024\/","name":"Abierta la inscripci\u00f3n para el XI CONGRESO DE ASPACK 2024 - ASPACK NEWS","isPartOf":{"@id":"http:\/\/www.aspack.es\/news\/#website"},"primaryImageOfPage":{"@id":"http:\/\/www.aspack.es\/news\/abierta-la-inscripcion-para-el-xi-congreso-de-aspack-2024\/#primaryimage"},"image":{"@id":"http:\/\/www.aspack.es\/news\/abierta-la-inscripcion-para-el-xi-congreso-de-aspack-2024\/#primaryimage"},"thumbnailUrl":"http:\/\/www.aspack.es\/news\/wp-content\/uploads\/2024\/06\/Imagen-web-aspack-3.jpg","datePublished":"2024-06-27T14:07:44+00:00","dateModified":"2024-06-28T07:24:34+00:00","author":{"@id":"http:\/\/www.aspack.es\/news\/#\/schema\/person\/0019098322836346476fc7dfdbd26d95"},"description":"Nos complace anunciar el XI Congreso de ASPACK 2024 que tendr\u00e1 lugar en Fuengirola, M\u00e1laga, del 7 al 9 de noviembre.","breadcrumb":{"@id":"http:\/\/www.aspack.es\/news\/abierta-la-inscripcion-para-el-xi-congreso-de-aspack-2024\/#breadcrumb"},"inLanguage":"es","potentialAction":[{"@type":"ReadAction","target":["http:\/\/www.aspack.es\/news\/abierta-la-inscripcion-para-el-xi-congreso-de-aspack-2024\/"]}]},{"@type":"ImageObject","inLanguage":"es","@id":"http:\/\/www.aspack.es\/news\/abierta-la-inscripcion-para-el-xi-congreso-de-aspack-2024\/#primaryimage","url":"http:\/\/www.aspack.es\/news\/wp-content\/uploads\/2024\/06\/Imagen-web-aspack-3.jpg","contentUrl":"http:\/\/www.aspack.es\/news\/wp-content\/uploads\/2024\/06\/Imagen-web-aspack-3.jpg","width":1430,"height":570},{"@type":"BreadcrumbList","@id":"http:\/\/www.aspack.es\/news\/abierta-la-inscripcion-para-el-xi-congreso-de-aspack-2024\/#breadcrumb","itemListElement":[{"@type":"ListItem","position":1,"name":"Portada","item":"http:\/\/www.aspack.es\/news\/"},{"@type":"ListItem","position":2,"name":"Abierta la inscripci\u00f3n para el XI CONGRESO DE ASPACK 2024"}]},{"@type":"WebSite","@id":"http:\/\/www.aspack.es\/news\/#website","url":"http:\/\/www.aspack.es\/news\/","name":"ASPACK NEWS","description":"El peri?dico digital de los envases de cart?n","potentialAction":[{"@type":"SearchAction","target":{"@type":"EntryPoint","urlTemplate":"http:\/\/www.aspack.es\/news\/?s={search_term_string}"},"query-input":{"@type":"PropertyValueSpecification","valueRequired":true,"valueName":"search_term_string"}}],"inLanguage":"es"},{"@type":"Person","@id":"http:\/\/www.aspack.es\/news\/#\/schema\/person\/0019098322836346476fc7dfdbd26d95","name":"admin","image":{"@type":"ImageObject","inLanguage":"es","@id":"http:\/\/www.aspack.es\/news\/#\/schema\/person\/image\/","url":"https:\/\/secure.gravatar.com\/avatar\/6a6c60542c39a2d052b8b1e8c5145e669bf888b9b229b3da0e43092daac8a32e?s=96&d=mm&r=g","contentUrl":"https:\/\/secure.gravatar.com\/avatar\/6a6c60542c39a2d052b8b1e8c5145e669bf888b9b229b3da0e43092daac8a32e?s=96&d=mm&r=g","caption":"admin"},"url":"http:\/\/www.aspack.es\/news\/author\/admin\/"}]}},"_links":{"self":[{"href":"http:\/\/www.aspack.es\/news\/wp-json\/wp\/v2\/posts\/2170","targetHints":{"allow":["GET"]}}],"collection":[{"href":"http:\/\/www.aspack.es\/news\/wp-json\/wp\/v2\/posts"}],"about":[{"href":"http:\/\/www.aspack.es\/news\/wp-json\/wp\/v2\/types\/post"}],"author":[{"embeddable":true,"href":"http:\/\/www.aspack.es\/news\/wp-json\/wp\/v2\/users\/1"}],"replies":[{"embeddable":true,"href":"http:\/\/www.aspack.es\/news\/wp-json\/wp\/v2\/comments?post=2170"}],"version-history":[{"count":3,"href":"http:\/\/www.aspack.es\/news\/wp-json\/wp\/v2\/posts\/2170\/revisions"}],"predecessor-version":[{"id":2174,"href":"http:\/\/www.aspack.es\/news\/wp-json\/wp\/v2\/posts\/2170\/revisions\/2174"}],"wp:featuredmedia":[{"embeddable":true,"href":"http:\/\/www.aspack.es\/news\/wp-json\/wp\/v2\/media\/2171"}],"wp:attachment":[{"href":"http:\/\/www.aspack.es\/news\/wp-json\/wp\/v2\/media?parent=2170"}],"wp:term":[{"taxonomy":"category","embeddable":true,"href":"http:\/\/www.aspack.es\/news\/wp-json\/wp\/v2\/categories?post=2170"},{"taxonomy":"post_tag","embeddable":true,"href":"http:\/\/www.aspack.es\/news\/wp-json\/wp\/v2\/tags?post=2170"}],"curies":[{"name":"wp","href":"https:\/\/api.w.org\/{rel}","templated":true}]}}