{"id":2224,"date":"2024-11-13T11:20:58","date_gmt":"2024-11-13T11:20:58","guid":{"rendered":"http:\/\/www.aspack.es\/news\/?p=2224"},"modified":"2024-11-13T11:48:57","modified_gmt":"2024-11-13T11:48:57","slug":"exito-en-el-xi-congreso-de-aspack","status":"publish","type":"post","link":"http:\/\/www.aspack.es\/news\/exito-en-el-xi-congreso-de-aspack\/","title":{"rendered":"\u00c9xito del XI Congreso de ASPACK"},"content":{"rendered":"\n<p>El XI Congreso de ASPACK tuvo lugar del 7 al 9 de noviembre en el entorno del Hotel Higuer\u00f3n de Fuengirola, M\u00e1laga. Con m\u00e1s de 70 asistentes, celebramos con \u00e9xito el gran encuentro del sector. La sostenibilidad, los avances del nuevo Reglamento Europeo de Envases y Residuos de Envases y la retenci\u00f3n de talento fueron algunos de los temas centrales de este und\u00e9cimo congreso del sector de envases y embalajes de cart\u00f3n.&nbsp;<\/p>\n\n\n\n<p>Bajo la conducci\u00f3n del secretario general de ASPACK, Pablo Serrano, el congreso comenz\u00f3 con la apertura por parte de Jos\u00e9 Ram\u00f3n Benito, quien se despidi\u00f3 como presidente al haber cumplido su mandato de 4 a\u00f1os. Durante su discurso, realizamos un minuto de silencio por todos aquellos afectados por la DANA, y se despidi\u00f3 como presidente.<\/p>\n\n\n\n<p>Seguidamente, tuvo lugar la Asamblea General de ASPACK donde se presentaron los proyectos de la asociaci\u00f3n durante el \u00faltimo a\u00f1o, las cuentas de la asociaci\u00f3n y se present\u00f3 al nuevo presidente de la asociaci\u00f3n, Josep Mar\u00eda Berga Ferres, y la nueva Junta Directiva. Para finalizar la jornada profesional del jueves, BOBST y RDM, patrocinadores premium del congreso, realizaron unas presentaciones t\u00e9cnicas donde presentaron las innovaciones que se llevan a cabo en sus empresas, y algunos de sus nuevos productos, m\u00e1s sostenibles.\u00a0<\/p>\n\n\n\n<p>La jornada profesional del viernes comenz\u00f3 con una sorpresa motivadora para los asistentes, un taller de batucada con mucho ritmo, donde todos los asistentes pudieron participar con la percusi\u00f3n de diferentes instrumentos musicales.&nbsp;<\/p>\n\n\n\n<p>Mike Turner, director de ECMA, present\u00f3 las actualizaciones con respecto al nuevo Reglamento europeo de Envases y Residuos de Envases (PPWR). Adem\u00e1s, tambi\u00e9n present\u00f3 las novedades de la nueva regulaci\u00f3n de Deforestaci\u00f3n europea, que se crea con el fin de minimizar el riesgo de que productos que circulen en el mercado europeo provengan de cadenas que participan en la deforestaci\u00f3n y degradaci\u00f3n de los bosques.&nbsp;<\/p>\n\n\n\n<p>La mesa redonda de la ma\u00f1ana estuvo compuesta por Mauricio Garc\u00eda de Quevedo, director general de FIAB, Luc\u00eda Jim\u00e9nez, miembro de la direcci\u00f3n de sostenibilidad de STANPA, y Ana Medina, del departamento t\u00e9cnico de FARMAINDUSTRIA. Moderaba la mesa, Pablo Serrano, secretario general de ASPACK. \u201cEl sector de envases de cart\u00f3n desde la mirada de los clientes\u201d fue el t\u00edtulo de la mesa redonda, donde los participantes pudieron hablar sobre el futuro del sector en el que trabajan, y su percepci\u00f3n de utilizar envases de cart\u00f3n para sus productos frente a otros materiales.&nbsp;<\/p>\n\n\n\n<p>Por otro lado, durante la ma\u00f1ana tambi\u00e9n pudimos disfrutar de las presentaciones t\u00e9cnicas de algunos de nuestros patrocinadores: Storaenso, Heidelberg, CA\u00d1APACK y Mets\u00e4 Board.&nbsp;<\/p>\n\n\n\n<p>Tambi\u00e9n contamos con la presentaci\u00f3n de dos casos de \u00e9xito de asociados de ASPACK: Saica Group y MM Group.&nbsp;<\/p>\n\n\n\n<p>Pilar Array\u00e1s, directora de Cart\u00f3n Circular, explic\u00f3 durante su ponencia c\u00f3mo desde la entidad proporcionan a los envasadores industriales un Sistema Colectivo de Responsabilidad Ampliada del Productor (SCRAP) eficiente y respetuoso con los mercados de reciclaje.&nbsp;<\/p>\n\n\n\n<p>Francisco Xavier Mena, catedr\u00e1tico de Econom\u00eda, realiz\u00f3 una presentaci\u00f3n sobre las perspectivas econ\u00f3micas del sector para 2025 donde expuso una visi\u00f3n global de la situaci\u00f3n econ\u00f3mica actual y presentando los retos a los que nos enfrentamos como sector.<\/p>\n\n\n\n<p>Despu\u00e9s del almuerzo, hubo tiempo para una sesi\u00f3n de mesas de negocios en la que&nbsp;se puso en contacto en charlas de cinco minutos a fabricantes de envases y a proveedores para que pudieran conocerse y valorar posibles colaboraciones.&nbsp;<\/p>\n\n\n\n<p>La jornada de conferencias puso fin con la intervenci\u00f3n de Manu Romero, CEO de Departamento de Felicidad. Durante su intervenci\u00f3n, los asistentes pudieron trabajar por equipos donde compartieron posibles iniciativas para tener empleados felices en diferentes factores, para concluir con diferentes soluciones.<\/p>\n\n\n\n<p>El Congreso se cerr\u00f3 con una cena de familiarizaci\u00f3n en el Museo Picasso de M\u00e1laga donde previo a la cena, los participantes pudieron disfrutar de una visita guiada al museo y un espect\u00e1culo de flamenco durante la cena para amenizar la velada. Para acabar, el s\u00e1bado se realiz\u00f3 una actividad social patrocinada por&nbsp;Heidelberg, donde realizamos una visita a la bodega Antigua Casa de la Guardia, y realizamos un concurso de Materchef entre vi\u00f1edos.<\/p>\n\n\n\n<p>Agradecemos a todos los patrocinadores y colaboradores por apoyar un a\u00f1o m\u00e1s el Congreso ASPACK y esperamos vernos muy pronto.&nbsp;<\/p>\n","protected":false},"excerpt":{"rendered":"<p>El XI Congreso de ASPACK tuvo lugar del 7 al 9 de noviembre en el entorno del Hotel Higuer\u00f3n de Fuengirola, M\u00e1laga. Con m\u00e1s de 70 asistentes, celebramos con \u00e9xito el gran encuentro del sector. La sostenibilidad, los avances del nuevo Reglamento Europeo de Envases y Residuos de Envases y la retenci\u00f3n de talento fueron&hellip;<\/p>\n","protected":false},"author":1,"featured_media":2225,"comment_status":"closed","ping_status":"open","sticky":true,"template":"","format":"standard","meta":{"footnotes":""},"categories":[19,22],"tags":[],"class_list":["post-2224","post","type-post","status-publish","format-standard","has-post-thumbnail","hentry","category-eventos","category-noticias"],"yoast_head":"<!-- This site is optimized with the Yoast SEO plugin v25.9 - https:\/\/yoast.com\/wordpress\/plugins\/seo\/ -->\n<title>\u00c9xito del XI Congreso de ASPACK - ASPACK NEWS<\/title>\n<meta name=\"description\" content=\"Con m\u00e1s de 70 asistentes, el XI congreso de ASPACK fue todo un \u00e9xito. Celebramos el encuentro en el entorno del hotel Higuer\u00f3n en M\u00e1laga.\" \/>\n<meta name=\"robots\" content=\"index, follow, max-snippet:-1, max-image-preview:large, max-video-preview:-1\" \/>\n<link rel=\"canonical\" href=\"http:\/\/www.aspack.es\/news\/exito-en-el-xi-congreso-de-aspack\/\" \/>\n<meta property=\"og:locale\" content=\"es_ES\" \/>\n<meta property=\"og:type\" content=\"article\" \/>\n<meta property=\"og:title\" content=\"\u00c9xito del XI Congreso de ASPACK - ASPACK NEWS\" \/>\n<meta property=\"og:description\" content=\"Con m\u00e1s de 70 asistentes, el XI congreso de ASPACK fue todo un \u00e9xito. Celebramos el encuentro en el entorno del hotel Higuer\u00f3n en M\u00e1laga.\" \/>\n<meta property=\"og:url\" content=\"http:\/\/www.aspack.es\/news\/exito-en-el-xi-congreso-de-aspack\/\" \/>\n<meta property=\"og:site_name\" content=\"ASPACK NEWS\" \/>\n<meta property=\"article:published_time\" content=\"2024-11-13T11:20:58+00:00\" \/>\n<meta property=\"article:modified_time\" content=\"2024-11-13T11:48:57+00:00\" \/>\n<meta property=\"og:image\" content=\"http:\/\/www.aspack.es\/news\/wp-content\/uploads\/2024\/11\/Dron-Grupo-1024x768.jpg\" \/>\n\t<meta property=\"og:image:width\" content=\"1024\" \/>\n\t<meta property=\"og:image:height\" content=\"768\" \/>\n\t<meta property=\"og:image:type\" content=\"image\/jpeg\" \/>\n<meta name=\"author\" content=\"admin\" \/>\n<meta name=\"twitter:card\" content=\"summary_large_image\" \/>\n<meta name=\"twitter:label1\" content=\"Escrito por\" \/>\n\t<meta name=\"twitter:data1\" content=\"admin\" \/>\n\t<meta name=\"twitter:label2\" content=\"Tiempo de lectura\" \/>\n\t<meta name=\"twitter:data2\" content=\"4 minutos\" \/>\n<script type=\"application\/ld+json\" class=\"yoast-schema-graph\">{\"@context\":\"https:\/\/schema.org\",\"@graph\":[{\"@type\":\"WebPage\",\"@id\":\"http:\/\/www.aspack.es\/news\/exito-en-el-xi-congreso-de-aspack\/\",\"url\":\"http:\/\/www.aspack.es\/news\/exito-en-el-xi-congreso-de-aspack\/\",\"name\":\"\u00c9xito del XI Congreso de ASPACK - ASPACK NEWS\",\"isPartOf\":{\"@id\":\"https:\/\/www.aspack.es\/news\/#website\"},\"primaryImageOfPage\":{\"@id\":\"http:\/\/www.aspack.es\/news\/exito-en-el-xi-congreso-de-aspack\/#primaryimage\"},\"image\":{\"@id\":\"http:\/\/www.aspack.es\/news\/exito-en-el-xi-congreso-de-aspack\/#primaryimage\"},\"thumbnailUrl\":\"http:\/\/www.aspack.es\/news\/wp-content\/uploads\/2024\/11\/Dron-Grupo-scaled.jpg\",\"datePublished\":\"2024-11-13T11:20:58+00:00\",\"dateModified\":\"2024-11-13T11:48:57+00:00\",\"author\":{\"@id\":\"https:\/\/www.aspack.es\/news\/#\/schema\/person\/0019098322836346476fc7dfdbd26d95\"},\"description\":\"Con m\u00e1s de 70 asistentes, el XI congreso de ASPACK fue todo un \u00e9xito. Celebramos el encuentro en el entorno del hotel Higuer\u00f3n en M\u00e1laga.\",\"breadcrumb\":{\"@id\":\"http:\/\/www.aspack.es\/news\/exito-en-el-xi-congreso-de-aspack\/#breadcrumb\"},\"inLanguage\":\"es\",\"potentialAction\":[{\"@type\":\"ReadAction\",\"target\":[\"http:\/\/www.aspack.es\/news\/exito-en-el-xi-congreso-de-aspack\/\"]}]},{\"@type\":\"ImageObject\",\"inLanguage\":\"es\",\"@id\":\"http:\/\/www.aspack.es\/news\/exito-en-el-xi-congreso-de-aspack\/#primaryimage\",\"url\":\"http:\/\/www.aspack.es\/news\/wp-content\/uploads\/2024\/11\/Dron-Grupo-scaled.jpg\",\"contentUrl\":\"http:\/\/www.aspack.es\/news\/wp-content\/uploads\/2024\/11\/Dron-Grupo-scaled.jpg\",\"width\":2560,\"height\":1920},{\"@type\":\"BreadcrumbList\",\"@id\":\"http:\/\/www.aspack.es\/news\/exito-en-el-xi-congreso-de-aspack\/#breadcrumb\",\"itemListElement\":[{\"@type\":\"ListItem\",\"position\":1,\"name\":\"Portada\",\"item\":\"https:\/\/www.aspack.es\/news\/\"},{\"@type\":\"ListItem\",\"position\":2,\"name\":\"\u00c9xito del XI Congreso de ASPACK\"}]},{\"@type\":\"WebSite\",\"@id\":\"https:\/\/www.aspack.es\/news\/#website\",\"url\":\"https:\/\/www.aspack.es\/news\/\",\"name\":\"ASPACK NEWS\",\"description\":\"El peri?dico digital de los envases de cart?n\",\"potentialAction\":[{\"@type\":\"SearchAction\",\"target\":{\"@type\":\"EntryPoint\",\"urlTemplate\":\"https:\/\/www.aspack.es\/news\/?s={search_term_string}\"},\"query-input\":{\"@type\":\"PropertyValueSpecification\",\"valueRequired\":true,\"valueName\":\"search_term_string\"}}],\"inLanguage\":\"es\"},{\"@type\":\"Person\",\"@id\":\"https:\/\/www.aspack.es\/news\/#\/schema\/person\/0019098322836346476fc7dfdbd26d95\",\"name\":\"admin\",\"image\":{\"@type\":\"ImageObject\",\"inLanguage\":\"es\",\"@id\":\"https:\/\/www.aspack.es\/news\/#\/schema\/person\/image\/\",\"url\":\"https:\/\/secure.gravatar.com\/avatar\/6a6c60542c39a2d052b8b1e8c5145e669bf888b9b229b3da0e43092daac8a32e?s=96&d=mm&r=g\",\"contentUrl\":\"https:\/\/secure.gravatar.com\/avatar\/6a6c60542c39a2d052b8b1e8c5145e669bf888b9b229b3da0e43092daac8a32e?s=96&d=mm&r=g\",\"caption\":\"admin\"},\"url\":\"http:\/\/www.aspack.es\/news\/author\/admin\/\"}]}<\/script>\n<!-- \/ Yoast SEO plugin. -->","yoast_head_json":{"title":"\u00c9xito del XI Congreso de ASPACK - ASPACK NEWS","description":"Con m\u00e1s de 70 asistentes, el XI congreso de ASPACK fue todo un \u00e9xito. Celebramos el encuentro en el entorno del hotel Higuer\u00f3n en M\u00e1laga.","robots":{"index":"index","follow":"follow","max-snippet":"max-snippet:-1","max-image-preview":"max-image-preview:large","max-video-preview":"max-video-preview:-1"},"canonical":"http:\/\/www.aspack.es\/news\/exito-en-el-xi-congreso-de-aspack\/","og_locale":"es_ES","og_type":"article","og_title":"\u00c9xito del XI Congreso de ASPACK - ASPACK NEWS","og_description":"Con m\u00e1s de 70 asistentes, el XI congreso de ASPACK fue todo un \u00e9xito. Celebramos el encuentro en el entorno del hotel Higuer\u00f3n en M\u00e1laga.","og_url":"http:\/\/www.aspack.es\/news\/exito-en-el-xi-congreso-de-aspack\/","og_site_name":"ASPACK NEWS","article_published_time":"2024-11-13T11:20:58+00:00","article_modified_time":"2024-11-13T11:48:57+00:00","og_image":[{"width":1024,"height":768,"url":"http:\/\/www.aspack.es\/news\/wp-content\/uploads\/2024\/11\/Dron-Grupo-1024x768.jpg","type":"image\/jpeg"}],"author":"admin","twitter_card":"summary_large_image","twitter_misc":{"Escrito por":"admin","Tiempo de lectura":"4 minutos"},"schema":{"@context":"https:\/\/schema.org","@graph":[{"@type":"WebPage","@id":"http:\/\/www.aspack.es\/news\/exito-en-el-xi-congreso-de-aspack\/","url":"http:\/\/www.aspack.es\/news\/exito-en-el-xi-congreso-de-aspack\/","name":"\u00c9xito del XI Congreso de ASPACK - ASPACK NEWS","isPartOf":{"@id":"https:\/\/www.aspack.es\/news\/#website"},"primaryImageOfPage":{"@id":"http:\/\/www.aspack.es\/news\/exito-en-el-xi-congreso-de-aspack\/#primaryimage"},"image":{"@id":"http:\/\/www.aspack.es\/news\/exito-en-el-xi-congreso-de-aspack\/#primaryimage"},"thumbnailUrl":"http:\/\/www.aspack.es\/news\/wp-content\/uploads\/2024\/11\/Dron-Grupo-scaled.jpg","datePublished":"2024-11-13T11:20:58+00:00","dateModified":"2024-11-13T11:48:57+00:00","author":{"@id":"https:\/\/www.aspack.es\/news\/#\/schema\/person\/0019098322836346476fc7dfdbd26d95"},"description":"Con m\u00e1s de 70 asistentes, el XI congreso de ASPACK fue todo un \u00e9xito. Celebramos el encuentro en el entorno del hotel Higuer\u00f3n en M\u00e1laga.","breadcrumb":{"@id":"http:\/\/www.aspack.es\/news\/exito-en-el-xi-congreso-de-aspack\/#breadcrumb"},"inLanguage":"es","potentialAction":[{"@type":"ReadAction","target":["http:\/\/www.aspack.es\/news\/exito-en-el-xi-congreso-de-aspack\/"]}]},{"@type":"ImageObject","inLanguage":"es","@id":"http:\/\/www.aspack.es\/news\/exito-en-el-xi-congreso-de-aspack\/#primaryimage","url":"http:\/\/www.aspack.es\/news\/wp-content\/uploads\/2024\/11\/Dron-Grupo-scaled.jpg","contentUrl":"http:\/\/www.aspack.es\/news\/wp-content\/uploads\/2024\/11\/Dron-Grupo-scaled.jpg","width":2560,"height":1920},{"@type":"BreadcrumbList","@id":"http:\/\/www.aspack.es\/news\/exito-en-el-xi-congreso-de-aspack\/#breadcrumb","itemListElement":[{"@type":"ListItem","position":1,"name":"Portada","item":"https:\/\/www.aspack.es\/news\/"},{"@type":"ListItem","position":2,"name":"\u00c9xito del XI Congreso de ASPACK"}]},{"@type":"WebSite","@id":"https:\/\/www.aspack.es\/news\/#website","url":"https:\/\/www.aspack.es\/news\/","name":"ASPACK NEWS","description":"El peri?dico digital de los envases de cart?n","potentialAction":[{"@type":"SearchAction","target":{"@type":"EntryPoint","urlTemplate":"https:\/\/www.aspack.es\/news\/?s={search_term_string}"},"query-input":{"@type":"PropertyValueSpecification","valueRequired":true,"valueName":"search_term_string"}}],"inLanguage":"es"},{"@type":"Person","@id":"https:\/\/www.aspack.es\/news\/#\/schema\/person\/0019098322836346476fc7dfdbd26d95","name":"admin","image":{"@type":"ImageObject","inLanguage":"es","@id":"https:\/\/www.aspack.es\/news\/#\/schema\/person\/image\/","url":"https:\/\/secure.gravatar.com\/avatar\/6a6c60542c39a2d052b8b1e8c5145e669bf888b9b229b3da0e43092daac8a32e?s=96&d=mm&r=g","contentUrl":"https:\/\/secure.gravatar.com\/avatar\/6a6c60542c39a2d052b8b1e8c5145e669bf888b9b229b3da0e43092daac8a32e?s=96&d=mm&r=g","caption":"admin"},"url":"http:\/\/www.aspack.es\/news\/author\/admin\/"}]}},"_links":{"self":[{"href":"http:\/\/www.aspack.es\/news\/wp-json\/wp\/v2\/posts\/2224","targetHints":{"allow":["GET"]}}],"collection":[{"href":"http:\/\/www.aspack.es\/news\/wp-json\/wp\/v2\/posts"}],"about":[{"href":"http:\/\/www.aspack.es\/news\/wp-json\/wp\/v2\/types\/post"}],"author":[{"embeddable":true,"href":"http:\/\/www.aspack.es\/news\/wp-json\/wp\/v2\/users\/1"}],"replies":[{"embeddable":true,"href":"http:\/\/www.aspack.es\/news\/wp-json\/wp\/v2\/comments?post=2224"}],"version-history":[{"count":3,"href":"http:\/\/www.aspack.es\/news\/wp-json\/wp\/v2\/posts\/2224\/revisions"}],"predecessor-version":[{"id":2229,"href":"http:\/\/www.aspack.es\/news\/wp-json\/wp\/v2\/posts\/2224\/revisions\/2229"}],"wp:featuredmedia":[{"embeddable":true,"href":"http:\/\/www.aspack.es\/news\/wp-json\/wp\/v2\/media\/2225"}],"wp:attachment":[{"href":"http:\/\/www.aspack.es\/news\/wp-json\/wp\/v2\/media?parent=2224"}],"wp:term":[{"taxonomy":"category","embeddable":true,"href":"http:\/\/www.aspack.es\/news\/wp-json\/wp\/v2\/categories?post=2224"},{"taxonomy":"post_tag","embeddable":true,"href":"http:\/\/www.aspack.es\/news\/wp-json\/wp\/v2\/tags?post=2224"}],"curies":[{"name":"wp","href":"https:\/\/api.w.org\/{rel}","templated":true}]}}