{"id":2239,"date":"2024-12-04T13:22:26","date_gmt":"2024-12-04T13:22:26","guid":{"rendered":"http:\/\/www.aspack.es\/news\/?p=2239"},"modified":"2024-12-04T13:22:27","modified_gmt":"2024-12-04T13:22:27","slug":"la-familia-de-aspack-crece-dando-la-bienvenida-a-graficas-salnes","status":"publish","type":"post","link":"http:\/\/www.aspack.es\/news\/la-familia-de-aspack-crece-dando-la-bienvenida-a-graficas-salnes\/","title":{"rendered":"La familia de ASPACK crece dando la bienvenida a Gr\u00e1ficas Saln\u00e9s"},"content":{"rendered":"\n<p>Desde sus inicios en 1983, Gr\u00e1ficas Saln\u00e9s, ha mantenido su apuesta por el desarrollo econ\u00f3mico, social y por el&nbsp;<strong>talento de la comarca<\/strong>&nbsp;de la que lleva, con orgullo, su nombre. Su mayor valor es su equipo, formado por m\u00e1s de 40 profesionales expertos, capaz de aportar las&nbsp;<strong>soluciones de packaging m\u00e1s competitivas<\/strong>&nbsp;y eficaces para sus clientes.<\/p>\n\n\n\n<p>Enmarcada en el sector de las artes gr\u00e1ficas desde su nacimiento hace ya 41 a\u00f1os, Gr\u00e1ficas Saln\u00e9s ha evolucionado de una manera natural y progresiva desde una peque\u00f1a imprenta tradicional a una&nbsp;<strong>planta industrial integrada de 7.200 metros cuadrados<\/strong>&nbsp;que hoy alberga todos los procesos de fabricaci\u00f3n de packaging.&nbsp;<\/p>\n\n\n\n<p>Su trayectoria empresarial es un ejemplo de reinversi\u00f3n y adaptaci\u00f3n a los cambios experimentados en el&nbsp;<strong>\u00e1mbito de las artes gr\u00e1ficas<\/strong>, provocados por la transformaci\u00f3n digital y la creciente evoluci\u00f3n de un mercado cada vez m\u00e1s competitivo y global. En 2004 fruto de la inquietud de la direcci\u00f3n de la compa\u00f1\u00eda realiza sus primeros sondeos en el mundo del packaging.&nbsp;&nbsp;<\/p>\n\n\n\n<p>Este conocimiento acumulado durante a\u00f1os y las&nbsp;<strong>potentes inversiones realizadas<\/strong>&nbsp;por los actuales due\u00f1os, el holding gallego&nbsp;<strong>Figrupo<\/strong>&nbsp;que adquiri\u00f3 la empresa en 2020, han conseguido impulsarla a un nuevo nivel. Gr\u00e1ficas Saln\u00e9s es hoy una&nbsp;<strong>empresa din\u00e1mica y en crecimiento,<\/strong>&nbsp;dotada de la tecnolog\u00eda m\u00e1s avanzada en el sector de las artes gr\u00e1ficas. Su&nbsp;<strong>capacidad industrial<\/strong>&nbsp;muestra una amplia solvencia en la fabricaci\u00f3n de cajas plegadas, forradas y contracoladas. Todo ello en una planta integrada que asegura la mayor trazabilidad, una calidad 100% europea y una&nbsp;<strong>apuesta por la sostenibilidad<\/strong>&nbsp;a trav\u00e9s del uso de materiales reciclados y reciclables.&nbsp;<\/p>\n\n\n\n<p>El futuro de la compa\u00f1\u00eda est\u00e1 centrado en desarrollar las mejores soluciones de packaging sacando el m\u00e1ximo partido a sus capacidades industriales y sus acabados. Objetivos que hunden sus ra\u00edces en Galicia, en el que pretende seguir aportando los mejores empaques para industrias tan potentes como la conserva, el vino, moda, perfumer\u00eda, cosm\u00e9tica, industria y potenciando su presencia en el mercado exterior.<\/p>\n\n\n\n<p>En Gr\u00e1ficas Saln\u00e9s siempre han estado vinculados al asociacionismo, por lo que formar parte de ASPACK es una oportunidad para conocer a empresas del sector con las que puedan compartir y debatir sobre las mismas inquietudes.&nbsp;<\/p>\n","protected":false},"excerpt":{"rendered":"<p>Desde sus inicios en 1983, Gr\u00e1ficas Saln\u00e9s, ha mantenido su apuesta por el desarrollo econ\u00f3mico, social y por el&nbsp;talento de la comarca&nbsp;de la que lleva, con orgullo, su nombre. Su mayor valor es su equipo, formado por m\u00e1s de 40 profesionales expertos, capaz de aportar las&nbsp;soluciones de packaging m\u00e1s competitivas&nbsp;y eficaces para sus clientes. Enmarcada&hellip;<\/p>\n","protected":false},"author":1,"featured_media":2240,"comment_status":"closed","ping_status":"open","sticky":false,"template":"","format":"standard","meta":{"footnotes":""},"categories":[18,22],"tags":[],"class_list":["post-2239","post","type-post","status-publish","format-standard","has-post-thumbnail","hentry","category-asociados","category-noticias"],"yoast_head":"<!-- This site is optimized with the Yoast SEO plugin v25.9 - https:\/\/yoast.com\/wordpress\/plugins\/seo\/ -->\n<title>La familia de ASPACK crece dando la bienvenida a Gr\u00e1ficas Saln\u00e9s - ASPACK NEWS<\/title>\n<meta name=\"description\" content=\"La familia de ASPACK crece dando la bienvenida a un nuevo miembro: Gr\u00e1ficas Saln\u00e9s, capaces de aportar soluciones de packaging competitivas.\" \/>\n<meta name=\"robots\" content=\"index, follow, max-snippet:-1, max-image-preview:large, max-video-preview:-1\" \/>\n<link rel=\"canonical\" href=\"https:\/\/www.aspack.es\/news\/la-familia-de-aspack-crece-dando-la-bienvenida-a-graficas-salnes\/\" \/>\n<meta property=\"og:locale\" content=\"es_ES\" \/>\n<meta property=\"og:type\" content=\"article\" \/>\n<meta property=\"og:title\" content=\"La familia de ASPACK crece dando la bienvenida a Gr\u00e1ficas Saln\u00e9s - ASPACK NEWS\" \/>\n<meta property=\"og:description\" content=\"La familia de ASPACK crece dando la bienvenida a un nuevo miembro: Gr\u00e1ficas Saln\u00e9s, capaces de aportar soluciones de packaging competitivas.\" \/>\n<meta property=\"og:url\" content=\"https:\/\/www.aspack.es\/news\/la-familia-de-aspack-crece-dando-la-bienvenida-a-graficas-salnes\/\" \/>\n<meta property=\"og:site_name\" content=\"ASPACK NEWS\" \/>\n<meta property=\"article:published_time\" content=\"2024-12-04T13:22:26+00:00\" \/>\n<meta property=\"article:modified_time\" content=\"2024-12-04T13:22:27+00:00\" \/>\n<meta property=\"og:image\" content=\"https:\/\/www.aspack.es\/news\/wp-content\/uploads\/2024\/12\/GRAFICAS-SALNES-0440-1.jpg\" \/>\n\t<meta property=\"og:image:width\" content=\"1785\" \/>\n\t<meta property=\"og:image:height\" content=\"972\" \/>\n\t<meta property=\"og:image:type\" content=\"image\/jpeg\" \/>\n<meta name=\"author\" content=\"admin\" \/>\n<meta name=\"twitter:card\" content=\"summary_large_image\" \/>\n<meta name=\"twitter:label1\" content=\"Escrito por\" \/>\n\t<meta name=\"twitter:data1\" content=\"admin\" \/>\n\t<meta name=\"twitter:label2\" content=\"Tiempo de lectura\" \/>\n\t<meta name=\"twitter:data2\" content=\"2 minutos\" \/>\n<script type=\"application\/ld+json\" class=\"yoast-schema-graph\">{\"@context\":\"https:\/\/schema.org\",\"@graph\":[{\"@type\":\"WebPage\",\"@id\":\"https:\/\/www.aspack.es\/news\/la-familia-de-aspack-crece-dando-la-bienvenida-a-graficas-salnes\/\",\"url\":\"https:\/\/www.aspack.es\/news\/la-familia-de-aspack-crece-dando-la-bienvenida-a-graficas-salnes\/\",\"name\":\"La familia de ASPACK crece dando la bienvenida a Gr\u00e1ficas Saln\u00e9s - ASPACK NEWS\",\"isPartOf\":{\"@id\":\"https:\/\/www.aspack.es\/news\/#website\"},\"primaryImageOfPage\":{\"@id\":\"https:\/\/www.aspack.es\/news\/la-familia-de-aspack-crece-dando-la-bienvenida-a-graficas-salnes\/#primaryimage\"},\"image\":{\"@id\":\"https:\/\/www.aspack.es\/news\/la-familia-de-aspack-crece-dando-la-bienvenida-a-graficas-salnes\/#primaryimage\"},\"thumbnailUrl\":\"http:\/\/www.aspack.es\/news\/wp-content\/uploads\/2024\/12\/GRAFICAS-SALNES-0440-1.jpg\",\"datePublished\":\"2024-12-04T13:22:26+00:00\",\"dateModified\":\"2024-12-04T13:22:27+00:00\",\"author\":{\"@id\":\"https:\/\/www.aspack.es\/news\/#\/schema\/person\/0019098322836346476fc7dfdbd26d95\"},\"description\":\"La familia de ASPACK crece dando la bienvenida a un nuevo miembro: Gr\u00e1ficas Saln\u00e9s, capaces de aportar soluciones de packaging competitivas.\",\"breadcrumb\":{\"@id\":\"https:\/\/www.aspack.es\/news\/la-familia-de-aspack-crece-dando-la-bienvenida-a-graficas-salnes\/#breadcrumb\"},\"inLanguage\":\"es\",\"potentialAction\":[{\"@type\":\"ReadAction\",\"target\":[\"https:\/\/www.aspack.es\/news\/la-familia-de-aspack-crece-dando-la-bienvenida-a-graficas-salnes\/\"]}]},{\"@type\":\"ImageObject\",\"inLanguage\":\"es\",\"@id\":\"https:\/\/www.aspack.es\/news\/la-familia-de-aspack-crece-dando-la-bienvenida-a-graficas-salnes\/#primaryimage\",\"url\":\"http:\/\/www.aspack.es\/news\/wp-content\/uploads\/2024\/12\/GRAFICAS-SALNES-0440-1.jpg\",\"contentUrl\":\"http:\/\/www.aspack.es\/news\/wp-content\/uploads\/2024\/12\/GRAFICAS-SALNES-0440-1.jpg\",\"width\":1785,\"height\":972},{\"@type\":\"BreadcrumbList\",\"@id\":\"https:\/\/www.aspack.es\/news\/la-familia-de-aspack-crece-dando-la-bienvenida-a-graficas-salnes\/#breadcrumb\",\"itemListElement\":[{\"@type\":\"ListItem\",\"position\":1,\"name\":\"Portada\",\"item\":\"https:\/\/www.aspack.es\/news\/\"},{\"@type\":\"ListItem\",\"position\":2,\"name\":\"La familia de ASPACK crece dando la bienvenida a Gr\u00e1ficas Saln\u00e9s\"}]},{\"@type\":\"WebSite\",\"@id\":\"https:\/\/www.aspack.es\/news\/#website\",\"url\":\"https:\/\/www.aspack.es\/news\/\",\"name\":\"ASPACK NEWS\",\"description\":\"El peri?dico digital de los envases de cart?n\",\"potentialAction\":[{\"@type\":\"SearchAction\",\"target\":{\"@type\":\"EntryPoint\",\"urlTemplate\":\"https:\/\/www.aspack.es\/news\/?s={search_term_string}\"},\"query-input\":{\"@type\":\"PropertyValueSpecification\",\"valueRequired\":true,\"valueName\":\"search_term_string\"}}],\"inLanguage\":\"es\"},{\"@type\":\"Person\",\"@id\":\"https:\/\/www.aspack.es\/news\/#\/schema\/person\/0019098322836346476fc7dfdbd26d95\",\"name\":\"admin\",\"image\":{\"@type\":\"ImageObject\",\"inLanguage\":\"es\",\"@id\":\"https:\/\/www.aspack.es\/news\/#\/schema\/person\/image\/\",\"url\":\"https:\/\/secure.gravatar.com\/avatar\/6a6c60542c39a2d052b8b1e8c5145e669bf888b9b229b3da0e43092daac8a32e?s=96&d=mm&r=g\",\"contentUrl\":\"https:\/\/secure.gravatar.com\/avatar\/6a6c60542c39a2d052b8b1e8c5145e669bf888b9b229b3da0e43092daac8a32e?s=96&d=mm&r=g\",\"caption\":\"admin\"},\"url\":\"http:\/\/www.aspack.es\/news\/author\/admin\/\"}]}<\/script>\n<!-- \/ Yoast SEO plugin. -->","yoast_head_json":{"title":"La familia de ASPACK crece dando la bienvenida a Gr\u00e1ficas Saln\u00e9s - ASPACK NEWS","description":"La familia de ASPACK crece dando la bienvenida a un nuevo miembro: Gr\u00e1ficas Saln\u00e9s, capaces de aportar soluciones de packaging competitivas.","robots":{"index":"index","follow":"follow","max-snippet":"max-snippet:-1","max-image-preview":"max-image-preview:large","max-video-preview":"max-video-preview:-1"},"canonical":"https:\/\/www.aspack.es\/news\/la-familia-de-aspack-crece-dando-la-bienvenida-a-graficas-salnes\/","og_locale":"es_ES","og_type":"article","og_title":"La familia de ASPACK crece dando la bienvenida a Gr\u00e1ficas Saln\u00e9s - ASPACK NEWS","og_description":"La familia de ASPACK crece dando la bienvenida a un nuevo miembro: Gr\u00e1ficas Saln\u00e9s, capaces de aportar soluciones de packaging competitivas.","og_url":"https:\/\/www.aspack.es\/news\/la-familia-de-aspack-crece-dando-la-bienvenida-a-graficas-salnes\/","og_site_name":"ASPACK NEWS","article_published_time":"2024-12-04T13:22:26+00:00","article_modified_time":"2024-12-04T13:22:27+00:00","og_image":[{"width":1785,"height":972,"url":"https:\/\/www.aspack.es\/news\/wp-content\/uploads\/2024\/12\/GRAFICAS-SALNES-0440-1.jpg","type":"image\/jpeg"}],"author":"admin","twitter_card":"summary_large_image","twitter_misc":{"Escrito por":"admin","Tiempo de lectura":"2 minutos"},"schema":{"@context":"https:\/\/schema.org","@graph":[{"@type":"WebPage","@id":"https:\/\/www.aspack.es\/news\/la-familia-de-aspack-crece-dando-la-bienvenida-a-graficas-salnes\/","url":"https:\/\/www.aspack.es\/news\/la-familia-de-aspack-crece-dando-la-bienvenida-a-graficas-salnes\/","name":"La familia de ASPACK crece dando la bienvenida a Gr\u00e1ficas Saln\u00e9s - ASPACK NEWS","isPartOf":{"@id":"https:\/\/www.aspack.es\/news\/#website"},"primaryImageOfPage":{"@id":"https:\/\/www.aspack.es\/news\/la-familia-de-aspack-crece-dando-la-bienvenida-a-graficas-salnes\/#primaryimage"},"image":{"@id":"https:\/\/www.aspack.es\/news\/la-familia-de-aspack-crece-dando-la-bienvenida-a-graficas-salnes\/#primaryimage"},"thumbnailUrl":"http:\/\/www.aspack.es\/news\/wp-content\/uploads\/2024\/12\/GRAFICAS-SALNES-0440-1.jpg","datePublished":"2024-12-04T13:22:26+00:00","dateModified":"2024-12-04T13:22:27+00:00","author":{"@id":"https:\/\/www.aspack.es\/news\/#\/schema\/person\/0019098322836346476fc7dfdbd26d95"},"description":"La familia de ASPACK crece dando la bienvenida a un nuevo miembro: Gr\u00e1ficas Saln\u00e9s, capaces de aportar soluciones de packaging competitivas.","breadcrumb":{"@id":"https:\/\/www.aspack.es\/news\/la-familia-de-aspack-crece-dando-la-bienvenida-a-graficas-salnes\/#breadcrumb"},"inLanguage":"es","potentialAction":[{"@type":"ReadAction","target":["https:\/\/www.aspack.es\/news\/la-familia-de-aspack-crece-dando-la-bienvenida-a-graficas-salnes\/"]}]},{"@type":"ImageObject","inLanguage":"es","@id":"https:\/\/www.aspack.es\/news\/la-familia-de-aspack-crece-dando-la-bienvenida-a-graficas-salnes\/#primaryimage","url":"http:\/\/www.aspack.es\/news\/wp-content\/uploads\/2024\/12\/GRAFICAS-SALNES-0440-1.jpg","contentUrl":"http:\/\/www.aspack.es\/news\/wp-content\/uploads\/2024\/12\/GRAFICAS-SALNES-0440-1.jpg","width":1785,"height":972},{"@type":"BreadcrumbList","@id":"https:\/\/www.aspack.es\/news\/la-familia-de-aspack-crece-dando-la-bienvenida-a-graficas-salnes\/#breadcrumb","itemListElement":[{"@type":"ListItem","position":1,"name":"Portada","item":"https:\/\/www.aspack.es\/news\/"},{"@type":"ListItem","position":2,"name":"La familia de ASPACK crece dando la bienvenida a Gr\u00e1ficas Saln\u00e9s"}]},{"@type":"WebSite","@id":"https:\/\/www.aspack.es\/news\/#website","url":"https:\/\/www.aspack.es\/news\/","name":"ASPACK NEWS","description":"El peri?dico digital de los envases de cart?n","potentialAction":[{"@type":"SearchAction","target":{"@type":"EntryPoint","urlTemplate":"https:\/\/www.aspack.es\/news\/?s={search_term_string}"},"query-input":{"@type":"PropertyValueSpecification","valueRequired":true,"valueName":"search_term_string"}}],"inLanguage":"es"},{"@type":"Person","@id":"https:\/\/www.aspack.es\/news\/#\/schema\/person\/0019098322836346476fc7dfdbd26d95","name":"admin","image":{"@type":"ImageObject","inLanguage":"es","@id":"https:\/\/www.aspack.es\/news\/#\/schema\/person\/image\/","url":"https:\/\/secure.gravatar.com\/avatar\/6a6c60542c39a2d052b8b1e8c5145e669bf888b9b229b3da0e43092daac8a32e?s=96&d=mm&r=g","contentUrl":"https:\/\/secure.gravatar.com\/avatar\/6a6c60542c39a2d052b8b1e8c5145e669bf888b9b229b3da0e43092daac8a32e?s=96&d=mm&r=g","caption":"admin"},"url":"http:\/\/www.aspack.es\/news\/author\/admin\/"}]}},"_links":{"self":[{"href":"http:\/\/www.aspack.es\/news\/wp-json\/wp\/v2\/posts\/2239","targetHints":{"allow":["GET"]}}],"collection":[{"href":"http:\/\/www.aspack.es\/news\/wp-json\/wp\/v2\/posts"}],"about":[{"href":"http:\/\/www.aspack.es\/news\/wp-json\/wp\/v2\/types\/post"}],"author":[{"embeddable":true,"href":"http:\/\/www.aspack.es\/news\/wp-json\/wp\/v2\/users\/1"}],"replies":[{"embeddable":true,"href":"http:\/\/www.aspack.es\/news\/wp-json\/wp\/v2\/comments?post=2239"}],"version-history":[{"count":1,"href":"http:\/\/www.aspack.es\/news\/wp-json\/wp\/v2\/posts\/2239\/revisions"}],"predecessor-version":[{"id":2241,"href":"http:\/\/www.aspack.es\/news\/wp-json\/wp\/v2\/posts\/2239\/revisions\/2241"}],"wp:featuredmedia":[{"embeddable":true,"href":"http:\/\/www.aspack.es\/news\/wp-json\/wp\/v2\/media\/2240"}],"wp:attachment":[{"href":"http:\/\/www.aspack.es\/news\/wp-json\/wp\/v2\/media?parent=2239"}],"wp:term":[{"taxonomy":"category","embeddable":true,"href":"http:\/\/www.aspack.es\/news\/wp-json\/wp\/v2\/categories?post=2239"},{"taxonomy":"post_tag","embeddable":true,"href":"http:\/\/www.aspack.es\/news\/wp-json\/wp\/v2\/tags?post=2239"}],"curies":[{"name":"wp","href":"https:\/\/api.w.org\/{rel}","templated":true}]}}