{"id":2264,"date":"2025-01-27T07:55:09","date_gmt":"2025-01-27T07:55:09","guid":{"rendered":"http:\/\/www.aspack.es\/news\/?p=2264"},"modified":"2025-01-27T07:55:11","modified_gmt":"2025-01-27T07:55:11","slug":"graficas-lersi-se-consolida-batiendo-records-y-sigue-invirtiendo-en-modernizacion-e-instalaciones","status":"publish","type":"post","link":"http:\/\/www.aspack.es\/news\/graficas-lersi-se-consolida-batiendo-records-y-sigue-invirtiendo-en-modernizacion-e-instalaciones\/","title":{"rendered":"Gr\u00e1ficas Lersi se consolida batiendo r\u00e9cords y sigue invirtiendo en modernizaci\u00f3n e instalaciones"},"content":{"rendered":"\n<p>Con datos a\u00fan muy provisionales de 2024,&nbsp;&nbsp;la facturaci\u00f3n de Gr\u00e1fcias Lersi alcanz\u00f3 los 10 millones de euros.&nbsp;&nbsp;Aunque solo supone un aumento de volumen 5,2 % hay que tener en cuenta la evoluci\u00f3n a la baja de los precios de la materia prima que lastran el crecimiento en cuanto a facturaci\u00f3n hablamos, de todas las empresas del sector. Cabe destacar que desde que la compa\u00f1\u00eda fue adquirida por el actual accionariado en 2021 las ventas han crecido un 77 %.<\/p>\n\n\n\n<p>&nbsp;&nbsp;&nbsp;&nbsp;&nbsp;&nbsp;&nbsp;&nbsp;&nbsp;&nbsp;Los aumentos en facturaci\u00f3n se acompa\u00f1an de una mejora en todos los ratios financieros de la compa\u00f1\u00eda, su EBITDA ordinario super\u00f3 los 1 MM\u20ac, lo que mejora sustancialmente su capacidad de reembolso. El resultado antes de impuestos superar\u00e1 todos los ejercicios anteriores llegando a m\u00e1s de 600M\u20ac en el primer a\u00f1o de consolidaci\u00f3n de la nueva instalaci\u00f3n y denota la capacidad comercial y productiva de las nuevas instalaciones.<\/p>\n\n\n\n<p>&nbsp;&nbsp;&nbsp;&nbsp;&nbsp;&nbsp;&nbsp;&nbsp;&nbsp;&nbsp;En los \u00faltimos dos a\u00f1os, Gr\u00e1ficas Lersi ha invertido cerca de 6 MM\u20ac en activos. Esto le ha permitido mejorar y ampliar su capacidad, la calidad de su producci\u00f3n, abriendo su cat\u00e1logo a productos y clientes nuevos que requieren productos t\u00e9cnicamente m\u00e1s sofisticados.<\/p>\n\n\n\n<p>Despu\u00e9s de su traslado en 2023 e instalaci\u00f3n de todas las nuevas l\u00edneas de producci\u00f3n en la nueva nave del pol\u00edgono&nbsp;&nbsp;Mas\u00eda de juez (Torrente-Valencia), durante el 2024 la compa\u00f1\u00eda ha continuado incrementando su parque de maquinaria con la incorporaci\u00f3n de una nueva l\u00ednea de plegado de alta velocidad marca BOBST, con alimentador y recogedor robotizado, y con capacidades de producci\u00f3n de hasta 160.000 packs\/hora. Con esta ya ser\u00e1 su tercera l\u00ednea de encolado.&nbsp;<\/p>\n\n\n\n<p>Esta l\u00ednea se ha completado con la compra e instalaci\u00f3n de una etiquetadora automatizada capaz de aplicar etiquetas RFID en l\u00ednea a 200 unidades por minuto, con c\u00e1mara de visi\u00f3n artificial, y control de calidad HHS BAUMER incorporando los nuevos inyectores de cabezal de alta velocidad y bajo consumo.<\/p>\n\n\n\n<p>Adem\u00e1s, se ha adquirido una nueva troqueladora y una laminadora de hot foil (estampado en caliente) de \u00faltima generaci\u00f3n marca HEIDELBERG, con todos los extras y automatismos necesarios para producir a las m\u00e1s altas velocidades y con los est\u00e1ndares de calidad m\u00e1s exigentes. Con esta ser\u00e1 la cuarta troqueladora puesta en servicio, y la primera m\u00e1quina de hot foil (estampado en caliente)<\/p>\n\n\n\n<p>En 2025 se va a incorporar una nueva l\u00ednea de impresi\u00f3n de \u00faltima generaci\u00f3n para completar el parque de maquinaria y tener capacidad para aumentar la facturaci\u00f3n por encima de los 20 millones de euros previstos en el plan inicial de expansi\u00f3n presentado en 2023. Para ello, se est\u00e1n realizando nuevas inversiones y mejoras de las instalaciones actuales, donde este 2025 se ampl\u00edan en 1.500m2 m\u00e1s para completar una superficie total de 8.000m2 entre los 6.500m2 de la nave principal y otros 1.500 en naves log\u00edsticas adyacentes.<\/p>\n\n\n\n<p>Asimismo, se va a proceder en este 2025 a mecanizar la parte final del proceso productivo, con distribuidores automatizados de salida de producto, robotizaci\u00f3n, etiquetado, codificaci\u00f3n, paletizado y expedici\u00f3n.<\/p>\n\n\n\n<p>En cuanto a certificaciones de calidad, se prev\u00e9n dos nuevas certificaciones en 2025, IFS PACsecure, y la ISO 50001 de eficiencia energ\u00e9tica las cuales se prev\u00e9n fundamentales para la expansi\u00f3n internacional que la compa\u00f1\u00eda tiene prevista para los pr\u00f3ximos ejercicios.<\/p>\n\n\n\n<p>Con todo esto se puede decir que el proyecto iniciado por C\u00e9sar Romero en 2023 con la adquisici\u00f3n del 100% de las participaciones sociales de la compa\u00f1\u00eda, su posterior traslado y su visi\u00f3n empresarial y comercial, est\u00e1n dando sus frutos, tanto as\u00ed que este 2024 fue invitado a trav\u00e9s de su Presidente, y elegido como nuevo vocal del consejo de ASPACK (Asociaci\u00f3n Espa\u00f1ola de Fabricantes de Envases, Embalajes y Transformados de Cart\u00f3n).<\/p>\n\n\n\n<p>Por tanto, Graficas Lersi se presenta como una empresa de proyecci\u00f3n de futuro dentro del sector nacional del Packaging y referencia en los \u00faltimos y pr\u00f3ximos a\u00f1os.<\/p>\n","protected":false},"excerpt":{"rendered":"<p>Con datos a\u00fan muy provisionales de 2024,&nbsp;&nbsp;la facturaci\u00f3n de Gr\u00e1fcias Lersi alcanz\u00f3 los 10 millones de euros.&nbsp;&nbsp;Aunque solo supone un aumento de volumen 5,2 % hay que tener en cuenta la evoluci\u00f3n a la baja de los precios de la materia prima que lastran el crecimiento en cuanto a facturaci\u00f3n hablamos, de todas las empresas&hellip;<\/p>\n","protected":false},"author":1,"featured_media":2265,"comment_status":"closed","ping_status":"open","sticky":false,"template":"","format":"standard","meta":{"footnotes":""},"categories":[18,22],"tags":[],"class_list":["post-2264","post","type-post","status-publish","format-standard","has-post-thumbnail","hentry","category-asociados","category-noticias"],"yoast_head":"<!-- This site is optimized with the Yoast SEO plugin v25.9 - https:\/\/yoast.com\/wordpress\/plugins\/seo\/ -->\n<title>Gr\u00e1ficas Lersi se consolida batiendo r\u00e9cords y sigue invirtiendo en modernizaci\u00f3n e instalaciones - ASPACK NEWS<\/title>\n<meta name=\"description\" content=\"Gr\u00e1ficas Lersi se consolida batiendo r\u00e9cords en 2024, con una facturaci\u00f3n que alcanz\u00f3 los 10 millones euros.\" \/>\n<meta name=\"robots\" content=\"index, follow, max-snippet:-1, max-image-preview:large, max-video-preview:-1\" \/>\n<link rel=\"canonical\" href=\"http:\/\/www.aspack.es\/news\/graficas-lersi-se-consolida-batiendo-records-y-sigue-invirtiendo-en-modernizacion-e-instalaciones\/\" \/>\n<meta property=\"og:locale\" content=\"es_ES\" \/>\n<meta property=\"og:type\" content=\"article\" \/>\n<meta property=\"og:title\" content=\"Gr\u00e1ficas Lersi se consolida batiendo r\u00e9cords y sigue invirtiendo en modernizaci\u00f3n e instalaciones - ASPACK NEWS\" \/>\n<meta property=\"og:description\" content=\"Gr\u00e1ficas Lersi se consolida batiendo r\u00e9cords en 2024, con una facturaci\u00f3n que alcanz\u00f3 los 10 millones euros.\" \/>\n<meta property=\"og:url\" content=\"http:\/\/www.aspack.es\/news\/graficas-lersi-se-consolida-batiendo-records-y-sigue-invirtiendo-en-modernizacion-e-instalaciones\/\" \/>\n<meta property=\"og:site_name\" content=\"ASPACK NEWS\" \/>\n<meta property=\"article:published_time\" content=\"2025-01-27T07:55:09+00:00\" \/>\n<meta property=\"article:modified_time\" content=\"2025-01-27T07:55:11+00:00\" \/>\n<meta property=\"og:image\" content=\"http:\/\/www.aspack.es\/news\/wp-content\/uploads\/2025\/01\/P8293881-1024x768.jpg\" \/>\n\t<meta property=\"og:image:width\" content=\"1024\" \/>\n\t<meta property=\"og:image:height\" content=\"768\" \/>\n\t<meta property=\"og:image:type\" content=\"image\/jpeg\" \/>\n<meta name=\"author\" content=\"admin\" \/>\n<meta name=\"twitter:card\" content=\"summary_large_image\" \/>\n<meta name=\"twitter:label1\" content=\"Escrito por\" \/>\n\t<meta name=\"twitter:data1\" content=\"admin\" \/>\n\t<meta name=\"twitter:label2\" content=\"Tiempo de lectura\" \/>\n\t<meta name=\"twitter:data2\" content=\"3 minutos\" \/>\n<script type=\"application\/ld+json\" class=\"yoast-schema-graph\">{\"@context\":\"https:\/\/schema.org\",\"@graph\":[{\"@type\":\"WebPage\",\"@id\":\"http:\/\/www.aspack.es\/news\/graficas-lersi-se-consolida-batiendo-records-y-sigue-invirtiendo-en-modernizacion-e-instalaciones\/\",\"url\":\"http:\/\/www.aspack.es\/news\/graficas-lersi-se-consolida-batiendo-records-y-sigue-invirtiendo-en-modernizacion-e-instalaciones\/\",\"name\":\"Gr\u00e1ficas Lersi se consolida batiendo r\u00e9cords y sigue invirtiendo en modernizaci\u00f3n e instalaciones - ASPACK NEWS\",\"isPartOf\":{\"@id\":\"https:\/\/www.aspack.es\/news\/#website\"},\"primaryImageOfPage\":{\"@id\":\"http:\/\/www.aspack.es\/news\/graficas-lersi-se-consolida-batiendo-records-y-sigue-invirtiendo-en-modernizacion-e-instalaciones\/#primaryimage\"},\"image\":{\"@id\":\"http:\/\/www.aspack.es\/news\/graficas-lersi-se-consolida-batiendo-records-y-sigue-invirtiendo-en-modernizacion-e-instalaciones\/#primaryimage\"},\"thumbnailUrl\":\"http:\/\/www.aspack.es\/news\/wp-content\/uploads\/2025\/01\/P8293881-scaled.jpg\",\"datePublished\":\"2025-01-27T07:55:09+00:00\",\"dateModified\":\"2025-01-27T07:55:11+00:00\",\"author\":{\"@id\":\"https:\/\/www.aspack.es\/news\/#\/schema\/person\/0019098322836346476fc7dfdbd26d95\"},\"description\":\"Gr\u00e1ficas Lersi se consolida batiendo r\u00e9cords en 2024, con una facturaci\u00f3n que alcanz\u00f3 los 10 millones euros.\",\"breadcrumb\":{\"@id\":\"http:\/\/www.aspack.es\/news\/graficas-lersi-se-consolida-batiendo-records-y-sigue-invirtiendo-en-modernizacion-e-instalaciones\/#breadcrumb\"},\"inLanguage\":\"es\",\"potentialAction\":[{\"@type\":\"ReadAction\",\"target\":[\"http:\/\/www.aspack.es\/news\/graficas-lersi-se-consolida-batiendo-records-y-sigue-invirtiendo-en-modernizacion-e-instalaciones\/\"]}]},{\"@type\":\"ImageObject\",\"inLanguage\":\"es\",\"@id\":\"http:\/\/www.aspack.es\/news\/graficas-lersi-se-consolida-batiendo-records-y-sigue-invirtiendo-en-modernizacion-e-instalaciones\/#primaryimage\",\"url\":\"http:\/\/www.aspack.es\/news\/wp-content\/uploads\/2025\/01\/P8293881-scaled.jpg\",\"contentUrl\":\"http:\/\/www.aspack.es\/news\/wp-content\/uploads\/2025\/01\/P8293881-scaled.jpg\",\"width\":2560,\"height\":1920,\"caption\":\"\"},{\"@type\":\"BreadcrumbList\",\"@id\":\"http:\/\/www.aspack.es\/news\/graficas-lersi-se-consolida-batiendo-records-y-sigue-invirtiendo-en-modernizacion-e-instalaciones\/#breadcrumb\",\"itemListElement\":[{\"@type\":\"ListItem\",\"position\":1,\"name\":\"Portada\",\"item\":\"https:\/\/www.aspack.es\/news\/\"},{\"@type\":\"ListItem\",\"position\":2,\"name\":\"Gr\u00e1ficas Lersi se consolida batiendo r\u00e9cords y sigue invirtiendo en modernizaci\u00f3n e instalaciones\"}]},{\"@type\":\"WebSite\",\"@id\":\"https:\/\/www.aspack.es\/news\/#website\",\"url\":\"https:\/\/www.aspack.es\/news\/\",\"name\":\"ASPACK NEWS\",\"description\":\"El peri?dico digital de los envases de cart?n\",\"potentialAction\":[{\"@type\":\"SearchAction\",\"target\":{\"@type\":\"EntryPoint\",\"urlTemplate\":\"https:\/\/www.aspack.es\/news\/?s={search_term_string}\"},\"query-input\":{\"@type\":\"PropertyValueSpecification\",\"valueRequired\":true,\"valueName\":\"search_term_string\"}}],\"inLanguage\":\"es\"},{\"@type\":\"Person\",\"@id\":\"https:\/\/www.aspack.es\/news\/#\/schema\/person\/0019098322836346476fc7dfdbd26d95\",\"name\":\"admin\",\"image\":{\"@type\":\"ImageObject\",\"inLanguage\":\"es\",\"@id\":\"https:\/\/www.aspack.es\/news\/#\/schema\/person\/image\/\",\"url\":\"https:\/\/secure.gravatar.com\/avatar\/6a6c60542c39a2d052b8b1e8c5145e669bf888b9b229b3da0e43092daac8a32e?s=96&d=mm&r=g\",\"contentUrl\":\"https:\/\/secure.gravatar.com\/avatar\/6a6c60542c39a2d052b8b1e8c5145e669bf888b9b229b3da0e43092daac8a32e?s=96&d=mm&r=g\",\"caption\":\"admin\"},\"url\":\"http:\/\/www.aspack.es\/news\/author\/admin\/\"}]}<\/script>\n<!-- \/ Yoast SEO plugin. -->","yoast_head_json":{"title":"Gr\u00e1ficas Lersi se consolida batiendo r\u00e9cords y sigue invirtiendo en modernizaci\u00f3n e instalaciones - ASPACK NEWS","description":"Gr\u00e1ficas Lersi se consolida batiendo r\u00e9cords en 2024, con una facturaci\u00f3n que alcanz\u00f3 los 10 millones euros.","robots":{"index":"index","follow":"follow","max-snippet":"max-snippet:-1","max-image-preview":"max-image-preview:large","max-video-preview":"max-video-preview:-1"},"canonical":"http:\/\/www.aspack.es\/news\/graficas-lersi-se-consolida-batiendo-records-y-sigue-invirtiendo-en-modernizacion-e-instalaciones\/","og_locale":"es_ES","og_type":"article","og_title":"Gr\u00e1ficas Lersi se consolida batiendo r\u00e9cords y sigue invirtiendo en modernizaci\u00f3n e instalaciones - ASPACK NEWS","og_description":"Gr\u00e1ficas Lersi se consolida batiendo r\u00e9cords en 2024, con una facturaci\u00f3n que alcanz\u00f3 los 10 millones euros.","og_url":"http:\/\/www.aspack.es\/news\/graficas-lersi-se-consolida-batiendo-records-y-sigue-invirtiendo-en-modernizacion-e-instalaciones\/","og_site_name":"ASPACK NEWS","article_published_time":"2025-01-27T07:55:09+00:00","article_modified_time":"2025-01-27T07:55:11+00:00","og_image":[{"width":1024,"height":768,"url":"http:\/\/www.aspack.es\/news\/wp-content\/uploads\/2025\/01\/P8293881-1024x768.jpg","type":"image\/jpeg"}],"author":"admin","twitter_card":"summary_large_image","twitter_misc":{"Escrito por":"admin","Tiempo de lectura":"3 minutos"},"schema":{"@context":"https:\/\/schema.org","@graph":[{"@type":"WebPage","@id":"http:\/\/www.aspack.es\/news\/graficas-lersi-se-consolida-batiendo-records-y-sigue-invirtiendo-en-modernizacion-e-instalaciones\/","url":"http:\/\/www.aspack.es\/news\/graficas-lersi-se-consolida-batiendo-records-y-sigue-invirtiendo-en-modernizacion-e-instalaciones\/","name":"Gr\u00e1ficas Lersi se consolida batiendo r\u00e9cords y sigue invirtiendo en modernizaci\u00f3n e instalaciones - ASPACK NEWS","isPartOf":{"@id":"https:\/\/www.aspack.es\/news\/#website"},"primaryImageOfPage":{"@id":"http:\/\/www.aspack.es\/news\/graficas-lersi-se-consolida-batiendo-records-y-sigue-invirtiendo-en-modernizacion-e-instalaciones\/#primaryimage"},"image":{"@id":"http:\/\/www.aspack.es\/news\/graficas-lersi-se-consolida-batiendo-records-y-sigue-invirtiendo-en-modernizacion-e-instalaciones\/#primaryimage"},"thumbnailUrl":"http:\/\/www.aspack.es\/news\/wp-content\/uploads\/2025\/01\/P8293881-scaled.jpg","datePublished":"2025-01-27T07:55:09+00:00","dateModified":"2025-01-27T07:55:11+00:00","author":{"@id":"https:\/\/www.aspack.es\/news\/#\/schema\/person\/0019098322836346476fc7dfdbd26d95"},"description":"Gr\u00e1ficas Lersi se consolida batiendo r\u00e9cords en 2024, con una facturaci\u00f3n que alcanz\u00f3 los 10 millones euros.","breadcrumb":{"@id":"http:\/\/www.aspack.es\/news\/graficas-lersi-se-consolida-batiendo-records-y-sigue-invirtiendo-en-modernizacion-e-instalaciones\/#breadcrumb"},"inLanguage":"es","potentialAction":[{"@type":"ReadAction","target":["http:\/\/www.aspack.es\/news\/graficas-lersi-se-consolida-batiendo-records-y-sigue-invirtiendo-en-modernizacion-e-instalaciones\/"]}]},{"@type":"ImageObject","inLanguage":"es","@id":"http:\/\/www.aspack.es\/news\/graficas-lersi-se-consolida-batiendo-records-y-sigue-invirtiendo-en-modernizacion-e-instalaciones\/#primaryimage","url":"http:\/\/www.aspack.es\/news\/wp-content\/uploads\/2025\/01\/P8293881-scaled.jpg","contentUrl":"http:\/\/www.aspack.es\/news\/wp-content\/uploads\/2025\/01\/P8293881-scaled.jpg","width":2560,"height":1920,"caption":""},{"@type":"BreadcrumbList","@id":"http:\/\/www.aspack.es\/news\/graficas-lersi-se-consolida-batiendo-records-y-sigue-invirtiendo-en-modernizacion-e-instalaciones\/#breadcrumb","itemListElement":[{"@type":"ListItem","position":1,"name":"Portada","item":"https:\/\/www.aspack.es\/news\/"},{"@type":"ListItem","position":2,"name":"Gr\u00e1ficas Lersi se consolida batiendo r\u00e9cords y sigue invirtiendo en modernizaci\u00f3n e instalaciones"}]},{"@type":"WebSite","@id":"https:\/\/www.aspack.es\/news\/#website","url":"https:\/\/www.aspack.es\/news\/","name":"ASPACK NEWS","description":"El peri?dico digital de los envases de cart?n","potentialAction":[{"@type":"SearchAction","target":{"@type":"EntryPoint","urlTemplate":"https:\/\/www.aspack.es\/news\/?s={search_term_string}"},"query-input":{"@type":"PropertyValueSpecification","valueRequired":true,"valueName":"search_term_string"}}],"inLanguage":"es"},{"@type":"Person","@id":"https:\/\/www.aspack.es\/news\/#\/schema\/person\/0019098322836346476fc7dfdbd26d95","name":"admin","image":{"@type":"ImageObject","inLanguage":"es","@id":"https:\/\/www.aspack.es\/news\/#\/schema\/person\/image\/","url":"https:\/\/secure.gravatar.com\/avatar\/6a6c60542c39a2d052b8b1e8c5145e669bf888b9b229b3da0e43092daac8a32e?s=96&d=mm&r=g","contentUrl":"https:\/\/secure.gravatar.com\/avatar\/6a6c60542c39a2d052b8b1e8c5145e669bf888b9b229b3da0e43092daac8a32e?s=96&d=mm&r=g","caption":"admin"},"url":"http:\/\/www.aspack.es\/news\/author\/admin\/"}]}},"_links":{"self":[{"href":"http:\/\/www.aspack.es\/news\/wp-json\/wp\/v2\/posts\/2264","targetHints":{"allow":["GET"]}}],"collection":[{"href":"http:\/\/www.aspack.es\/news\/wp-json\/wp\/v2\/posts"}],"about":[{"href":"http:\/\/www.aspack.es\/news\/wp-json\/wp\/v2\/types\/post"}],"author":[{"embeddable":true,"href":"http:\/\/www.aspack.es\/news\/wp-json\/wp\/v2\/users\/1"}],"replies":[{"embeddable":true,"href":"http:\/\/www.aspack.es\/news\/wp-json\/wp\/v2\/comments?post=2264"}],"version-history":[{"count":1,"href":"http:\/\/www.aspack.es\/news\/wp-json\/wp\/v2\/posts\/2264\/revisions"}],"predecessor-version":[{"id":2266,"href":"http:\/\/www.aspack.es\/news\/wp-json\/wp\/v2\/posts\/2264\/revisions\/2266"}],"wp:featuredmedia":[{"embeddable":true,"href":"http:\/\/www.aspack.es\/news\/wp-json\/wp\/v2\/media\/2265"}],"wp:attachment":[{"href":"http:\/\/www.aspack.es\/news\/wp-json\/wp\/v2\/media?parent=2264"}],"wp:term":[{"taxonomy":"category","embeddable":true,"href":"http:\/\/www.aspack.es\/news\/wp-json\/wp\/v2\/categories?post=2264"},{"taxonomy":"post_tag","embeddable":true,"href":"http:\/\/www.aspack.es\/news\/wp-json\/wp\/v2\/tags?post=2264"}],"curies":[{"name":"wp","href":"https:\/\/api.w.org\/{rel}","templated":true}]}}