{"id":594,"date":"2018-02-14T07:18:38","date_gmt":"2018-02-14T07:18:38","guid":{"rendered":"http:\/\/www.aspack.es\/news\/?p=594"},"modified":"2018-03-27T06:17:46","modified_gmt":"2018-03-27T06:17:46","slug":"personalizacion-y-seguridad-las-tendencias-fundamentales-para-las-firmas-que-participaron-en-el-foro-de-la-cadena-de-valor-del-envase-de-carton-de-aspack","status":"publish","type":"post","link":"http:\/\/www.aspack.es\/news\/personalizacion-y-seguridad-las-tendencias-fundamentales-para-las-firmas-que-participaron-en-el-foro-de-la-cadena-de-valor-del-envase-de-carton-de-aspack\/","title":{"rendered":"Personalizaci\u00f3n y seguridad, las tendencias fundamentales para las firmas usuarias de envases de cart\u00f3n"},"content":{"rendered":"<p>Los nuevos h\u00e1bitos de vida y de consumo fueron la base sobre la que se construy\u00f3 el contenido de la III edici\u00f3n del Foro de la Cadena de Valor del Envase de Cart\u00f3n organizado por ASPACK el 8 de febrero en Barcelona. En los \u00faltimos a\u00f1os, como se desprende de los informes Las 10 principales tendencias globales de consumo para 2017 y para 2018 de la consultora Euromonitor, los gustos y las necesidades de los consumidores han cambiado: ahora buscan personalizaci\u00f3n, compras m\u00e1s r\u00e1pidas, se preocupan por la seguridad, la autenticidad de los productos y por el cuidado del medio ambiente y expresan sus opiniones y sus cr\u00edticas en las redes sociales.<\/p>\n<figure id=\"attachment_596\" aria-describedby=\"caption-attachment-596\" style=\"width: 1020px\" class=\"wp-caption aligncenter\"><a href=\"http:\/\/www.aspack.es\/news\/wp-content\/uploads\/2018\/02\/ForoAspack_Debate5.jpg\" rel=\"attachment wp-att-596\"><img loading=\"lazy\" decoding=\"async\" class=\"size-large wp-image-596\" src=\"http:\/\/www.aspack.es\/news\/wp-content\/uploads\/2018\/02\/ForoAspack_Debate5-1024x682.jpg\" alt=\"Santiago Olivares, de Nestl\u00e9; Antonio Mart\u00edn, de Sanofi y B\u00e1rbara Mendoza, de Perfumes Loewe, participaron en el debate con marcas del Foro de la Cadena de Valor del Envase de Cart\u00f3n de ASPACK.\" width=\"1020\" height=\"679\" srcset=\"http:\/\/www.aspack.es\/news\/wp-content\/uploads\/2018\/02\/ForoAspack_Debate5-1024x682.jpg 1024w, http:\/\/www.aspack.es\/news\/wp-content\/uploads\/2018\/02\/ForoAspack_Debate5-300x200.jpg 300w, http:\/\/www.aspack.es\/news\/wp-content\/uploads\/2018\/02\/ForoAspack_Debate5-768x512.jpg 768w, http:\/\/www.aspack.es\/news\/wp-content\/uploads\/2018\/02\/ForoAspack_Debate5-480x320.jpg 480w, http:\/\/www.aspack.es\/news\/wp-content\/uploads\/2018\/02\/ForoAspack_Debate5-750x500.jpg 750w, http:\/\/www.aspack.es\/news\/wp-content\/uploads\/2018\/02\/ForoAspack_Debate5.jpg 1280w\" sizes=\"auto, (max-width: 1020px) 100vw, 1020px\" \/><\/a><figcaption id=\"caption-attachment-596\" class=\"wp-caption-text\">Santiago Olivares, de Nestl\u00e9; Antonio Mart\u00edn, de Sanofi y B\u00e1rbara Mendoza, de Perfumes Loewe, participaron en el debate con marcas del Foro de la Cadena de Valor del Envase de Cart\u00f3n de ASPACK.<\/figcaption><\/figure>\n<p>A la vez que estas tendencias se han ido consolidando, las marcas han tenido que modificar sus estrategias para adaptarse a ellas y no quedar fuera del mercado. As\u00ed lo explicaron Santiago Olivares, responsable del Servicio de Ingenier\u00eda y Packaging de Nestl\u00e9; Antonio Mart\u00edn, Director de Calidad y Director T\u00e9cnico en Sanofi y B\u00e1rbara Mendoza, Directora de Operaciones en Perfumes Loewe, que participaron en el debate del Foro de la Cadena de Valor del Envase de Cart\u00f3n de ASPACK y respondieron a las preguntas planteadas tanto por parte de Pablo Serrano, secretario general de Aspack y moderador del debate, como por los asistentes al foro.<\/p>\n<p>\u201cVenimos de unos a\u00f1os en los que la marca mandaba. Ahora el foco est\u00e1 en el cliente\u201d, asegur\u00f3 B\u00e1rbara Mendoza, que explic\u00f3 que para Loewe la tendencia creciente de personalizaci\u00f3n de los productos, tambi\u00e9n en el packaging, les ha llevado a aprobar proyectos de tiradas muy cortas y alto valor a\u00f1adido. La personalizaci\u00f3n tambi\u00e9n es una tendencia al alza en Nestl\u00e9, como explic\u00f3 Santiago Olivares, que hizo hincapi\u00e9 en la tendencia de la cultura del reclamo. \u201cCualquiera con un Smartphone puede convertirse en prescriptor y recomendar una marca, pero tambi\u00e9n hacerle mucho da\u00f1o\u201d. Por eso explic\u00f3 que Nestl\u00e9 cuenta con un importante equipo que se dedica a monitorizar las conversaciones relacionadas con su marca en redes sociales y a desarrollar aplicaciones tecnol\u00f3gicas.<\/p>\n<p>La personalizaci\u00f3n del packaging no es fundamental en la industria farmac\u00e9utica, explic\u00f3 Antonio Mart\u00edn. \u201cQue una caja tenga unas medidas u otras o un color u otro no es determinante en la venta de productos farmac\u00e9uticos\u201d. Sin embargo, la inclusi\u00f3n de elementos en los envases que eviten las falsificaciones y que garanticen la inviolabilidad del contenido tiene un peso muy importante en un mercado en el que est\u00e1 en juego la salud de los consumidores. \u201cLas marcas farmac\u00e9uticas tenemos la necesidad esencial de que los medicamentos lleguen a los pacientes y es fundamental optimizar el precio. Esa necesidad nos ha hecho reinventarnos\u201d. Antonio Mart\u00edn explic\u00f3 que otra de las tendencias principales en su industria es la de adaptarse a las necesidades de los consumidores extraordinarios, es decir, subgrupos con necesidades espec\u00edficas, como los pacientes de enfermedades raras.<\/p>\n<p>Otro aspecto que influye mucho para los clientes es el de las compras m\u00e1s r\u00e1pidas. Los consumidores quieren sentirse escuchados y quieren que las marcas se adapten a sus necesidades y sus gustos. \u201cAhora tenemos actividad promocional constante \u2013afirm\u00f3 B\u00e1rbara Mendoza\u2013 mientras que hace 10 a\u00f1os hac\u00edamos campa\u00f1as con m\u00e1s tiempo y sin prisas\u201d.<\/p>\n<p><strong>Presentaci\u00f3n de casos de \u00e9xito<\/strong><\/p>\n<p>La \u00faltima parte del Foro de la Cadena de Valor del Envase de Cart\u00f3n estuvo reservada a los proveedores de las empresas de packaging, que presentaron casos de \u00e9xito en los que unieron fuerzas con sus clientes para adaptarse a las tendencias de consumo.<\/p>\n<p>Tras una introducci\u00f3n en la que Miquel Oliv\u00e9, business manager labels &amp; packaging en HP, habl\u00f3 de la importancia de adelantarse a los cambios, Josep Isart de la divisi\u00f3n de packaging de HP y V\u00edctor Constan, de Cartonajes Pans, explicaron la instalaci\u00f3n de una m\u00e1quina HP en Cartonajes Pans, que les ha permitido acceder a series cortas y enfocarse a nichos de mercado.<\/p>\n<figure id=\"attachment_597\" aria-describedby=\"caption-attachment-597\" style=\"width: 1020px\" class=\"wp-caption aligncenter\"><a href=\"http:\/\/www.aspack.es\/news\/wp-content\/uploads\/2018\/02\/ForoAspack_HP-PANS2.jpg\" rel=\"attachment wp-att-597\"><img loading=\"lazy\" decoding=\"async\" class=\"size-large wp-image-597\" src=\"http:\/\/www.aspack.es\/news\/wp-content\/uploads\/2018\/02\/ForoAspack_HP-PANS2-1024x682.jpg\" alt=\"Josep Isart de la divisi\u00f3n de packaging de HP y V\u00edctor Constan, de Cartonajes Pans.\" width=\"1020\" height=\"679\" srcset=\"http:\/\/www.aspack.es\/news\/wp-content\/uploads\/2018\/02\/ForoAspack_HP-PANS2-1024x682.jpg 1024w, http:\/\/www.aspack.es\/news\/wp-content\/uploads\/2018\/02\/ForoAspack_HP-PANS2-300x200.jpg 300w, http:\/\/www.aspack.es\/news\/wp-content\/uploads\/2018\/02\/ForoAspack_HP-PANS2-768x512.jpg 768w, http:\/\/www.aspack.es\/news\/wp-content\/uploads\/2018\/02\/ForoAspack_HP-PANS2-480x320.jpg 480w, http:\/\/www.aspack.es\/news\/wp-content\/uploads\/2018\/02\/ForoAspack_HP-PANS2-750x500.jpg 750w, http:\/\/www.aspack.es\/news\/wp-content\/uploads\/2018\/02\/ForoAspack_HP-PANS2.jpg 1280w\" sizes=\"auto, (max-width: 1020px) 100vw, 1020px\" \/><\/a><figcaption id=\"caption-attachment-597\" class=\"wp-caption-text\">Josep Isart, de la divisi\u00f3n de packaging de HP y V\u00edctor Constan, de Cartonajes Pans.<\/figcaption><\/figure>\n<p>Jennifer Ruiz, responsable de producci\u00f3n en Troqueles Trovican, explic\u00f3 la soluci\u00f3n que adoptaron para la realizaci\u00f3n de unas celdillas para ampollas junto a Leca Packaging, con muchos hendidos y muy peque\u00f1os. \u201cHac\u00eda falta m\u00e1s de un troquel, hab\u00eda que montar formas muy peque\u00f1as y enlazarlas entre s\u00ed para colocar las ampollas\u201d.<\/p>\n<figure id=\"attachment_598\" aria-describedby=\"caption-attachment-598\" style=\"width: 1020px\" class=\"wp-caption aligncenter\"><a href=\"http:\/\/www.aspack.es\/news\/wp-content\/uploads\/2018\/02\/ForoAspack_JenniferRuiz2.jpg\" rel=\"attachment wp-att-598\"><img loading=\"lazy\" decoding=\"async\" class=\"size-large wp-image-598\" src=\"http:\/\/www.aspack.es\/news\/wp-content\/uploads\/2018\/02\/ForoAspack_JenniferRuiz2-1024x682.jpg\" alt=\"Jennifer Ruiz, responsable de producci\u00f3n en Troqueles Trovican, durante su presentaci\u00f3n de caso de \u00e9xito.\" width=\"1020\" height=\"679\" srcset=\"http:\/\/www.aspack.es\/news\/wp-content\/uploads\/2018\/02\/ForoAspack_JenniferRuiz2-1024x682.jpg 1024w, http:\/\/www.aspack.es\/news\/wp-content\/uploads\/2018\/02\/ForoAspack_JenniferRuiz2-300x200.jpg 300w, http:\/\/www.aspack.es\/news\/wp-content\/uploads\/2018\/02\/ForoAspack_JenniferRuiz2-768x512.jpg 768w, http:\/\/www.aspack.es\/news\/wp-content\/uploads\/2018\/02\/ForoAspack_JenniferRuiz2-480x320.jpg 480w, http:\/\/www.aspack.es\/news\/wp-content\/uploads\/2018\/02\/ForoAspack_JenniferRuiz2-750x500.jpg 750w, http:\/\/www.aspack.es\/news\/wp-content\/uploads\/2018\/02\/ForoAspack_JenniferRuiz2.jpg 1280w\" sizes=\"auto, (max-width: 1020px) 100vw, 1020px\" \/><\/a><figcaption id=\"caption-attachment-598\" class=\"wp-caption-text\">Jennifer Ruiz, responsable de producci\u00f3n en Troqueles Trovican, durante su presentaci\u00f3n de caso de \u00e9xito.<\/figcaption><\/figure>\n<p>\u00c1ngel P\u00e9rez, director de comunicaci\u00f3n y marketing de Heidelberg, present\u00f3 el caso de \u00e9xito de la empresa Cideyeg, que ha salido en la portada de la revista Heidelberg News, editada en cuatro idiomas: \u201cHa sido la primera vez que una empresa espa\u00f1ola ocupa la portada de la revista \u2013coment\u00f3 \u00c1ngel P\u00e9rez\u2013 y es una empresa de packaging\u201d.<\/p>\n<figure id=\"attachment_599\" aria-describedby=\"caption-attachment-599\" style=\"width: 1020px\" class=\"wp-caption aligncenter\"><a href=\"http:\/\/www.aspack.es\/news\/wp-content\/uploads\/2018\/02\/ForoAspack_AngelPerez1.jpg\" rel=\"attachment wp-att-599\"><img loading=\"lazy\" decoding=\"async\" class=\"size-large wp-image-599\" src=\"http:\/\/www.aspack.es\/news\/wp-content\/uploads\/2018\/02\/ForoAspack_AngelPerez1-1024x682.jpg\" alt=\"\u00c1ngel P\u00e9rez, director de comunicaci\u00f3n y marketing de Heidelberg, present\u00f3 el caso de \u00e9xito de la empresa Cideyeg.\" width=\"1020\" height=\"679\" srcset=\"http:\/\/www.aspack.es\/news\/wp-content\/uploads\/2018\/02\/ForoAspack_AngelPerez1-1024x682.jpg 1024w, http:\/\/www.aspack.es\/news\/wp-content\/uploads\/2018\/02\/ForoAspack_AngelPerez1-300x200.jpg 300w, http:\/\/www.aspack.es\/news\/wp-content\/uploads\/2018\/02\/ForoAspack_AngelPerez1-768x512.jpg 768w, http:\/\/www.aspack.es\/news\/wp-content\/uploads\/2018\/02\/ForoAspack_AngelPerez1-480x320.jpg 480w, http:\/\/www.aspack.es\/news\/wp-content\/uploads\/2018\/02\/ForoAspack_AngelPerez1-750x500.jpg 750w, http:\/\/www.aspack.es\/news\/wp-content\/uploads\/2018\/02\/ForoAspack_AngelPerez1.jpg 1280w\" sizes=\"auto, (max-width: 1020px) 100vw, 1020px\" \/><\/a><figcaption id=\"caption-attachment-599\" class=\"wp-caption-text\">\u00c1ngel P\u00e9rez, director de comunicaci\u00f3n y marketing de Heidelberg, present\u00f3 el caso de \u00e9xito de la empresa Cideyeg.<\/figcaption><\/figure>\n<p>El \u00faltimo en subir a la tarima fue Miguel Mor\u00e1n, director del mercado de cart\u00f3n para Espa\u00f1a y Portugal en APP. En su ponencia <em>Dime qu\u00e9 packaging usas y te dir\u00e9 qui\u00e9n eres: nuevos h\u00e1bitos de consumo y oportunidades para el mercado del cart\u00f3n<\/em> habl\u00f3 de las innovaciones de las marcas para hacer frente a las nuevas demandas de los consumidores.<\/p>\n<figure id=\"attachment_600\" aria-describedby=\"caption-attachment-600\" style=\"width: 1020px\" class=\"wp-caption aligncenter\"><a href=\"http:\/\/www.aspack.es\/news\/wp-content\/uploads\/2018\/02\/ForoAspack_MiguelMoran2.jpg\" rel=\"attachment wp-att-600\"><img loading=\"lazy\" decoding=\"async\" class=\"size-large wp-image-600\" src=\"http:\/\/www.aspack.es\/news\/wp-content\/uploads\/2018\/02\/ForoAspack_MiguelMoran2-1024x682.jpg\" alt=\"Miguel Mor\u00e1n, director del mercado de cart\u00f3n para Espa\u00f1a y Portugal en APP, durante su presentaci\u00f3n.\" width=\"1020\" height=\"679\" srcset=\"http:\/\/www.aspack.es\/news\/wp-content\/uploads\/2018\/02\/ForoAspack_MiguelMoran2-1024x682.jpg 1024w, http:\/\/www.aspack.es\/news\/wp-content\/uploads\/2018\/02\/ForoAspack_MiguelMoran2-300x200.jpg 300w, http:\/\/www.aspack.es\/news\/wp-content\/uploads\/2018\/02\/ForoAspack_MiguelMoran2-768x512.jpg 768w, http:\/\/www.aspack.es\/news\/wp-content\/uploads\/2018\/02\/ForoAspack_MiguelMoran2-480x320.jpg 480w, http:\/\/www.aspack.es\/news\/wp-content\/uploads\/2018\/02\/ForoAspack_MiguelMoran2-750x500.jpg 750w, http:\/\/www.aspack.es\/news\/wp-content\/uploads\/2018\/02\/ForoAspack_MiguelMoran2.jpg 1280w\" sizes=\"auto, (max-width: 1020px) 100vw, 1020px\" \/><\/a><figcaption id=\"caption-attachment-600\" class=\"wp-caption-text\">Miguel Mor\u00e1n, director del mercado de cart\u00f3n para Espa\u00f1a y Portugal en APP, durante su presentaci\u00f3n.<\/figcaption><\/figure>\n<p>Entre estas innovaciones, Miguel Mor\u00e1n destac\u00f3 la b\u00fasqueda de embalajes de alta calidad y que sean producidos de manera responsables con el medio ambiente; la apuesta por la sostenibilidad, con materiales renovables y compostables; la reducci\u00f3n del peso de los envases o el uso de c\u00f3digos QR para evitar las falsificaciones.<\/p>\n","protected":false},"excerpt":{"rendered":"<p>Los nuevos h\u00e1bitos de vida y de consumo fueron la base sobre la que se construy\u00f3 el contenido de la III edici\u00f3n del Foro de la Cadena de Valor del Envase de Cart\u00f3n organizado por ASPACK el 8 de febrero en Barcelona. En los \u00faltimos a\u00f1os, como se desprende de los informes Las 10 principales&hellip;<\/p>\n","protected":false},"author":1,"featured_media":595,"comment_status":"open","ping_status":"open","sticky":false,"template":"","format":"standard","meta":{"footnotes":""},"categories":[17,19],"tags":[],"class_list":["post-594","post","type-post","status-publish","format-standard","has-post-thumbnail","hentry","category-el-sector","category-eventos"],"yoast_head":"<!-- This site is optimized with the Yoast SEO plugin v25.9 - https:\/\/yoast.com\/wordpress\/plugins\/seo\/ -->\n<title>Personalizaci\u00f3n y seguridad, las tendencias fundamentales para las firmas usuarias de envases de cart\u00f3n - ASPACK NEWS<\/title>\n<meta name=\"robots\" content=\"index, follow, max-snippet:-1, max-image-preview:large, max-video-preview:-1\" \/>\n<link rel=\"canonical\" href=\"http:\/\/www.aspack.es\/news\/personalizacion-y-seguridad-las-tendencias-fundamentales-para-las-firmas-que-participaron-en-el-foro-de-la-cadena-de-valor-del-envase-de-carton-de-aspack\/\" \/>\n<meta property=\"og:locale\" content=\"es_ES\" \/>\n<meta property=\"og:type\" content=\"article\" \/>\n<meta property=\"og:title\" content=\"Personalizaci\u00f3n y seguridad, las tendencias fundamentales para las firmas usuarias de envases de cart\u00f3n - ASPACK NEWS\" \/>\n<meta property=\"og:description\" content=\"Los nuevos h\u00e1bitos de vida y de consumo fueron la base sobre la que se construy\u00f3 el contenido de la III edici\u00f3n del Foro de la Cadena de Valor del Envase de Cart\u00f3n organizado por ASPACK el 8 de febrero en Barcelona. En los \u00faltimos a\u00f1os, como se desprende de los informes Las 10 principales&hellip;\" \/>\n<meta property=\"og:url\" content=\"http:\/\/www.aspack.es\/news\/personalizacion-y-seguridad-las-tendencias-fundamentales-para-las-firmas-que-participaron-en-el-foro-de-la-cadena-de-valor-del-envase-de-carton-de-aspack\/\" \/>\n<meta property=\"og:site_name\" content=\"ASPACK NEWS\" \/>\n<meta property=\"article:published_time\" content=\"2018-02-14T07:18:38+00:00\" \/>\n<meta property=\"article:modified_time\" content=\"2018-03-27T06:17:46+00:00\" \/>\n<meta property=\"og:image\" content=\"http:\/\/www.aspack.es\/news\/wp-content\/uploads\/2018\/02\/ForoAspack_Debate1.jpg\" \/>\n\t<meta property=\"og:image:width\" content=\"1280\" \/>\n\t<meta property=\"og:image:height\" content=\"853\" \/>\n\t<meta property=\"og:image:type\" content=\"image\/jpeg\" \/>\n<meta name=\"author\" content=\"admin\" \/>\n<meta name=\"twitter:card\" content=\"summary_large_image\" \/>\n<meta name=\"twitter:label1\" content=\"Escrito por\" \/>\n\t<meta name=\"twitter:data1\" content=\"admin\" \/>\n\t<meta name=\"twitter:label2\" content=\"Tiempo de lectura\" \/>\n\t<meta name=\"twitter:data2\" content=\"5 minutos\" \/>\n<script type=\"application\/ld+json\" class=\"yoast-schema-graph\">{\"@context\":\"https:\/\/schema.org\",\"@graph\":[{\"@type\":\"WebPage\",\"@id\":\"http:\/\/www.aspack.es\/news\/personalizacion-y-seguridad-las-tendencias-fundamentales-para-las-firmas-que-participaron-en-el-foro-de-la-cadena-de-valor-del-envase-de-carton-de-aspack\/\",\"url\":\"http:\/\/www.aspack.es\/news\/personalizacion-y-seguridad-las-tendencias-fundamentales-para-las-firmas-que-participaron-en-el-foro-de-la-cadena-de-valor-del-envase-de-carton-de-aspack\/\",\"name\":\"Personalizaci\u00f3n y seguridad, las tendencias fundamentales para las firmas usuarias de envases de cart\u00f3n - ASPACK NEWS\",\"isPartOf\":{\"@id\":\"http:\/\/www.aspack.es\/news\/#website\"},\"primaryImageOfPage\":{\"@id\":\"http:\/\/www.aspack.es\/news\/personalizacion-y-seguridad-las-tendencias-fundamentales-para-las-firmas-que-participaron-en-el-foro-de-la-cadena-de-valor-del-envase-de-carton-de-aspack\/#primaryimage\"},\"image\":{\"@id\":\"http:\/\/www.aspack.es\/news\/personalizacion-y-seguridad-las-tendencias-fundamentales-para-las-firmas-que-participaron-en-el-foro-de-la-cadena-de-valor-del-envase-de-carton-de-aspack\/#primaryimage\"},\"thumbnailUrl\":\"http:\/\/www.aspack.es\/news\/wp-content\/uploads\/2018\/02\/ForoAspack_Debate1.jpg\",\"datePublished\":\"2018-02-14T07:18:38+00:00\",\"dateModified\":\"2018-03-27T06:17:46+00:00\",\"author\":{\"@id\":\"http:\/\/www.aspack.es\/news\/#\/schema\/person\/0019098322836346476fc7dfdbd26d95\"},\"breadcrumb\":{\"@id\":\"http:\/\/www.aspack.es\/news\/personalizacion-y-seguridad-las-tendencias-fundamentales-para-las-firmas-que-participaron-en-el-foro-de-la-cadena-de-valor-del-envase-de-carton-de-aspack\/#breadcrumb\"},\"inLanguage\":\"es\",\"potentialAction\":[{\"@type\":\"ReadAction\",\"target\":[\"http:\/\/www.aspack.es\/news\/personalizacion-y-seguridad-las-tendencias-fundamentales-para-las-firmas-que-participaron-en-el-foro-de-la-cadena-de-valor-del-envase-de-carton-de-aspack\/\"]}]},{\"@type\":\"ImageObject\",\"inLanguage\":\"es\",\"@id\":\"http:\/\/www.aspack.es\/news\/personalizacion-y-seguridad-las-tendencias-fundamentales-para-las-firmas-que-participaron-en-el-foro-de-la-cadena-de-valor-del-envase-de-carton-de-aspack\/#primaryimage\",\"url\":\"http:\/\/www.aspack.es\/news\/wp-content\/uploads\/2018\/02\/ForoAspack_Debate1.jpg\",\"contentUrl\":\"http:\/\/www.aspack.es\/news\/wp-content\/uploads\/2018\/02\/ForoAspack_Debate1.jpg\",\"width\":1280,\"height\":853},{\"@type\":\"BreadcrumbList\",\"@id\":\"http:\/\/www.aspack.es\/news\/personalizacion-y-seguridad-las-tendencias-fundamentales-para-las-firmas-que-participaron-en-el-foro-de-la-cadena-de-valor-del-envase-de-carton-de-aspack\/#breadcrumb\",\"itemListElement\":[{\"@type\":\"ListItem\",\"position\":1,\"name\":\"Portada\",\"item\":\"http:\/\/www.aspack.es\/news\/\"},{\"@type\":\"ListItem\",\"position\":2,\"name\":\"Personalizaci\u00f3n y seguridad, las tendencias fundamentales para las firmas usuarias de envases de cart\u00f3n\"}]},{\"@type\":\"WebSite\",\"@id\":\"http:\/\/www.aspack.es\/news\/#website\",\"url\":\"http:\/\/www.aspack.es\/news\/\",\"name\":\"ASPACK NEWS\",\"description\":\"El peri?dico digital de los envases de cart?n\",\"potentialAction\":[{\"@type\":\"SearchAction\",\"target\":{\"@type\":\"EntryPoint\",\"urlTemplate\":\"http:\/\/www.aspack.es\/news\/?s={search_term_string}\"},\"query-input\":{\"@type\":\"PropertyValueSpecification\",\"valueRequired\":true,\"valueName\":\"search_term_string\"}}],\"inLanguage\":\"es\"},{\"@type\":\"Person\",\"@id\":\"http:\/\/www.aspack.es\/news\/#\/schema\/person\/0019098322836346476fc7dfdbd26d95\",\"name\":\"admin\",\"image\":{\"@type\":\"ImageObject\",\"inLanguage\":\"es\",\"@id\":\"http:\/\/www.aspack.es\/news\/#\/schema\/person\/image\/\",\"url\":\"https:\/\/secure.gravatar.com\/avatar\/6a6c60542c39a2d052b8b1e8c5145e669bf888b9b229b3da0e43092daac8a32e?s=96&d=mm&r=g\",\"contentUrl\":\"https:\/\/secure.gravatar.com\/avatar\/6a6c60542c39a2d052b8b1e8c5145e669bf888b9b229b3da0e43092daac8a32e?s=96&d=mm&r=g\",\"caption\":\"admin\"},\"url\":\"http:\/\/www.aspack.es\/news\/author\/admin\/\"}]}<\/script>\n<!-- \/ Yoast SEO plugin. -->","yoast_head_json":{"title":"Personalizaci\u00f3n y seguridad, las tendencias fundamentales para las firmas usuarias de envases de cart\u00f3n - ASPACK NEWS","robots":{"index":"index","follow":"follow","max-snippet":"max-snippet:-1","max-image-preview":"max-image-preview:large","max-video-preview":"max-video-preview:-1"},"canonical":"http:\/\/www.aspack.es\/news\/personalizacion-y-seguridad-las-tendencias-fundamentales-para-las-firmas-que-participaron-en-el-foro-de-la-cadena-de-valor-del-envase-de-carton-de-aspack\/","og_locale":"es_ES","og_type":"article","og_title":"Personalizaci\u00f3n y seguridad, las tendencias fundamentales para las firmas usuarias de envases de cart\u00f3n - ASPACK NEWS","og_description":"Los nuevos h\u00e1bitos de vida y de consumo fueron la base sobre la que se construy\u00f3 el contenido de la III edici\u00f3n del Foro de la Cadena de Valor del Envase de Cart\u00f3n organizado por ASPACK el 8 de febrero en Barcelona. En los \u00faltimos a\u00f1os, como se desprende de los informes Las 10 principales&hellip;","og_url":"http:\/\/www.aspack.es\/news\/personalizacion-y-seguridad-las-tendencias-fundamentales-para-las-firmas-que-participaron-en-el-foro-de-la-cadena-de-valor-del-envase-de-carton-de-aspack\/","og_site_name":"ASPACK NEWS","article_published_time":"2018-02-14T07:18:38+00:00","article_modified_time":"2018-03-27T06:17:46+00:00","og_image":[{"width":1280,"height":853,"url":"http:\/\/www.aspack.es\/news\/wp-content\/uploads\/2018\/02\/ForoAspack_Debate1.jpg","type":"image\/jpeg"}],"author":"admin","twitter_card":"summary_large_image","twitter_misc":{"Escrito por":"admin","Tiempo de lectura":"5 minutos"},"schema":{"@context":"https:\/\/schema.org","@graph":[{"@type":"WebPage","@id":"http:\/\/www.aspack.es\/news\/personalizacion-y-seguridad-las-tendencias-fundamentales-para-las-firmas-que-participaron-en-el-foro-de-la-cadena-de-valor-del-envase-de-carton-de-aspack\/","url":"http:\/\/www.aspack.es\/news\/personalizacion-y-seguridad-las-tendencias-fundamentales-para-las-firmas-que-participaron-en-el-foro-de-la-cadena-de-valor-del-envase-de-carton-de-aspack\/","name":"Personalizaci\u00f3n y seguridad, las tendencias fundamentales para las firmas usuarias de envases de cart\u00f3n - ASPACK NEWS","isPartOf":{"@id":"http:\/\/www.aspack.es\/news\/#website"},"primaryImageOfPage":{"@id":"http:\/\/www.aspack.es\/news\/personalizacion-y-seguridad-las-tendencias-fundamentales-para-las-firmas-que-participaron-en-el-foro-de-la-cadena-de-valor-del-envase-de-carton-de-aspack\/#primaryimage"},"image":{"@id":"http:\/\/www.aspack.es\/news\/personalizacion-y-seguridad-las-tendencias-fundamentales-para-las-firmas-que-participaron-en-el-foro-de-la-cadena-de-valor-del-envase-de-carton-de-aspack\/#primaryimage"},"thumbnailUrl":"http:\/\/www.aspack.es\/news\/wp-content\/uploads\/2018\/02\/ForoAspack_Debate1.jpg","datePublished":"2018-02-14T07:18:38+00:00","dateModified":"2018-03-27T06:17:46+00:00","author":{"@id":"http:\/\/www.aspack.es\/news\/#\/schema\/person\/0019098322836346476fc7dfdbd26d95"},"breadcrumb":{"@id":"http:\/\/www.aspack.es\/news\/personalizacion-y-seguridad-las-tendencias-fundamentales-para-las-firmas-que-participaron-en-el-foro-de-la-cadena-de-valor-del-envase-de-carton-de-aspack\/#breadcrumb"},"inLanguage":"es","potentialAction":[{"@type":"ReadAction","target":["http:\/\/www.aspack.es\/news\/personalizacion-y-seguridad-las-tendencias-fundamentales-para-las-firmas-que-participaron-en-el-foro-de-la-cadena-de-valor-del-envase-de-carton-de-aspack\/"]}]},{"@type":"ImageObject","inLanguage":"es","@id":"http:\/\/www.aspack.es\/news\/personalizacion-y-seguridad-las-tendencias-fundamentales-para-las-firmas-que-participaron-en-el-foro-de-la-cadena-de-valor-del-envase-de-carton-de-aspack\/#primaryimage","url":"http:\/\/www.aspack.es\/news\/wp-content\/uploads\/2018\/02\/ForoAspack_Debate1.jpg","contentUrl":"http:\/\/www.aspack.es\/news\/wp-content\/uploads\/2018\/02\/ForoAspack_Debate1.jpg","width":1280,"height":853},{"@type":"BreadcrumbList","@id":"http:\/\/www.aspack.es\/news\/personalizacion-y-seguridad-las-tendencias-fundamentales-para-las-firmas-que-participaron-en-el-foro-de-la-cadena-de-valor-del-envase-de-carton-de-aspack\/#breadcrumb","itemListElement":[{"@type":"ListItem","position":1,"name":"Portada","item":"http:\/\/www.aspack.es\/news\/"},{"@type":"ListItem","position":2,"name":"Personalizaci\u00f3n y seguridad, las tendencias fundamentales para las firmas usuarias de envases de cart\u00f3n"}]},{"@type":"WebSite","@id":"http:\/\/www.aspack.es\/news\/#website","url":"http:\/\/www.aspack.es\/news\/","name":"ASPACK NEWS","description":"El peri?dico digital de los envases de cart?n","potentialAction":[{"@type":"SearchAction","target":{"@type":"EntryPoint","urlTemplate":"http:\/\/www.aspack.es\/news\/?s={search_term_string}"},"query-input":{"@type":"PropertyValueSpecification","valueRequired":true,"valueName":"search_term_string"}}],"inLanguage":"es"},{"@type":"Person","@id":"http:\/\/www.aspack.es\/news\/#\/schema\/person\/0019098322836346476fc7dfdbd26d95","name":"admin","image":{"@type":"ImageObject","inLanguage":"es","@id":"http:\/\/www.aspack.es\/news\/#\/schema\/person\/image\/","url":"https:\/\/secure.gravatar.com\/avatar\/6a6c60542c39a2d052b8b1e8c5145e669bf888b9b229b3da0e43092daac8a32e?s=96&d=mm&r=g","contentUrl":"https:\/\/secure.gravatar.com\/avatar\/6a6c60542c39a2d052b8b1e8c5145e669bf888b9b229b3da0e43092daac8a32e?s=96&d=mm&r=g","caption":"admin"},"url":"http:\/\/www.aspack.es\/news\/author\/admin\/"}]}},"_links":{"self":[{"href":"http:\/\/www.aspack.es\/news\/wp-json\/wp\/v2\/posts\/594","targetHints":{"allow":["GET"]}}],"collection":[{"href":"http:\/\/www.aspack.es\/news\/wp-json\/wp\/v2\/posts"}],"about":[{"href":"http:\/\/www.aspack.es\/news\/wp-json\/wp\/v2\/types\/post"}],"author":[{"embeddable":true,"href":"http:\/\/www.aspack.es\/news\/wp-json\/wp\/v2\/users\/1"}],"replies":[{"embeddable":true,"href":"http:\/\/www.aspack.es\/news\/wp-json\/wp\/v2\/comments?post=594"}],"version-history":[{"count":4,"href":"http:\/\/www.aspack.es\/news\/wp-json\/wp\/v2\/posts\/594\/revisions"}],"predecessor-version":[{"id":617,"href":"http:\/\/www.aspack.es\/news\/wp-json\/wp\/v2\/posts\/594\/revisions\/617"}],"wp:featuredmedia":[{"embeddable":true,"href":"http:\/\/www.aspack.es\/news\/wp-json\/wp\/v2\/media\/595"}],"wp:attachment":[{"href":"http:\/\/www.aspack.es\/news\/wp-json\/wp\/v2\/media?parent=594"}],"wp:term":[{"taxonomy":"category","embeddable":true,"href":"http:\/\/www.aspack.es\/news\/wp-json\/wp\/v2\/categories?post=594"},{"taxonomy":"post_tag","embeddable":true,"href":"http:\/\/www.aspack.es\/news\/wp-json\/wp\/v2\/tags?post=594"}],"curies":[{"name":"wp","href":"https:\/\/api.w.org\/{rel}","templated":true}]}}