{"id":636,"date":"2018-03-20T06:06:52","date_gmt":"2018-03-20T06:06:52","guid":{"rendered":"http:\/\/www.aspack.es\/news\/?p=636"},"modified":"2018-04-18T12:40:02","modified_gmt":"2018-04-18T12:40:02","slug":"ecma-pone-sobre-la-mesa-las-nuevas-oportunidades-de-venta-del-envase-de-carton-en-su-seminario-anual-de-negocios","status":"publish","type":"post","link":"http:\/\/www.aspack.es\/news\/ecma-pone-sobre-la-mesa-las-nuevas-oportunidades-de-venta-del-envase-de-carton-en-su-seminario-anual-de-negocios\/","title":{"rendered":"ECMA pone sobre la mesa las nuevas oportunidades de venta del envase de cart\u00f3n en su seminario anual de negocios"},"content":{"rendered":"<p>El 5 de abril nuestra asociaci\u00f3n europea de fabricantes de envases de cart\u00f3n, ECMA, va a celebrar el Seminario Anaual de Negocios en el Hotel Sheraton Airport de \u00c1msterdam, en el n\u00famero 101 del Boulevard Schiphol.<\/p>\n<p>Esta edici\u00f3n se titula <em>El Dilema del Envase y Embalaje de Cart\u00f3n, un tiempo de acci\u00f3n <\/em>y va a estar dedicada a las oportunidades de ventas para los envases de cart\u00f3n, las incidencias que hay que valorar as\u00ed como los aspectos m\u00e1s relevantes a la hora de elegir entre las distintas posibilidades que ofrece este material.<\/p>\n<p>El seminario se extender\u00e1 entre las 12.00 y las 16.00 horas y contar\u00e1 con el siguiente contenido:<\/p>\n<ul>\n<li><strong>The Plastic Soup Surfer<\/strong>, sobre la contaminaci\u00f3n del pl\u00e1stico. A cargo de Merijn Tinga, graduado en Biolog\u00eda que ha centrado su carrera en concienciar sobre el problema de las basuras marinas, especialmente las que proceden del pl\u00e1stico. Sus campa\u00f1as se centran en evitar el marine litter.<\/li>\n<li><strong>Comparaci\u00f3n de la sostenibilidad de los envases de cart\u00f3n y de pl\u00e1stico en Europa:<\/strong> estudio realizado por Tim Barker.<\/li>\n<li><strong>Moviendo el debate hacia adelante. Perspectiva desde Pro Carton<\/strong>. A cargo de Tony Hitchin.<\/li>\n<li><strong>Perspectiva del propietario de la marca:<\/strong> Rob Hyde, Paper and Board Capability de Unilever presentar\u00e1 la perspectiva sobre el futuro de la firma.<\/li>\n<li><strong>Del pl\u00e1stico al cart\u00f3n. Convirtiendo la oportunidad en realidad: <\/strong>un taller de habilidades de venta a cargo de Neil Osment, de NOA.<\/li>\n<li><strong>Cierre:<\/strong> a cargo de Andreas Helbig, presidente del comit\u00e9 de Marketing y Comunicaci\u00f3n de ECMA.<\/li>\n<\/ul>\n<p>El seminario est\u00e1 abierto a miembros directos e indirectos de ECMA. El registro para participar se hace online a trav\u00e9s de <a href=\"https:\/\/lejeune131.typeform.com\/to\/I7ctBp\" target=\"_blank\">este enlace<\/a>.<\/p>\n","protected":false},"excerpt":{"rendered":"<p>El 5 de abril nuestra asociaci\u00f3n europea de fabricantes de envases de cart\u00f3n, ECMA, va a celebrar el Seminario Anaual de Negocios en el Hotel Sheraton Airport de \u00c1msterdam, en el n\u00famero 101 del Boulevard Schiphol. Esta edici\u00f3n se titula El Dilema del Envase y Embalaje de Cart\u00f3n, un tiempo de acci\u00f3n y va a&hellip;<\/p>\n","protected":false},"author":1,"featured_media":641,"comment_status":"open","ping_status":"open","sticky":false,"template":"","format":"standard","meta":{"footnotes":""},"categories":[17,19],"tags":[],"class_list":["post-636","post","type-post","status-publish","format-standard","has-post-thumbnail","hentry","category-el-sector","category-eventos"],"yoast_head":"<!-- This site is optimized with the Yoast SEO plugin v25.9 - https:\/\/yoast.com\/wordpress\/plugins\/seo\/ -->\n<title>ECMA pone sobre la mesa las nuevas oportunidades de venta del envase de cart\u00f3n en su seminario anual de negocios - ASPACK NEWS<\/title>\n<meta name=\"robots\" content=\"index, follow, max-snippet:-1, max-image-preview:large, max-video-preview:-1\" \/>\n<link rel=\"canonical\" href=\"http:\/\/www.aspack.es\/news\/ecma-pone-sobre-la-mesa-las-nuevas-oportunidades-de-venta-del-envase-de-carton-en-su-seminario-anual-de-negocios\/\" \/>\n<meta property=\"og:locale\" content=\"es_ES\" \/>\n<meta property=\"og:type\" content=\"article\" \/>\n<meta property=\"og:title\" content=\"ECMA pone sobre la mesa las nuevas oportunidades de venta del envase de cart\u00f3n en su seminario anual de negocios - ASPACK NEWS\" \/>\n<meta property=\"og:description\" content=\"El 5 de abril nuestra asociaci\u00f3n europea de fabricantes de envases de cart\u00f3n, ECMA, va a celebrar el Seminario Anaual de Negocios en el Hotel Sheraton Airport de \u00c1msterdam, en el n\u00famero 101 del Boulevard Schiphol. Esta edici\u00f3n se titula El Dilema del Envase y Embalaje de Cart\u00f3n, un tiempo de acci\u00f3n y va a&hellip;\" \/>\n<meta property=\"og:url\" content=\"http:\/\/www.aspack.es\/news\/ecma-pone-sobre-la-mesa-las-nuevas-oportunidades-de-venta-del-envase-de-carton-en-su-seminario-anual-de-negocios\/\" \/>\n<meta property=\"og:site_name\" content=\"ASPACK NEWS\" \/>\n<meta property=\"article:published_time\" content=\"2018-03-20T06:06:52+00:00\" \/>\n<meta property=\"article:modified_time\" content=\"2018-04-18T12:40:02+00:00\" \/>\n<meta property=\"og:image\" content=\"http:\/\/www.aspack.es\/news\/wp-content\/uploads\/2018\/03\/envase-carton.jpg\" \/>\n\t<meta property=\"og:image:width\" content=\"1406\" \/>\n\t<meta property=\"og:image:height\" content=\"938\" \/>\n\t<meta property=\"og:image:type\" content=\"image\/jpeg\" \/>\n<meta name=\"author\" content=\"admin\" \/>\n<meta name=\"twitter:card\" content=\"summary_large_image\" \/>\n<meta name=\"twitter:label1\" content=\"Escrito por\" \/>\n\t<meta name=\"twitter:data1\" content=\"admin\" \/>\n\t<meta name=\"twitter:label2\" content=\"Tiempo de lectura\" \/>\n\t<meta name=\"twitter:data2\" content=\"1 minuto\" \/>\n<script type=\"application\/ld+json\" class=\"yoast-schema-graph\">{\"@context\":\"https:\/\/schema.org\",\"@graph\":[{\"@type\":\"WebPage\",\"@id\":\"http:\/\/www.aspack.es\/news\/ecma-pone-sobre-la-mesa-las-nuevas-oportunidades-de-venta-del-envase-de-carton-en-su-seminario-anual-de-negocios\/\",\"url\":\"http:\/\/www.aspack.es\/news\/ecma-pone-sobre-la-mesa-las-nuevas-oportunidades-de-venta-del-envase-de-carton-en-su-seminario-anual-de-negocios\/\",\"name\":\"ECMA pone sobre la mesa las nuevas oportunidades de venta del envase de cart\u00f3n en su seminario anual de negocios - ASPACK NEWS\",\"isPartOf\":{\"@id\":\"http:\/\/www.aspack.es\/news\/#website\"},\"primaryImageOfPage\":{\"@id\":\"http:\/\/www.aspack.es\/news\/ecma-pone-sobre-la-mesa-las-nuevas-oportunidades-de-venta-del-envase-de-carton-en-su-seminario-anual-de-negocios\/#primaryimage\"},\"image\":{\"@id\":\"http:\/\/www.aspack.es\/news\/ecma-pone-sobre-la-mesa-las-nuevas-oportunidades-de-venta-del-envase-de-carton-en-su-seminario-anual-de-negocios\/#primaryimage\"},\"thumbnailUrl\":\"http:\/\/www.aspack.es\/news\/wp-content\/uploads\/2018\/03\/envase-carton.jpg\",\"datePublished\":\"2018-03-20T06:06:52+00:00\",\"dateModified\":\"2018-04-18T12:40:02+00:00\",\"author\":{\"@id\":\"http:\/\/www.aspack.es\/news\/#\/schema\/person\/0019098322836346476fc7dfdbd26d95\"},\"breadcrumb\":{\"@id\":\"http:\/\/www.aspack.es\/news\/ecma-pone-sobre-la-mesa-las-nuevas-oportunidades-de-venta-del-envase-de-carton-en-su-seminario-anual-de-negocios\/#breadcrumb\"},\"inLanguage\":\"es\",\"potentialAction\":[{\"@type\":\"ReadAction\",\"target\":[\"http:\/\/www.aspack.es\/news\/ecma-pone-sobre-la-mesa-las-nuevas-oportunidades-de-venta-del-envase-de-carton-en-su-seminario-anual-de-negocios\/\"]}]},{\"@type\":\"ImageObject\",\"inLanguage\":\"es\",\"@id\":\"http:\/\/www.aspack.es\/news\/ecma-pone-sobre-la-mesa-las-nuevas-oportunidades-de-venta-del-envase-de-carton-en-su-seminario-anual-de-negocios\/#primaryimage\",\"url\":\"http:\/\/www.aspack.es\/news\/wp-content\/uploads\/2018\/03\/envase-carton.jpg\",\"contentUrl\":\"http:\/\/www.aspack.es\/news\/wp-content\/uploads\/2018\/03\/envase-carton.jpg\",\"width\":1406,\"height\":938},{\"@type\":\"BreadcrumbList\",\"@id\":\"http:\/\/www.aspack.es\/news\/ecma-pone-sobre-la-mesa-las-nuevas-oportunidades-de-venta-del-envase-de-carton-en-su-seminario-anual-de-negocios\/#breadcrumb\",\"itemListElement\":[{\"@type\":\"ListItem\",\"position\":1,\"name\":\"Portada\",\"item\":\"http:\/\/www.aspack.es\/news\/\"},{\"@type\":\"ListItem\",\"position\":2,\"name\":\"ECMA pone sobre la mesa las nuevas oportunidades de venta del envase de cart\u00f3n en su seminario anual de negocios\"}]},{\"@type\":\"WebSite\",\"@id\":\"http:\/\/www.aspack.es\/news\/#website\",\"url\":\"http:\/\/www.aspack.es\/news\/\",\"name\":\"ASPACK NEWS\",\"description\":\"El peri?dico digital de los envases de cart?n\",\"potentialAction\":[{\"@type\":\"SearchAction\",\"target\":{\"@type\":\"EntryPoint\",\"urlTemplate\":\"http:\/\/www.aspack.es\/news\/?s={search_term_string}\"},\"query-input\":{\"@type\":\"PropertyValueSpecification\",\"valueRequired\":true,\"valueName\":\"search_term_string\"}}],\"inLanguage\":\"es\"},{\"@type\":\"Person\",\"@id\":\"http:\/\/www.aspack.es\/news\/#\/schema\/person\/0019098322836346476fc7dfdbd26d95\",\"name\":\"admin\",\"image\":{\"@type\":\"ImageObject\",\"inLanguage\":\"es\",\"@id\":\"http:\/\/www.aspack.es\/news\/#\/schema\/person\/image\/\",\"url\":\"https:\/\/secure.gravatar.com\/avatar\/6a6c60542c39a2d052b8b1e8c5145e669bf888b9b229b3da0e43092daac8a32e?s=96&d=mm&r=g\",\"contentUrl\":\"https:\/\/secure.gravatar.com\/avatar\/6a6c60542c39a2d052b8b1e8c5145e669bf888b9b229b3da0e43092daac8a32e?s=96&d=mm&r=g\",\"caption\":\"admin\"},\"url\":\"http:\/\/www.aspack.es\/news\/author\/admin\/\"}]}<\/script>\n<!-- \/ Yoast SEO plugin. -->","yoast_head_json":{"title":"ECMA pone sobre la mesa las nuevas oportunidades de venta del envase de cart\u00f3n en su seminario anual de negocios - ASPACK NEWS","robots":{"index":"index","follow":"follow","max-snippet":"max-snippet:-1","max-image-preview":"max-image-preview:large","max-video-preview":"max-video-preview:-1"},"canonical":"http:\/\/www.aspack.es\/news\/ecma-pone-sobre-la-mesa-las-nuevas-oportunidades-de-venta-del-envase-de-carton-en-su-seminario-anual-de-negocios\/","og_locale":"es_ES","og_type":"article","og_title":"ECMA pone sobre la mesa las nuevas oportunidades de venta del envase de cart\u00f3n en su seminario anual de negocios - ASPACK NEWS","og_description":"El 5 de abril nuestra asociaci\u00f3n europea de fabricantes de envases de cart\u00f3n, ECMA, va a celebrar el Seminario Anaual de Negocios en el Hotel Sheraton Airport de \u00c1msterdam, en el n\u00famero 101 del Boulevard Schiphol. Esta edici\u00f3n se titula El Dilema del Envase y Embalaje de Cart\u00f3n, un tiempo de acci\u00f3n y va a&hellip;","og_url":"http:\/\/www.aspack.es\/news\/ecma-pone-sobre-la-mesa-las-nuevas-oportunidades-de-venta-del-envase-de-carton-en-su-seminario-anual-de-negocios\/","og_site_name":"ASPACK NEWS","article_published_time":"2018-03-20T06:06:52+00:00","article_modified_time":"2018-04-18T12:40:02+00:00","og_image":[{"width":1406,"height":938,"url":"http:\/\/www.aspack.es\/news\/wp-content\/uploads\/2018\/03\/envase-carton.jpg","type":"image\/jpeg"}],"author":"admin","twitter_card":"summary_large_image","twitter_misc":{"Escrito por":"admin","Tiempo de lectura":"1 minuto"},"schema":{"@context":"https:\/\/schema.org","@graph":[{"@type":"WebPage","@id":"http:\/\/www.aspack.es\/news\/ecma-pone-sobre-la-mesa-las-nuevas-oportunidades-de-venta-del-envase-de-carton-en-su-seminario-anual-de-negocios\/","url":"http:\/\/www.aspack.es\/news\/ecma-pone-sobre-la-mesa-las-nuevas-oportunidades-de-venta-del-envase-de-carton-en-su-seminario-anual-de-negocios\/","name":"ECMA pone sobre la mesa las nuevas oportunidades de venta del envase de cart\u00f3n en su seminario anual de negocios - ASPACK NEWS","isPartOf":{"@id":"http:\/\/www.aspack.es\/news\/#website"},"primaryImageOfPage":{"@id":"http:\/\/www.aspack.es\/news\/ecma-pone-sobre-la-mesa-las-nuevas-oportunidades-de-venta-del-envase-de-carton-en-su-seminario-anual-de-negocios\/#primaryimage"},"image":{"@id":"http:\/\/www.aspack.es\/news\/ecma-pone-sobre-la-mesa-las-nuevas-oportunidades-de-venta-del-envase-de-carton-en-su-seminario-anual-de-negocios\/#primaryimage"},"thumbnailUrl":"http:\/\/www.aspack.es\/news\/wp-content\/uploads\/2018\/03\/envase-carton.jpg","datePublished":"2018-03-20T06:06:52+00:00","dateModified":"2018-04-18T12:40:02+00:00","author":{"@id":"http:\/\/www.aspack.es\/news\/#\/schema\/person\/0019098322836346476fc7dfdbd26d95"},"breadcrumb":{"@id":"http:\/\/www.aspack.es\/news\/ecma-pone-sobre-la-mesa-las-nuevas-oportunidades-de-venta-del-envase-de-carton-en-su-seminario-anual-de-negocios\/#breadcrumb"},"inLanguage":"es","potentialAction":[{"@type":"ReadAction","target":["http:\/\/www.aspack.es\/news\/ecma-pone-sobre-la-mesa-las-nuevas-oportunidades-de-venta-del-envase-de-carton-en-su-seminario-anual-de-negocios\/"]}]},{"@type":"ImageObject","inLanguage":"es","@id":"http:\/\/www.aspack.es\/news\/ecma-pone-sobre-la-mesa-las-nuevas-oportunidades-de-venta-del-envase-de-carton-en-su-seminario-anual-de-negocios\/#primaryimage","url":"http:\/\/www.aspack.es\/news\/wp-content\/uploads\/2018\/03\/envase-carton.jpg","contentUrl":"http:\/\/www.aspack.es\/news\/wp-content\/uploads\/2018\/03\/envase-carton.jpg","width":1406,"height":938},{"@type":"BreadcrumbList","@id":"http:\/\/www.aspack.es\/news\/ecma-pone-sobre-la-mesa-las-nuevas-oportunidades-de-venta-del-envase-de-carton-en-su-seminario-anual-de-negocios\/#breadcrumb","itemListElement":[{"@type":"ListItem","position":1,"name":"Portada","item":"http:\/\/www.aspack.es\/news\/"},{"@type":"ListItem","position":2,"name":"ECMA pone sobre la mesa las nuevas oportunidades de venta del envase de cart\u00f3n en su seminario anual de negocios"}]},{"@type":"WebSite","@id":"http:\/\/www.aspack.es\/news\/#website","url":"http:\/\/www.aspack.es\/news\/","name":"ASPACK NEWS","description":"El peri?dico digital de los envases de cart?n","potentialAction":[{"@type":"SearchAction","target":{"@type":"EntryPoint","urlTemplate":"http:\/\/www.aspack.es\/news\/?s={search_term_string}"},"query-input":{"@type":"PropertyValueSpecification","valueRequired":true,"valueName":"search_term_string"}}],"inLanguage":"es"},{"@type":"Person","@id":"http:\/\/www.aspack.es\/news\/#\/schema\/person\/0019098322836346476fc7dfdbd26d95","name":"admin","image":{"@type":"ImageObject","inLanguage":"es","@id":"http:\/\/www.aspack.es\/news\/#\/schema\/person\/image\/","url":"https:\/\/secure.gravatar.com\/avatar\/6a6c60542c39a2d052b8b1e8c5145e669bf888b9b229b3da0e43092daac8a32e?s=96&d=mm&r=g","contentUrl":"https:\/\/secure.gravatar.com\/avatar\/6a6c60542c39a2d052b8b1e8c5145e669bf888b9b229b3da0e43092daac8a32e?s=96&d=mm&r=g","caption":"admin"},"url":"http:\/\/www.aspack.es\/news\/author\/admin\/"}]}},"_links":{"self":[{"href":"http:\/\/www.aspack.es\/news\/wp-json\/wp\/v2\/posts\/636","targetHints":{"allow":["GET"]}}],"collection":[{"href":"http:\/\/www.aspack.es\/news\/wp-json\/wp\/v2\/posts"}],"about":[{"href":"http:\/\/www.aspack.es\/news\/wp-json\/wp\/v2\/types\/post"}],"author":[{"embeddable":true,"href":"http:\/\/www.aspack.es\/news\/wp-json\/wp\/v2\/users\/1"}],"replies":[{"embeddable":true,"href":"http:\/\/www.aspack.es\/news\/wp-json\/wp\/v2\/comments?post=636"}],"version-history":[{"count":2,"href":"http:\/\/www.aspack.es\/news\/wp-json\/wp\/v2\/posts\/636\/revisions"}],"predecessor-version":[{"id":640,"href":"http:\/\/www.aspack.es\/news\/wp-json\/wp\/v2\/posts\/636\/revisions\/640"}],"wp:featuredmedia":[{"embeddable":true,"href":"http:\/\/www.aspack.es\/news\/wp-json\/wp\/v2\/media\/641"}],"wp:attachment":[{"href":"http:\/\/www.aspack.es\/news\/wp-json\/wp\/v2\/media?parent=636"}],"wp:term":[{"taxonomy":"category","embeddable":true,"href":"http:\/\/www.aspack.es\/news\/wp-json\/wp\/v2\/categories?post=636"},{"taxonomy":"post_tag","embeddable":true,"href":"http:\/\/www.aspack.es\/news\/wp-json\/wp\/v2\/tags?post=636"}],"curies":[{"name":"wp","href":"https:\/\/api.w.org\/{rel}","templated":true}]}}