{"id":665,"date":"2018-05-28T09:11:43","date_gmt":"2018-05-28T09:11:43","guid":{"rendered":"http:\/\/www.aspack.es\/news\/?p=665"},"modified":"2018-06-21T05:23:16","modified_gmt":"2018-06-21T05:23:16","slug":"truyol-digital-amplia-su-linea-de-packaging","status":"publish","type":"post","link":"http:\/\/www.aspack.es\/news\/truyol-digital-amplia-su-linea-de-packaging\/","title":{"rendered":"Truyol Digital ampl\u00eda su l\u00ednea de packaging"},"content":{"rendered":"<p>Truyol Digital ha ampliado su l\u00ednea de packaging con nuevas plantillas predefinidas para adaptarse a las diferentes necesidades del mercado al mismo tiempo que facilita el trabajo a los dise\u00f1adores de packaging.<\/p>\n<p>Truyol Digital se introdujo en el mercado del packaging el pasado mes de septiembre, cuando lanz\u00f3 una l\u00ednea formada por dos gamas: est\u00e1ndar y premium. Hasta marzo, los modelos disponibles en la web de Truyol.com eran los denominados est\u00e1ndar, expositor, tipo sobre, automontable, tipo bolsa, faja deslizante, tipo cerillas, semi-automontable y tipo almohada.<\/p>\n<p><a href=\"http:\/\/www.aspack.es\/news\/wp-content\/uploads\/2018\/05\/Plantillas-de-packaging-de-Truyol-Digital.jpg\" rel=\"attachment wp-att-667\"><img loading=\"lazy\" decoding=\"async\" class=\"aligncenter size-large wp-image-667\" src=\"http:\/\/www.aspack.es\/news\/wp-content\/uploads\/2018\/05\/Plantillas-de-packaging-de-Truyol-Digital-1024x576.jpg\" alt=\"Plantillas de packaging de Truyol Digital\" width=\"1020\" height=\"574\" srcset=\"http:\/\/www.aspack.es\/news\/wp-content\/uploads\/2018\/05\/Plantillas-de-packaging-de-Truyol-Digital-1024x576.jpg 1024w, http:\/\/www.aspack.es\/news\/wp-content\/uploads\/2018\/05\/Plantillas-de-packaging-de-Truyol-Digital-300x169.jpg 300w, http:\/\/www.aspack.es\/news\/wp-content\/uploads\/2018\/05\/Plantillas-de-packaging-de-Truyol-Digital-768x432.jpg 768w, http:\/\/www.aspack.es\/news\/wp-content\/uploads\/2018\/05\/Plantillas-de-packaging-de-Truyol-Digital-480x270.jpg 480w, http:\/\/www.aspack.es\/news\/wp-content\/uploads\/2018\/05\/Plantillas-de-packaging-de-Truyol-Digital-889x500.jpg 889w, http:\/\/www.aspack.es\/news\/wp-content\/uploads\/2018\/05\/Plantillas-de-packaging-de-Truyol-Digital.jpg 1280w\" sizes=\"auto, (max-width: 1020px) 100vw, 1020px\" \/><\/a><\/p>\n<p>Recientemente Truyol Digital ha introducido las plantillas del portabotellas, caja regalo, portavasos, caja dispensadora, faja alimentaria, caja picnic y caja de comida para llevar. Todas estas nuevas plantillas son aptas para el packaging alimentario, siempre y cuando los productos hayan sido previamente envasados y no entren en contacto<\/p>\n<p>directo con el producto y, en algunos casos, se pueden usar tambi\u00e9n en packaging promocional, como por ejemplo la caja regalo y la caja picnic.<\/p>\n<p>Los clientes pueden convertir su envase en Premium mediante la aplicaci\u00f3n de acabados como el estampado digital de colores (oro, plata, cobre, azul, verde y rojo) y el barniz digital en 2D y 3D, que aportan un toque de elegancia, brillo y volumen al packaging. Adem\u00e1s, el troquelado l\u00e1ser HD y Ultra HD permite realizar formas troqueladas complejas en el interior y exterior de la caja. En Packaging Premium se da tambi\u00e9n la opci\u00f3n de utilizar una plantilla propia personalizada con el dise\u00f1o de troquel que se quiera.<\/p>\n<p><a href=\"http:\/\/www.aspack.es\/news\/wp-content\/uploads\/2018\/05\/Caja-portabotellas-Packaging-Premium-con-estampado-digital-y-barniz-digital-3D-packaging-Truyol-Digital.jpg\" rel=\"attachment wp-att-668\"><img loading=\"lazy\" decoding=\"async\" class=\"aligncenter size-large wp-image-668\" src=\"http:\/\/www.aspack.es\/news\/wp-content\/uploads\/2018\/05\/Caja-portabotellas-Packaging-Premium-con-estampado-digital-y-barniz-digital-3D-packaging-Truyol-Digital-1024x430.jpg\" alt=\"Caja portabotellas - Packaging Premium con estampado digital y barniz digital 3D - packaging Truyol Digital\" width=\"1020\" height=\"428\" srcset=\"http:\/\/www.aspack.es\/news\/wp-content\/uploads\/2018\/05\/Caja-portabotellas-Packaging-Premium-con-estampado-digital-y-barniz-digital-3D-packaging-Truyol-Digital-1024x430.jpg 1024w, http:\/\/www.aspack.es\/news\/wp-content\/uploads\/2018\/05\/Caja-portabotellas-Packaging-Premium-con-estampado-digital-y-barniz-digital-3D-packaging-Truyol-Digital-300x126.jpg 300w, http:\/\/www.aspack.es\/news\/wp-content\/uploads\/2018\/05\/Caja-portabotellas-Packaging-Premium-con-estampado-digital-y-barniz-digital-3D-packaging-Truyol-Digital-768x323.jpg 768w, http:\/\/www.aspack.es\/news\/wp-content\/uploads\/2018\/05\/Caja-portabotellas-Packaging-Premium-con-estampado-digital-y-barniz-digital-3D-packaging-Truyol-Digital-480x202.jpg 480w, http:\/\/www.aspack.es\/news\/wp-content\/uploads\/2018\/05\/Caja-portabotellas-Packaging-Premium-con-estampado-digital-y-barniz-digital-3D-packaging-Truyol-Digital-1190x500.jpg 1190w, http:\/\/www.aspack.es\/news\/wp-content\/uploads\/2018\/05\/Caja-portabotellas-Packaging-Premium-con-estampado-digital-y-barniz-digital-3D-packaging-Truyol-Digital.jpg 1200w\" sizes=\"auto, (max-width: 1020px) 100vw, 1020px\" \/><\/a><\/p>\n<p>La caja regalo, al igual que la caja tipo bolsa, es una de las plantillas de packaging m\u00e1s utilizadas para realizar packs especiales dise\u00f1ados en exclusiva para determinadas campa\u00f1as estacionales como el D\u00eda de la Madre, Navidad, San Valent\u00edn, etc. Este tipo de caja puede ser tambi\u00e9n una buena alternativa de packaging para eventos como bodas, fiestas o cenas de empresa. Adem\u00e1s, este packaging ofrece numerosas opciones de personalizaci\u00f3n como mensajes impresos sobre alguna de sus caras, un dise\u00f1o diferente en la parte interior de la caja o un apartado en el que poder especificar el remitente y el destinatario de esa caja regalo.<\/p>\n<p><a href=\"http:\/\/www.aspack.es\/news\/wp-content\/uploads\/2018\/05\/Caja-tipo-bolsa-del-Dia-de-la-Madre-y-cajas-regalo-packaging-Truyol-Digital.jpg\" rel=\"attachment wp-att-669\"><img loading=\"lazy\" decoding=\"async\" class=\"aligncenter size-large wp-image-669\" src=\"http:\/\/www.aspack.es\/news\/wp-content\/uploads\/2018\/05\/Caja-tipo-bolsa-del-Dia-de-la-Madre-y-cajas-regalo-packaging-Truyol-Digital-1024x430.jpg\" alt=\"Caja tipo bolsa del Dia de la Madre y cajas regalo - packaging Truyol Digital\" width=\"1020\" height=\"428\" srcset=\"http:\/\/www.aspack.es\/news\/wp-content\/uploads\/2018\/05\/Caja-tipo-bolsa-del-Dia-de-la-Madre-y-cajas-regalo-packaging-Truyol-Digital-1024x430.jpg 1024w, http:\/\/www.aspack.es\/news\/wp-content\/uploads\/2018\/05\/Caja-tipo-bolsa-del-Dia-de-la-Madre-y-cajas-regalo-packaging-Truyol-Digital-300x126.jpg 300w, http:\/\/www.aspack.es\/news\/wp-content\/uploads\/2018\/05\/Caja-tipo-bolsa-del-Dia-de-la-Madre-y-cajas-regalo-packaging-Truyol-Digital-768x323.jpg 768w, http:\/\/www.aspack.es\/news\/wp-content\/uploads\/2018\/05\/Caja-tipo-bolsa-del-Dia-de-la-Madre-y-cajas-regalo-packaging-Truyol-Digital-480x202.jpg 480w, http:\/\/www.aspack.es\/news\/wp-content\/uploads\/2018\/05\/Caja-tipo-bolsa-del-Dia-de-la-Madre-y-cajas-regalo-packaging-Truyol-Digital-1190x500.jpg 1190w, http:\/\/www.aspack.es\/news\/wp-content\/uploads\/2018\/05\/Caja-tipo-bolsa-del-Dia-de-la-Madre-y-cajas-regalo-packaging-Truyol-Digital.jpg 1200w\" sizes=\"auto, (max-width: 1020px) 100vw, 1020px\" \/><\/a><\/p>\n<p>La caja picnic, el portavasos y la caja dispensadora completan estas nuevas plantillas de packaging ya disponibles en Truyol Digital.<\/p>\n<p><a href=\"http:\/\/www.aspack.es\/news\/wp-content\/uploads\/2018\/05\/Caja-portavasos-y-caja-dispensadora-packaging-alimentario-Truyol-Digital.jpg\" rel=\"attachment wp-att-670\"><img loading=\"lazy\" decoding=\"async\" class=\"aligncenter size-large wp-image-670\" src=\"http:\/\/www.aspack.es\/news\/wp-content\/uploads\/2018\/05\/Caja-portavasos-y-caja-dispensadora-packaging-alimentario-Truyol-Digital-1024x430.jpg\" alt=\"Caja portavasos y caja dispensadora - packaging alimentario - Truyol Digital\" width=\"1020\" height=\"428\" srcset=\"http:\/\/www.aspack.es\/news\/wp-content\/uploads\/2018\/05\/Caja-portavasos-y-caja-dispensadora-packaging-alimentario-Truyol-Digital-1024x430.jpg 1024w, http:\/\/www.aspack.es\/news\/wp-content\/uploads\/2018\/05\/Caja-portavasos-y-caja-dispensadora-packaging-alimentario-Truyol-Digital-300x126.jpg 300w, http:\/\/www.aspack.es\/news\/wp-content\/uploads\/2018\/05\/Caja-portavasos-y-caja-dispensadora-packaging-alimentario-Truyol-Digital-768x323.jpg 768w, http:\/\/www.aspack.es\/news\/wp-content\/uploads\/2018\/05\/Caja-portavasos-y-caja-dispensadora-packaging-alimentario-Truyol-Digital-480x202.jpg 480w, http:\/\/www.aspack.es\/news\/wp-content\/uploads\/2018\/05\/Caja-portavasos-y-caja-dispensadora-packaging-alimentario-Truyol-Digital-1190x500.jpg 1190w, http:\/\/www.aspack.es\/news\/wp-content\/uploads\/2018\/05\/Caja-portavasos-y-caja-dispensadora-packaging-alimentario-Truyol-Digital.jpg 1200w\" sizes=\"auto, (max-width: 1020px) 100vw, 1020px\" \/><\/a><\/p>\n<p>La impresi\u00f3n digital ofrece una soluci\u00f3n r\u00e1pida y rentable de packaging, con tiradas cortas y personalizadas de un determinado producto que va dirigido a un segmento espec\u00edfico y m\u00e1s reducido de los consumidores.<\/p>\n<p>Es habitual que las marcas recurran al packaging digital para realizar prototipos y tambi\u00e9n para llevar a cabo acciones de marketing promocional que buscan reforzar la imagen de marca e impulsar las ventas, como es el caso de las ediciones limitadas, el lanzamiento de nuevas variantes de producto, las campa\u00f1as de marketing directo y las presentaciones de producto.<\/p>\n","protected":false},"excerpt":{"rendered":"<p>Truyol Digital ha ampliado su l\u00ednea de packaging con nuevas plantillas predefinidas para adaptarse a las diferentes necesidades del mercado al mismo tiempo que facilita el trabajo a los dise\u00f1adores de packaging. Truyol Digital se introdujo en el mercado del packaging el pasado mes de septiembre, cuando lanz\u00f3 una l\u00ednea formada por dos gamas: est\u00e1ndar&hellip;<\/p>\n","protected":false},"author":1,"featured_media":666,"comment_status":"open","ping_status":"open","sticky":false,"template":"","format":"standard","meta":{"footnotes":""},"categories":[18],"tags":[],"class_list":["post-665","post","type-post","status-publish","format-standard","has-post-thumbnail","hentry","category-asociados"],"yoast_head":"<!-- This site is optimized with the Yoast SEO plugin v25.9 - https:\/\/yoast.com\/wordpress\/plugins\/seo\/ -->\n<title>Truyol Digital ampl\u00eda su l\u00ednea de packaging - ASPACK NEWS<\/title>\n<meta name=\"robots\" content=\"index, follow, max-snippet:-1, max-image-preview:large, max-video-preview:-1\" \/>\n<link rel=\"canonical\" href=\"http:\/\/www.aspack.es\/news\/truyol-digital-amplia-su-linea-de-packaging\/\" \/>\n<meta property=\"og:locale\" content=\"es_ES\" \/>\n<meta property=\"og:type\" content=\"article\" \/>\n<meta property=\"og:title\" content=\"Truyol Digital ampl\u00eda su l\u00ednea de packaging - ASPACK NEWS\" \/>\n<meta property=\"og:description\" content=\"Truyol Digital ha ampliado su l\u00ednea de packaging con nuevas plantillas predefinidas para adaptarse a las diferentes necesidades del mercado al mismo tiempo que facilita el trabajo a los dise\u00f1adores de packaging. Truyol Digital se introdujo en el mercado del packaging el pasado mes de septiembre, cuando lanz\u00f3 una l\u00ednea formada por dos gamas: est\u00e1ndar&hellip;\" \/>\n<meta property=\"og:url\" content=\"http:\/\/www.aspack.es\/news\/truyol-digital-amplia-su-linea-de-packaging\/\" \/>\n<meta property=\"og:site_name\" content=\"ASPACK NEWS\" \/>\n<meta property=\"article:published_time\" content=\"2018-05-28T09:11:43+00:00\" \/>\n<meta property=\"article:modified_time\" content=\"2018-06-21T05:23:16+00:00\" \/>\n<meta property=\"og:image\" content=\"http:\/\/www.aspack.es\/news\/wp-content\/uploads\/2018\/05\/Nuevas-plantillas-de-packaging-de-Truyol-Digital-packaging-promocional-packaging-alimentario.jpg\" \/>\n\t<meta property=\"og:image:width\" content=\"1280\" \/>\n\t<meta property=\"og:image:height\" content=\"720\" \/>\n\t<meta property=\"og:image:type\" content=\"image\/jpeg\" \/>\n<meta name=\"author\" content=\"admin\" \/>\n<meta name=\"twitter:card\" content=\"summary_large_image\" \/>\n<meta name=\"twitter:label1\" content=\"Escrito por\" \/>\n\t<meta name=\"twitter:data1\" content=\"admin\" \/>\n\t<meta name=\"twitter:label2\" content=\"Tiempo de lectura\" \/>\n\t<meta name=\"twitter:data2\" content=\"2 minutos\" \/>\n<script type=\"application\/ld+json\" class=\"yoast-schema-graph\">{\"@context\":\"https:\/\/schema.org\",\"@graph\":[{\"@type\":\"WebPage\",\"@id\":\"http:\/\/www.aspack.es\/news\/truyol-digital-amplia-su-linea-de-packaging\/\",\"url\":\"http:\/\/www.aspack.es\/news\/truyol-digital-amplia-su-linea-de-packaging\/\",\"name\":\"Truyol Digital ampl\u00eda su l\u00ednea de packaging - ASPACK NEWS\",\"isPartOf\":{\"@id\":\"https:\/\/www.aspack.es\/news\/#website\"},\"primaryImageOfPage\":{\"@id\":\"http:\/\/www.aspack.es\/news\/truyol-digital-amplia-su-linea-de-packaging\/#primaryimage\"},\"image\":{\"@id\":\"http:\/\/www.aspack.es\/news\/truyol-digital-amplia-su-linea-de-packaging\/#primaryimage\"},\"thumbnailUrl\":\"http:\/\/www.aspack.es\/news\/wp-content\/uploads\/2018\/05\/Nuevas-plantillas-de-packaging-de-Truyol-Digital-packaging-promocional-packaging-alimentario.jpg\",\"datePublished\":\"2018-05-28T09:11:43+00:00\",\"dateModified\":\"2018-06-21T05:23:16+00:00\",\"author\":{\"@id\":\"https:\/\/www.aspack.es\/news\/#\/schema\/person\/0019098322836346476fc7dfdbd26d95\"},\"breadcrumb\":{\"@id\":\"http:\/\/www.aspack.es\/news\/truyol-digital-amplia-su-linea-de-packaging\/#breadcrumb\"},\"inLanguage\":\"es\",\"potentialAction\":[{\"@type\":\"ReadAction\",\"target\":[\"http:\/\/www.aspack.es\/news\/truyol-digital-amplia-su-linea-de-packaging\/\"]}]},{\"@type\":\"ImageObject\",\"inLanguage\":\"es\",\"@id\":\"http:\/\/www.aspack.es\/news\/truyol-digital-amplia-su-linea-de-packaging\/#primaryimage\",\"url\":\"http:\/\/www.aspack.es\/news\/wp-content\/uploads\/2018\/05\/Nuevas-plantillas-de-packaging-de-Truyol-Digital-packaging-promocional-packaging-alimentario.jpg\",\"contentUrl\":\"http:\/\/www.aspack.es\/news\/wp-content\/uploads\/2018\/05\/Nuevas-plantillas-de-packaging-de-Truyol-Digital-packaging-promocional-packaging-alimentario.jpg\",\"width\":1280,\"height\":720},{\"@type\":\"BreadcrumbList\",\"@id\":\"http:\/\/www.aspack.es\/news\/truyol-digital-amplia-su-linea-de-packaging\/#breadcrumb\",\"itemListElement\":[{\"@type\":\"ListItem\",\"position\":1,\"name\":\"Portada\",\"item\":\"https:\/\/www.aspack.es\/news\/\"},{\"@type\":\"ListItem\",\"position\":2,\"name\":\"Truyol Digital ampl\u00eda su l\u00ednea de packaging\"}]},{\"@type\":\"WebSite\",\"@id\":\"https:\/\/www.aspack.es\/news\/#website\",\"url\":\"https:\/\/www.aspack.es\/news\/\",\"name\":\"ASPACK NEWS\",\"description\":\"El peri?dico digital de los envases de cart?n\",\"potentialAction\":[{\"@type\":\"SearchAction\",\"target\":{\"@type\":\"EntryPoint\",\"urlTemplate\":\"https:\/\/www.aspack.es\/news\/?s={search_term_string}\"},\"query-input\":{\"@type\":\"PropertyValueSpecification\",\"valueRequired\":true,\"valueName\":\"search_term_string\"}}],\"inLanguage\":\"es\"},{\"@type\":\"Person\",\"@id\":\"https:\/\/www.aspack.es\/news\/#\/schema\/person\/0019098322836346476fc7dfdbd26d95\",\"name\":\"admin\",\"image\":{\"@type\":\"ImageObject\",\"inLanguage\":\"es\",\"@id\":\"https:\/\/www.aspack.es\/news\/#\/schema\/person\/image\/\",\"url\":\"https:\/\/secure.gravatar.com\/avatar\/6a6c60542c39a2d052b8b1e8c5145e669bf888b9b229b3da0e43092daac8a32e?s=96&d=mm&r=g\",\"contentUrl\":\"https:\/\/secure.gravatar.com\/avatar\/6a6c60542c39a2d052b8b1e8c5145e669bf888b9b229b3da0e43092daac8a32e?s=96&d=mm&r=g\",\"caption\":\"admin\"},\"url\":\"http:\/\/www.aspack.es\/news\/author\/admin\/\"}]}<\/script>\n<!-- \/ Yoast SEO plugin. -->","yoast_head_json":{"title":"Truyol Digital ampl\u00eda su l\u00ednea de packaging - ASPACK NEWS","robots":{"index":"index","follow":"follow","max-snippet":"max-snippet:-1","max-image-preview":"max-image-preview:large","max-video-preview":"max-video-preview:-1"},"canonical":"http:\/\/www.aspack.es\/news\/truyol-digital-amplia-su-linea-de-packaging\/","og_locale":"es_ES","og_type":"article","og_title":"Truyol Digital ampl\u00eda su l\u00ednea de packaging - ASPACK NEWS","og_description":"Truyol Digital ha ampliado su l\u00ednea de packaging con nuevas plantillas predefinidas para adaptarse a las diferentes necesidades del mercado al mismo tiempo que facilita el trabajo a los dise\u00f1adores de packaging. Truyol Digital se introdujo en el mercado del packaging el pasado mes de septiembre, cuando lanz\u00f3 una l\u00ednea formada por dos gamas: est\u00e1ndar&hellip;","og_url":"http:\/\/www.aspack.es\/news\/truyol-digital-amplia-su-linea-de-packaging\/","og_site_name":"ASPACK NEWS","article_published_time":"2018-05-28T09:11:43+00:00","article_modified_time":"2018-06-21T05:23:16+00:00","og_image":[{"width":1280,"height":720,"url":"http:\/\/www.aspack.es\/news\/wp-content\/uploads\/2018\/05\/Nuevas-plantillas-de-packaging-de-Truyol-Digital-packaging-promocional-packaging-alimentario.jpg","type":"image\/jpeg"}],"author":"admin","twitter_card":"summary_large_image","twitter_misc":{"Escrito por":"admin","Tiempo de lectura":"2 minutos"},"schema":{"@context":"https:\/\/schema.org","@graph":[{"@type":"WebPage","@id":"http:\/\/www.aspack.es\/news\/truyol-digital-amplia-su-linea-de-packaging\/","url":"http:\/\/www.aspack.es\/news\/truyol-digital-amplia-su-linea-de-packaging\/","name":"Truyol Digital ampl\u00eda su l\u00ednea de packaging - ASPACK NEWS","isPartOf":{"@id":"https:\/\/www.aspack.es\/news\/#website"},"primaryImageOfPage":{"@id":"http:\/\/www.aspack.es\/news\/truyol-digital-amplia-su-linea-de-packaging\/#primaryimage"},"image":{"@id":"http:\/\/www.aspack.es\/news\/truyol-digital-amplia-su-linea-de-packaging\/#primaryimage"},"thumbnailUrl":"http:\/\/www.aspack.es\/news\/wp-content\/uploads\/2018\/05\/Nuevas-plantillas-de-packaging-de-Truyol-Digital-packaging-promocional-packaging-alimentario.jpg","datePublished":"2018-05-28T09:11:43+00:00","dateModified":"2018-06-21T05:23:16+00:00","author":{"@id":"https:\/\/www.aspack.es\/news\/#\/schema\/person\/0019098322836346476fc7dfdbd26d95"},"breadcrumb":{"@id":"http:\/\/www.aspack.es\/news\/truyol-digital-amplia-su-linea-de-packaging\/#breadcrumb"},"inLanguage":"es","potentialAction":[{"@type":"ReadAction","target":["http:\/\/www.aspack.es\/news\/truyol-digital-amplia-su-linea-de-packaging\/"]}]},{"@type":"ImageObject","inLanguage":"es","@id":"http:\/\/www.aspack.es\/news\/truyol-digital-amplia-su-linea-de-packaging\/#primaryimage","url":"http:\/\/www.aspack.es\/news\/wp-content\/uploads\/2018\/05\/Nuevas-plantillas-de-packaging-de-Truyol-Digital-packaging-promocional-packaging-alimentario.jpg","contentUrl":"http:\/\/www.aspack.es\/news\/wp-content\/uploads\/2018\/05\/Nuevas-plantillas-de-packaging-de-Truyol-Digital-packaging-promocional-packaging-alimentario.jpg","width":1280,"height":720},{"@type":"BreadcrumbList","@id":"http:\/\/www.aspack.es\/news\/truyol-digital-amplia-su-linea-de-packaging\/#breadcrumb","itemListElement":[{"@type":"ListItem","position":1,"name":"Portada","item":"https:\/\/www.aspack.es\/news\/"},{"@type":"ListItem","position":2,"name":"Truyol Digital ampl\u00eda su l\u00ednea de packaging"}]},{"@type":"WebSite","@id":"https:\/\/www.aspack.es\/news\/#website","url":"https:\/\/www.aspack.es\/news\/","name":"ASPACK NEWS","description":"El peri?dico digital de los envases de cart?n","potentialAction":[{"@type":"SearchAction","target":{"@type":"EntryPoint","urlTemplate":"https:\/\/www.aspack.es\/news\/?s={search_term_string}"},"query-input":{"@type":"PropertyValueSpecification","valueRequired":true,"valueName":"search_term_string"}}],"inLanguage":"es"},{"@type":"Person","@id":"https:\/\/www.aspack.es\/news\/#\/schema\/person\/0019098322836346476fc7dfdbd26d95","name":"admin","image":{"@type":"ImageObject","inLanguage":"es","@id":"https:\/\/www.aspack.es\/news\/#\/schema\/person\/image\/","url":"https:\/\/secure.gravatar.com\/avatar\/6a6c60542c39a2d052b8b1e8c5145e669bf888b9b229b3da0e43092daac8a32e?s=96&d=mm&r=g","contentUrl":"https:\/\/secure.gravatar.com\/avatar\/6a6c60542c39a2d052b8b1e8c5145e669bf888b9b229b3da0e43092daac8a32e?s=96&d=mm&r=g","caption":"admin"},"url":"http:\/\/www.aspack.es\/news\/author\/admin\/"}]}},"_links":{"self":[{"href":"http:\/\/www.aspack.es\/news\/wp-json\/wp\/v2\/posts\/665","targetHints":{"allow":["GET"]}}],"collection":[{"href":"http:\/\/www.aspack.es\/news\/wp-json\/wp\/v2\/posts"}],"about":[{"href":"http:\/\/www.aspack.es\/news\/wp-json\/wp\/v2\/types\/post"}],"author":[{"embeddable":true,"href":"http:\/\/www.aspack.es\/news\/wp-json\/wp\/v2\/users\/1"}],"replies":[{"embeddable":true,"href":"http:\/\/www.aspack.es\/news\/wp-json\/wp\/v2\/comments?post=665"}],"version-history":[{"count":1,"href":"http:\/\/www.aspack.es\/news\/wp-json\/wp\/v2\/posts\/665\/revisions"}],"predecessor-version":[{"id":671,"href":"http:\/\/www.aspack.es\/news\/wp-json\/wp\/v2\/posts\/665\/revisions\/671"}],"wp:featuredmedia":[{"embeddable":true,"href":"http:\/\/www.aspack.es\/news\/wp-json\/wp\/v2\/media\/666"}],"wp:attachment":[{"href":"http:\/\/www.aspack.es\/news\/wp-json\/wp\/v2\/media?parent=665"}],"wp:term":[{"taxonomy":"category","embeddable":true,"href":"http:\/\/www.aspack.es\/news\/wp-json\/wp\/v2\/categories?post=665"},{"taxonomy":"post_tag","embeddable":true,"href":"http:\/\/www.aspack.es\/news\/wp-json\/wp\/v2\/tags?post=665"}],"curies":[{"name":"wp","href":"https:\/\/api.w.org\/{rel}","templated":true}]}}