{"id":679,"date":"2018-05-29T11:01:06","date_gmt":"2018-05-29T11:01:06","guid":{"rendered":"http:\/\/www.aspack.es\/news\/?p=679"},"modified":"2018-06-21T05:22:57","modified_gmt":"2018-06-21T05:22:57","slug":"el-grupo-responsables-de-calidad-de-aspack-avanza-en-la-actualizacion-de-la-guia-de-defectos-internos","status":"publish","type":"post","link":"http:\/\/www.aspack.es\/news\/el-grupo-responsables-de-calidad-de-aspack-avanza-en-la-actualizacion-de-la-guia-de-defectos-internos\/","title":{"rendered":"El grupo responsables de calidad de ASPACK avanza en la actualizaci\u00f3n de la gu\u00eda de defectos internos"},"content":{"rendered":"<p>La actualizaci\u00f3n de la gu\u00eda de defectos internos es el principal proyecto que tienen entre manos los miembros del Grupo de Responsables de Calidad de ASPACK, que celebraron su segunda reuni\u00f3n del a\u00f1o el pasado 8 de mayo a trav\u00e9s de videoconferencia. El grupo empez\u00f3 a poner en marcha este trabajo en su primera reuni\u00f3n de este a\u00f1o, que tuvo lugar el 25 de enero en Barcelona, en la sede de la empresa Barcelona Cartonboard.<\/p>\n<p>Esta gu\u00eda repasa los distintos procesos que intervienen en la fabricaci\u00f3n de envases de cart\u00f3n, desde las materias primas a los acabados, pasando por la impresi\u00f3n, el troquelado, el plegado y el pegado. El objetivo del grupo es que esta gu\u00eda sirva para crear un est\u00e1ndar no solo dentro de la asociaci\u00f3n, sino dentro del sector en general.<\/p>\n<p>En la reuni\u00f3n del 8 de mayo, los miembros del grupo hicieron una rueda de opini\u00f3n para intercambiar impresiones sobre las distintas problem\u00e1ticas que se han encontrado a lo largo del proceso productivo. Desde la reuni\u00f3n de enero, cabe destacar que han observado un descenso importante del n\u00famero de reclamaciones en este primer cuatrimestre del a\u00f1o.<\/p>\n<p>Adem\u00e1s de esto, los miembros del grupo trabajaron en la actualizaci\u00f3n de la declaraci\u00f3n de conformidad de materiales en contacto con alimentos y en el lanzamiento de dos cursos de formaci\u00f3n en ASPACK: uno sobre sistemas de gesti\u00f3n de seguridad alimentaria (APPCC, FSSC 22000, IFS y BRC) y otro sobre Transici\u00f3n ISO 9001: 2015 e ISO 14001:2015.<\/p>\n","protected":false},"excerpt":{"rendered":"<p>La actualizaci\u00f3n de la gu\u00eda de defectos internos es el principal proyecto que tienen entre manos los miembros del Grupo de Responsables de Calidad de ASPACK, que celebraron su segunda reuni\u00f3n del a\u00f1o el pasado 8 de mayo a trav\u00e9s de videoconferencia. El grupo empez\u00f3 a poner en marcha este trabajo en su primera reuni\u00f3n&hellip;<\/p>\n","protected":false},"author":1,"featured_media":586,"comment_status":"open","ping_status":"open","sticky":false,"template":"","format":"standard","meta":{"footnotes":""},"categories":[17],"tags":[],"class_list":["post-679","post","type-post","status-publish","format-standard","has-post-thumbnail","hentry","category-el-sector"],"yoast_head":"<!-- This site is optimized with the Yoast SEO plugin v25.9 - https:\/\/yoast.com\/wordpress\/plugins\/seo\/ -->\n<title>El grupo responsables de calidad de ASPACK avanza en la actualizaci\u00f3n de la gu\u00eda de defectos internos - ASPACK NEWS<\/title>\n<meta name=\"robots\" content=\"index, follow, max-snippet:-1, max-image-preview:large, max-video-preview:-1\" \/>\n<link rel=\"canonical\" href=\"http:\/\/www.aspack.es\/news\/el-grupo-responsables-de-calidad-de-aspack-avanza-en-la-actualizacion-de-la-guia-de-defectos-internos\/\" \/>\n<meta property=\"og:locale\" content=\"es_ES\" \/>\n<meta property=\"og:type\" content=\"article\" \/>\n<meta property=\"og:title\" content=\"El grupo responsables de calidad de ASPACK avanza en la actualizaci\u00f3n de la gu\u00eda de defectos internos - ASPACK NEWS\" \/>\n<meta property=\"og:description\" content=\"La actualizaci\u00f3n de la gu\u00eda de defectos internos es el principal proyecto que tienen entre manos los miembros del Grupo de Responsables de Calidad de ASPACK, que celebraron su segunda reuni\u00f3n del a\u00f1o el pasado 8 de mayo a trav\u00e9s de videoconferencia. El grupo empez\u00f3 a poner en marcha este trabajo en su primera reuni\u00f3n&hellip;\" \/>\n<meta property=\"og:url\" content=\"http:\/\/www.aspack.es\/news\/el-grupo-responsables-de-calidad-de-aspack-avanza-en-la-actualizacion-de-la-guia-de-defectos-internos\/\" \/>\n<meta property=\"og:site_name\" content=\"ASPACK NEWS\" \/>\n<meta property=\"article:published_time\" content=\"2018-05-29T11:01:06+00:00\" \/>\n<meta property=\"article:modified_time\" content=\"2018-06-21T05:22:57+00:00\" \/>\n<meta property=\"og:image\" content=\"http:\/\/www.aspack.es\/news\/wp-content\/uploads\/2018\/01\/Reunion2_GrupoCaildad_25-01-18.jpg\" \/>\n\t<meta property=\"og:image:width\" content=\"1270\" \/>\n\t<meta property=\"og:image:height\" content=\"847\" \/>\n\t<meta property=\"og:image:type\" content=\"image\/jpeg\" \/>\n<meta name=\"author\" content=\"admin\" \/>\n<meta name=\"twitter:card\" content=\"summary_large_image\" \/>\n<meta name=\"twitter:label1\" content=\"Escrito por\" \/>\n\t<meta name=\"twitter:data1\" content=\"admin\" \/>\n\t<meta name=\"twitter:label2\" content=\"Tiempo de lectura\" \/>\n\t<meta name=\"twitter:data2\" content=\"1 minuto\" \/>\n<script type=\"application\/ld+json\" class=\"yoast-schema-graph\">{\"@context\":\"https:\/\/schema.org\",\"@graph\":[{\"@type\":\"WebPage\",\"@id\":\"http:\/\/www.aspack.es\/news\/el-grupo-responsables-de-calidad-de-aspack-avanza-en-la-actualizacion-de-la-guia-de-defectos-internos\/\",\"url\":\"http:\/\/www.aspack.es\/news\/el-grupo-responsables-de-calidad-de-aspack-avanza-en-la-actualizacion-de-la-guia-de-defectos-internos\/\",\"name\":\"El grupo responsables de calidad de ASPACK avanza en la actualizaci\u00f3n de la gu\u00eda de defectos internos - ASPACK NEWS\",\"isPartOf\":{\"@id\":\"https:\/\/www.aspack.es\/news\/#website\"},\"primaryImageOfPage\":{\"@id\":\"http:\/\/www.aspack.es\/news\/el-grupo-responsables-de-calidad-de-aspack-avanza-en-la-actualizacion-de-la-guia-de-defectos-internos\/#primaryimage\"},\"image\":{\"@id\":\"http:\/\/www.aspack.es\/news\/el-grupo-responsables-de-calidad-de-aspack-avanza-en-la-actualizacion-de-la-guia-de-defectos-internos\/#primaryimage\"},\"thumbnailUrl\":\"http:\/\/www.aspack.es\/news\/wp-content\/uploads\/2018\/01\/Reunion2_GrupoCaildad_25-01-18.jpg\",\"datePublished\":\"2018-05-29T11:01:06+00:00\",\"dateModified\":\"2018-06-21T05:22:57+00:00\",\"author\":{\"@id\":\"https:\/\/www.aspack.es\/news\/#\/schema\/person\/0019098322836346476fc7dfdbd26d95\"},\"breadcrumb\":{\"@id\":\"http:\/\/www.aspack.es\/news\/el-grupo-responsables-de-calidad-de-aspack-avanza-en-la-actualizacion-de-la-guia-de-defectos-internos\/#breadcrumb\"},\"inLanguage\":\"es\",\"potentialAction\":[{\"@type\":\"ReadAction\",\"target\":[\"http:\/\/www.aspack.es\/news\/el-grupo-responsables-de-calidad-de-aspack-avanza-en-la-actualizacion-de-la-guia-de-defectos-internos\/\"]}]},{\"@type\":\"ImageObject\",\"inLanguage\":\"es\",\"@id\":\"http:\/\/www.aspack.es\/news\/el-grupo-responsables-de-calidad-de-aspack-avanza-en-la-actualizacion-de-la-guia-de-defectos-internos\/#primaryimage\",\"url\":\"http:\/\/www.aspack.es\/news\/wp-content\/uploads\/2018\/01\/Reunion2_GrupoCaildad_25-01-18.jpg\",\"contentUrl\":\"http:\/\/www.aspack.es\/news\/wp-content\/uploads\/2018\/01\/Reunion2_GrupoCaildad_25-01-18.jpg\",\"width\":1270,\"height\":847},{\"@type\":\"BreadcrumbList\",\"@id\":\"http:\/\/www.aspack.es\/news\/el-grupo-responsables-de-calidad-de-aspack-avanza-en-la-actualizacion-de-la-guia-de-defectos-internos\/#breadcrumb\",\"itemListElement\":[{\"@type\":\"ListItem\",\"position\":1,\"name\":\"Portada\",\"item\":\"https:\/\/www.aspack.es\/news\/\"},{\"@type\":\"ListItem\",\"position\":2,\"name\":\"El grupo responsables de calidad de ASPACK avanza en la actualizaci\u00f3n de la gu\u00eda de defectos internos\"}]},{\"@type\":\"WebSite\",\"@id\":\"https:\/\/www.aspack.es\/news\/#website\",\"url\":\"https:\/\/www.aspack.es\/news\/\",\"name\":\"ASPACK NEWS\",\"description\":\"El peri?dico digital de los envases de cart?n\",\"potentialAction\":[{\"@type\":\"SearchAction\",\"target\":{\"@type\":\"EntryPoint\",\"urlTemplate\":\"https:\/\/www.aspack.es\/news\/?s={search_term_string}\"},\"query-input\":{\"@type\":\"PropertyValueSpecification\",\"valueRequired\":true,\"valueName\":\"search_term_string\"}}],\"inLanguage\":\"es\"},{\"@type\":\"Person\",\"@id\":\"https:\/\/www.aspack.es\/news\/#\/schema\/person\/0019098322836346476fc7dfdbd26d95\",\"name\":\"admin\",\"image\":{\"@type\":\"ImageObject\",\"inLanguage\":\"es\",\"@id\":\"https:\/\/www.aspack.es\/news\/#\/schema\/person\/image\/\",\"url\":\"https:\/\/secure.gravatar.com\/avatar\/6a6c60542c39a2d052b8b1e8c5145e669bf888b9b229b3da0e43092daac8a32e?s=96&d=mm&r=g\",\"contentUrl\":\"https:\/\/secure.gravatar.com\/avatar\/6a6c60542c39a2d052b8b1e8c5145e669bf888b9b229b3da0e43092daac8a32e?s=96&d=mm&r=g\",\"caption\":\"admin\"},\"url\":\"http:\/\/www.aspack.es\/news\/author\/admin\/\"}]}<\/script>\n<!-- \/ Yoast SEO plugin. -->","yoast_head_json":{"title":"El grupo responsables de calidad de ASPACK avanza en la actualizaci\u00f3n de la gu\u00eda de defectos internos - ASPACK NEWS","robots":{"index":"index","follow":"follow","max-snippet":"max-snippet:-1","max-image-preview":"max-image-preview:large","max-video-preview":"max-video-preview:-1"},"canonical":"http:\/\/www.aspack.es\/news\/el-grupo-responsables-de-calidad-de-aspack-avanza-en-la-actualizacion-de-la-guia-de-defectos-internos\/","og_locale":"es_ES","og_type":"article","og_title":"El grupo responsables de calidad de ASPACK avanza en la actualizaci\u00f3n de la gu\u00eda de defectos internos - ASPACK NEWS","og_description":"La actualizaci\u00f3n de la gu\u00eda de defectos internos es el principal proyecto que tienen entre manos los miembros del Grupo de Responsables de Calidad de ASPACK, que celebraron su segunda reuni\u00f3n del a\u00f1o el pasado 8 de mayo a trav\u00e9s de videoconferencia. El grupo empez\u00f3 a poner en marcha este trabajo en su primera reuni\u00f3n&hellip;","og_url":"http:\/\/www.aspack.es\/news\/el-grupo-responsables-de-calidad-de-aspack-avanza-en-la-actualizacion-de-la-guia-de-defectos-internos\/","og_site_name":"ASPACK NEWS","article_published_time":"2018-05-29T11:01:06+00:00","article_modified_time":"2018-06-21T05:22:57+00:00","og_image":[{"width":1270,"height":847,"url":"http:\/\/www.aspack.es\/news\/wp-content\/uploads\/2018\/01\/Reunion2_GrupoCaildad_25-01-18.jpg","type":"image\/jpeg"}],"author":"admin","twitter_card":"summary_large_image","twitter_misc":{"Escrito por":"admin","Tiempo de lectura":"1 minuto"},"schema":{"@context":"https:\/\/schema.org","@graph":[{"@type":"WebPage","@id":"http:\/\/www.aspack.es\/news\/el-grupo-responsables-de-calidad-de-aspack-avanza-en-la-actualizacion-de-la-guia-de-defectos-internos\/","url":"http:\/\/www.aspack.es\/news\/el-grupo-responsables-de-calidad-de-aspack-avanza-en-la-actualizacion-de-la-guia-de-defectos-internos\/","name":"El grupo responsables de calidad de ASPACK avanza en la actualizaci\u00f3n de la gu\u00eda de defectos internos - ASPACK NEWS","isPartOf":{"@id":"https:\/\/www.aspack.es\/news\/#website"},"primaryImageOfPage":{"@id":"http:\/\/www.aspack.es\/news\/el-grupo-responsables-de-calidad-de-aspack-avanza-en-la-actualizacion-de-la-guia-de-defectos-internos\/#primaryimage"},"image":{"@id":"http:\/\/www.aspack.es\/news\/el-grupo-responsables-de-calidad-de-aspack-avanza-en-la-actualizacion-de-la-guia-de-defectos-internos\/#primaryimage"},"thumbnailUrl":"http:\/\/www.aspack.es\/news\/wp-content\/uploads\/2018\/01\/Reunion2_GrupoCaildad_25-01-18.jpg","datePublished":"2018-05-29T11:01:06+00:00","dateModified":"2018-06-21T05:22:57+00:00","author":{"@id":"https:\/\/www.aspack.es\/news\/#\/schema\/person\/0019098322836346476fc7dfdbd26d95"},"breadcrumb":{"@id":"http:\/\/www.aspack.es\/news\/el-grupo-responsables-de-calidad-de-aspack-avanza-en-la-actualizacion-de-la-guia-de-defectos-internos\/#breadcrumb"},"inLanguage":"es","potentialAction":[{"@type":"ReadAction","target":["http:\/\/www.aspack.es\/news\/el-grupo-responsables-de-calidad-de-aspack-avanza-en-la-actualizacion-de-la-guia-de-defectos-internos\/"]}]},{"@type":"ImageObject","inLanguage":"es","@id":"http:\/\/www.aspack.es\/news\/el-grupo-responsables-de-calidad-de-aspack-avanza-en-la-actualizacion-de-la-guia-de-defectos-internos\/#primaryimage","url":"http:\/\/www.aspack.es\/news\/wp-content\/uploads\/2018\/01\/Reunion2_GrupoCaildad_25-01-18.jpg","contentUrl":"http:\/\/www.aspack.es\/news\/wp-content\/uploads\/2018\/01\/Reunion2_GrupoCaildad_25-01-18.jpg","width":1270,"height":847},{"@type":"BreadcrumbList","@id":"http:\/\/www.aspack.es\/news\/el-grupo-responsables-de-calidad-de-aspack-avanza-en-la-actualizacion-de-la-guia-de-defectos-internos\/#breadcrumb","itemListElement":[{"@type":"ListItem","position":1,"name":"Portada","item":"https:\/\/www.aspack.es\/news\/"},{"@type":"ListItem","position":2,"name":"El grupo responsables de calidad de ASPACK avanza en la actualizaci\u00f3n de la gu\u00eda de defectos internos"}]},{"@type":"WebSite","@id":"https:\/\/www.aspack.es\/news\/#website","url":"https:\/\/www.aspack.es\/news\/","name":"ASPACK NEWS","description":"El peri?dico digital de los envases de cart?n","potentialAction":[{"@type":"SearchAction","target":{"@type":"EntryPoint","urlTemplate":"https:\/\/www.aspack.es\/news\/?s={search_term_string}"},"query-input":{"@type":"PropertyValueSpecification","valueRequired":true,"valueName":"search_term_string"}}],"inLanguage":"es"},{"@type":"Person","@id":"https:\/\/www.aspack.es\/news\/#\/schema\/person\/0019098322836346476fc7dfdbd26d95","name":"admin","image":{"@type":"ImageObject","inLanguage":"es","@id":"https:\/\/www.aspack.es\/news\/#\/schema\/person\/image\/","url":"https:\/\/secure.gravatar.com\/avatar\/6a6c60542c39a2d052b8b1e8c5145e669bf888b9b229b3da0e43092daac8a32e?s=96&d=mm&r=g","contentUrl":"https:\/\/secure.gravatar.com\/avatar\/6a6c60542c39a2d052b8b1e8c5145e669bf888b9b229b3da0e43092daac8a32e?s=96&d=mm&r=g","caption":"admin"},"url":"http:\/\/www.aspack.es\/news\/author\/admin\/"}]}},"_links":{"self":[{"href":"http:\/\/www.aspack.es\/news\/wp-json\/wp\/v2\/posts\/679","targetHints":{"allow":["GET"]}}],"collection":[{"href":"http:\/\/www.aspack.es\/news\/wp-json\/wp\/v2\/posts"}],"about":[{"href":"http:\/\/www.aspack.es\/news\/wp-json\/wp\/v2\/types\/post"}],"author":[{"embeddable":true,"href":"http:\/\/www.aspack.es\/news\/wp-json\/wp\/v2\/users\/1"}],"replies":[{"embeddable":true,"href":"http:\/\/www.aspack.es\/news\/wp-json\/wp\/v2\/comments?post=679"}],"version-history":[{"count":1,"href":"http:\/\/www.aspack.es\/news\/wp-json\/wp\/v2\/posts\/679\/revisions"}],"predecessor-version":[{"id":680,"href":"http:\/\/www.aspack.es\/news\/wp-json\/wp\/v2\/posts\/679\/revisions\/680"}],"wp:featuredmedia":[{"embeddable":true,"href":"http:\/\/www.aspack.es\/news\/wp-json\/wp\/v2\/media\/586"}],"wp:attachment":[{"href":"http:\/\/www.aspack.es\/news\/wp-json\/wp\/v2\/media?parent=679"}],"wp:term":[{"taxonomy":"category","embeddable":true,"href":"http:\/\/www.aspack.es\/news\/wp-json\/wp\/v2\/categories?post=679"},{"taxonomy":"post_tag","embeddable":true,"href":"http:\/\/www.aspack.es\/news\/wp-json\/wp\/v2\/tags?post=679"}],"curies":[{"name":"wp","href":"https:\/\/api.w.org\/{rel}","templated":true}]}}