{"id":1019,"date":"2019-12-16T11:49:22","date_gmt":"2019-12-16T11:49:22","guid":{"rendered":"http:\/\/www.aspack.es\/news\/?p=1019"},"modified":"2020-01-24T08:29:59","modified_gmt":"2020-01-24T08:29:59","slug":"la-industria-del-envase-de-carton-reduce-su-huella-de-carbono","status":"publish","type":"post","link":"https:\/\/www.aspack.es\/news\/la-industria-del-envase-de-carton-reduce-su-huella-de-carbono\/","title":{"rendered":"La industria del envase de cart\u00f3n reduce su huella de carbono"},"content":{"rendered":"<p>El envase de cart\u00f3n es un aliado en la lucha contra el cambio clim\u00e1tico. As\u00ed lo demuestra el informe sobre la Huella de Carbono en envase y embalaje elaborado por Pro Cart\u00f3n para 2019, que revela que esta industria no solo est\u00e1 reduciendo sus emisiones de di\u00f3xido de carbono a la atm\u00f3sfera desde la publicaci\u00f3n del anterior informe en 2015 (desde entonces se ha reducido en un nueve por ciento), sino que su huella de carbono es muy baja, de 326 kg de CO2 por cada tonelada de cart\u00f3n transformado. Este dato confirma que el impacto ambiental del packaging de cart\u00f3n es m\u00e1s bajo que el de otros materiales.<\/p>\n<p>Estos resultados, junto a las caracter\u00edsticas de biodegradabilidad y reciclabilidad del papel y el cart\u00f3n, est\u00e1n haciendo que cada vez m\u00e1s empresas apuesten por envases de estos materiales. \u201cEl cart\u00f3n se est\u00e1 utilizando en un n\u00famero creciente de aplicaciones para envase y embalaje, aunque el cambio es m\u00e1s lento de lo que todos quisi\u00e9ramos\u201d, afirma Tony Hitchin, director general de Pro Carton.<\/p>\n<p>La huella de carbono del envase de cart\u00f3n se ha calculado de acuerdo al marco de la Confederaci\u00f3n Europea de la Industria del Papel (CEPI) y las directrices de la Confederaci\u00f3n de Manipulados de Papel y Cart\u00f3n de la Uni\u00f3n Europea (CITPA) para calcular la huella de carbono en productos de papel. Tal como recomiendan estos documentos, el valor que se calcula es el impacto de carbono total a lo largo de toda la vida de un envase de cart\u00f3n. Para ello se consideran las emisiones y absorciones de gases de efecto invernadero de origen f\u00f3sil y biog\u00e9ico y las emisiones procedentes del cambio directo del uso de suelo. Tambi\u00e9n se calcula el carbono que almacena el producto cuando sale por primera vez al mercado.<\/p>\n<p>Adem\u00e1s, el informe recuerda que todos los envases de cart\u00f3n tienen caracter\u00edsticas positivas \u00fanicas: est\u00e1n elaborados con una materia prima renovable; los bosques de los que procede esta materia prima tienen la capacidad de absorber CO2 y cuando se reciclan productos de papel y cart\u00f3n se retrasa la vuelta a la atm\u00f3sfera de ese CO2.<\/p>\n<p>El informe tambi\u00e9n hace hincapi\u00e9 en las elevadas tasas de recuperaci\u00f3n y reciclaje de papel y cart\u00f3n en Europa, que seg\u00fan sus estimaciones alcanza el 91 por ciento. El nueve por ciento restante se destina a la recuperaci\u00f3n de energ\u00eda (cinco por ciento) y a vertederos (cuatro por ciento).<\/p>\n<p>Los asociados de Aspack que est\u00e9is interesados en leer el informe completo pod\u00e9is solicit\u00e1rnoslo en <a href=\"mailto:aspack@aspack.es\">aspack@aspack.es<\/a>.<\/p>\n<p>Fuente de la noticia: <a href=\"https:\/\/www.procarton.com\/\" target=\"_blank\">ProCarton<\/a>.<\/p>\n","protected":false},"excerpt":{"rendered":"<p>El envase de cart\u00f3n es un aliado en la lucha contra el cambio clim\u00e1tico. As\u00ed lo demuestra el informe sobre la Huella de Carbono en envase y embalaje elaborado por Pro Cart\u00f3n para 2019, que revela que esta industria no solo est\u00e1 reduciendo sus emisiones de di\u00f3xido de carbono a la atm\u00f3sfera desde la publicaci\u00f3n&hellip;<\/p>\n","protected":false},"author":1,"featured_media":1020,"comment_status":"closed","ping_status":"open","sticky":false,"template":"","format":"standard","meta":{"footnotes":""},"categories":[18,17],"tags":[],"class_list":["post-1019","post","type-post","status-publish","format-standard","has-post-thumbnail","hentry","category-asociados","category-el-sector"],"yoast_head":"<!-- This site is optimized with the Yoast SEO plugin v25.9 - https:\/\/yoast.com\/wordpress\/plugins\/seo\/ -->\n<title>La industria del envase de cart\u00f3n reduce su huella de carbono - ASPACK NEWS<\/title>\n<meta name=\"robots\" content=\"index, follow, max-snippet:-1, max-image-preview:large, max-video-preview:-1\" \/>\n<link rel=\"canonical\" href=\"https:\/\/www.aspack.es\/news\/la-industria-del-envase-de-carton-reduce-su-huella-de-carbono\/\" \/>\n<meta property=\"og:locale\" content=\"es_ES\" \/>\n<meta property=\"og:type\" content=\"article\" \/>\n<meta property=\"og:title\" content=\"La industria del envase de cart\u00f3n reduce su huella de carbono - ASPACK NEWS\" \/>\n<meta property=\"og:description\" content=\"El envase de cart\u00f3n es un aliado en la lucha contra el cambio clim\u00e1tico. As\u00ed lo demuestra el informe sobre la Huella de Carbono en envase y embalaje elaborado por Pro Cart\u00f3n para 2019, que revela que esta industria no solo est\u00e1 reduciendo sus emisiones de di\u00f3xido de carbono a la atm\u00f3sfera desde la publicaci\u00f3n&hellip;\" \/>\n<meta property=\"og:url\" content=\"https:\/\/www.aspack.es\/news\/la-industria-del-envase-de-carton-reduce-su-huella-de-carbono\/\" \/>\n<meta property=\"og:site_name\" content=\"ASPACK NEWS\" \/>\n<meta property=\"article:published_time\" content=\"2019-12-16T11:49:22+00:00\" \/>\n<meta property=\"article:modified_time\" content=\"2020-01-24T08:29:59+00:00\" \/>\n<meta property=\"og:image\" content=\"https:\/\/www.aspack.es\/news\/wp-content\/uploads\/2019\/12\/bosque.jpg\" \/>\n\t<meta property=\"og:image:width\" content=\"1920\" \/>\n\t<meta property=\"og:image:height\" content=\"1080\" \/>\n\t<meta property=\"og:image:type\" content=\"image\/jpeg\" \/>\n<meta name=\"author\" content=\"admin\" \/>\n<meta name=\"twitter:card\" content=\"summary_large_image\" \/>\n<meta name=\"twitter:label1\" content=\"Escrito por\" \/>\n\t<meta name=\"twitter:data1\" content=\"admin\" \/>\n\t<meta name=\"twitter:label2\" content=\"Tiempo de lectura\" \/>\n\t<meta name=\"twitter:data2\" content=\"2 minutos\" \/>\n<script type=\"application\/ld+json\" class=\"yoast-schema-graph\">{\"@context\":\"https:\/\/schema.org\",\"@graph\":[{\"@type\":\"WebPage\",\"@id\":\"https:\/\/www.aspack.es\/news\/la-industria-del-envase-de-carton-reduce-su-huella-de-carbono\/\",\"url\":\"https:\/\/www.aspack.es\/news\/la-industria-del-envase-de-carton-reduce-su-huella-de-carbono\/\",\"name\":\"La industria del envase de cart\u00f3n reduce su huella de carbono - ASPACK NEWS\",\"isPartOf\":{\"@id\":\"https:\/\/www.aspack.es\/news\/#website\"},\"primaryImageOfPage\":{\"@id\":\"https:\/\/www.aspack.es\/news\/la-industria-del-envase-de-carton-reduce-su-huella-de-carbono\/#primaryimage\"},\"image\":{\"@id\":\"https:\/\/www.aspack.es\/news\/la-industria-del-envase-de-carton-reduce-su-huella-de-carbono\/#primaryimage\"},\"thumbnailUrl\":\"https:\/\/www.aspack.es\/news\/wp-content\/uploads\/2019\/12\/bosque.jpg\",\"datePublished\":\"2019-12-16T11:49:22+00:00\",\"dateModified\":\"2020-01-24T08:29:59+00:00\",\"author\":{\"@id\":\"https:\/\/www.aspack.es\/news\/#\/schema\/person\/0019098322836346476fc7dfdbd26d95\"},\"breadcrumb\":{\"@id\":\"https:\/\/www.aspack.es\/news\/la-industria-del-envase-de-carton-reduce-su-huella-de-carbono\/#breadcrumb\"},\"inLanguage\":\"es\",\"potentialAction\":[{\"@type\":\"ReadAction\",\"target\":[\"https:\/\/www.aspack.es\/news\/la-industria-del-envase-de-carton-reduce-su-huella-de-carbono\/\"]}]},{\"@type\":\"ImageObject\",\"inLanguage\":\"es\",\"@id\":\"https:\/\/www.aspack.es\/news\/la-industria-del-envase-de-carton-reduce-su-huella-de-carbono\/#primaryimage\",\"url\":\"https:\/\/www.aspack.es\/news\/wp-content\/uploads\/2019\/12\/bosque.jpg\",\"contentUrl\":\"https:\/\/www.aspack.es\/news\/wp-content\/uploads\/2019\/12\/bosque.jpg\",\"width\":1920,\"height\":1080},{\"@type\":\"BreadcrumbList\",\"@id\":\"https:\/\/www.aspack.es\/news\/la-industria-del-envase-de-carton-reduce-su-huella-de-carbono\/#breadcrumb\",\"itemListElement\":[{\"@type\":\"ListItem\",\"position\":1,\"name\":\"Portada\",\"item\":\"https:\/\/www.aspack.es\/news\/\"},{\"@type\":\"ListItem\",\"position\":2,\"name\":\"La industria del envase de cart\u00f3n reduce su huella de carbono\"}]},{\"@type\":\"WebSite\",\"@id\":\"https:\/\/www.aspack.es\/news\/#website\",\"url\":\"https:\/\/www.aspack.es\/news\/\",\"name\":\"ASPACK NEWS\",\"description\":\"El peri?dico digital de los envases de cart?n\",\"potentialAction\":[{\"@type\":\"SearchAction\",\"target\":{\"@type\":\"EntryPoint\",\"urlTemplate\":\"https:\/\/www.aspack.es\/news\/?s={search_term_string}\"},\"query-input\":{\"@type\":\"PropertyValueSpecification\",\"valueRequired\":true,\"valueName\":\"search_term_string\"}}],\"inLanguage\":\"es\"},{\"@type\":\"Person\",\"@id\":\"https:\/\/www.aspack.es\/news\/#\/schema\/person\/0019098322836346476fc7dfdbd26d95\",\"name\":\"admin\",\"image\":{\"@type\":\"ImageObject\",\"inLanguage\":\"es\",\"@id\":\"https:\/\/www.aspack.es\/news\/#\/schema\/person\/image\/\",\"url\":\"https:\/\/secure.gravatar.com\/avatar\/6a6c60542c39a2d052b8b1e8c5145e669bf888b9b229b3da0e43092daac8a32e?s=96&d=mm&r=g\",\"contentUrl\":\"https:\/\/secure.gravatar.com\/avatar\/6a6c60542c39a2d052b8b1e8c5145e669bf888b9b229b3da0e43092daac8a32e?s=96&d=mm&r=g\",\"caption\":\"admin\"},\"url\":\"https:\/\/www.aspack.es\/news\/author\/admin\/\"}]}<\/script>\n<!-- \/ Yoast SEO plugin. -->","yoast_head_json":{"title":"La industria del envase de cart\u00f3n reduce su huella de carbono - ASPACK NEWS","robots":{"index":"index","follow":"follow","max-snippet":"max-snippet:-1","max-image-preview":"max-image-preview:large","max-video-preview":"max-video-preview:-1"},"canonical":"https:\/\/www.aspack.es\/news\/la-industria-del-envase-de-carton-reduce-su-huella-de-carbono\/","og_locale":"es_ES","og_type":"article","og_title":"La industria del envase de cart\u00f3n reduce su huella de carbono - ASPACK NEWS","og_description":"El envase de cart\u00f3n es un aliado en la lucha contra el cambio clim\u00e1tico. As\u00ed lo demuestra el informe sobre la Huella de Carbono en envase y embalaje elaborado por Pro Cart\u00f3n para 2019, que revela que esta industria no solo est\u00e1 reduciendo sus emisiones de di\u00f3xido de carbono a la atm\u00f3sfera desde la publicaci\u00f3n&hellip;","og_url":"https:\/\/www.aspack.es\/news\/la-industria-del-envase-de-carton-reduce-su-huella-de-carbono\/","og_site_name":"ASPACK NEWS","article_published_time":"2019-12-16T11:49:22+00:00","article_modified_time":"2020-01-24T08:29:59+00:00","og_image":[{"width":1920,"height":1080,"url":"https:\/\/www.aspack.es\/news\/wp-content\/uploads\/2019\/12\/bosque.jpg","type":"image\/jpeg"}],"author":"admin","twitter_card":"summary_large_image","twitter_misc":{"Escrito por":"admin","Tiempo de lectura":"2 minutos"},"schema":{"@context":"https:\/\/schema.org","@graph":[{"@type":"WebPage","@id":"https:\/\/www.aspack.es\/news\/la-industria-del-envase-de-carton-reduce-su-huella-de-carbono\/","url":"https:\/\/www.aspack.es\/news\/la-industria-del-envase-de-carton-reduce-su-huella-de-carbono\/","name":"La industria del envase de cart\u00f3n reduce su huella de carbono - ASPACK NEWS","isPartOf":{"@id":"https:\/\/www.aspack.es\/news\/#website"},"primaryImageOfPage":{"@id":"https:\/\/www.aspack.es\/news\/la-industria-del-envase-de-carton-reduce-su-huella-de-carbono\/#primaryimage"},"image":{"@id":"https:\/\/www.aspack.es\/news\/la-industria-del-envase-de-carton-reduce-su-huella-de-carbono\/#primaryimage"},"thumbnailUrl":"https:\/\/www.aspack.es\/news\/wp-content\/uploads\/2019\/12\/bosque.jpg","datePublished":"2019-12-16T11:49:22+00:00","dateModified":"2020-01-24T08:29:59+00:00","author":{"@id":"https:\/\/www.aspack.es\/news\/#\/schema\/person\/0019098322836346476fc7dfdbd26d95"},"breadcrumb":{"@id":"https:\/\/www.aspack.es\/news\/la-industria-del-envase-de-carton-reduce-su-huella-de-carbono\/#breadcrumb"},"inLanguage":"es","potentialAction":[{"@type":"ReadAction","target":["https:\/\/www.aspack.es\/news\/la-industria-del-envase-de-carton-reduce-su-huella-de-carbono\/"]}]},{"@type":"ImageObject","inLanguage":"es","@id":"https:\/\/www.aspack.es\/news\/la-industria-del-envase-de-carton-reduce-su-huella-de-carbono\/#primaryimage","url":"https:\/\/www.aspack.es\/news\/wp-content\/uploads\/2019\/12\/bosque.jpg","contentUrl":"https:\/\/www.aspack.es\/news\/wp-content\/uploads\/2019\/12\/bosque.jpg","width":1920,"height":1080},{"@type":"BreadcrumbList","@id":"https:\/\/www.aspack.es\/news\/la-industria-del-envase-de-carton-reduce-su-huella-de-carbono\/#breadcrumb","itemListElement":[{"@type":"ListItem","position":1,"name":"Portada","item":"https:\/\/www.aspack.es\/news\/"},{"@type":"ListItem","position":2,"name":"La industria del envase de cart\u00f3n reduce su huella de carbono"}]},{"@type":"WebSite","@id":"https:\/\/www.aspack.es\/news\/#website","url":"https:\/\/www.aspack.es\/news\/","name":"ASPACK NEWS","description":"El peri?dico digital de los envases de cart?n","potentialAction":[{"@type":"SearchAction","target":{"@type":"EntryPoint","urlTemplate":"https:\/\/www.aspack.es\/news\/?s={search_term_string}"},"query-input":{"@type":"PropertyValueSpecification","valueRequired":true,"valueName":"search_term_string"}}],"inLanguage":"es"},{"@type":"Person","@id":"https:\/\/www.aspack.es\/news\/#\/schema\/person\/0019098322836346476fc7dfdbd26d95","name":"admin","image":{"@type":"ImageObject","inLanguage":"es","@id":"https:\/\/www.aspack.es\/news\/#\/schema\/person\/image\/","url":"https:\/\/secure.gravatar.com\/avatar\/6a6c60542c39a2d052b8b1e8c5145e669bf888b9b229b3da0e43092daac8a32e?s=96&d=mm&r=g","contentUrl":"https:\/\/secure.gravatar.com\/avatar\/6a6c60542c39a2d052b8b1e8c5145e669bf888b9b229b3da0e43092daac8a32e?s=96&d=mm&r=g","caption":"admin"},"url":"https:\/\/www.aspack.es\/news\/author\/admin\/"}]}},"_links":{"self":[{"href":"https:\/\/www.aspack.es\/news\/wp-json\/wp\/v2\/posts\/1019","targetHints":{"allow":["GET"]}}],"collection":[{"href":"https:\/\/www.aspack.es\/news\/wp-json\/wp\/v2\/posts"}],"about":[{"href":"https:\/\/www.aspack.es\/news\/wp-json\/wp\/v2\/types\/post"}],"author":[{"embeddable":true,"href":"https:\/\/www.aspack.es\/news\/wp-json\/wp\/v2\/users\/1"}],"replies":[{"embeddable":true,"href":"https:\/\/www.aspack.es\/news\/wp-json\/wp\/v2\/comments?post=1019"}],"version-history":[{"count":1,"href":"https:\/\/www.aspack.es\/news\/wp-json\/wp\/v2\/posts\/1019\/revisions"}],"predecessor-version":[{"id":1021,"href":"https:\/\/www.aspack.es\/news\/wp-json\/wp\/v2\/posts\/1019\/revisions\/1021"}],"wp:featuredmedia":[{"embeddable":true,"href":"https:\/\/www.aspack.es\/news\/wp-json\/wp\/v2\/media\/1020"}],"wp:attachment":[{"href":"https:\/\/www.aspack.es\/news\/wp-json\/wp\/v2\/media?parent=1019"}],"wp:term":[{"taxonomy":"category","embeddable":true,"href":"https:\/\/www.aspack.es\/news\/wp-json\/wp\/v2\/categories?post=1019"},{"taxonomy":"post_tag","embeddable":true,"href":"https:\/\/www.aspack.es\/news\/wp-json\/wp\/v2\/tags?post=1019"}],"curies":[{"name":"wp","href":"https:\/\/api.w.org\/{rel}","templated":true}]}}