{"id":1041,"date":"2020-02-05T11:13:15","date_gmt":"2020-02-05T11:13:15","guid":{"rendered":"http:\/\/www.aspack.es\/news\/?p=1041"},"modified":"2020-03-10T11:55:02","modified_gmt":"2020-03-10T11:55:02","slug":"35-ayuntamientos-reciben-las-pajaritas-azules-2020-por-su-gestion-de-la-recogida-selectiva-de-papel-y-carton-para-reciclar","status":"publish","type":"post","link":"https:\/\/www.aspack.es\/news\/35-ayuntamientos-reciben-las-pajaritas-azules-2020-por-su-gestion-de-la-recogida-selectiva-de-papel-y-carton-para-reciclar\/","title":{"rendered":"35 ayuntamientos reciben las Pajaritas Azules 2020 por su gesti\u00f3n de la recogida selectiva de papel y cart\u00f3n para reciclar"},"content":{"rendered":"<p>Treinta y cinco entidades locales (ayuntamientos y agrupaciones de municipios) de doce comunidades aut\u00f3nomas, han recibido el reconocimiento por la excelencia de su gesti\u00f3n de la recogida selectiva de papel y cart\u00f3n, en la edici\u00f3n 2020 de Pajaritas Azules celebrada el 4 de febrero. Reconocido internacionalmente con el Premio Europeo de Reciclaje de Papel, el programa de ASPAPEL incrementa en casi un 40% el n\u00famero de entidades que obtienen el m\u00e1ximo reconocimiento.<\/p>\n<p>La entrega de las Pajaritas Azules tuvo lugar en Valladolid, en un acto presidido por Hugo Mor\u00e1n, secretario de Estado de Medio Ambiente, y Jordi Mercader, presidente de ASPAPEL.<\/p>\n<p>Las entidades reconocidas fueron las siguientes:<\/p>\n<ul>\n<li><strong><u>Tres Pajaritas Azules<\/u>:<\/strong> Ajuntament de Barcelona, Ajuntament de Lleida, Ajuntament de Mollet del Vall\u00e8s, Ajuntament del Prat de Llobregat, Ayuntamiento de Bilbao, Ayuntamiento de Burgos, Ayuntamiento de C\u00e1diz, Ayuntamiento de Ciudad Real, Ayuntamiento de C\u00f3rdoba y SADECO, Ayuntamiento de Coslada, Ayuntamiento de Fuenlabrada, Ayuntamiento de Getafe y LYMA, Ayuntamiento de Gij\u00f3n y EMULSA, Ayuntamiento de Granadilla de Abona y SERMUGRAN, Ayuntamiento de Logro\u00f1o, Ayuntamiento de Segovia, Ayuntamiento de Soria, Ayuntamiento de Valladolid, Ayuntamiento de Vitoria-Gasteiz, Consorci de Residus i Energia de Menorca, Consorcio Agrupaci\u00f3n N\u00ba 1 Huesca y GHRUSA, Consorcio R.S.U. Ciudad Real y RSU Medio Ambiente, Diputaci\u00f3n de C\u00f3rdoba y EPREMASA, Mancomunidad de la Comarca de Pamplona, Mancomunidad de Municipios de la Costa del Sol Occidental, Mancomunidad de San Marcos.<\/li>\n<li><strong><u>Dos Pajaritas Azules:<\/u><\/strong> Ajuntament de Reus, Ajuntament de Terrassa y ECOEQUIP, Ayuntamiento de Dos Hermanas, Ayuntamiento de Salamanca, Ayuntamiento de San Fernando, Ayuntamiento de Sevilla y LIPASAM.<\/li>\n<li><u><strong>Una Pajarita Azul<\/strong>:<\/u> Ayuntamiento de Parla, Ayuntamiento de Rivas-Vaciamadrid y RIVAMADRID, Diputaci\u00f3n de M\u00e1laga y Consorcio Provincial RSU M\u00e1laga.<\/li>\n<\/ul>\n<p>Despu\u00e9s de la ceremonia de entrega de los premios, los asistentes visitaron una f\u00e1brica de papel reciclado y de packaging perteneciente a DS Smith, proveedor l\u00edder de soluciones de empaque sostenibles, ubicada en Due\u00f1as (Palencia), donde pudieron ver c\u00f3mo el papel y el cart\u00f3n depositado en los contenedores azules de Valladolid se convierte primero en papel y luego en cajas de cart\u00f3n ondulado, cerrando el ciclo de la econom\u00eda circular del papel.<\/p>\n<p>El secretario de Estado de Medio Ambiente, Hugo Mor\u00e1n, afirm\u00f3 que el Gobierno trabaja en los cambios normativos que faciliten cumplir con los objetivos que marca la Uni\u00f3n Europea. Para ello, \u201cvamos a poner en marcha una Estrategia de Econom\u00eda Circular y un paquete normativo en materia de residuos que implante un modelo de gesti\u00f3n sostenible de nuestros recursos, que ayude a minimizar la generaci\u00f3n de residuos\u201d.<\/p>\n<p>Por su parte, el presidente de ASPAPEL, Jordi Mercader, puso de relieve que \u201cPajaritas Azules es un programa exigente, que contribuye a alcanzar los objetivos de reciclaje y a avanzar en la senda de la econom\u00eda circular. Una econom\u00eda circular que se encuentra entre las treinta l\u00edneas prioritarias de actuaci\u00f3n para luchar contra el calentamiento global, incluidas en la declaraci\u00f3n de emergencia clim\u00e1tica del Gobierno\u201d.<\/p>\n<p>Finalmente, el presidente de ASPAPEL, destac\u00f3 una serie de datos que ilustran el buen funcionamiento del sistema espa\u00f1ol de recogida y reciclado de papel. \u201cLa recogida selectiva municipal de papel y cart\u00f3n \u2014asegur\u00f3\u2014 sigue creciendo: un 11% en 2018, multiplicando casi por seis el incremento del consumo de papel y cart\u00f3n\u201d.<\/p>\n<p>\u201cY seg\u00fan nuestra previsi\u00f3n \u2014a\u00f1adi\u00f3\u2014, en 2019 se habr\u00e1n recogido selectivamente en nuestro pa\u00eds cuatro millones y medio de toneladas de papel y cart\u00f3n usado, y reciclado cinco millones de toneladas. Dada su gran capacidad de reciclaje, la industria papelera espa\u00f1ola garantiza el reciclaje de todo el papel y el cart\u00f3n que se recoja selectivamente en nuestro pa\u00eds y que cumpla con los est\u00e1ndares europeos de calidad\u201d.<\/p>\n<p><strong>Los ayuntamientos Pajaritas Azules 2020<\/strong><\/p>\n<p>En Pajaritas Azules 2020, la \u00e9lite est\u00e1 integrada por 26 entidades locales que han obtenido el m\u00e1ximo reconocimiento por su excelencia en la gesti\u00f3n de la recogida selectiva de papel y cart\u00f3n con tres Pajaritas Azules, seis que han obtenido dos Pajaritas Azules y tres que han recibido una.<\/p>\n<p>Por comunidades aut\u00f3nomas, Andaluc\u00eda y Catalu\u00f1a encabezan la clasificaci\u00f3n con ocho y seis entidades galardonadas cada una, seguidas de Castilla y Le\u00f3n y la Comunidad de Madrid con cinco cada una y el Pa\u00eds Vasco con tres. Completan la tabla Castilla-La Mancha con dos y Principado de Asturias, Arag\u00f3n, Islas Canarias, La Rioja, Baleares y Comunidad Foral de Navarra con una cada una.<\/p>\n<p>Las treinta y cinco entidades locales galardonadas suman cerca de diez millones de habitantes, cuya entusiasta participaci\u00f3n en la recogida es una de las claves fundamentales del \u00e9xito.<\/p>\n<p>Pajaritas Azules es un programa anual de asesoramiento, evaluaci\u00f3n y reconocimiento de la calidad de la gesti\u00f3n municipal en recogida selectiva para el reciclaje de papel y cart\u00f3n, enfocado a la mejora continua desarrollado por ASPAPEL.<\/p>\n<p>La evaluaci\u00f3n se basa en 21 indicadores que se valoran seg\u00fan baremos establecidos y analizan todo lo referente a la recogida del contenedor azul y recogidas complementarias, las campa\u00f1as y acciones de informaci\u00f3n y concienciaci\u00f3n ciudadana, los aspectos relativos a la regulaci\u00f3n y la planificaci\u00f3n de la gesti\u00f3n y los resultados y trazabilidad hasta el reciclaje final.<\/p>\n","protected":false},"excerpt":{"rendered":"<p>Treinta y cinco entidades locales (ayuntamientos y agrupaciones de municipios) de doce comunidades aut\u00f3nomas, han recibido el reconocimiento por la excelencia de su gesti\u00f3n de la recogida selectiva de papel y cart\u00f3n, en la edici\u00f3n 2020 de Pajaritas Azules celebrada el 4 de febrero. Reconocido internacionalmente con el Premio Europeo de Reciclaje de Papel, el&hellip;<\/p>\n","protected":false},"author":1,"featured_media":1042,"comment_status":"closed","ping_status":"open","sticky":false,"template":"","format":"standard","meta":{"footnotes":""},"categories":[17,19],"tags":[],"class_list":["post-1041","post","type-post","status-publish","format-standard","has-post-thumbnail","hentry","category-el-sector","category-eventos"],"yoast_head":"<!-- This site is optimized with the Yoast SEO plugin v25.9 - https:\/\/yoast.com\/wordpress\/plugins\/seo\/ -->\n<title>35 ayuntamientos reciben las Pajaritas Azules 2020 por su gesti\u00f3n de la recogida selectiva de papel y cart\u00f3n para reciclar - ASPACK NEWS<\/title>\n<meta name=\"robots\" content=\"index, follow, max-snippet:-1, max-image-preview:large, max-video-preview:-1\" \/>\n<link rel=\"canonical\" href=\"https:\/\/www.aspack.es\/news\/35-ayuntamientos-reciben-las-pajaritas-azules-2020-por-su-gestion-de-la-recogida-selectiva-de-papel-y-carton-para-reciclar\/\" \/>\n<meta property=\"og:locale\" content=\"es_ES\" \/>\n<meta property=\"og:type\" content=\"article\" \/>\n<meta property=\"og:title\" content=\"35 ayuntamientos reciben las Pajaritas Azules 2020 por su gesti\u00f3n de la recogida selectiva de papel y cart\u00f3n para reciclar - ASPACK NEWS\" \/>\n<meta property=\"og:description\" content=\"Treinta y cinco entidades locales (ayuntamientos y agrupaciones de municipios) de doce comunidades aut\u00f3nomas, han recibido el reconocimiento por la excelencia de su gesti\u00f3n de la recogida selectiva de papel y cart\u00f3n, en la edici\u00f3n 2020 de Pajaritas Azules celebrada el 4 de febrero. Reconocido internacionalmente con el Premio Europeo de Reciclaje de Papel, el&hellip;\" \/>\n<meta property=\"og:url\" content=\"https:\/\/www.aspack.es\/news\/35-ayuntamientos-reciben-las-pajaritas-azules-2020-por-su-gestion-de-la-recogida-selectiva-de-papel-y-carton-para-reciclar\/\" \/>\n<meta property=\"og:site_name\" content=\"ASPACK NEWS\" \/>\n<meta property=\"article:published_time\" content=\"2020-02-05T11:13:15+00:00\" \/>\n<meta property=\"article:modified_time\" content=\"2020-03-10T11:55:02+00:00\" \/>\n<meta property=\"og:image\" content=\"https:\/\/www.aspack.es\/news\/wp-content\/uploads\/2020\/02\/doc_716_los_premiados_con_el_presidente_de_aspapel_y_el_secretario_de_estadode_ma_image00042.jpeg\" \/>\n\t<meta property=\"og:image:width\" content=\"1200\" \/>\n\t<meta property=\"og:image:height\" content=\"799\" \/>\n\t<meta property=\"og:image:type\" content=\"image\/jpeg\" \/>\n<meta name=\"author\" content=\"admin\" \/>\n<meta name=\"twitter:card\" content=\"summary_large_image\" \/>\n<meta name=\"twitter:label1\" content=\"Escrito por\" \/>\n\t<meta name=\"twitter:data1\" content=\"admin\" \/>\n\t<meta name=\"twitter:label2\" content=\"Tiempo de lectura\" \/>\n\t<meta name=\"twitter:data2\" content=\"4 minutos\" \/>\n<script type=\"application\/ld+json\" class=\"yoast-schema-graph\">{\"@context\":\"https:\/\/schema.org\",\"@graph\":[{\"@type\":\"WebPage\",\"@id\":\"https:\/\/www.aspack.es\/news\/35-ayuntamientos-reciben-las-pajaritas-azules-2020-por-su-gestion-de-la-recogida-selectiva-de-papel-y-carton-para-reciclar\/\",\"url\":\"https:\/\/www.aspack.es\/news\/35-ayuntamientos-reciben-las-pajaritas-azules-2020-por-su-gestion-de-la-recogida-selectiva-de-papel-y-carton-para-reciclar\/\",\"name\":\"35 ayuntamientos reciben las Pajaritas Azules 2020 por su gesti\u00f3n de la recogida selectiva de papel y cart\u00f3n para reciclar - ASPACK NEWS\",\"isPartOf\":{\"@id\":\"https:\/\/www.aspack.es\/news\/#website\"},\"primaryImageOfPage\":{\"@id\":\"https:\/\/www.aspack.es\/news\/35-ayuntamientos-reciben-las-pajaritas-azules-2020-por-su-gestion-de-la-recogida-selectiva-de-papel-y-carton-para-reciclar\/#primaryimage\"},\"image\":{\"@id\":\"https:\/\/www.aspack.es\/news\/35-ayuntamientos-reciben-las-pajaritas-azules-2020-por-su-gestion-de-la-recogida-selectiva-de-papel-y-carton-para-reciclar\/#primaryimage\"},\"thumbnailUrl\":\"https:\/\/www.aspack.es\/news\/wp-content\/uploads\/2020\/02\/doc_716_los_premiados_con_el_presidente_de_aspapel_y_el_secretario_de_estadode_ma_image00042.jpeg\",\"datePublished\":\"2020-02-05T11:13:15+00:00\",\"dateModified\":\"2020-03-10T11:55:02+00:00\",\"author\":{\"@id\":\"https:\/\/www.aspack.es\/news\/#\/schema\/person\/0019098322836346476fc7dfdbd26d95\"},\"breadcrumb\":{\"@id\":\"https:\/\/www.aspack.es\/news\/35-ayuntamientos-reciben-las-pajaritas-azules-2020-por-su-gestion-de-la-recogida-selectiva-de-papel-y-carton-para-reciclar\/#breadcrumb\"},\"inLanguage\":\"es\",\"potentialAction\":[{\"@type\":\"ReadAction\",\"target\":[\"https:\/\/www.aspack.es\/news\/35-ayuntamientos-reciben-las-pajaritas-azules-2020-por-su-gestion-de-la-recogida-selectiva-de-papel-y-carton-para-reciclar\/\"]}]},{\"@type\":\"ImageObject\",\"inLanguage\":\"es\",\"@id\":\"https:\/\/www.aspack.es\/news\/35-ayuntamientos-reciben-las-pajaritas-azules-2020-por-su-gestion-de-la-recogida-selectiva-de-papel-y-carton-para-reciclar\/#primaryimage\",\"url\":\"https:\/\/www.aspack.es\/news\/wp-content\/uploads\/2020\/02\/doc_716_los_premiados_con_el_presidente_de_aspapel_y_el_secretario_de_estadode_ma_image00042.jpeg\",\"contentUrl\":\"https:\/\/www.aspack.es\/news\/wp-content\/uploads\/2020\/02\/doc_716_los_premiados_con_el_presidente_de_aspapel_y_el_secretario_de_estadode_ma_image00042.jpeg\",\"width\":1200,\"height\":799},{\"@type\":\"BreadcrumbList\",\"@id\":\"https:\/\/www.aspack.es\/news\/35-ayuntamientos-reciben-las-pajaritas-azules-2020-por-su-gestion-de-la-recogida-selectiva-de-papel-y-carton-para-reciclar\/#breadcrumb\",\"itemListElement\":[{\"@type\":\"ListItem\",\"position\":1,\"name\":\"Portada\",\"item\":\"https:\/\/www.aspack.es\/news\/\"},{\"@type\":\"ListItem\",\"position\":2,\"name\":\"35 ayuntamientos reciben las Pajaritas Azules 2020 por su gesti\u00f3n de la recogida selectiva de papel y cart\u00f3n para reciclar\"}]},{\"@type\":\"WebSite\",\"@id\":\"https:\/\/www.aspack.es\/news\/#website\",\"url\":\"https:\/\/www.aspack.es\/news\/\",\"name\":\"ASPACK NEWS\",\"description\":\"El peri?dico digital de los envases de cart?n\",\"potentialAction\":[{\"@type\":\"SearchAction\",\"target\":{\"@type\":\"EntryPoint\",\"urlTemplate\":\"https:\/\/www.aspack.es\/news\/?s={search_term_string}\"},\"query-input\":{\"@type\":\"PropertyValueSpecification\",\"valueRequired\":true,\"valueName\":\"search_term_string\"}}],\"inLanguage\":\"es\"},{\"@type\":\"Person\",\"@id\":\"https:\/\/www.aspack.es\/news\/#\/schema\/person\/0019098322836346476fc7dfdbd26d95\",\"name\":\"admin\",\"image\":{\"@type\":\"ImageObject\",\"inLanguage\":\"es\",\"@id\":\"https:\/\/www.aspack.es\/news\/#\/schema\/person\/image\/\",\"url\":\"https:\/\/secure.gravatar.com\/avatar\/6a6c60542c39a2d052b8b1e8c5145e669bf888b9b229b3da0e43092daac8a32e?s=96&d=mm&r=g\",\"contentUrl\":\"https:\/\/secure.gravatar.com\/avatar\/6a6c60542c39a2d052b8b1e8c5145e669bf888b9b229b3da0e43092daac8a32e?s=96&d=mm&r=g\",\"caption\":\"admin\"},\"url\":\"https:\/\/www.aspack.es\/news\/author\/admin\/\"}]}<\/script>\n<!-- \/ Yoast SEO plugin. -->","yoast_head_json":{"title":"35 ayuntamientos reciben las Pajaritas Azules 2020 por su gesti\u00f3n de la recogida selectiva de papel y cart\u00f3n para reciclar - ASPACK NEWS","robots":{"index":"index","follow":"follow","max-snippet":"max-snippet:-1","max-image-preview":"max-image-preview:large","max-video-preview":"max-video-preview:-1"},"canonical":"https:\/\/www.aspack.es\/news\/35-ayuntamientos-reciben-las-pajaritas-azules-2020-por-su-gestion-de-la-recogida-selectiva-de-papel-y-carton-para-reciclar\/","og_locale":"es_ES","og_type":"article","og_title":"35 ayuntamientos reciben las Pajaritas Azules 2020 por su gesti\u00f3n de la recogida selectiva de papel y cart\u00f3n para reciclar - ASPACK NEWS","og_description":"Treinta y cinco entidades locales (ayuntamientos y agrupaciones de municipios) de doce comunidades aut\u00f3nomas, han recibido el reconocimiento por la excelencia de su gesti\u00f3n de la recogida selectiva de papel y cart\u00f3n, en la edici\u00f3n 2020 de Pajaritas Azules celebrada el 4 de febrero. Reconocido internacionalmente con el Premio Europeo de Reciclaje de Papel, el&hellip;","og_url":"https:\/\/www.aspack.es\/news\/35-ayuntamientos-reciben-las-pajaritas-azules-2020-por-su-gestion-de-la-recogida-selectiva-de-papel-y-carton-para-reciclar\/","og_site_name":"ASPACK NEWS","article_published_time":"2020-02-05T11:13:15+00:00","article_modified_time":"2020-03-10T11:55:02+00:00","og_image":[{"width":1200,"height":799,"url":"https:\/\/www.aspack.es\/news\/wp-content\/uploads\/2020\/02\/doc_716_los_premiados_con_el_presidente_de_aspapel_y_el_secretario_de_estadode_ma_image00042.jpeg","type":"image\/jpeg"}],"author":"admin","twitter_card":"summary_large_image","twitter_misc":{"Escrito por":"admin","Tiempo de lectura":"4 minutos"},"schema":{"@context":"https:\/\/schema.org","@graph":[{"@type":"WebPage","@id":"https:\/\/www.aspack.es\/news\/35-ayuntamientos-reciben-las-pajaritas-azules-2020-por-su-gestion-de-la-recogida-selectiva-de-papel-y-carton-para-reciclar\/","url":"https:\/\/www.aspack.es\/news\/35-ayuntamientos-reciben-las-pajaritas-azules-2020-por-su-gestion-de-la-recogida-selectiva-de-papel-y-carton-para-reciclar\/","name":"35 ayuntamientos reciben las Pajaritas Azules 2020 por su gesti\u00f3n de la recogida selectiva de papel y cart\u00f3n para reciclar - ASPACK NEWS","isPartOf":{"@id":"https:\/\/www.aspack.es\/news\/#website"},"primaryImageOfPage":{"@id":"https:\/\/www.aspack.es\/news\/35-ayuntamientos-reciben-las-pajaritas-azules-2020-por-su-gestion-de-la-recogida-selectiva-de-papel-y-carton-para-reciclar\/#primaryimage"},"image":{"@id":"https:\/\/www.aspack.es\/news\/35-ayuntamientos-reciben-las-pajaritas-azules-2020-por-su-gestion-de-la-recogida-selectiva-de-papel-y-carton-para-reciclar\/#primaryimage"},"thumbnailUrl":"https:\/\/www.aspack.es\/news\/wp-content\/uploads\/2020\/02\/doc_716_los_premiados_con_el_presidente_de_aspapel_y_el_secretario_de_estadode_ma_image00042.jpeg","datePublished":"2020-02-05T11:13:15+00:00","dateModified":"2020-03-10T11:55:02+00:00","author":{"@id":"https:\/\/www.aspack.es\/news\/#\/schema\/person\/0019098322836346476fc7dfdbd26d95"},"breadcrumb":{"@id":"https:\/\/www.aspack.es\/news\/35-ayuntamientos-reciben-las-pajaritas-azules-2020-por-su-gestion-de-la-recogida-selectiva-de-papel-y-carton-para-reciclar\/#breadcrumb"},"inLanguage":"es","potentialAction":[{"@type":"ReadAction","target":["https:\/\/www.aspack.es\/news\/35-ayuntamientos-reciben-las-pajaritas-azules-2020-por-su-gestion-de-la-recogida-selectiva-de-papel-y-carton-para-reciclar\/"]}]},{"@type":"ImageObject","inLanguage":"es","@id":"https:\/\/www.aspack.es\/news\/35-ayuntamientos-reciben-las-pajaritas-azules-2020-por-su-gestion-de-la-recogida-selectiva-de-papel-y-carton-para-reciclar\/#primaryimage","url":"https:\/\/www.aspack.es\/news\/wp-content\/uploads\/2020\/02\/doc_716_los_premiados_con_el_presidente_de_aspapel_y_el_secretario_de_estadode_ma_image00042.jpeg","contentUrl":"https:\/\/www.aspack.es\/news\/wp-content\/uploads\/2020\/02\/doc_716_los_premiados_con_el_presidente_de_aspapel_y_el_secretario_de_estadode_ma_image00042.jpeg","width":1200,"height":799},{"@type":"BreadcrumbList","@id":"https:\/\/www.aspack.es\/news\/35-ayuntamientos-reciben-las-pajaritas-azules-2020-por-su-gestion-de-la-recogida-selectiva-de-papel-y-carton-para-reciclar\/#breadcrumb","itemListElement":[{"@type":"ListItem","position":1,"name":"Portada","item":"https:\/\/www.aspack.es\/news\/"},{"@type":"ListItem","position":2,"name":"35 ayuntamientos reciben las Pajaritas Azules 2020 por su gesti\u00f3n de la recogida selectiva de papel y cart\u00f3n para reciclar"}]},{"@type":"WebSite","@id":"https:\/\/www.aspack.es\/news\/#website","url":"https:\/\/www.aspack.es\/news\/","name":"ASPACK NEWS","description":"El peri?dico digital de los envases de cart?n","potentialAction":[{"@type":"SearchAction","target":{"@type":"EntryPoint","urlTemplate":"https:\/\/www.aspack.es\/news\/?s={search_term_string}"},"query-input":{"@type":"PropertyValueSpecification","valueRequired":true,"valueName":"search_term_string"}}],"inLanguage":"es"},{"@type":"Person","@id":"https:\/\/www.aspack.es\/news\/#\/schema\/person\/0019098322836346476fc7dfdbd26d95","name":"admin","image":{"@type":"ImageObject","inLanguage":"es","@id":"https:\/\/www.aspack.es\/news\/#\/schema\/person\/image\/","url":"https:\/\/secure.gravatar.com\/avatar\/6a6c60542c39a2d052b8b1e8c5145e669bf888b9b229b3da0e43092daac8a32e?s=96&d=mm&r=g","contentUrl":"https:\/\/secure.gravatar.com\/avatar\/6a6c60542c39a2d052b8b1e8c5145e669bf888b9b229b3da0e43092daac8a32e?s=96&d=mm&r=g","caption":"admin"},"url":"https:\/\/www.aspack.es\/news\/author\/admin\/"}]}},"_links":{"self":[{"href":"https:\/\/www.aspack.es\/news\/wp-json\/wp\/v2\/posts\/1041","targetHints":{"allow":["GET"]}}],"collection":[{"href":"https:\/\/www.aspack.es\/news\/wp-json\/wp\/v2\/posts"}],"about":[{"href":"https:\/\/www.aspack.es\/news\/wp-json\/wp\/v2\/types\/post"}],"author":[{"embeddable":true,"href":"https:\/\/www.aspack.es\/news\/wp-json\/wp\/v2\/users\/1"}],"replies":[{"embeddable":true,"href":"https:\/\/www.aspack.es\/news\/wp-json\/wp\/v2\/comments?post=1041"}],"version-history":[{"count":3,"href":"https:\/\/www.aspack.es\/news\/wp-json\/wp\/v2\/posts\/1041\/revisions"}],"predecessor-version":[{"id":1045,"href":"https:\/\/www.aspack.es\/news\/wp-json\/wp\/v2\/posts\/1041\/revisions\/1045"}],"wp:featuredmedia":[{"embeddable":true,"href":"https:\/\/www.aspack.es\/news\/wp-json\/wp\/v2\/media\/1042"}],"wp:attachment":[{"href":"https:\/\/www.aspack.es\/news\/wp-json\/wp\/v2\/media?parent=1041"}],"wp:term":[{"taxonomy":"category","embeddable":true,"href":"https:\/\/www.aspack.es\/news\/wp-json\/wp\/v2\/categories?post=1041"},{"taxonomy":"post_tag","embeddable":true,"href":"https:\/\/www.aspack.es\/news\/wp-json\/wp\/v2\/tags?post=1041"}],"curies":[{"name":"wp","href":"https:\/\/api.w.org\/{rel}","templated":true}]}}