{"id":1186,"date":"2020-10-20T09:20:25","date_gmt":"2020-10-20T09:20:25","guid":{"rendered":"http:\/\/www.aspack.es\/news\/?p=1186"},"modified":"2020-11-26T11:34:19","modified_gmt":"2020-11-26T11:34:19","slug":"gran-aceptacion-del-curso-de-compostabilidad-y-reciclabilidad-de-aspack","status":"publish","type":"post","link":"https:\/\/www.aspack.es\/news\/gran-aceptacion-del-curso-de-compostabilidad-y-reciclabilidad-de-aspack\/","title":{"rendered":"Gran aceptaci\u00f3n del curso de compostabilidad y reciclabilidad de ASPACK"},"content":{"rendered":"<p>El aprovechamiento de los recursos, la buena gesti\u00f3n de los residuos y su incorporaci\u00f3n al proceso productivo como nuevas materias primas son las <strong>bases de la econom\u00eda circular y la sostenibilidad<\/strong>, temas de plena actualidad hoy d\u00eda en el mundo de los envases y que interesan mucho a los fabricantes. As\u00ed ha quedado patente con el <strong>curso online de compostabilidad y reciclabilidad que organiz\u00f3 ASPACK<\/strong> en septiembre y que se tuvo que repetir en octubre por la alta demanda.<\/p>\n<p>En sus cuatro horas de duraci\u00f3n, el curso aborda las recientes pol\u00edticas promulgadas por la Uni\u00f3n Europea encaminadas a garantizar un marco de desarrollo que garantice una econom\u00eda circular, pol\u00edticas que abren nuevos retos tanto para el envase y embalaje, como para sus materiales. Como consecuencia, se establecen objetivos espec\u00edficos de reciclabilidad, compostabilidad y reutilizaci\u00f3n del residuo del envase para alcanzar el cumplimiento de los requisitos establecidos.<\/p>\n<p>El objetivo de este curso ha sido identificar y conocer los marcos legislativos en materia ambiental aplicados al envase y embalaje, conocer los criterios de reciclabilidad, biodegradabilidad o reusabilidad para que sostenibilidad del envase en su conjunto pueda ser demostrada y conocer los requisitos aplicables a materiales auxiliares del envase, como las tintas, los adhesivos, etiquetas, etc.<\/p>\n<p>El programa incluye el marco regulatorio actual; los criterios para el establecimiento de la reciclabilidad, la reusabilidad y la biodegradabilidad de envases, los tipos de ensayes y los materiales que cumplen con dichos criterios; el sistema de recogida y clasificaci\u00f3n de envases como clave para garantizar el fin de vida previsto para el residuo; el desarrollo del plan para adaptar el envase al nuevo horizonte y un caso pr\u00e1ctico de desarrollo del plan de acci\u00f3n a corto, medio y largo plazo para garantizar la adaptaci\u00f3n de los materiales a los requisitos de reciclabilidad, biodegradabilidad y compostabilidad.<\/p>\n<p>La primera edici\u00f3n del curso se celebr\u00f3 el 25 de septiembre y cont\u00f3 con 13 asistentes, mientras que la segunda tuvo lugar el 14 de octubre y cont\u00f3 con 12 asistentes, que es el l\u00edmite establecido inicialmente para que la profesora, Montse Castillo, de Intertek, pueda atender a todos los alumnos de la forma m\u00e1s individualizada posible, atendiendo a las peticiones y preguntas de todos los alumnos. El curso podr\u00eda repetirse de nuevo si se alcanza un n\u00famero m\u00ednimo de alumnos que est\u00e9n interesados en realizarlo.<\/p>\n","protected":false},"excerpt":{"rendered":"<p>El aprovechamiento de los recursos, la buena gesti\u00f3n de los residuos y su incorporaci\u00f3n al proceso productivo como nuevas materias primas son las bases de la econom\u00eda circular y la sostenibilidad, temas de plena actualidad hoy d\u00eda en el mundo de los envases y que interesan mucho a los fabricantes. As\u00ed ha quedado patente con&hellip;<\/p>\n","protected":false},"author":1,"featured_media":1187,"comment_status":"closed","ping_status":"open","sticky":false,"template":"","format":"standard","meta":{"footnotes":""},"categories":[18,17],"tags":[],"class_list":["post-1186","post","type-post","status-publish","format-standard","has-post-thumbnail","hentry","category-asociados","category-el-sector"],"yoast_head":"<!-- This site is optimized with the Yoast SEO plugin v25.9 - https:\/\/yoast.com\/wordpress\/plugins\/seo\/ -->\n<title>Gran aceptaci\u00f3n del curso de compostabilidad y reciclabilidad de ASPACK - ASPACK NEWS<\/title>\n<meta name=\"robots\" content=\"index, follow, max-snippet:-1, max-image-preview:large, max-video-preview:-1\" \/>\n<link rel=\"canonical\" href=\"https:\/\/www.aspack.es\/news\/gran-aceptacion-del-curso-de-compostabilidad-y-reciclabilidad-de-aspack\/\" \/>\n<meta property=\"og:locale\" content=\"es_ES\" \/>\n<meta property=\"og:type\" content=\"article\" \/>\n<meta property=\"og:title\" content=\"Gran aceptaci\u00f3n del curso de compostabilidad y reciclabilidad de ASPACK - ASPACK NEWS\" \/>\n<meta property=\"og:description\" content=\"El aprovechamiento de los recursos, la buena gesti\u00f3n de los residuos y su incorporaci\u00f3n al proceso productivo como nuevas materias primas son las bases de la econom\u00eda circular y la sostenibilidad, temas de plena actualidad hoy d\u00eda en el mundo de los envases y que interesan mucho a los fabricantes. As\u00ed ha quedado patente con&hellip;\" \/>\n<meta property=\"og:url\" content=\"https:\/\/www.aspack.es\/news\/gran-aceptacion-del-curso-de-compostabilidad-y-reciclabilidad-de-aspack\/\" \/>\n<meta property=\"og:site_name\" content=\"ASPACK NEWS\" \/>\n<meta property=\"article:published_time\" content=\"2020-10-20T09:20:25+00:00\" \/>\n<meta property=\"article:modified_time\" content=\"2020-11-26T11:34:19+00:00\" \/>\n<meta property=\"og:image\" content=\"https:\/\/www.aspack.es\/news\/wp-content\/uploads\/2020\/10\/sostenibilidad.jpg\" \/>\n\t<meta property=\"og:image:width\" content=\"1920\" \/>\n\t<meta property=\"og:image:height\" content=\"1100\" \/>\n\t<meta property=\"og:image:type\" content=\"image\/jpeg\" \/>\n<meta name=\"author\" content=\"admin\" \/>\n<meta name=\"twitter:card\" content=\"summary_large_image\" \/>\n<meta name=\"twitter:label1\" content=\"Escrito por\" \/>\n\t<meta name=\"twitter:data1\" content=\"admin\" \/>\n\t<meta name=\"twitter:label2\" content=\"Tiempo de lectura\" \/>\n\t<meta name=\"twitter:data2\" content=\"2 minutos\" \/>\n<script type=\"application\/ld+json\" class=\"yoast-schema-graph\">{\"@context\":\"https:\/\/schema.org\",\"@graph\":[{\"@type\":\"WebPage\",\"@id\":\"https:\/\/www.aspack.es\/news\/gran-aceptacion-del-curso-de-compostabilidad-y-reciclabilidad-de-aspack\/\",\"url\":\"https:\/\/www.aspack.es\/news\/gran-aceptacion-del-curso-de-compostabilidad-y-reciclabilidad-de-aspack\/\",\"name\":\"Gran aceptaci\u00f3n del curso de compostabilidad y reciclabilidad de ASPACK - ASPACK NEWS\",\"isPartOf\":{\"@id\":\"https:\/\/www.aspack.es\/news\/#website\"},\"primaryImageOfPage\":{\"@id\":\"https:\/\/www.aspack.es\/news\/gran-aceptacion-del-curso-de-compostabilidad-y-reciclabilidad-de-aspack\/#primaryimage\"},\"image\":{\"@id\":\"https:\/\/www.aspack.es\/news\/gran-aceptacion-del-curso-de-compostabilidad-y-reciclabilidad-de-aspack\/#primaryimage\"},\"thumbnailUrl\":\"https:\/\/www.aspack.es\/news\/wp-content\/uploads\/2020\/10\/sostenibilidad.jpg\",\"datePublished\":\"2020-10-20T09:20:25+00:00\",\"dateModified\":\"2020-11-26T11:34:19+00:00\",\"author\":{\"@id\":\"https:\/\/www.aspack.es\/news\/#\/schema\/person\/0019098322836346476fc7dfdbd26d95\"},\"breadcrumb\":{\"@id\":\"https:\/\/www.aspack.es\/news\/gran-aceptacion-del-curso-de-compostabilidad-y-reciclabilidad-de-aspack\/#breadcrumb\"},\"inLanguage\":\"es\",\"potentialAction\":[{\"@type\":\"ReadAction\",\"target\":[\"https:\/\/www.aspack.es\/news\/gran-aceptacion-del-curso-de-compostabilidad-y-reciclabilidad-de-aspack\/\"]}]},{\"@type\":\"ImageObject\",\"inLanguage\":\"es\",\"@id\":\"https:\/\/www.aspack.es\/news\/gran-aceptacion-del-curso-de-compostabilidad-y-reciclabilidad-de-aspack\/#primaryimage\",\"url\":\"https:\/\/www.aspack.es\/news\/wp-content\/uploads\/2020\/10\/sostenibilidad.jpg\",\"contentUrl\":\"https:\/\/www.aspack.es\/news\/wp-content\/uploads\/2020\/10\/sostenibilidad.jpg\",\"width\":1920,\"height\":1100},{\"@type\":\"BreadcrumbList\",\"@id\":\"https:\/\/www.aspack.es\/news\/gran-aceptacion-del-curso-de-compostabilidad-y-reciclabilidad-de-aspack\/#breadcrumb\",\"itemListElement\":[{\"@type\":\"ListItem\",\"position\":1,\"name\":\"Portada\",\"item\":\"https:\/\/www.aspack.es\/news\/\"},{\"@type\":\"ListItem\",\"position\":2,\"name\":\"Gran aceptaci\u00f3n del curso de compostabilidad y reciclabilidad de ASPACK\"}]},{\"@type\":\"WebSite\",\"@id\":\"https:\/\/www.aspack.es\/news\/#website\",\"url\":\"https:\/\/www.aspack.es\/news\/\",\"name\":\"ASPACK NEWS\",\"description\":\"El peri?dico digital de los envases de cart?n\",\"potentialAction\":[{\"@type\":\"SearchAction\",\"target\":{\"@type\":\"EntryPoint\",\"urlTemplate\":\"https:\/\/www.aspack.es\/news\/?s={search_term_string}\"},\"query-input\":{\"@type\":\"PropertyValueSpecification\",\"valueRequired\":true,\"valueName\":\"search_term_string\"}}],\"inLanguage\":\"es\"},{\"@type\":\"Person\",\"@id\":\"https:\/\/www.aspack.es\/news\/#\/schema\/person\/0019098322836346476fc7dfdbd26d95\",\"name\":\"admin\",\"image\":{\"@type\":\"ImageObject\",\"inLanguage\":\"es\",\"@id\":\"https:\/\/www.aspack.es\/news\/#\/schema\/person\/image\/\",\"url\":\"https:\/\/secure.gravatar.com\/avatar\/6a6c60542c39a2d052b8b1e8c5145e669bf888b9b229b3da0e43092daac8a32e?s=96&d=mm&r=g\",\"contentUrl\":\"https:\/\/secure.gravatar.com\/avatar\/6a6c60542c39a2d052b8b1e8c5145e669bf888b9b229b3da0e43092daac8a32e?s=96&d=mm&r=g\",\"caption\":\"admin\"},\"url\":\"https:\/\/www.aspack.es\/news\/author\/admin\/\"}]}<\/script>\n<!-- \/ Yoast SEO plugin. -->","yoast_head_json":{"title":"Gran aceptaci\u00f3n del curso de compostabilidad y reciclabilidad de ASPACK - ASPACK NEWS","robots":{"index":"index","follow":"follow","max-snippet":"max-snippet:-1","max-image-preview":"max-image-preview:large","max-video-preview":"max-video-preview:-1"},"canonical":"https:\/\/www.aspack.es\/news\/gran-aceptacion-del-curso-de-compostabilidad-y-reciclabilidad-de-aspack\/","og_locale":"es_ES","og_type":"article","og_title":"Gran aceptaci\u00f3n del curso de compostabilidad y reciclabilidad de ASPACK - ASPACK NEWS","og_description":"El aprovechamiento de los recursos, la buena gesti\u00f3n de los residuos y su incorporaci\u00f3n al proceso productivo como nuevas materias primas son las bases de la econom\u00eda circular y la sostenibilidad, temas de plena actualidad hoy d\u00eda en el mundo de los envases y que interesan mucho a los fabricantes. As\u00ed ha quedado patente con&hellip;","og_url":"https:\/\/www.aspack.es\/news\/gran-aceptacion-del-curso-de-compostabilidad-y-reciclabilidad-de-aspack\/","og_site_name":"ASPACK NEWS","article_published_time":"2020-10-20T09:20:25+00:00","article_modified_time":"2020-11-26T11:34:19+00:00","og_image":[{"width":1920,"height":1100,"url":"https:\/\/www.aspack.es\/news\/wp-content\/uploads\/2020\/10\/sostenibilidad.jpg","type":"image\/jpeg"}],"author":"admin","twitter_card":"summary_large_image","twitter_misc":{"Escrito por":"admin","Tiempo de lectura":"2 minutos"},"schema":{"@context":"https:\/\/schema.org","@graph":[{"@type":"WebPage","@id":"https:\/\/www.aspack.es\/news\/gran-aceptacion-del-curso-de-compostabilidad-y-reciclabilidad-de-aspack\/","url":"https:\/\/www.aspack.es\/news\/gran-aceptacion-del-curso-de-compostabilidad-y-reciclabilidad-de-aspack\/","name":"Gran aceptaci\u00f3n del curso de compostabilidad y reciclabilidad de ASPACK - ASPACK NEWS","isPartOf":{"@id":"https:\/\/www.aspack.es\/news\/#website"},"primaryImageOfPage":{"@id":"https:\/\/www.aspack.es\/news\/gran-aceptacion-del-curso-de-compostabilidad-y-reciclabilidad-de-aspack\/#primaryimage"},"image":{"@id":"https:\/\/www.aspack.es\/news\/gran-aceptacion-del-curso-de-compostabilidad-y-reciclabilidad-de-aspack\/#primaryimage"},"thumbnailUrl":"https:\/\/www.aspack.es\/news\/wp-content\/uploads\/2020\/10\/sostenibilidad.jpg","datePublished":"2020-10-20T09:20:25+00:00","dateModified":"2020-11-26T11:34:19+00:00","author":{"@id":"https:\/\/www.aspack.es\/news\/#\/schema\/person\/0019098322836346476fc7dfdbd26d95"},"breadcrumb":{"@id":"https:\/\/www.aspack.es\/news\/gran-aceptacion-del-curso-de-compostabilidad-y-reciclabilidad-de-aspack\/#breadcrumb"},"inLanguage":"es","potentialAction":[{"@type":"ReadAction","target":["https:\/\/www.aspack.es\/news\/gran-aceptacion-del-curso-de-compostabilidad-y-reciclabilidad-de-aspack\/"]}]},{"@type":"ImageObject","inLanguage":"es","@id":"https:\/\/www.aspack.es\/news\/gran-aceptacion-del-curso-de-compostabilidad-y-reciclabilidad-de-aspack\/#primaryimage","url":"https:\/\/www.aspack.es\/news\/wp-content\/uploads\/2020\/10\/sostenibilidad.jpg","contentUrl":"https:\/\/www.aspack.es\/news\/wp-content\/uploads\/2020\/10\/sostenibilidad.jpg","width":1920,"height":1100},{"@type":"BreadcrumbList","@id":"https:\/\/www.aspack.es\/news\/gran-aceptacion-del-curso-de-compostabilidad-y-reciclabilidad-de-aspack\/#breadcrumb","itemListElement":[{"@type":"ListItem","position":1,"name":"Portada","item":"https:\/\/www.aspack.es\/news\/"},{"@type":"ListItem","position":2,"name":"Gran aceptaci\u00f3n del curso de compostabilidad y reciclabilidad de ASPACK"}]},{"@type":"WebSite","@id":"https:\/\/www.aspack.es\/news\/#website","url":"https:\/\/www.aspack.es\/news\/","name":"ASPACK NEWS","description":"El peri?dico digital de los envases de cart?n","potentialAction":[{"@type":"SearchAction","target":{"@type":"EntryPoint","urlTemplate":"https:\/\/www.aspack.es\/news\/?s={search_term_string}"},"query-input":{"@type":"PropertyValueSpecification","valueRequired":true,"valueName":"search_term_string"}}],"inLanguage":"es"},{"@type":"Person","@id":"https:\/\/www.aspack.es\/news\/#\/schema\/person\/0019098322836346476fc7dfdbd26d95","name":"admin","image":{"@type":"ImageObject","inLanguage":"es","@id":"https:\/\/www.aspack.es\/news\/#\/schema\/person\/image\/","url":"https:\/\/secure.gravatar.com\/avatar\/6a6c60542c39a2d052b8b1e8c5145e669bf888b9b229b3da0e43092daac8a32e?s=96&d=mm&r=g","contentUrl":"https:\/\/secure.gravatar.com\/avatar\/6a6c60542c39a2d052b8b1e8c5145e669bf888b9b229b3da0e43092daac8a32e?s=96&d=mm&r=g","caption":"admin"},"url":"https:\/\/www.aspack.es\/news\/author\/admin\/"}]}},"_links":{"self":[{"href":"https:\/\/www.aspack.es\/news\/wp-json\/wp\/v2\/posts\/1186","targetHints":{"allow":["GET"]}}],"collection":[{"href":"https:\/\/www.aspack.es\/news\/wp-json\/wp\/v2\/posts"}],"about":[{"href":"https:\/\/www.aspack.es\/news\/wp-json\/wp\/v2\/types\/post"}],"author":[{"embeddable":true,"href":"https:\/\/www.aspack.es\/news\/wp-json\/wp\/v2\/users\/1"}],"replies":[{"embeddable":true,"href":"https:\/\/www.aspack.es\/news\/wp-json\/wp\/v2\/comments?post=1186"}],"version-history":[{"count":1,"href":"https:\/\/www.aspack.es\/news\/wp-json\/wp\/v2\/posts\/1186\/revisions"}],"predecessor-version":[{"id":1188,"href":"https:\/\/www.aspack.es\/news\/wp-json\/wp\/v2\/posts\/1186\/revisions\/1188"}],"wp:featuredmedia":[{"embeddable":true,"href":"https:\/\/www.aspack.es\/news\/wp-json\/wp\/v2\/media\/1187"}],"wp:attachment":[{"href":"https:\/\/www.aspack.es\/news\/wp-json\/wp\/v2\/media?parent=1186"}],"wp:term":[{"taxonomy":"category","embeddable":true,"href":"https:\/\/www.aspack.es\/news\/wp-json\/wp\/v2\/categories?post=1186"},{"taxonomy":"post_tag","embeddable":true,"href":"https:\/\/www.aspack.es\/news\/wp-json\/wp\/v2\/tags?post=1186"}],"curies":[{"name":"wp","href":"https:\/\/api.w.org\/{rel}","templated":true}]}}