{"id":1189,"date":"2020-10-26T10:28:25","date_gmt":"2020-10-26T10:28:25","guid":{"rendered":"http:\/\/www.aspack.es\/news\/?p=1189"},"modified":"2020-11-26T11:34:11","modified_gmt":"2020-11-26T11:34:11","slug":"jose-ramon-benito-elegido-nuevo-presidente-de-aspack","status":"publish","type":"post","link":"https:\/\/www.aspack.es\/news\/jose-ramon-benito-elegido-nuevo-presidente-de-aspack\/","title":{"rendered":"Jos\u00e9 Ram\u00f3n Benito elegido nuevo Presidente de ASPACK"},"content":{"rendered":"<p><strong>Jos\u00e9 Ram\u00f3n Benito ha sido elegido nuevo presidente de la Asociaci\u00f3n Espa\u00f1ola de Fabricantes de Envases de Cart\u00f3n, ASPACK<\/strong>, para el periodo 2020-2024. As\u00ed lo ha ratificado la Asamblea General de la asociaci\u00f3n, reunida el jueves 22 de octubre de manera virtual, tras las elecciones para renovar la Junta Directiva.<\/p>\n<p>Desde hace m\u00e1s de 20 a\u00f1o Jos\u00e9 Ram\u00f3n Benito <strong>preside el Grupo Docuworld<\/strong>, un referente nacional en el sector del envase y de las etiquetas que engloba las empresas Eman, Drimpak, NDE, Rever, Universal, Formsystem y Pharmaprospect. Adem\u00e1s tiene una gran experiencia en el mundo asociativo: presidi\u00f3 la Asociaci\u00f3n Nacional de Formularios de 1995 a 2003; tambi\u00e9n la Asociaci\u00f3n de Artes Gr\u00e1ficas de Bizkaia de 1992 a 2008 y preside la Asociaci\u00f3n Ib\u00e9rica de Fabricantes de Etiquetas en Continuo, AIFEC, desde 2015.<\/p>\n<p>En 2016 Jos\u00e9 Ram\u00f3n Benito fue nombrado vicepresidente de ASPACK y ahora <strong>toma el relevo en la presidencia de Alejandro Garc\u00eda, Director General de Drimpak<\/strong>. \u201cLa fortaleza de ASPACK est\u00e1 en la base tan amplia de asociados y en la Junta Directiva \u2013afirm\u00f3 Jos\u00e9 Ram\u00f3n Benito\u2013. Lo menos importante es qui\u00e9n sea Presidente, sino que sigamos trabajando alineados con la misi\u00f3n, la visi\u00f3n y los valores de la asociaci\u00f3n y hacer crecer a todo el sector\u201d.<\/p>\n<p>La nueva Junta Directiva de ASPACK va a estar integrada por 11 personas: adem\u00e1s de <strong>Jos\u00e9 Ram\u00f3n Benito<\/strong>, <strong>Josep Mar\u00eda Berga<\/strong>, Director de Alzamora Group, ser\u00e1 el vicepresidente primero y <strong>Anselmo Vilardebo<\/strong>, Administrador Delegado en Seda Ib\u00e9rica, vicepresidente segundo. Adem\u00e1s habr\u00e1 ocho vocales: <strong>Alejandro Garc\u00eda<\/strong>, Director de Drimpak; <strong>Josep Lluis Ferr\u00e1s<\/strong>, Director Regional en Saica Pack Barcelona; <strong>Txomin Echarri<\/strong>, Director General de DS Smith Packaging Pamplona; <strong>Ricard Balart<\/strong>, Director General de Gaez, del Grupo Vallsgraphic; <strong>Mari Carmen Cerd\u00e1<\/strong>, Consejera Delegada en Gr\u00e1ficas Beiko; <strong>Carlos Mora<\/strong>, Director de Cartonajes Mora, <strong>Jos\u00e9 Miguel M\u00e9ndez<\/strong>, Director General de Vicusgraf Hinojosa Packaging y <strong>Heliodoro Vidal<\/strong>, Director de Industrias Gr\u00e1ficas del Envase ARTENVAS.<\/p>\n<p><a href=\"http:\/\/www.aspack.es\/news\/wp-content\/uploads\/2020\/10\/Asamblea-General-2020.jpg\" rel=\"attachment wp-att-1191\"><img loading=\"lazy\" decoding=\"async\" class=\"aligncenter size-large wp-image-1191\" src=\"http:\/\/www.aspack.es\/news\/wp-content\/uploads\/2020\/10\/Asamblea-General-2020-1024x372.jpg\" alt=\"Asamblea General 2020\" width=\"1020\" height=\"371\" srcset=\"https:\/\/www.aspack.es\/news\/wp-content\/uploads\/2020\/10\/Asamblea-General-2020-1024x372.jpg 1024w, https:\/\/www.aspack.es\/news\/wp-content\/uploads\/2020\/10\/Asamblea-General-2020-300x109.jpg 300w, https:\/\/www.aspack.es\/news\/wp-content\/uploads\/2020\/10\/Asamblea-General-2020-768x279.jpg 768w, https:\/\/www.aspack.es\/news\/wp-content\/uploads\/2020\/10\/Asamblea-General-2020-480x175.jpg 480w, https:\/\/www.aspack.es\/news\/wp-content\/uploads\/2020\/10\/Asamblea-General-2020-1375x500.jpg 1375w, https:\/\/www.aspack.es\/news\/wp-content\/uploads\/2020\/10\/Asamblea-General-2020.jpg 1427w\" sizes=\"auto, (max-width: 1020px) 100vw, 1020px\" \/><\/a><\/p>\n<p>Jos\u00e9 Ram\u00f3n Benito llega a la presidencia de ASPACK con intenci\u00f3n de continuar el proyecto iniciado por Alejandro Garc\u00eda, que ha presidido la asociaci\u00f3n durante los \u00faltimos ocho a\u00f1os y que continuar\u00e1 en la Junta Directiva. \u201cMe siento agradecido y orgulloso \u2013asegur\u00f3 Garc\u00eda\u2013, he tenido la oportunidad de conocer a grandes profesionales y grandes empresarios y me he sentido siempre muy apoyado por la Junta Directiva de la asociaci\u00f3n, hemos trabajado mucho en equipo\u201d. En cuanto al futuro, Garc\u00eda recalc\u00f3 que en la sociedad actual hay muchos retos que abordar pero \u201clas empresas de ASPACK han demostrado que est\u00e1n preparadas para asumir estos retos y resolverlos\u201d. En esa l\u00ednea se desarrollar\u00e1 el trabajo de Jos\u00e9 Ram\u00f3n Benito y la nueva Junta Directiva. \u201cSomos un gran equipo\u201d, finaliz\u00f3 Jos\u00e9 Ram\u00f3n Benito.<\/p>\n","protected":false},"excerpt":{"rendered":"<p>Jos\u00e9 Ram\u00f3n Benito ha sido elegido nuevo presidente de la Asociaci\u00f3n Espa\u00f1ola de Fabricantes de Envases de Cart\u00f3n, ASPACK, para el periodo 2020-2024. As\u00ed lo ha ratificado la Asamblea General de la asociaci\u00f3n, reunida el jueves 22 de octubre de manera virtual, tras las elecciones para renovar la Junta Directiva. Desde hace m\u00e1s de 20&hellip;<\/p>\n","protected":false},"author":1,"featured_media":1190,"comment_status":"closed","ping_status":"open","sticky":false,"template":"","format":"standard","meta":{"footnotes":""},"categories":[17],"tags":[],"class_list":["post-1189","post","type-post","status-publish","format-standard","has-post-thumbnail","hentry","category-el-sector"],"yoast_head":"<!-- This site is optimized with the Yoast SEO plugin v25.9 - https:\/\/yoast.com\/wordpress\/plugins\/seo\/ -->\n<title>Jos\u00e9 Ram\u00f3n Benito elegido nuevo Presidente de ASPACK - ASPACK NEWS<\/title>\n<meta name=\"robots\" content=\"index, follow, max-snippet:-1, max-image-preview:large, max-video-preview:-1\" \/>\n<link rel=\"canonical\" href=\"http:\/\/www.aspack.es\/news\/jose-ramon-benito-elegido-nuevo-presidente-de-aspack\/\" \/>\n<meta property=\"og:locale\" content=\"es_ES\" \/>\n<meta property=\"og:type\" content=\"article\" \/>\n<meta property=\"og:title\" content=\"Jos\u00e9 Ram\u00f3n Benito elegido nuevo Presidente de ASPACK - ASPACK NEWS\" \/>\n<meta property=\"og:description\" content=\"Jos\u00e9 Ram\u00f3n Benito ha sido elegido nuevo presidente de la Asociaci\u00f3n Espa\u00f1ola de Fabricantes de Envases de Cart\u00f3n, ASPACK, para el periodo 2020-2024. As\u00ed lo ha ratificado la Asamblea General de la asociaci\u00f3n, reunida el jueves 22 de octubre de manera virtual, tras las elecciones para renovar la Junta Directiva. Desde hace m\u00e1s de 20&hellip;\" \/>\n<meta property=\"og:url\" content=\"http:\/\/www.aspack.es\/news\/jose-ramon-benito-elegido-nuevo-presidente-de-aspack\/\" \/>\n<meta property=\"og:site_name\" content=\"ASPACK NEWS\" \/>\n<meta property=\"article:published_time\" content=\"2020-10-26T10:28:25+00:00\" \/>\n<meta property=\"article:modified_time\" content=\"2020-11-26T11:34:11+00:00\" \/>\n<meta property=\"og:image\" content=\"http:\/\/www.aspack.es\/news\/wp-content\/uploads\/2020\/10\/Jose\u0301-Ramo\u0301n-Benito-Presidente-ASPACK.jpg\" \/>\n\t<meta property=\"og:image:width\" content=\"1500\" \/>\n\t<meta property=\"og:image:height\" content=\"1082\" \/>\n\t<meta property=\"og:image:type\" content=\"image\/jpeg\" \/>\n<meta name=\"author\" content=\"admin\" \/>\n<meta name=\"twitter:card\" content=\"summary_large_image\" \/>\n<meta name=\"twitter:label1\" content=\"Escrito por\" \/>\n\t<meta name=\"twitter:data1\" content=\"admin\" \/>\n\t<meta name=\"twitter:label2\" content=\"Tiempo de lectura\" \/>\n\t<meta name=\"twitter:data2\" content=\"2 minutos\" \/>\n<script type=\"application\/ld+json\" class=\"yoast-schema-graph\">{\"@context\":\"https:\/\/schema.org\",\"@graph\":[{\"@type\":\"WebPage\",\"@id\":\"http:\/\/www.aspack.es\/news\/jose-ramon-benito-elegido-nuevo-presidente-de-aspack\/\",\"url\":\"http:\/\/www.aspack.es\/news\/jose-ramon-benito-elegido-nuevo-presidente-de-aspack\/\",\"name\":\"Jos\u00e9 Ram\u00f3n Benito elegido nuevo Presidente de ASPACK - ASPACK NEWS\",\"isPartOf\":{\"@id\":\"https:\/\/www.aspack.es\/news\/#website\"},\"primaryImageOfPage\":{\"@id\":\"http:\/\/www.aspack.es\/news\/jose-ramon-benito-elegido-nuevo-presidente-de-aspack\/#primaryimage\"},\"image\":{\"@id\":\"http:\/\/www.aspack.es\/news\/jose-ramon-benito-elegido-nuevo-presidente-de-aspack\/#primaryimage\"},\"thumbnailUrl\":\"https:\/\/www.aspack.es\/news\/wp-content\/uploads\/2020\/10\/Jose\u0301-Ramo\u0301n-Benito-Presidente-ASPACK.jpg\",\"datePublished\":\"2020-10-26T10:28:25+00:00\",\"dateModified\":\"2020-11-26T11:34:11+00:00\",\"author\":{\"@id\":\"https:\/\/www.aspack.es\/news\/#\/schema\/person\/0019098322836346476fc7dfdbd26d95\"},\"breadcrumb\":{\"@id\":\"http:\/\/www.aspack.es\/news\/jose-ramon-benito-elegido-nuevo-presidente-de-aspack\/#breadcrumb\"},\"inLanguage\":\"es\",\"potentialAction\":[{\"@type\":\"ReadAction\",\"target\":[\"http:\/\/www.aspack.es\/news\/jose-ramon-benito-elegido-nuevo-presidente-de-aspack\/\"]}]},{\"@type\":\"ImageObject\",\"inLanguage\":\"es\",\"@id\":\"http:\/\/www.aspack.es\/news\/jose-ramon-benito-elegido-nuevo-presidente-de-aspack\/#primaryimage\",\"url\":\"https:\/\/www.aspack.es\/news\/wp-content\/uploads\/2020\/10\/Jose\u0301-Ramo\u0301n-Benito-Presidente-ASPACK.jpg\",\"contentUrl\":\"https:\/\/www.aspack.es\/news\/wp-content\/uploads\/2020\/10\/Jose\u0301-Ramo\u0301n-Benito-Presidente-ASPACK.jpg\",\"width\":1500,\"height\":1082},{\"@type\":\"BreadcrumbList\",\"@id\":\"http:\/\/www.aspack.es\/news\/jose-ramon-benito-elegido-nuevo-presidente-de-aspack\/#breadcrumb\",\"itemListElement\":[{\"@type\":\"ListItem\",\"position\":1,\"name\":\"Portada\",\"item\":\"https:\/\/www.aspack.es\/news\/\"},{\"@type\":\"ListItem\",\"position\":2,\"name\":\"Jos\u00e9 Ram\u00f3n Benito elegido nuevo Presidente de ASPACK\"}]},{\"@type\":\"WebSite\",\"@id\":\"https:\/\/www.aspack.es\/news\/#website\",\"url\":\"https:\/\/www.aspack.es\/news\/\",\"name\":\"ASPACK NEWS\",\"description\":\"El peri?dico digital de los envases de cart?n\",\"potentialAction\":[{\"@type\":\"SearchAction\",\"target\":{\"@type\":\"EntryPoint\",\"urlTemplate\":\"https:\/\/www.aspack.es\/news\/?s={search_term_string}\"},\"query-input\":{\"@type\":\"PropertyValueSpecification\",\"valueRequired\":true,\"valueName\":\"search_term_string\"}}],\"inLanguage\":\"es\"},{\"@type\":\"Person\",\"@id\":\"https:\/\/www.aspack.es\/news\/#\/schema\/person\/0019098322836346476fc7dfdbd26d95\",\"name\":\"admin\",\"image\":{\"@type\":\"ImageObject\",\"inLanguage\":\"es\",\"@id\":\"https:\/\/www.aspack.es\/news\/#\/schema\/person\/image\/\",\"url\":\"https:\/\/secure.gravatar.com\/avatar\/6a6c60542c39a2d052b8b1e8c5145e669bf888b9b229b3da0e43092daac8a32e?s=96&d=mm&r=g\",\"contentUrl\":\"https:\/\/secure.gravatar.com\/avatar\/6a6c60542c39a2d052b8b1e8c5145e669bf888b9b229b3da0e43092daac8a32e?s=96&d=mm&r=g\",\"caption\":\"admin\"},\"url\":\"https:\/\/www.aspack.es\/news\/author\/admin\/\"}]}<\/script>\n<!-- \/ Yoast SEO plugin. -->","yoast_head_json":{"title":"Jos\u00e9 Ram\u00f3n Benito elegido nuevo Presidente de ASPACK - ASPACK NEWS","robots":{"index":"index","follow":"follow","max-snippet":"max-snippet:-1","max-image-preview":"max-image-preview:large","max-video-preview":"max-video-preview:-1"},"canonical":"http:\/\/www.aspack.es\/news\/jose-ramon-benito-elegido-nuevo-presidente-de-aspack\/","og_locale":"es_ES","og_type":"article","og_title":"Jos\u00e9 Ram\u00f3n Benito elegido nuevo Presidente de ASPACK - ASPACK NEWS","og_description":"Jos\u00e9 Ram\u00f3n Benito ha sido elegido nuevo presidente de la Asociaci\u00f3n Espa\u00f1ola de Fabricantes de Envases de Cart\u00f3n, ASPACK, para el periodo 2020-2024. As\u00ed lo ha ratificado la Asamblea General de la asociaci\u00f3n, reunida el jueves 22 de octubre de manera virtual, tras las elecciones para renovar la Junta Directiva. Desde hace m\u00e1s de 20&hellip;","og_url":"http:\/\/www.aspack.es\/news\/jose-ramon-benito-elegido-nuevo-presidente-de-aspack\/","og_site_name":"ASPACK NEWS","article_published_time":"2020-10-26T10:28:25+00:00","article_modified_time":"2020-11-26T11:34:11+00:00","og_image":[{"width":1500,"height":1082,"url":"http:\/\/www.aspack.es\/news\/wp-content\/uploads\/2020\/10\/Jose\u0301-Ramo\u0301n-Benito-Presidente-ASPACK.jpg","type":"image\/jpeg"}],"author":"admin","twitter_card":"summary_large_image","twitter_misc":{"Escrito por":"admin","Tiempo de lectura":"2 minutos"},"schema":{"@context":"https:\/\/schema.org","@graph":[{"@type":"WebPage","@id":"http:\/\/www.aspack.es\/news\/jose-ramon-benito-elegido-nuevo-presidente-de-aspack\/","url":"http:\/\/www.aspack.es\/news\/jose-ramon-benito-elegido-nuevo-presidente-de-aspack\/","name":"Jos\u00e9 Ram\u00f3n Benito elegido nuevo Presidente de ASPACK - ASPACK NEWS","isPartOf":{"@id":"https:\/\/www.aspack.es\/news\/#website"},"primaryImageOfPage":{"@id":"http:\/\/www.aspack.es\/news\/jose-ramon-benito-elegido-nuevo-presidente-de-aspack\/#primaryimage"},"image":{"@id":"http:\/\/www.aspack.es\/news\/jose-ramon-benito-elegido-nuevo-presidente-de-aspack\/#primaryimage"},"thumbnailUrl":"https:\/\/www.aspack.es\/news\/wp-content\/uploads\/2020\/10\/Jose\u0301-Ramo\u0301n-Benito-Presidente-ASPACK.jpg","datePublished":"2020-10-26T10:28:25+00:00","dateModified":"2020-11-26T11:34:11+00:00","author":{"@id":"https:\/\/www.aspack.es\/news\/#\/schema\/person\/0019098322836346476fc7dfdbd26d95"},"breadcrumb":{"@id":"http:\/\/www.aspack.es\/news\/jose-ramon-benito-elegido-nuevo-presidente-de-aspack\/#breadcrumb"},"inLanguage":"es","potentialAction":[{"@type":"ReadAction","target":["http:\/\/www.aspack.es\/news\/jose-ramon-benito-elegido-nuevo-presidente-de-aspack\/"]}]},{"@type":"ImageObject","inLanguage":"es","@id":"http:\/\/www.aspack.es\/news\/jose-ramon-benito-elegido-nuevo-presidente-de-aspack\/#primaryimage","url":"https:\/\/www.aspack.es\/news\/wp-content\/uploads\/2020\/10\/Jose\u0301-Ramo\u0301n-Benito-Presidente-ASPACK.jpg","contentUrl":"https:\/\/www.aspack.es\/news\/wp-content\/uploads\/2020\/10\/Jose\u0301-Ramo\u0301n-Benito-Presidente-ASPACK.jpg","width":1500,"height":1082},{"@type":"BreadcrumbList","@id":"http:\/\/www.aspack.es\/news\/jose-ramon-benito-elegido-nuevo-presidente-de-aspack\/#breadcrumb","itemListElement":[{"@type":"ListItem","position":1,"name":"Portada","item":"https:\/\/www.aspack.es\/news\/"},{"@type":"ListItem","position":2,"name":"Jos\u00e9 Ram\u00f3n Benito elegido nuevo Presidente de ASPACK"}]},{"@type":"WebSite","@id":"https:\/\/www.aspack.es\/news\/#website","url":"https:\/\/www.aspack.es\/news\/","name":"ASPACK NEWS","description":"El peri?dico digital de los envases de cart?n","potentialAction":[{"@type":"SearchAction","target":{"@type":"EntryPoint","urlTemplate":"https:\/\/www.aspack.es\/news\/?s={search_term_string}"},"query-input":{"@type":"PropertyValueSpecification","valueRequired":true,"valueName":"search_term_string"}}],"inLanguage":"es"},{"@type":"Person","@id":"https:\/\/www.aspack.es\/news\/#\/schema\/person\/0019098322836346476fc7dfdbd26d95","name":"admin","image":{"@type":"ImageObject","inLanguage":"es","@id":"https:\/\/www.aspack.es\/news\/#\/schema\/person\/image\/","url":"https:\/\/secure.gravatar.com\/avatar\/6a6c60542c39a2d052b8b1e8c5145e669bf888b9b229b3da0e43092daac8a32e?s=96&d=mm&r=g","contentUrl":"https:\/\/secure.gravatar.com\/avatar\/6a6c60542c39a2d052b8b1e8c5145e669bf888b9b229b3da0e43092daac8a32e?s=96&d=mm&r=g","caption":"admin"},"url":"https:\/\/www.aspack.es\/news\/author\/admin\/"}]}},"_links":{"self":[{"href":"https:\/\/www.aspack.es\/news\/wp-json\/wp\/v2\/posts\/1189","targetHints":{"allow":["GET"]}}],"collection":[{"href":"https:\/\/www.aspack.es\/news\/wp-json\/wp\/v2\/posts"}],"about":[{"href":"https:\/\/www.aspack.es\/news\/wp-json\/wp\/v2\/types\/post"}],"author":[{"embeddable":true,"href":"https:\/\/www.aspack.es\/news\/wp-json\/wp\/v2\/users\/1"}],"replies":[{"embeddable":true,"href":"https:\/\/www.aspack.es\/news\/wp-json\/wp\/v2\/comments?post=1189"}],"version-history":[{"count":1,"href":"https:\/\/www.aspack.es\/news\/wp-json\/wp\/v2\/posts\/1189\/revisions"}],"predecessor-version":[{"id":1192,"href":"https:\/\/www.aspack.es\/news\/wp-json\/wp\/v2\/posts\/1189\/revisions\/1192"}],"wp:featuredmedia":[{"embeddable":true,"href":"https:\/\/www.aspack.es\/news\/wp-json\/wp\/v2\/media\/1190"}],"wp:attachment":[{"href":"https:\/\/www.aspack.es\/news\/wp-json\/wp\/v2\/media?parent=1189"}],"wp:term":[{"taxonomy":"category","embeddable":true,"href":"https:\/\/www.aspack.es\/news\/wp-json\/wp\/v2\/categories?post=1189"},{"taxonomy":"post_tag","embeddable":true,"href":"https:\/\/www.aspack.es\/news\/wp-json\/wp\/v2\/tags?post=1189"}],"curies":[{"name":"wp","href":"https:\/\/api.w.org\/{rel}","templated":true}]}}