{"id":1220,"date":"2021-01-21T18:31:35","date_gmt":"2021-01-21T18:31:35","guid":{"rendered":"http:\/\/www.aspack.es\/news\/?p=1220"},"modified":"2021-02-16T06:04:57","modified_gmt":"2021-02-16T06:04:57","slug":"heidelberg-prepara-la-construccion-de-un-moderno-parque-industrial-en-wiesloch-walldorf","status":"publish","type":"post","link":"https:\/\/www.aspack.es\/news\/heidelberg-prepara-la-construccion-de-un-moderno-parque-industrial-en-wiesloch-walldorf\/","title":{"rendered":"Heidelberg prepara la construcci\u00f3n de un moderno parque industrial en Wiesloch-Walldorf"},"content":{"rendered":"<p style=\"text-align: justify;\">Heidelberger Druckmaschinen AG (Heidelberg) ha alcanzado un nuevo hito como parte de sus medidas de optimizaci\u00f3n estructural y de emplazamiento planificadas. La venta de un \u00e1rea de alrededor de 130.000 metros cuadrados al Grupo VGP crear\u00e1 un nuevo y moderno parque industrial y comercial en sus instalaciones de Wiesloch-Walldorf. VGP es una compa\u00f1\u00eda familiar que act\u00faa como es promotor, operador y propietario europeo de propiedades log\u00edsticas y comerciales de alta calidad. La empresa tiene un modelo de negocio totalmente integrado y muchos a\u00f1os de experiencia a lo largo de toda la cadena de valor, desde la adquisici\u00f3n y el desarrollo de terrenos hasta la gesti\u00f3n de activos y propiedades. Heidelberg alcanza un precio de compra en el rango medio de dos d\u00edgitos de millones de euros.<\/p>\n<p style=\"text-align: justify;\">\u00abAl usar el espacio de manera m\u00e1s eficiente, Heidelberg podr\u00e1 ahorrar una importante suma de costes en el futuro. Adem\u00e1s, utilizaremos los fondos que esto liberar\u00e1 para fortalecer nuestra liquidez en tiempos de pandemia y seguir adelante con las inversiones estrat\u00e9gicas de futuro hacia nuestra transformaci\u00f3n digital\u00bb, comentaba Rainer Hundsd\u00f6rfer, director general de Heidelberger Druckmaschinen AG. \u00abEn VGP, hemos encontrado un socio potente y un desarrollador inmobiliario experimentado, que comercializar\u00e1 y sacar\u00e1 el m\u00e1ximo rendimiento a las instalaciones de Wiesloch-Walldorf, siempre mirando hacia el futuro y en estrecha coordinaci\u00f3n con los municipios y Heidelberg\u00bb.<\/p>\n<p style=\"text-align: justify;\">Jan van Geet, presidente del consejo de administraci\u00f3n de VGP, tambi\u00e9n est\u00e1 muy satisfecho con la adquisici\u00f3n del lugar: \u00abEstamos muy contentos de haber logrado adquirir este lugar tan \u00fanico. Gracias a la cooperaci\u00f3n estrecha y de confianza con la compa\u00f1\u00eda, los municipios y la ciudad de Heidelberg, pudimos realizar la adquisici\u00f3n muy r\u00e1pidamente. Planeamos realinear las instalaciones estrat\u00e9gicamente y desarrollar un parque industrial moderno y comercial para inquilinos a largo plazo, donde se puedan abarcar todo tipo de sectores. De esta manera, queremos hacer una contribuci\u00f3n sostenible a la creaci\u00f3n de nuevos puestos de trabajo y al desarrollo econ\u00f3mico de la regi\u00f3n\u00bb. Van Geet a\u00f1ade: \u00abLa sostenibilidad y la eficiencia energ\u00e9tica son par\u00e1metros clave en el desarrollo de las propiedades y las gestiones de VGP\u201d.<\/p>\n<p style=\"text-align: justify;\">El Grupo VGP gestiona actualmente 31 parques en Alemania. En Europa, la empresa familiar con sede en Amberes, B\u00e9lgica, opera un total de 76 parques en doce pa\u00edses.<\/p>\n<p style=\"text-align: justify;\">Las instalaciones de Wiesloch-Walldorf cubren un \u00e1rea total de alrededor de 840.000 metros cuadrados, 270.000 de los cuales se comercializar\u00e1n de nuevo durante todo el proceso de optimizaci\u00f3n y reestructuraci\u00f3n planificados. La asociaci\u00f3n con VGP es el primer paso en este proyecto. En la actualidad, casi 5.000 empleados trabajan all\u00ed.<\/p>\n<p>&nbsp;<\/p>\n","protected":false},"excerpt":{"rendered":"<p>Heidelberger Druckmaschinen AG (Heidelberg) ha alcanzado un nuevo hito como parte de sus medidas de optimizaci\u00f3n estructural y de emplazamiento planificadas. La venta de un \u00e1rea de alrededor de 130.000 metros cuadrados al Grupo VGP crear\u00e1 un nuevo y moderno parque industrial y comercial en sus instalaciones de Wiesloch-Walldorf. VGP es una compa\u00f1\u00eda familiar que&hellip;<\/p>\n","protected":false},"author":1,"featured_media":1221,"comment_status":"closed","ping_status":"open","sticky":false,"template":"","format":"standard","meta":{"footnotes":""},"categories":[17],"tags":[],"class_list":["post-1220","post","type-post","status-publish","format-standard","has-post-thumbnail","hentry","category-el-sector"],"yoast_head":"<!-- This site is optimized with the Yoast SEO plugin v25.9 - https:\/\/yoast.com\/wordpress\/plugins\/seo\/ -->\n<title>Heidelberg prepara la construcci\u00f3n de un moderno parque industrial en Wiesloch-Walldorf - ASPACK NEWS<\/title>\n<meta name=\"robots\" content=\"index, follow, max-snippet:-1, max-image-preview:large, max-video-preview:-1\" \/>\n<link rel=\"canonical\" href=\"http:\/\/www.aspack.es\/news\/heidelberg-prepara-la-construccion-de-un-moderno-parque-industrial-en-wiesloch-walldorf\/\" \/>\n<meta property=\"og:locale\" content=\"es_ES\" \/>\n<meta property=\"og:type\" content=\"article\" \/>\n<meta property=\"og:title\" content=\"Heidelberg prepara la construcci\u00f3n de un moderno parque industrial en Wiesloch-Walldorf - ASPACK NEWS\" \/>\n<meta property=\"og:description\" content=\"Heidelberger Druckmaschinen AG (Heidelberg) ha alcanzado un nuevo hito como parte de sus medidas de optimizaci\u00f3n estructural y de emplazamiento planificadas. La venta de un \u00e1rea de alrededor de 130.000 metros cuadrados al Grupo VGP crear\u00e1 un nuevo y moderno parque industrial y comercial en sus instalaciones de Wiesloch-Walldorf. VGP es una compa\u00f1\u00eda familiar que&hellip;\" \/>\n<meta property=\"og:url\" content=\"http:\/\/www.aspack.es\/news\/heidelberg-prepara-la-construccion-de-un-moderno-parque-industrial-en-wiesloch-walldorf\/\" \/>\n<meta property=\"og:site_name\" content=\"ASPACK NEWS\" \/>\n<meta property=\"article:published_time\" content=\"2021-01-21T18:31:35+00:00\" \/>\n<meta property=\"article:modified_time\" content=\"2021-02-16T06:04:57+00:00\" \/>\n<meta property=\"og:image\" content=\"http:\/\/www.aspack.es\/news\/wp-content\/uploads\/2021\/01\/01_heidelberg_standort_wiesloch_walldorf_IMAGE_RATIO_2_8.jpg\" \/>\n\t<meta property=\"og:image:width\" content=\"1400\" \/>\n\t<meta property=\"og:image:height\" content=\"500\" \/>\n\t<meta property=\"og:image:type\" content=\"image\/jpeg\" \/>\n<meta name=\"author\" content=\"admin\" \/>\n<meta name=\"twitter:card\" content=\"summary_large_image\" \/>\n<meta name=\"twitter:label1\" content=\"Escrito por\" \/>\n\t<meta name=\"twitter:data1\" content=\"admin\" \/>\n\t<meta name=\"twitter:label2\" content=\"Tiempo de lectura\" \/>\n\t<meta name=\"twitter:data2\" content=\"2 minutos\" \/>\n<script type=\"application\/ld+json\" class=\"yoast-schema-graph\">{\"@context\":\"https:\/\/schema.org\",\"@graph\":[{\"@type\":\"WebPage\",\"@id\":\"http:\/\/www.aspack.es\/news\/heidelberg-prepara-la-construccion-de-un-moderno-parque-industrial-en-wiesloch-walldorf\/\",\"url\":\"http:\/\/www.aspack.es\/news\/heidelberg-prepara-la-construccion-de-un-moderno-parque-industrial-en-wiesloch-walldorf\/\",\"name\":\"Heidelberg prepara la construcci\u00f3n de un moderno parque industrial en Wiesloch-Walldorf - ASPACK NEWS\",\"isPartOf\":{\"@id\":\"https:\/\/www.aspack.es\/news\/#website\"},\"primaryImageOfPage\":{\"@id\":\"http:\/\/www.aspack.es\/news\/heidelberg-prepara-la-construccion-de-un-moderno-parque-industrial-en-wiesloch-walldorf\/#primaryimage\"},\"image\":{\"@id\":\"http:\/\/www.aspack.es\/news\/heidelberg-prepara-la-construccion-de-un-moderno-parque-industrial-en-wiesloch-walldorf\/#primaryimage\"},\"thumbnailUrl\":\"https:\/\/www.aspack.es\/news\/wp-content\/uploads\/2021\/01\/01_heidelberg_standort_wiesloch_walldorf_IMAGE_RATIO_2_8.jpg\",\"datePublished\":\"2021-01-21T18:31:35+00:00\",\"dateModified\":\"2021-02-16T06:04:57+00:00\",\"author\":{\"@id\":\"https:\/\/www.aspack.es\/news\/#\/schema\/person\/0019098322836346476fc7dfdbd26d95\"},\"breadcrumb\":{\"@id\":\"http:\/\/www.aspack.es\/news\/heidelberg-prepara-la-construccion-de-un-moderno-parque-industrial-en-wiesloch-walldorf\/#breadcrumb\"},\"inLanguage\":\"es\",\"potentialAction\":[{\"@type\":\"ReadAction\",\"target\":[\"http:\/\/www.aspack.es\/news\/heidelberg-prepara-la-construccion-de-un-moderno-parque-industrial-en-wiesloch-walldorf\/\"]}]},{\"@type\":\"ImageObject\",\"inLanguage\":\"es\",\"@id\":\"http:\/\/www.aspack.es\/news\/heidelberg-prepara-la-construccion-de-un-moderno-parque-industrial-en-wiesloch-walldorf\/#primaryimage\",\"url\":\"https:\/\/www.aspack.es\/news\/wp-content\/uploads\/2021\/01\/01_heidelberg_standort_wiesloch_walldorf_IMAGE_RATIO_2_8.jpg\",\"contentUrl\":\"https:\/\/www.aspack.es\/news\/wp-content\/uploads\/2021\/01\/01_heidelberg_standort_wiesloch_walldorf_IMAGE_RATIO_2_8.jpg\",\"width\":1400,\"height\":500},{\"@type\":\"BreadcrumbList\",\"@id\":\"http:\/\/www.aspack.es\/news\/heidelberg-prepara-la-construccion-de-un-moderno-parque-industrial-en-wiesloch-walldorf\/#breadcrumb\",\"itemListElement\":[{\"@type\":\"ListItem\",\"position\":1,\"name\":\"Portada\",\"item\":\"https:\/\/www.aspack.es\/news\/\"},{\"@type\":\"ListItem\",\"position\":2,\"name\":\"Heidelberg prepara la construcci\u00f3n de un moderno parque industrial en Wiesloch-Walldorf\"}]},{\"@type\":\"WebSite\",\"@id\":\"https:\/\/www.aspack.es\/news\/#website\",\"url\":\"https:\/\/www.aspack.es\/news\/\",\"name\":\"ASPACK NEWS\",\"description\":\"El peri?dico digital de los envases de cart?n\",\"potentialAction\":[{\"@type\":\"SearchAction\",\"target\":{\"@type\":\"EntryPoint\",\"urlTemplate\":\"https:\/\/www.aspack.es\/news\/?s={search_term_string}\"},\"query-input\":{\"@type\":\"PropertyValueSpecification\",\"valueRequired\":true,\"valueName\":\"search_term_string\"}}],\"inLanguage\":\"es\"},{\"@type\":\"Person\",\"@id\":\"https:\/\/www.aspack.es\/news\/#\/schema\/person\/0019098322836346476fc7dfdbd26d95\",\"name\":\"admin\",\"image\":{\"@type\":\"ImageObject\",\"inLanguage\":\"es\",\"@id\":\"https:\/\/www.aspack.es\/news\/#\/schema\/person\/image\/\",\"url\":\"https:\/\/secure.gravatar.com\/avatar\/6a6c60542c39a2d052b8b1e8c5145e669bf888b9b229b3da0e43092daac8a32e?s=96&d=mm&r=g\",\"contentUrl\":\"https:\/\/secure.gravatar.com\/avatar\/6a6c60542c39a2d052b8b1e8c5145e669bf888b9b229b3da0e43092daac8a32e?s=96&d=mm&r=g\",\"caption\":\"admin\"},\"url\":\"https:\/\/www.aspack.es\/news\/author\/admin\/\"}]}<\/script>\n<!-- \/ Yoast SEO plugin. -->","yoast_head_json":{"title":"Heidelberg prepara la construcci\u00f3n de un moderno parque industrial en Wiesloch-Walldorf - ASPACK NEWS","robots":{"index":"index","follow":"follow","max-snippet":"max-snippet:-1","max-image-preview":"max-image-preview:large","max-video-preview":"max-video-preview:-1"},"canonical":"http:\/\/www.aspack.es\/news\/heidelberg-prepara-la-construccion-de-un-moderno-parque-industrial-en-wiesloch-walldorf\/","og_locale":"es_ES","og_type":"article","og_title":"Heidelberg prepara la construcci\u00f3n de un moderno parque industrial en Wiesloch-Walldorf - ASPACK NEWS","og_description":"Heidelberger Druckmaschinen AG (Heidelberg) ha alcanzado un nuevo hito como parte de sus medidas de optimizaci\u00f3n estructural y de emplazamiento planificadas. La venta de un \u00e1rea de alrededor de 130.000 metros cuadrados al Grupo VGP crear\u00e1 un nuevo y moderno parque industrial y comercial en sus instalaciones de Wiesloch-Walldorf. VGP es una compa\u00f1\u00eda familiar que&hellip;","og_url":"http:\/\/www.aspack.es\/news\/heidelberg-prepara-la-construccion-de-un-moderno-parque-industrial-en-wiesloch-walldorf\/","og_site_name":"ASPACK NEWS","article_published_time":"2021-01-21T18:31:35+00:00","article_modified_time":"2021-02-16T06:04:57+00:00","og_image":[{"width":1400,"height":500,"url":"http:\/\/www.aspack.es\/news\/wp-content\/uploads\/2021\/01\/01_heidelberg_standort_wiesloch_walldorf_IMAGE_RATIO_2_8.jpg","type":"image\/jpeg"}],"author":"admin","twitter_card":"summary_large_image","twitter_misc":{"Escrito por":"admin","Tiempo de lectura":"2 minutos"},"schema":{"@context":"https:\/\/schema.org","@graph":[{"@type":"WebPage","@id":"http:\/\/www.aspack.es\/news\/heidelberg-prepara-la-construccion-de-un-moderno-parque-industrial-en-wiesloch-walldorf\/","url":"http:\/\/www.aspack.es\/news\/heidelberg-prepara-la-construccion-de-un-moderno-parque-industrial-en-wiesloch-walldorf\/","name":"Heidelberg prepara la construcci\u00f3n de un moderno parque industrial en Wiesloch-Walldorf - ASPACK NEWS","isPartOf":{"@id":"https:\/\/www.aspack.es\/news\/#website"},"primaryImageOfPage":{"@id":"http:\/\/www.aspack.es\/news\/heidelberg-prepara-la-construccion-de-un-moderno-parque-industrial-en-wiesloch-walldorf\/#primaryimage"},"image":{"@id":"http:\/\/www.aspack.es\/news\/heidelberg-prepara-la-construccion-de-un-moderno-parque-industrial-en-wiesloch-walldorf\/#primaryimage"},"thumbnailUrl":"https:\/\/www.aspack.es\/news\/wp-content\/uploads\/2021\/01\/01_heidelberg_standort_wiesloch_walldorf_IMAGE_RATIO_2_8.jpg","datePublished":"2021-01-21T18:31:35+00:00","dateModified":"2021-02-16T06:04:57+00:00","author":{"@id":"https:\/\/www.aspack.es\/news\/#\/schema\/person\/0019098322836346476fc7dfdbd26d95"},"breadcrumb":{"@id":"http:\/\/www.aspack.es\/news\/heidelberg-prepara-la-construccion-de-un-moderno-parque-industrial-en-wiesloch-walldorf\/#breadcrumb"},"inLanguage":"es","potentialAction":[{"@type":"ReadAction","target":["http:\/\/www.aspack.es\/news\/heidelberg-prepara-la-construccion-de-un-moderno-parque-industrial-en-wiesloch-walldorf\/"]}]},{"@type":"ImageObject","inLanguage":"es","@id":"http:\/\/www.aspack.es\/news\/heidelberg-prepara-la-construccion-de-un-moderno-parque-industrial-en-wiesloch-walldorf\/#primaryimage","url":"https:\/\/www.aspack.es\/news\/wp-content\/uploads\/2021\/01\/01_heidelberg_standort_wiesloch_walldorf_IMAGE_RATIO_2_8.jpg","contentUrl":"https:\/\/www.aspack.es\/news\/wp-content\/uploads\/2021\/01\/01_heidelberg_standort_wiesloch_walldorf_IMAGE_RATIO_2_8.jpg","width":1400,"height":500},{"@type":"BreadcrumbList","@id":"http:\/\/www.aspack.es\/news\/heidelberg-prepara-la-construccion-de-un-moderno-parque-industrial-en-wiesloch-walldorf\/#breadcrumb","itemListElement":[{"@type":"ListItem","position":1,"name":"Portada","item":"https:\/\/www.aspack.es\/news\/"},{"@type":"ListItem","position":2,"name":"Heidelberg prepara la construcci\u00f3n de un moderno parque industrial en Wiesloch-Walldorf"}]},{"@type":"WebSite","@id":"https:\/\/www.aspack.es\/news\/#website","url":"https:\/\/www.aspack.es\/news\/","name":"ASPACK NEWS","description":"El peri?dico digital de los envases de cart?n","potentialAction":[{"@type":"SearchAction","target":{"@type":"EntryPoint","urlTemplate":"https:\/\/www.aspack.es\/news\/?s={search_term_string}"},"query-input":{"@type":"PropertyValueSpecification","valueRequired":true,"valueName":"search_term_string"}}],"inLanguage":"es"},{"@type":"Person","@id":"https:\/\/www.aspack.es\/news\/#\/schema\/person\/0019098322836346476fc7dfdbd26d95","name":"admin","image":{"@type":"ImageObject","inLanguage":"es","@id":"https:\/\/www.aspack.es\/news\/#\/schema\/person\/image\/","url":"https:\/\/secure.gravatar.com\/avatar\/6a6c60542c39a2d052b8b1e8c5145e669bf888b9b229b3da0e43092daac8a32e?s=96&d=mm&r=g","contentUrl":"https:\/\/secure.gravatar.com\/avatar\/6a6c60542c39a2d052b8b1e8c5145e669bf888b9b229b3da0e43092daac8a32e?s=96&d=mm&r=g","caption":"admin"},"url":"https:\/\/www.aspack.es\/news\/author\/admin\/"}]}},"_links":{"self":[{"href":"https:\/\/www.aspack.es\/news\/wp-json\/wp\/v2\/posts\/1220","targetHints":{"allow":["GET"]}}],"collection":[{"href":"https:\/\/www.aspack.es\/news\/wp-json\/wp\/v2\/posts"}],"about":[{"href":"https:\/\/www.aspack.es\/news\/wp-json\/wp\/v2\/types\/post"}],"author":[{"embeddable":true,"href":"https:\/\/www.aspack.es\/news\/wp-json\/wp\/v2\/users\/1"}],"replies":[{"embeddable":true,"href":"https:\/\/www.aspack.es\/news\/wp-json\/wp\/v2\/comments?post=1220"}],"version-history":[{"count":3,"href":"https:\/\/www.aspack.es\/news\/wp-json\/wp\/v2\/posts\/1220\/revisions"}],"predecessor-version":[{"id":1254,"href":"https:\/\/www.aspack.es\/news\/wp-json\/wp\/v2\/posts\/1220\/revisions\/1254"}],"wp:featuredmedia":[{"embeddable":true,"href":"https:\/\/www.aspack.es\/news\/wp-json\/wp\/v2\/media\/1221"}],"wp:attachment":[{"href":"https:\/\/www.aspack.es\/news\/wp-json\/wp\/v2\/media?parent=1220"}],"wp:term":[{"taxonomy":"category","embeddable":true,"href":"https:\/\/www.aspack.es\/news\/wp-json\/wp\/v2\/categories?post=1220"},{"taxonomy":"post_tag","embeddable":true,"href":"https:\/\/www.aspack.es\/news\/wp-json\/wp\/v2\/tags?post=1220"}],"curies":[{"name":"wp","href":"https:\/\/api.w.org\/{rel}","templated":true}]}}