{"id":1247,"date":"2021-02-16T06:01:31","date_gmt":"2021-02-16T06:01:31","guid":{"rendered":"http:\/\/www.aspack.es\/news\/?p=1247"},"modified":"2021-06-22T10:51:55","modified_gmt":"2021-06-22T10:51:55","slug":"la-investigacion-de-la-ffi-y-la-pts-confirma-que-los-envases-de-carton-laminados-se-pueden-reciclar-en-el-circuito-corriente-de-residuos-papel-y-carton","status":"publish","type":"post","link":"https:\/\/www.aspack.es\/news\/la-investigacion-de-la-ffi-y-la-pts-confirma-que-los-envases-de-carton-laminados-se-pueden-reciclar-en-el-circuito-corriente-de-residuos-papel-y-carton\/","title":{"rendered":"La investigaci\u00f3n de la FFI y la PTS confirma que los envases de cart\u00f3n laminados se pueden reciclar en el circuito corriente de residuos papel y cart\u00f3n."},"content":{"rendered":"<p style=\"text-align: justify;\">Los envases plegables de cart\u00f3n son reciclables como parte del flujo de papel recolectado de los hogares privados. Esto se ve confirmado por un estudio reciente de amplio alcance encargado por la <strong>Fachverband Faltschachtel-Industrie<\/strong> (Asociaci\u00f3n Alemana de Envases Plegables de Cart\u00f3n, FFI) a la <strong>Papiertechnische Stiftung<\/strong> (Fundaci\u00f3n para la Investigaci\u00f3n de Soluciones basadas en Fibra, PTS).<\/p>\n<p style=\"text-align: justify;\">Todos los tipos de cajas de cart\u00f3n plegables analizados revelaron que el componente de fibra de los distintos envases de cart\u00f3n plegable se puede reciclar por completo. Como era de esperar, el rendimiento de la pulpa se redujo solo por la proporci\u00f3n de componentes de productos distintos del papel, p. ej. pl\u00e1sticos de revestimientos de barrera o materiales para ventanas. Incluso un tiempo de desintegraci\u00f3n reducido a diez minutos, en comparaci\u00f3n con los 20 minutos seg\u00fan el est\u00e1ndar de prueba, no influye en el rendimiento de la fibra, ya que, con pocas excepciones, el contenido m\u00e1ximo de fibra ya se desintegr\u00f3 en el intervalo m\u00e1s corto.<\/p>\n<p style=\"text-align: justify;\"><strong>SIN RESTRICCIONES SOBRE LA CALIDAD DE LAS FIBRAS<\/strong><\/p>\n<p style=\"text-align: justify;\">Adem\u00e1s, la calidad de la pulpa (reciclado) obtenida en t\u00e9rminos de pegajosidad o las no homogeneidades \u00f3pticas no mostr\u00f3 restricci\u00f3n con respecto al reciclado mec\u00e1nico a trav\u00e9s del flujo de papel recolectado de hogares privados. Aunque se produjeron sustancias no homog\u00e9neas visualmente perturbadoras o un aumento de la pegajosidad en muestras individuales de las categor\u00edas de impresi\u00f3n \/ recubrimiento y aplicaciones adhesivas, estas pueden separarse o clasificarse como no cr\u00edticos en la recogida domiciliaria de residuos de papel. Lo mismo se aplica a la metalizaci\u00f3n, que en las muestras examinadas se aplic\u00f3 a los envases de cart\u00f3n plegables mediante laminaci\u00f3n de PET o transferencia en fr\u00edo. Es cierto que en estas aplicaciones la metalizaci\u00f3n conduce a una peor separabilidad de estas part\u00edculas en la clasificaci\u00f3n, lo que provoc\u00f3 impurezas visualmente perturbadoras. Sin embargo, estos son reciclables en una mezcla como los desechos dom\u00e9sticos de papel.<\/p>\n<p style=\"text-align: justify;\"><strong>INCLUSO LOS ENVASES DE CART\u00d3N LAMINADOS SE PUEDEN RECICLAR EN EL CIRCUITO CORRIENTE DE RESIDUOS PAPEL<\/strong><\/p>\n<p style=\"text-align: justify;\">Los componentes pl\u00e1sticos de los revestimientos internos y las laminaciones de revestimiento externo se fragmentan, es decir, se descomponen ligeramente, pero se pueden separar f\u00e1cilmente durante la clasificaci\u00f3n. Esto demuestra en particular que las cajas de cart\u00f3n plegables revestidas por una cara son reciclables en la recogida dom\u00e9stica de residuos de papel. Lo mismo se confirm\u00f3 para los materiales de las tazas y vasos, cuatro muestras de las cuales tambi\u00e9n se analizaron en la investigaci\u00f3n. Si dichos materiales de taza o vaso no tienen un tratamiento de resistencia en h\u00famedo, tambi\u00e9n ser\u00edan reciclables en el flujo de papel mixto recolectado de los hogares.<\/p>\n<p style=\"text-align: justify;\"><strong>EL PROCESO DE RECICLAJE CERRADO DE ENVASES PLEGABLES DE CART\u00d3N ES UNA ACCI\u00d3N DE SOSTENIBILIDAD<\/strong><\/p>\n<p style=\"text-align: justify;\">\u00abEl estudio confirma la pr\u00e1ctica que se ha seguido durante d\u00e9cadas, seg\u00fan la cual los consumidores hacen todo bien cuando colocan envases plegables de cart\u00f3n en papel recuperado para reciclarlos despu\u00e9s de retirar el producto\u00bb, dice Andreas Helbig, portavoz de la junta de FFI. El reciclaje de envases plegables de cart\u00f3n como una sub-fracci\u00f3n de papel y cart\u00f3n se ha establecido durante d\u00e9cadas a trav\u00e9s de la recolecci\u00f3n, clasificaci\u00f3n y recuperaci\u00f3n de materiales en el flujo de residuos de papel. El papel usado tiene un valor de mercado como materia prima, y las tasas de reciclaje reflejan este \u00e9xito.<\/p>\n<p style=\"text-align: justify;\"><strong>LOS GRUPOS DE INTER\u00c9S Y LAS MARCAS EXIGEN EVIDENCIA DE RECICLABILIDAD<\/strong><\/p>\n<p style=\"text-align: justify;\">La FFI considera que su estudio actual es una contribuci\u00f3n importante de la industria del cart\u00f3n plegable al debate actual de pol\u00edtica social y medioambiental sobre el circuito cerrado de reciclaje y la reciclabilidad de los envases usados. Por un lado, los propietarios de las marcas y los minoristas est\u00e1n formulando cada vez m\u00e1s principios y est\u00e1ndares para los envases seg\u00fan los cuales deben ser reciclables o tener cierto contenido reciclado. Por otro lado, las empresas de eliminaci\u00f3n (Dual Systems en Alemania o Ecoemb\u00e9s en Espa\u00f1a) tienen el mandato legal de informar a los consumidores sobre la correcta separaci\u00f3n de los residuos de envases usados. Para ello, necesitan recomendaciones y evidencias de criterios definidos en cuanto a la asignaci\u00f3n de envases a los diferentes sistemas de recogida (papel, mezcla, vidrio, residuos residuales, etc.). Y, por \u00faltimo, es el responsable de la formulaci\u00f3n de pol\u00edticas quien especifica la responsabilidad del producto para comercializar los envases y los requisitos para la reciclabilidad de los envases (Ley de envases en Alemania o Ley de envases y residuos de envases en Espa\u00f1a). Esta es la base del est\u00e1ndar m\u00ednimo para la evaluaci\u00f3n de la reciclabilidad de los envases sujetos a la participaci\u00f3n del sistema del Registro de Envases de la Agencia Central (ZSVR), que especifica los criterios m\u00ednimos para determinar la reciclabilidad de los envases. Con este amplio estudio, la FFI quiere dar respuestas a las preguntas de si y c\u00f3mo las diferentes combinaciones de materiales y procesos de acabado utilizados en la producci\u00f3n de envases de cart\u00f3n plegable influye en la reciclabilidad individual de los envases plegables.<\/p>\n<p style=\"text-align: justify;\"><strong>PROCESO DE EXAMEN DE LOS ENVASES PLEGABLES DE CART\u00d3N<\/strong><\/p>\n<p style=\"text-align: justify;\">Tanto para la prueba b\u00e1sica de que las cajas de cart\u00f3n plegables se pueden reciclar en los residuos de papel como para el uso como prueba de tipo en casos individuales, la selecci\u00f3n de muestras de las variantes de cajas de cart\u00f3n plegables ten\u00eda que ser representativa. Para garantizar esto, se seleccionaron envases plegables de cart\u00f3n t\u00edpicos de los segmentos de alimentos (alimentos secos, alimentos congelados, confiter\u00eda, t\u00e9 \/ caf\u00e9, cereales) y los segmentos no alimentarios (cosm\u00e9ticos, productos farmac\u00e9uticos) de acuerdo con la relevancia del mercado. A partir de estos segmentos, se identificaron e investigaron varios grupos de caracter\u00edsticas que representan el espectro com\u00fan de combinaciones de materiales, como la impresi\u00f3n y el barniz, el revestimiento exterior e interior, las aplicaciones adhesivas y las ventanas, como par\u00e1metros que influyen en el reciclaje. Adem\u00e1s, se seleccionaron los tipos de materiales t\u00edpicos (tintas de impresi\u00f3n offset convencionales o de baja migraci\u00f3n y barnices de dispersi\u00f3n, adhesivos de dispersi\u00f3n, extrusi\u00f3n de PE, laminaci\u00f3n de PET, etc.) y cantidades de aplicaci\u00f3n promedio, espesores de capa o revestimientos de superficies en cada grupo de caracter\u00edsticas. A este respecto, las declaraciones sobre la reciclabilidad de los envases \u00a0plegables de cart\u00f3n en el flujo de papel usado se aplican a las muestras de estudio seleccionadas y sus especificaciones t\u00e9cnicas, pero no se aplican a combinaciones de otros materiales que estaban fuera del dise\u00f1o del estudio, como flexograf\u00eda, huecograbado o tintas de impresi\u00f3n digital, barnices para serigraf\u00eda, barnices para sellar, adhesivos termofusibles, etc\u00e9tera. Estas combinaciones de materiales pueden ser parte de ex\u00e1menes de asociaci\u00f3n adicionales. Las pruebas se realizaron de acuerdo con el m\u00e9todo PTS-RH 021\/97 (versi\u00f3n 2012) para la ruta de recolecci\u00f3n del flujo de papel recolectado de hogares privados, que es tambi\u00e9n referenciada en la norma m\u00ednima de la ZSVR para la evaluaci\u00f3n de la reciclabilidad de los envases de papel y cart\u00f3n. Este m\u00e9todo se utiliza para evaluar los aspectos esenciales de la reciclabilidad: la desfibrabilidad del material de embalaje y la posibilidad de que entren sustancias interferentes.<\/p>\n<p style=\"text-align: justify;\"><strong>NECESIDAD ADICIONAL DE INVESTIGACI\u00d3N<\/strong><\/p>\n<p style=\"text-align: justify;\">El estudio tambi\u00e9n muestra la necesidad de una mayor investigaci\u00f3n. Por un lado, esto existe en el \u00e1rea de la interacci\u00f3n entre el barniz de dispersi\u00f3n y las tintas de impresi\u00f3n con respecto a la formaci\u00f3n de part\u00edculas visualmente perturbadoras y la capacidad de destintado de las tintas de impresi\u00f3n en combinaci\u00f3n con el barniz de dispersi\u00f3n. Todav\u00eda hay poco conocimiento sobre esta interacci\u00f3n entre tintas de impresi\u00f3n y barniz de dispersi\u00f3n. Por otro lado, la FFI analizar\u00e1 el comportamiento de fragmentaci\u00f3n y separaci\u00f3n de los pigmentos met\u00e1licos y sus distintos procesos de transferencia con m\u00e1s estudios y el apoyo de los proveedores relevantes. Tambi\u00e9n se prestar\u00e1 mayor atenci\u00f3n al comportamiento de clasificaci\u00f3n de los revestimientos funcionales externos o internos con respecto al espesor y la resistencia de la pel\u00edcula. De vez en cuando, surgen rumores entre los expertos de que los envases de cart\u00f3n recubiertos de pl\u00e1stico no son reciclables o solo se pueden reciclar de forma limitada. \u00abEs el caso contrario\u00bb, como afirma Andreas Helbig con referencia a las muestras correspondientes en el estudio actual. \u00abTodas las muestras de revestimiento seleccionadas son reciclables en papel usado\u00bb, contin\u00faa Helbig. \u00abVariaremos las especificaciones de los recubrimientos en investigaciones adicionales para corroborar a\u00fan m\u00e1s el hallazgo de que los envases plegables de cart\u00f3n recubiertos tambi\u00e9n pertenecen al papel recuperado, donde, dicho sea de paso, los consumidores los han estado desechando con la conciencia tranquila durante d\u00e9cadas\u00bb. Adem\u00e1s, tambi\u00e9n son de inter\u00e9s otros procesos de aplicaci\u00f3n y combinaciones de materiales que no han sido objeto de este estudio, o que solo lo han sido parcialmente. Estos incluyen, por ejemplo, tintas de impresi\u00f3n flexogr\u00e1fica, de huecograbado o digital, barnices de serigraf\u00eda, barnices de sellado o relieve en caliente.<\/p>\n<p style=\"text-align: justify;\">Para acceder a una mayor de este estudio por favor contactar con <strong>Aspack<\/strong> en <strong>aspack@aspack.es<\/strong><\/p>\n","protected":false},"excerpt":{"rendered":"<p>Los envases plegables de cart\u00f3n son reciclables como parte del flujo de papel recolectado de los hogares privados. Esto se ve confirmado por un estudio reciente de amplio alcance encargado por la Fachverband Faltschachtel-Industrie (Asociaci\u00f3n Alemana de Envases Plegables de Cart\u00f3n, FFI) a la Papiertechnische Stiftung (Fundaci\u00f3n para la Investigaci\u00f3n de Soluciones basadas en Fibra,&hellip;<\/p>\n","protected":false},"author":1,"featured_media":1248,"comment_status":"closed","ping_status":"open","sticky":false,"template":"","format":"standard","meta":{"footnotes":""},"categories":[17],"tags":[],"class_list":["post-1247","post","type-post","status-publish","format-standard","has-post-thumbnail","hentry","category-el-sector"],"yoast_head":"<!-- This site is optimized with the Yoast SEO plugin v25.9 - https:\/\/yoast.com\/wordpress\/plugins\/seo\/ -->\n<title>La investigaci\u00f3n de la FFI y la PTS confirma que los envases de cart\u00f3n laminados se pueden reciclar en el circuito corriente de residuos papel y cart\u00f3n. - ASPACK NEWS<\/title>\n<meta name=\"robots\" content=\"index, follow, max-snippet:-1, max-image-preview:large, max-video-preview:-1\" \/>\n<link rel=\"canonical\" href=\"https:\/\/www.aspack.es\/news\/la-investigacion-de-la-ffi-y-la-pts-confirma-que-los-envases-de-carton-laminados-se-pueden-reciclar-en-el-circuito-corriente-de-residuos-papel-y-carton\/\" \/>\n<meta property=\"og:locale\" content=\"es_ES\" \/>\n<meta property=\"og:type\" content=\"article\" \/>\n<meta property=\"og:title\" content=\"La investigaci\u00f3n de la FFI y la PTS confirma que los envases de cart\u00f3n laminados se pueden reciclar en el circuito corriente de residuos papel y cart\u00f3n. - ASPACK NEWS\" \/>\n<meta property=\"og:description\" content=\"Los envases plegables de cart\u00f3n son reciclables como parte del flujo de papel recolectado de los hogares privados. Esto se ve confirmado por un estudio reciente de amplio alcance encargado por la Fachverband Faltschachtel-Industrie (Asociaci\u00f3n Alemana de Envases Plegables de Cart\u00f3n, FFI) a la Papiertechnische Stiftung (Fundaci\u00f3n para la Investigaci\u00f3n de Soluciones basadas en Fibra,&hellip;\" \/>\n<meta property=\"og:url\" content=\"https:\/\/www.aspack.es\/news\/la-investigacion-de-la-ffi-y-la-pts-confirma-que-los-envases-de-carton-laminados-se-pueden-reciclar-en-el-circuito-corriente-de-residuos-papel-y-carton\/\" \/>\n<meta property=\"og:site_name\" content=\"ASPACK NEWS\" \/>\n<meta property=\"article:published_time\" content=\"2021-02-16T06:01:31+00:00\" \/>\n<meta property=\"article:modified_time\" content=\"2021-06-22T10:51:55+00:00\" \/>\n<meta property=\"og:image\" content=\"https:\/\/www.aspack.es\/news\/wp-content\/uploads\/2021\/02\/Foto-FFI-y-PTS.jpg\" \/>\n\t<meta property=\"og:image:width\" content=\"980\" \/>\n\t<meta property=\"og:image:height\" content=\"560\" \/>\n\t<meta property=\"og:image:type\" content=\"image\/jpeg\" \/>\n<meta name=\"author\" content=\"admin\" \/>\n<meta name=\"twitter:card\" content=\"summary_large_image\" \/>\n<meta name=\"twitter:label1\" content=\"Escrito por\" \/>\n\t<meta name=\"twitter:data1\" content=\"admin\" \/>\n\t<meta name=\"twitter:label2\" content=\"Tiempo de lectura\" \/>\n\t<meta name=\"twitter:data2\" content=\"8 minutos\" \/>\n<script type=\"application\/ld+json\" class=\"yoast-schema-graph\">{\"@context\":\"https:\/\/schema.org\",\"@graph\":[{\"@type\":\"WebPage\",\"@id\":\"https:\/\/www.aspack.es\/news\/la-investigacion-de-la-ffi-y-la-pts-confirma-que-los-envases-de-carton-laminados-se-pueden-reciclar-en-el-circuito-corriente-de-residuos-papel-y-carton\/\",\"url\":\"https:\/\/www.aspack.es\/news\/la-investigacion-de-la-ffi-y-la-pts-confirma-que-los-envases-de-carton-laminados-se-pueden-reciclar-en-el-circuito-corriente-de-residuos-papel-y-carton\/\",\"name\":\"La investigaci\u00f3n de la FFI y la PTS confirma que los envases de cart\u00f3n laminados se pueden reciclar en el circuito corriente de residuos papel y cart\u00f3n. - ASPACK NEWS\",\"isPartOf\":{\"@id\":\"http:\/\/www.aspack.es\/news\/#website\"},\"primaryImageOfPage\":{\"@id\":\"https:\/\/www.aspack.es\/news\/la-investigacion-de-la-ffi-y-la-pts-confirma-que-los-envases-de-carton-laminados-se-pueden-reciclar-en-el-circuito-corriente-de-residuos-papel-y-carton\/#primaryimage\"},\"image\":{\"@id\":\"https:\/\/www.aspack.es\/news\/la-investigacion-de-la-ffi-y-la-pts-confirma-que-los-envases-de-carton-laminados-se-pueden-reciclar-en-el-circuito-corriente-de-residuos-papel-y-carton\/#primaryimage\"},\"thumbnailUrl\":\"https:\/\/www.aspack.es\/news\/wp-content\/uploads\/2021\/02\/Foto-FFI-y-PTS.jpg\",\"datePublished\":\"2021-02-16T06:01:31+00:00\",\"dateModified\":\"2021-06-22T10:51:55+00:00\",\"author\":{\"@id\":\"http:\/\/www.aspack.es\/news\/#\/schema\/person\/0019098322836346476fc7dfdbd26d95\"},\"breadcrumb\":{\"@id\":\"https:\/\/www.aspack.es\/news\/la-investigacion-de-la-ffi-y-la-pts-confirma-que-los-envases-de-carton-laminados-se-pueden-reciclar-en-el-circuito-corriente-de-residuos-papel-y-carton\/#breadcrumb\"},\"inLanguage\":\"es\",\"potentialAction\":[{\"@type\":\"ReadAction\",\"target\":[\"https:\/\/www.aspack.es\/news\/la-investigacion-de-la-ffi-y-la-pts-confirma-que-los-envases-de-carton-laminados-se-pueden-reciclar-en-el-circuito-corriente-de-residuos-papel-y-carton\/\"]}]},{\"@type\":\"ImageObject\",\"inLanguage\":\"es\",\"@id\":\"https:\/\/www.aspack.es\/news\/la-investigacion-de-la-ffi-y-la-pts-confirma-que-los-envases-de-carton-laminados-se-pueden-reciclar-en-el-circuito-corriente-de-residuos-papel-y-carton\/#primaryimage\",\"url\":\"https:\/\/www.aspack.es\/news\/wp-content\/uploads\/2021\/02\/Foto-FFI-y-PTS.jpg\",\"contentUrl\":\"https:\/\/www.aspack.es\/news\/wp-content\/uploads\/2021\/02\/Foto-FFI-y-PTS.jpg\",\"width\":980,\"height\":560},{\"@type\":\"BreadcrumbList\",\"@id\":\"https:\/\/www.aspack.es\/news\/la-investigacion-de-la-ffi-y-la-pts-confirma-que-los-envases-de-carton-laminados-se-pueden-reciclar-en-el-circuito-corriente-de-residuos-papel-y-carton\/#breadcrumb\",\"itemListElement\":[{\"@type\":\"ListItem\",\"position\":1,\"name\":\"Portada\",\"item\":\"http:\/\/www.aspack.es\/news\/\"},{\"@type\":\"ListItem\",\"position\":2,\"name\":\"La investigaci\u00f3n de la FFI y la PTS confirma que los envases de cart\u00f3n laminados se pueden reciclar en el circuito corriente de residuos papel y cart\u00f3n.\"}]},{\"@type\":\"WebSite\",\"@id\":\"http:\/\/www.aspack.es\/news\/#website\",\"url\":\"http:\/\/www.aspack.es\/news\/\",\"name\":\"ASPACK NEWS\",\"description\":\"El peri?dico digital de los envases de cart?n\",\"potentialAction\":[{\"@type\":\"SearchAction\",\"target\":{\"@type\":\"EntryPoint\",\"urlTemplate\":\"http:\/\/www.aspack.es\/news\/?s={search_term_string}\"},\"query-input\":{\"@type\":\"PropertyValueSpecification\",\"valueRequired\":true,\"valueName\":\"search_term_string\"}}],\"inLanguage\":\"es\"},{\"@type\":\"Person\",\"@id\":\"http:\/\/www.aspack.es\/news\/#\/schema\/person\/0019098322836346476fc7dfdbd26d95\",\"name\":\"admin\",\"image\":{\"@type\":\"ImageObject\",\"inLanguage\":\"es\",\"@id\":\"http:\/\/www.aspack.es\/news\/#\/schema\/person\/image\/\",\"url\":\"https:\/\/secure.gravatar.com\/avatar\/6a6c60542c39a2d052b8b1e8c5145e669bf888b9b229b3da0e43092daac8a32e?s=96&d=mm&r=g\",\"contentUrl\":\"https:\/\/secure.gravatar.com\/avatar\/6a6c60542c39a2d052b8b1e8c5145e669bf888b9b229b3da0e43092daac8a32e?s=96&d=mm&r=g\",\"caption\":\"admin\"},\"url\":\"https:\/\/www.aspack.es\/news\/author\/admin\/\"}]}<\/script>\n<!-- \/ Yoast SEO plugin. -->","yoast_head_json":{"title":"La investigaci\u00f3n de la FFI y la PTS confirma que los envases de cart\u00f3n laminados se pueden reciclar en el circuito corriente de residuos papel y cart\u00f3n. - ASPACK NEWS","robots":{"index":"index","follow":"follow","max-snippet":"max-snippet:-1","max-image-preview":"max-image-preview:large","max-video-preview":"max-video-preview:-1"},"canonical":"https:\/\/www.aspack.es\/news\/la-investigacion-de-la-ffi-y-la-pts-confirma-que-los-envases-de-carton-laminados-se-pueden-reciclar-en-el-circuito-corriente-de-residuos-papel-y-carton\/","og_locale":"es_ES","og_type":"article","og_title":"La investigaci\u00f3n de la FFI y la PTS confirma que los envases de cart\u00f3n laminados se pueden reciclar en el circuito corriente de residuos papel y cart\u00f3n. - ASPACK NEWS","og_description":"Los envases plegables de cart\u00f3n son reciclables como parte del flujo de papel recolectado de los hogares privados. Esto se ve confirmado por un estudio reciente de amplio alcance encargado por la Fachverband Faltschachtel-Industrie (Asociaci\u00f3n Alemana de Envases Plegables de Cart\u00f3n, FFI) a la Papiertechnische Stiftung (Fundaci\u00f3n para la Investigaci\u00f3n de Soluciones basadas en Fibra,&hellip;","og_url":"https:\/\/www.aspack.es\/news\/la-investigacion-de-la-ffi-y-la-pts-confirma-que-los-envases-de-carton-laminados-se-pueden-reciclar-en-el-circuito-corriente-de-residuos-papel-y-carton\/","og_site_name":"ASPACK NEWS","article_published_time":"2021-02-16T06:01:31+00:00","article_modified_time":"2021-06-22T10:51:55+00:00","og_image":[{"width":980,"height":560,"url":"https:\/\/www.aspack.es\/news\/wp-content\/uploads\/2021\/02\/Foto-FFI-y-PTS.jpg","type":"image\/jpeg"}],"author":"admin","twitter_card":"summary_large_image","twitter_misc":{"Escrito por":"admin","Tiempo de lectura":"8 minutos"},"schema":{"@context":"https:\/\/schema.org","@graph":[{"@type":"WebPage","@id":"https:\/\/www.aspack.es\/news\/la-investigacion-de-la-ffi-y-la-pts-confirma-que-los-envases-de-carton-laminados-se-pueden-reciclar-en-el-circuito-corriente-de-residuos-papel-y-carton\/","url":"https:\/\/www.aspack.es\/news\/la-investigacion-de-la-ffi-y-la-pts-confirma-que-los-envases-de-carton-laminados-se-pueden-reciclar-en-el-circuito-corriente-de-residuos-papel-y-carton\/","name":"La investigaci\u00f3n de la FFI y la PTS confirma que los envases de cart\u00f3n laminados se pueden reciclar en el circuito corriente de residuos papel y cart\u00f3n. - ASPACK NEWS","isPartOf":{"@id":"http:\/\/www.aspack.es\/news\/#website"},"primaryImageOfPage":{"@id":"https:\/\/www.aspack.es\/news\/la-investigacion-de-la-ffi-y-la-pts-confirma-que-los-envases-de-carton-laminados-se-pueden-reciclar-en-el-circuito-corriente-de-residuos-papel-y-carton\/#primaryimage"},"image":{"@id":"https:\/\/www.aspack.es\/news\/la-investigacion-de-la-ffi-y-la-pts-confirma-que-los-envases-de-carton-laminados-se-pueden-reciclar-en-el-circuito-corriente-de-residuos-papel-y-carton\/#primaryimage"},"thumbnailUrl":"https:\/\/www.aspack.es\/news\/wp-content\/uploads\/2021\/02\/Foto-FFI-y-PTS.jpg","datePublished":"2021-02-16T06:01:31+00:00","dateModified":"2021-06-22T10:51:55+00:00","author":{"@id":"http:\/\/www.aspack.es\/news\/#\/schema\/person\/0019098322836346476fc7dfdbd26d95"},"breadcrumb":{"@id":"https:\/\/www.aspack.es\/news\/la-investigacion-de-la-ffi-y-la-pts-confirma-que-los-envases-de-carton-laminados-se-pueden-reciclar-en-el-circuito-corriente-de-residuos-papel-y-carton\/#breadcrumb"},"inLanguage":"es","potentialAction":[{"@type":"ReadAction","target":["https:\/\/www.aspack.es\/news\/la-investigacion-de-la-ffi-y-la-pts-confirma-que-los-envases-de-carton-laminados-se-pueden-reciclar-en-el-circuito-corriente-de-residuos-papel-y-carton\/"]}]},{"@type":"ImageObject","inLanguage":"es","@id":"https:\/\/www.aspack.es\/news\/la-investigacion-de-la-ffi-y-la-pts-confirma-que-los-envases-de-carton-laminados-se-pueden-reciclar-en-el-circuito-corriente-de-residuos-papel-y-carton\/#primaryimage","url":"https:\/\/www.aspack.es\/news\/wp-content\/uploads\/2021\/02\/Foto-FFI-y-PTS.jpg","contentUrl":"https:\/\/www.aspack.es\/news\/wp-content\/uploads\/2021\/02\/Foto-FFI-y-PTS.jpg","width":980,"height":560},{"@type":"BreadcrumbList","@id":"https:\/\/www.aspack.es\/news\/la-investigacion-de-la-ffi-y-la-pts-confirma-que-los-envases-de-carton-laminados-se-pueden-reciclar-en-el-circuito-corriente-de-residuos-papel-y-carton\/#breadcrumb","itemListElement":[{"@type":"ListItem","position":1,"name":"Portada","item":"http:\/\/www.aspack.es\/news\/"},{"@type":"ListItem","position":2,"name":"La investigaci\u00f3n de la FFI y la PTS confirma que los envases de cart\u00f3n laminados se pueden reciclar en el circuito corriente de residuos papel y cart\u00f3n."}]},{"@type":"WebSite","@id":"http:\/\/www.aspack.es\/news\/#website","url":"http:\/\/www.aspack.es\/news\/","name":"ASPACK NEWS","description":"El peri?dico digital de los envases de cart?n","potentialAction":[{"@type":"SearchAction","target":{"@type":"EntryPoint","urlTemplate":"http:\/\/www.aspack.es\/news\/?s={search_term_string}"},"query-input":{"@type":"PropertyValueSpecification","valueRequired":true,"valueName":"search_term_string"}}],"inLanguage":"es"},{"@type":"Person","@id":"http:\/\/www.aspack.es\/news\/#\/schema\/person\/0019098322836346476fc7dfdbd26d95","name":"admin","image":{"@type":"ImageObject","inLanguage":"es","@id":"http:\/\/www.aspack.es\/news\/#\/schema\/person\/image\/","url":"https:\/\/secure.gravatar.com\/avatar\/6a6c60542c39a2d052b8b1e8c5145e669bf888b9b229b3da0e43092daac8a32e?s=96&d=mm&r=g","contentUrl":"https:\/\/secure.gravatar.com\/avatar\/6a6c60542c39a2d052b8b1e8c5145e669bf888b9b229b3da0e43092daac8a32e?s=96&d=mm&r=g","caption":"admin"},"url":"https:\/\/www.aspack.es\/news\/author\/admin\/"}]}},"_links":{"self":[{"href":"https:\/\/www.aspack.es\/news\/wp-json\/wp\/v2\/posts\/1247","targetHints":{"allow":["GET"]}}],"collection":[{"href":"https:\/\/www.aspack.es\/news\/wp-json\/wp\/v2\/posts"}],"about":[{"href":"https:\/\/www.aspack.es\/news\/wp-json\/wp\/v2\/types\/post"}],"author":[{"embeddable":true,"href":"https:\/\/www.aspack.es\/news\/wp-json\/wp\/v2\/users\/1"}],"replies":[{"embeddable":true,"href":"https:\/\/www.aspack.es\/news\/wp-json\/wp\/v2\/comments?post=1247"}],"version-history":[{"count":5,"href":"https:\/\/www.aspack.es\/news\/wp-json\/wp\/v2\/posts\/1247\/revisions"}],"predecessor-version":[{"id":1277,"href":"https:\/\/www.aspack.es\/news\/wp-json\/wp\/v2\/posts\/1247\/revisions\/1277"}],"wp:featuredmedia":[{"embeddable":true,"href":"https:\/\/www.aspack.es\/news\/wp-json\/wp\/v2\/media\/1248"}],"wp:attachment":[{"href":"https:\/\/www.aspack.es\/news\/wp-json\/wp\/v2\/media?parent=1247"}],"wp:term":[{"taxonomy":"category","embeddable":true,"href":"https:\/\/www.aspack.es\/news\/wp-json\/wp\/v2\/categories?post=1247"},{"taxonomy":"post_tag","embeddable":true,"href":"https:\/\/www.aspack.es\/news\/wp-json\/wp\/v2\/tags?post=1247"}],"curies":[{"name":"wp","href":"https:\/\/api.w.org\/{rel}","templated":true}]}}