{"id":1334,"date":"2021-06-04T13:35:21","date_gmt":"2021-06-04T13:35:21","guid":{"rendered":"http:\/\/www.aspack.es\/news\/?p=1334"},"modified":"2021-07-26T13:01:27","modified_gmt":"2021-07-26T13:01:27","slug":"el-sector-de-envases-de-carton-demuestra-su-esencialidad-ante-la-situacion-de-crisis-sanitaria-vivida-en-2020-y-cierra-el-ano-con-una-caida-del-3","status":"publish","type":"post","link":"https:\/\/www.aspack.es\/news\/el-sector-de-envases-de-carton-demuestra-su-esencialidad-ante-la-situacion-de-crisis-sanitaria-vivida-en-2020-y-cierra-el-ano-con-una-caida-del-3\/","title":{"rendered":"El sector de envases de cart\u00f3n demuestra su esencialidad ante la situaci\u00f3n de crisis sanitaria vivida en 2020 y cierra el a\u00f1o con una ca\u00edda del 3%"},"content":{"rendered":"<p>Los resultados del estudio del sector realizado por la Asociaci\u00f3n Espa\u00f1ola de Fabricantes de Envases, Embalajes y Transformados de Cart\u00f3n, <a href=\"http:\/\/aspack.es\/\">ASPACK<\/a> confirman la extraordinaria capacidad de respuesta del sector ante la situaci\u00f3n de crisis sanitaria vivida en 2020.<\/p>\n<p>Seg\u00fan los datos de la asociaci\u00f3n, la facturaci\u00f3n en millones de euros ha pasado de de los 856 en 2019 a 835 en el \u00faltimo ejercicio. La producci\u00f3n creci\u00f3 apenas un 0,9% respecto a 2019, situ\u00e1ndose en las 368.393 toneladas m\u00e9tricas que refleja el enorme esfuerzo realizado por todas las empresas del sector para dotar a la Sociedad durante la pandemia de todos los productos esenciales, principalmente, a los sectores de alimentaci\u00f3n, farmacia y sanitarios.<\/p>\n<p>El n\u00famero de empresas que operan en el sector se ha mantenido estable en los \u00faltimos a\u00f1os en 88 compa\u00f1\u00edas, pero ha descendido el n\u00famero de trabajadores empleados, alcanzando los 5.376, apenas una ca\u00edda del 1,5%; lo que viene de nuevo a demostrar el inmenso sacrificio realizado por las empresas del sector de envases de cart\u00f3n para mantener el empleo en unas condiciones muy complicadas de mercado. En lo que respecta a la localizaci\u00f3n geogr\u00e1fica, el 41% de las empresas que producen envases de cart\u00f3n en Espa\u00f1a se encuentran en Catalu\u00f1a; el 22% est\u00e1n en la Comunidad Valenciana y el 11%, en Madrid.<\/p>\n<p><a href=\"http:\/\/www.aspack.es\/news\/wp-content\/uploads\/2021\/06\/Datossector2021paraweb.jpg\" rel=\"attachment wp-att-1335\"><img loading=\"lazy\" decoding=\"async\" class=\"wp-image-1335 aligncenter\" src=\"http:\/\/www.aspack.es\/news\/wp-content\/uploads\/2021\/06\/Datossector2021paraweb-300x114.jpg\" alt=\"Datossector2021paraweb\" width=\"580\" height=\"221\" srcset=\"https:\/\/www.aspack.es\/news\/wp-content\/uploads\/2021\/06\/Datossector2021paraweb-300x114.jpg 300w, https:\/\/www.aspack.es\/news\/wp-content\/uploads\/2021\/06\/Datossector2021paraweb-768x291.jpg 768w, https:\/\/www.aspack.es\/news\/wp-content\/uploads\/2021\/06\/Datossector2021paraweb-1024x388.jpg 1024w, https:\/\/www.aspack.es\/news\/wp-content\/uploads\/2021\/06\/Datossector2021paraweb-480x182.jpg 480w, https:\/\/www.aspack.es\/news\/wp-content\/uploads\/2021\/06\/Datossector2021paraweb-1321x500.jpg 1321w, https:\/\/www.aspack.es\/news\/wp-content\/uploads\/2021\/06\/Datossector2021paraweb.jpg 2029w\" sizes=\"auto, (max-width: 580px) 100vw, 580px\" \/><\/a><\/p>\n<p>La actividad exportadora de las empresas espa\u00f1olas del sector representa un 20% respecto a la facturaci\u00f3n total, convirti\u00e9ndose en un dato a resaltar en esta fotograf\u00eda de la realidad del sector elaborada por ASPACK. En este sentido las exportaciones han mostrado tambi\u00e9n una corta subida de un 1% aunque en este caso, la balanza comercial ha empeorado respecto a a\u00f1os anteriores.<\/p>\n<p>Con todos estos datos, 2021 se presenta como un a\u00f1o de recuperaci\u00f3n lenta, a remolque del resto de la econom\u00eda nacional y muy determinada por la evoluci\u00f3n de la vacunaci\u00f3n y la apertura de los mercados internacionales que permitan un incremento del consumo. Tambi\u00e9n va a ser determinante la nueva estrategia de las grandes marcas de consumo de sustituir el envase de pl\u00e1stico por envase de cart\u00f3n como respuesta a una creciente concienciaci\u00f3n social por el cuidado del medio ambiente y la reducci\u00f3n de la cantidad de residuos pl\u00e1sticos que llegan a los mares y oc\u00e9anos.<\/p>\n<p>La cadena de valor espa\u00f1ola del papel y el cart\u00f3n \u2013y en particular las empresas de fabricaci\u00f3n de envases de cart\u00f3n\u2013 est\u00e1 preparada para ofrecer las mejores soluciones de abastecimiento a sus clientes habituales y a todos los nuevos que quieran apostar por el envase de cart\u00f3n, un envase renovable, biodegradable, compostable y reciclable.<\/p>\n","protected":false},"excerpt":{"rendered":"<p>Los resultados del estudio del sector realizado por la Asociaci\u00f3n Espa\u00f1ola de Fabricantes de Envases, Embalajes y Transformados de Cart\u00f3n, ASPACK confirman la extraordinaria capacidad de respuesta del sector ante la situaci\u00f3n de crisis sanitaria vivida en 2020. Seg\u00fan los datos de la asociaci\u00f3n, la facturaci\u00f3n en millones de euros ha pasado de de los&hellip;<\/p>\n","protected":false},"author":1,"featured_media":1342,"comment_status":"closed","ping_status":"open","sticky":false,"template":"","format":"standard","meta":{"footnotes":""},"categories":[18,17],"tags":[],"class_list":["post-1334","post","type-post","status-publish","format-standard","has-post-thumbnail","hentry","category-asociados","category-el-sector"],"yoast_head":"<!-- This site is optimized with the Yoast SEO plugin v25.9 - https:\/\/yoast.com\/wordpress\/plugins\/seo\/ -->\n<title>El sector de envases de cart\u00f3n demuestra su esencialidad ante la situaci\u00f3n de crisis sanitaria vivida en 2020 y cierra el a\u00f1o con una ca\u00edda del 3% - ASPACK NEWS<\/title>\n<meta name=\"description\" content=\"Los resultados del estudio del sector realizado por la Asociaci\u00f3n Espa\u00f1ola de Fabricantes de Envases, Embalajes y Transformados de Cart\u00f3n, ASPACK confirman la extraordinaria capacidad de respuesta del sector ante la situaci\u00f3n de crisis sanitaria vivida en 2020.\" \/>\n<meta name=\"robots\" content=\"index, follow, max-snippet:-1, max-image-preview:large, max-video-preview:-1\" \/>\n<link rel=\"canonical\" href=\"http:\/\/www.aspack.es\/news\/el-sector-de-envases-de-carton-demuestra-su-esencialidad-ante-la-situacion-de-crisis-sanitaria-vivida-en-2020-y-cierra-el-ano-con-una-caida-del-3\/\" \/>\n<meta property=\"og:locale\" content=\"es_ES\" \/>\n<meta property=\"og:type\" content=\"article\" \/>\n<meta property=\"og:title\" content=\"El sector de envases de cart\u00f3n demuestra su esencialidad ante la situaci\u00f3n de crisis sanitaria vivida en 2020 y cierra el a\u00f1o con una ca\u00edda del 3% - ASPACK NEWS\" \/>\n<meta property=\"og:description\" content=\"Los resultados del estudio del sector realizado por la Asociaci\u00f3n Espa\u00f1ola de Fabricantes de Envases, Embalajes y Transformados de Cart\u00f3n, ASPACK confirman la extraordinaria capacidad de respuesta del sector ante la situaci\u00f3n de crisis sanitaria vivida en 2020.\" \/>\n<meta property=\"og:url\" content=\"http:\/\/www.aspack.es\/news\/el-sector-de-envases-de-carton-demuestra-su-esencialidad-ante-la-situacion-de-crisis-sanitaria-vivida-en-2020-y-cierra-el-ano-con-una-caida-del-3\/\" \/>\n<meta property=\"og:site_name\" content=\"ASPACK NEWS\" \/>\n<meta property=\"article:published_time\" content=\"2021-06-04T13:35:21+00:00\" \/>\n<meta property=\"article:modified_time\" content=\"2021-07-26T13:01:27+00:00\" \/>\n<meta property=\"og:image\" content=\"http:\/\/www.aspack.es\/news\/wp-content\/uploads\/2021\/06\/1-1024x512.jpg\" \/>\n\t<meta property=\"og:image:width\" content=\"1024\" \/>\n\t<meta property=\"og:image:height\" content=\"512\" \/>\n\t<meta property=\"og:image:type\" content=\"image\/jpeg\" \/>\n<meta name=\"author\" content=\"admin\" \/>\n<meta name=\"twitter:card\" content=\"summary_large_image\" \/>\n<meta name=\"twitter:label1\" content=\"Escrito por\" \/>\n\t<meta name=\"twitter:data1\" content=\"admin\" \/>\n\t<meta name=\"twitter:label2\" content=\"Tiempo de lectura\" \/>\n\t<meta name=\"twitter:data2\" content=\"3 minutos\" \/>\n<script type=\"application\/ld+json\" class=\"yoast-schema-graph\">{\"@context\":\"https:\/\/schema.org\",\"@graph\":[{\"@type\":\"WebPage\",\"@id\":\"http:\/\/www.aspack.es\/news\/el-sector-de-envases-de-carton-demuestra-su-esencialidad-ante-la-situacion-de-crisis-sanitaria-vivida-en-2020-y-cierra-el-ano-con-una-caida-del-3\/\",\"url\":\"http:\/\/www.aspack.es\/news\/el-sector-de-envases-de-carton-demuestra-su-esencialidad-ante-la-situacion-de-crisis-sanitaria-vivida-en-2020-y-cierra-el-ano-con-una-caida-del-3\/\",\"name\":\"El sector de envases de cart\u00f3n demuestra su esencialidad ante la situaci\u00f3n de crisis sanitaria vivida en 2020 y cierra el a\u00f1o con una ca\u00edda del 3% - ASPACK NEWS\",\"isPartOf\":{\"@id\":\"https:\/\/www.aspack.es\/news\/#website\"},\"primaryImageOfPage\":{\"@id\":\"http:\/\/www.aspack.es\/news\/el-sector-de-envases-de-carton-demuestra-su-esencialidad-ante-la-situacion-de-crisis-sanitaria-vivida-en-2020-y-cierra-el-ano-con-una-caida-del-3\/#primaryimage\"},\"image\":{\"@id\":\"http:\/\/www.aspack.es\/news\/el-sector-de-envases-de-carton-demuestra-su-esencialidad-ante-la-situacion-de-crisis-sanitaria-vivida-en-2020-y-cierra-el-ano-con-una-caida-del-3\/#primaryimage\"},\"thumbnailUrl\":\"https:\/\/www.aspack.es\/news\/wp-content\/uploads\/2021\/06\/1.jpg\",\"datePublished\":\"2021-06-04T13:35:21+00:00\",\"dateModified\":\"2021-07-26T13:01:27+00:00\",\"author\":{\"@id\":\"https:\/\/www.aspack.es\/news\/#\/schema\/person\/0019098322836346476fc7dfdbd26d95\"},\"description\":\"Los resultados del estudio del sector realizado por la Asociaci\u00f3n Espa\u00f1ola de Fabricantes de Envases, Embalajes y Transformados de Cart\u00f3n, ASPACK confirman la extraordinaria capacidad de respuesta del sector ante la situaci\u00f3n de crisis sanitaria vivida en 2020.\",\"breadcrumb\":{\"@id\":\"http:\/\/www.aspack.es\/news\/el-sector-de-envases-de-carton-demuestra-su-esencialidad-ante-la-situacion-de-crisis-sanitaria-vivida-en-2020-y-cierra-el-ano-con-una-caida-del-3\/#breadcrumb\"},\"inLanguage\":\"es\",\"potentialAction\":[{\"@type\":\"ReadAction\",\"target\":[\"http:\/\/www.aspack.es\/news\/el-sector-de-envases-de-carton-demuestra-su-esencialidad-ante-la-situacion-de-crisis-sanitaria-vivida-en-2020-y-cierra-el-ano-con-una-caida-del-3\/\"]}]},{\"@type\":\"ImageObject\",\"inLanguage\":\"es\",\"@id\":\"http:\/\/www.aspack.es\/news\/el-sector-de-envases-de-carton-demuestra-su-esencialidad-ante-la-situacion-de-crisis-sanitaria-vivida-en-2020-y-cierra-el-ano-con-una-caida-del-3\/#primaryimage\",\"url\":\"https:\/\/www.aspack.es\/news\/wp-content\/uploads\/2021\/06\/1.jpg\",\"contentUrl\":\"https:\/\/www.aspack.es\/news\/wp-content\/uploads\/2021\/06\/1.jpg\",\"width\":6912,\"height\":3456,\"caption\":\"estudio del sector de los envases\"},{\"@type\":\"BreadcrumbList\",\"@id\":\"http:\/\/www.aspack.es\/news\/el-sector-de-envases-de-carton-demuestra-su-esencialidad-ante-la-situacion-de-crisis-sanitaria-vivida-en-2020-y-cierra-el-ano-con-una-caida-del-3\/#breadcrumb\",\"itemListElement\":[{\"@type\":\"ListItem\",\"position\":1,\"name\":\"Portada\",\"item\":\"https:\/\/www.aspack.es\/news\/\"},{\"@type\":\"ListItem\",\"position\":2,\"name\":\"El sector de envases de cart\u00f3n demuestra su esencialidad ante la situaci\u00f3n de crisis sanitaria vivida en 2020 y cierra el a\u00f1o con una ca\u00edda del 3%\"}]},{\"@type\":\"WebSite\",\"@id\":\"https:\/\/www.aspack.es\/news\/#website\",\"url\":\"https:\/\/www.aspack.es\/news\/\",\"name\":\"ASPACK NEWS\",\"description\":\"El peri?dico digital de los envases de cart?n\",\"potentialAction\":[{\"@type\":\"SearchAction\",\"target\":{\"@type\":\"EntryPoint\",\"urlTemplate\":\"https:\/\/www.aspack.es\/news\/?s={search_term_string}\"},\"query-input\":{\"@type\":\"PropertyValueSpecification\",\"valueRequired\":true,\"valueName\":\"search_term_string\"}}],\"inLanguage\":\"es\"},{\"@type\":\"Person\",\"@id\":\"https:\/\/www.aspack.es\/news\/#\/schema\/person\/0019098322836346476fc7dfdbd26d95\",\"name\":\"admin\",\"image\":{\"@type\":\"ImageObject\",\"inLanguage\":\"es\",\"@id\":\"https:\/\/www.aspack.es\/news\/#\/schema\/person\/image\/\",\"url\":\"https:\/\/secure.gravatar.com\/avatar\/6a6c60542c39a2d052b8b1e8c5145e669bf888b9b229b3da0e43092daac8a32e?s=96&d=mm&r=g\",\"contentUrl\":\"https:\/\/secure.gravatar.com\/avatar\/6a6c60542c39a2d052b8b1e8c5145e669bf888b9b229b3da0e43092daac8a32e?s=96&d=mm&r=g\",\"caption\":\"admin\"},\"url\":\"https:\/\/www.aspack.es\/news\/author\/admin\/\"}]}<\/script>\n<!-- \/ Yoast SEO plugin. -->","yoast_head_json":{"title":"El sector de envases de cart\u00f3n demuestra su esencialidad ante la situaci\u00f3n de crisis sanitaria vivida en 2020 y cierra el a\u00f1o con una ca\u00edda del 3% - ASPACK NEWS","description":"Los resultados del estudio del sector realizado por la Asociaci\u00f3n Espa\u00f1ola de Fabricantes de Envases, Embalajes y Transformados de Cart\u00f3n, ASPACK confirman la extraordinaria capacidad de respuesta del sector ante la situaci\u00f3n de crisis sanitaria vivida en 2020.","robots":{"index":"index","follow":"follow","max-snippet":"max-snippet:-1","max-image-preview":"max-image-preview:large","max-video-preview":"max-video-preview:-1"},"canonical":"http:\/\/www.aspack.es\/news\/el-sector-de-envases-de-carton-demuestra-su-esencialidad-ante-la-situacion-de-crisis-sanitaria-vivida-en-2020-y-cierra-el-ano-con-una-caida-del-3\/","og_locale":"es_ES","og_type":"article","og_title":"El sector de envases de cart\u00f3n demuestra su esencialidad ante la situaci\u00f3n de crisis sanitaria vivida en 2020 y cierra el a\u00f1o con una ca\u00edda del 3% - ASPACK NEWS","og_description":"Los resultados del estudio del sector realizado por la Asociaci\u00f3n Espa\u00f1ola de Fabricantes de Envases, Embalajes y Transformados de Cart\u00f3n, ASPACK confirman la extraordinaria capacidad de respuesta del sector ante la situaci\u00f3n de crisis sanitaria vivida en 2020.","og_url":"http:\/\/www.aspack.es\/news\/el-sector-de-envases-de-carton-demuestra-su-esencialidad-ante-la-situacion-de-crisis-sanitaria-vivida-en-2020-y-cierra-el-ano-con-una-caida-del-3\/","og_site_name":"ASPACK NEWS","article_published_time":"2021-06-04T13:35:21+00:00","article_modified_time":"2021-07-26T13:01:27+00:00","og_image":[{"width":1024,"height":512,"url":"http:\/\/www.aspack.es\/news\/wp-content\/uploads\/2021\/06\/1-1024x512.jpg","type":"image\/jpeg"}],"author":"admin","twitter_card":"summary_large_image","twitter_misc":{"Escrito por":"admin","Tiempo de lectura":"3 minutos"},"schema":{"@context":"https:\/\/schema.org","@graph":[{"@type":"WebPage","@id":"http:\/\/www.aspack.es\/news\/el-sector-de-envases-de-carton-demuestra-su-esencialidad-ante-la-situacion-de-crisis-sanitaria-vivida-en-2020-y-cierra-el-ano-con-una-caida-del-3\/","url":"http:\/\/www.aspack.es\/news\/el-sector-de-envases-de-carton-demuestra-su-esencialidad-ante-la-situacion-de-crisis-sanitaria-vivida-en-2020-y-cierra-el-ano-con-una-caida-del-3\/","name":"El sector de envases de cart\u00f3n demuestra su esencialidad ante la situaci\u00f3n de crisis sanitaria vivida en 2020 y cierra el a\u00f1o con una ca\u00edda del 3% - ASPACK NEWS","isPartOf":{"@id":"https:\/\/www.aspack.es\/news\/#website"},"primaryImageOfPage":{"@id":"http:\/\/www.aspack.es\/news\/el-sector-de-envases-de-carton-demuestra-su-esencialidad-ante-la-situacion-de-crisis-sanitaria-vivida-en-2020-y-cierra-el-ano-con-una-caida-del-3\/#primaryimage"},"image":{"@id":"http:\/\/www.aspack.es\/news\/el-sector-de-envases-de-carton-demuestra-su-esencialidad-ante-la-situacion-de-crisis-sanitaria-vivida-en-2020-y-cierra-el-ano-con-una-caida-del-3\/#primaryimage"},"thumbnailUrl":"https:\/\/www.aspack.es\/news\/wp-content\/uploads\/2021\/06\/1.jpg","datePublished":"2021-06-04T13:35:21+00:00","dateModified":"2021-07-26T13:01:27+00:00","author":{"@id":"https:\/\/www.aspack.es\/news\/#\/schema\/person\/0019098322836346476fc7dfdbd26d95"},"description":"Los resultados del estudio del sector realizado por la Asociaci\u00f3n Espa\u00f1ola de Fabricantes de Envases, Embalajes y Transformados de Cart\u00f3n, ASPACK confirman la extraordinaria capacidad de respuesta del sector ante la situaci\u00f3n de crisis sanitaria vivida en 2020.","breadcrumb":{"@id":"http:\/\/www.aspack.es\/news\/el-sector-de-envases-de-carton-demuestra-su-esencialidad-ante-la-situacion-de-crisis-sanitaria-vivida-en-2020-y-cierra-el-ano-con-una-caida-del-3\/#breadcrumb"},"inLanguage":"es","potentialAction":[{"@type":"ReadAction","target":["http:\/\/www.aspack.es\/news\/el-sector-de-envases-de-carton-demuestra-su-esencialidad-ante-la-situacion-de-crisis-sanitaria-vivida-en-2020-y-cierra-el-ano-con-una-caida-del-3\/"]}]},{"@type":"ImageObject","inLanguage":"es","@id":"http:\/\/www.aspack.es\/news\/el-sector-de-envases-de-carton-demuestra-su-esencialidad-ante-la-situacion-de-crisis-sanitaria-vivida-en-2020-y-cierra-el-ano-con-una-caida-del-3\/#primaryimage","url":"https:\/\/www.aspack.es\/news\/wp-content\/uploads\/2021\/06\/1.jpg","contentUrl":"https:\/\/www.aspack.es\/news\/wp-content\/uploads\/2021\/06\/1.jpg","width":6912,"height":3456,"caption":"estudio del sector de los envases"},{"@type":"BreadcrumbList","@id":"http:\/\/www.aspack.es\/news\/el-sector-de-envases-de-carton-demuestra-su-esencialidad-ante-la-situacion-de-crisis-sanitaria-vivida-en-2020-y-cierra-el-ano-con-una-caida-del-3\/#breadcrumb","itemListElement":[{"@type":"ListItem","position":1,"name":"Portada","item":"https:\/\/www.aspack.es\/news\/"},{"@type":"ListItem","position":2,"name":"El sector de envases de cart\u00f3n demuestra su esencialidad ante la situaci\u00f3n de crisis sanitaria vivida en 2020 y cierra el a\u00f1o con una ca\u00edda del 3%"}]},{"@type":"WebSite","@id":"https:\/\/www.aspack.es\/news\/#website","url":"https:\/\/www.aspack.es\/news\/","name":"ASPACK NEWS","description":"El peri?dico digital de los envases de cart?n","potentialAction":[{"@type":"SearchAction","target":{"@type":"EntryPoint","urlTemplate":"https:\/\/www.aspack.es\/news\/?s={search_term_string}"},"query-input":{"@type":"PropertyValueSpecification","valueRequired":true,"valueName":"search_term_string"}}],"inLanguage":"es"},{"@type":"Person","@id":"https:\/\/www.aspack.es\/news\/#\/schema\/person\/0019098322836346476fc7dfdbd26d95","name":"admin","image":{"@type":"ImageObject","inLanguage":"es","@id":"https:\/\/www.aspack.es\/news\/#\/schema\/person\/image\/","url":"https:\/\/secure.gravatar.com\/avatar\/6a6c60542c39a2d052b8b1e8c5145e669bf888b9b229b3da0e43092daac8a32e?s=96&d=mm&r=g","contentUrl":"https:\/\/secure.gravatar.com\/avatar\/6a6c60542c39a2d052b8b1e8c5145e669bf888b9b229b3da0e43092daac8a32e?s=96&d=mm&r=g","caption":"admin"},"url":"https:\/\/www.aspack.es\/news\/author\/admin\/"}]}},"_links":{"self":[{"href":"https:\/\/www.aspack.es\/news\/wp-json\/wp\/v2\/posts\/1334","targetHints":{"allow":["GET"]}}],"collection":[{"href":"https:\/\/www.aspack.es\/news\/wp-json\/wp\/v2\/posts"}],"about":[{"href":"https:\/\/www.aspack.es\/news\/wp-json\/wp\/v2\/types\/post"}],"author":[{"embeddable":true,"href":"https:\/\/www.aspack.es\/news\/wp-json\/wp\/v2\/users\/1"}],"replies":[{"embeddable":true,"href":"https:\/\/www.aspack.es\/news\/wp-json\/wp\/v2\/comments?post=1334"}],"version-history":[{"count":6,"href":"https:\/\/www.aspack.es\/news\/wp-json\/wp\/v2\/posts\/1334\/revisions"}],"predecessor-version":[{"id":1398,"href":"https:\/\/www.aspack.es\/news\/wp-json\/wp\/v2\/posts\/1334\/revisions\/1398"}],"wp:featuredmedia":[{"embeddable":true,"href":"https:\/\/www.aspack.es\/news\/wp-json\/wp\/v2\/media\/1342"}],"wp:attachment":[{"href":"https:\/\/www.aspack.es\/news\/wp-json\/wp\/v2\/media?parent=1334"}],"wp:term":[{"taxonomy":"category","embeddable":true,"href":"https:\/\/www.aspack.es\/news\/wp-json\/wp\/v2\/categories?post=1334"},{"taxonomy":"post_tag","embeddable":true,"href":"https:\/\/www.aspack.es\/news\/wp-json\/wp\/v2\/tags?post=1334"}],"curies":[{"name":"wp","href":"https:\/\/api.w.org\/{rel}","templated":true}]}}