{"id":1772,"date":"2022-10-31T10:17:47","date_gmt":"2022-10-31T10:17:47","guid":{"rendered":"https:\/\/www.aspack.es\/news\/?p=1772"},"modified":"2022-11-30T14:25:15","modified_gmt":"2022-11-30T14:25:15","slug":"mas-de-90-personas-han-participado-en-el-x-congreso-aspack-que-ha-presentado-la-nueva-vision-del-sector-para-los-proximos-anos","status":"publish","type":"post","link":"https:\/\/www.aspack.es\/news\/mas-de-90-personas-han-participado-en-el-x-congreso-aspack-que-ha-presentado-la-nueva-vision-del-sector-para-los-proximos-anos\/","title":{"rendered":"M\u00e1s de 90 personas han participado en el X Congreso ASPACK que ha presentado la nueva visi\u00f3n del sector para los pr\u00f3ximos a\u00f1os"},"content":{"rendered":"\n<p>Bajo el t\u00edtulo \u201cDeja entrar la luz\u201d, el decimo congreso de ASPACK ha reunido a m\u00e1s de 90 asistentes entre fabricantes de envases de cart\u00f3n y representantes de empresas proveedoras los d\u00edas 20 y 21 de octubre en Lisboa.&nbsp;<\/p>\n\n\n\n<p>El comit\u00e9 organizador eligi\u00f3 Portugal para celebrar el evento \u201cporque entend\u00edamos que hab\u00eda muchas m\u00e1s cosas que nos acercaban entre las industrias de ambos pa\u00edses que las que nos separaban. Ya hay empresas portuguesas que operan en Espa\u00f1a y viceversa\u201d, en palabras del Presidente de ASPACK, Jos\u00e9 Ram\u00f3n Benito.<\/p>\n\n\n\n<p>El lema del Congreso pretende ayudar a que entre la luz en las empresas de la asociaci\u00f3n y en las personas que trabajan en ellas para ayudar a que el envase ilumine el sentido del producto del cliente, abrirse a las nuevas ideas de las nuevas generaciones, ayudar al planeta aplicando conceptos de sostenibilidad, que la igualdad de g\u00e9nero sea lo normal e integre la visi\u00f3n femenina en las empresas y ser yo mejor persona y las empresas m\u00e1s humanas y conscientes.&nbsp;<\/p>\n\n\n\n<p>En ese sentido se abordaron temas tan importantes como la negociaci\u00f3n del nuevo convenio colectivo, la situaci\u00f3n y acciones sobre el mercado energ\u00e9tico y de materias primas, se dio espacio a la visi\u00f3n de las nuevas generaciones para entenderles y conocer lo que piensan del sector y de las empresas, que necesitan los j\u00f3venes y que necesitan las empresas de ellos y analizar como mejorar la relaci\u00f3n con las escuelas formativas para que ayuden en la mejora del empleo en el sector. Tambi\u00e9n hubo tiempo para establecer una radiograf\u00eda del tsunami legislativo que se va acercando al sector.<\/p>\n\n\n\n<p>Es un momento de oportunidad para que el sector del envase de cart\u00f3n sea l\u00edder y vanguardista, no solo en la parte empresarial sino tambi\u00e9n a nivel social y humano. Y por eso durante el Congreso se reflexion\u00f3 c\u00f3mo hacer para fluir en este nuevo contexto. Se hizo a trav\u00e9s de nuevos conceptos, como el de la \u201cempresa liberada\u201d o el de organizaciones colaborativas, respetuosas y humanas.<\/p>\n\n\n\n<p>\u201cLa asociaci\u00f3n, como representante de un sector que tambi\u00e9n forma parte de esta realidad, considera que es responsabilidad de todos poder ofrecer fragmentos de esta nueva dimensi\u00f3n para poder ser curiosos y reconectarnos con nosotros mismos, base de cualquier cambio en profundidad\u201d insisti\u00f3 el Presidente, Jos\u00e9 Ram\u00f3n Benito.<\/p>\n\n\n\n<p>Este a\u00f1o el congreso comenz\u00f3 en la tarde del jueves 20 de octubre con la intervenci\u00f3n de Jos\u00e9 Ram\u00f3n Benito, Presidente de Aspack y Teresa Borba, Directora General de <a href=\"https:\/\/apigraf.pt\">APIGRAF<\/a>. En la que el presidente, Jos\u00e9 Ram\u00f3n Benito, agradeci\u00f3 \u201ca nuestros compa\u00f1eros portugueses una c\u00e1lida bienvenida y por muchos a\u00f1os de colaboraci\u00f3n entre los dos pa\u00edses\u201d.&nbsp;El Presidente ofreci\u00f3 crear un marco de colaboraci\u00f3n entre las asociaciones del sector APIGRAF y ASPACK, donde poder compartir informaci\u00f3n, organizar actividades conjuntas y generar un foro donde los fabricantes y proveedores del sector ib\u00e9rico puedan conocerse y colaborar.<\/p>\n\n\n\n<div class=\"wp-block-image\"><figure class=\"aligncenter size-large is-resized\"><img loading=\"lazy\" decoding=\"async\" src=\"https:\/\/www.aspack.es\/news\/wp-content\/uploads\/2022\/10\/ASPCK-teresa-1024x683.jpg\" alt=\"\" class=\"wp-image-1778\" width=\"578\" height=\"385\" srcset=\"https:\/\/www.aspack.es\/news\/wp-content\/uploads\/2022\/10\/ASPCK-teresa-1024x683.jpg 1024w, https:\/\/www.aspack.es\/news\/wp-content\/uploads\/2022\/10\/ASPCK-teresa-300x200.jpg 300w, https:\/\/www.aspack.es\/news\/wp-content\/uploads\/2022\/10\/ASPCK-teresa-768x512.jpg 768w, https:\/\/www.aspack.es\/news\/wp-content\/uploads\/2022\/10\/ASPCK-teresa-1536x1024.jpg 1536w, https:\/\/www.aspack.es\/news\/wp-content\/uploads\/2022\/10\/ASPCK-teresa-2048x1365.jpg 2048w, https:\/\/www.aspack.es\/news\/wp-content\/uploads\/2022\/10\/ASPCK-teresa-480x320.jpg 480w, https:\/\/www.aspack.es\/news\/wp-content\/uploads\/2022\/10\/ASPCK-teresa-750x500.jpg 750w\" sizes=\"auto, (max-width: 578px) 100vw, 578px\" \/><\/figure><\/div>\n\n\n\n<p>En la tarde del viernes 21 de octubre se celebr\u00f3 la Asamblea General. Pablo Serrano, Secretario General, present\u00f3 las actividades del a\u00f1o y hubo ocasi\u00f3n de realizar un ejercicio en grupo, denominado \u201cel poder de las asociaciones\u201d para que los asociados pudieran marcar sus l\u00edneas de preferencia y actuaci\u00f3n de la asociaci\u00f3n que ser\u00e1n utilizadas como base en la realizaci\u00f3n del pr\u00f3ximo Plan Estrat\u00e9gico de ASPACK.&nbsp;&nbsp;<\/p>\n\n\n\n<p><strong>Las conferencias<\/strong><\/p>\n\n\n\n<p>El programa profesional de este d\u00e9cimo congreso tuvo lugar entre jueves 20 y viernes 21 de octubre. Tras la bienvenida del presidente de ASPACK,&nbsp;Josep M\u00aa Berga Director General de <a href=\"https:\/\/www.alzamoragroup.com\">Alzamora Cart\u00f3n Packaging<\/a> y Anselmo Vilardeb\u00f3, Managing Director <a href=\"https:\/\/www.es.sedagroup.com\">SEDA IB\u00c9RICA<\/a> \u2013 EMBALAGENS&nbsp;presentaron las experiencias colaborativas en el mercado ib\u00e9rico de envases de cart\u00f3n; y a continuaci\u00f3n&nbsp;<strong>Mike Tuner, Director General de <a href=\"https:\/\/www.ecma.org\">ECMA<\/a><\/strong>, ofreci\u00f3 una visi\u00f3n de la situaci\u00f3n Europea y perspectivas para el 2023 del sector. Coment\u00f3 que la Covid ha tra\u00eddo cambios importantes en la cadena de suministro, impactando en la \u00abdemanda real\u00bb e influyendo en el suministro de productos en los lineales. A su vez, esto ha generado importantes cambios en la producci\u00f3n y los nuevos formatos de envases de cart\u00f3n plegable, as\u00ed como una importante interrupci\u00f3n de la cadena de suministro, los convertidores siguen apretados entre las demandas de los propietarios de marcas internacionales y la presi\u00f3n de los principales grupos de fabricaci\u00f3n de cart\u00f3n, la demanda de envases de cart\u00f3n se ver\u00e1 afectada en el corto plazo por una posible recesi\u00f3n, a pesar de estar en un momento de oportunidad debido a la \u201cola verde\u201d. Pero tambi\u00e9n, la capacidad actual de las plantas papeleras y la disponibilidad futura (a corto plazo) pueden significar que los convertidores de envases de cart\u00f3n europeos tendr\u00e1n dificultades para satisfacer las necesidades de los propietarios de marcas, cumplir con las tasas de sustituci\u00f3n o satisfacer la demanda del mercado. \u201cLa rentabilidad de los convertidores sigue siendo un enfoque clave y la \u201cola verde\u201d est\u00e1 aqu\u00ed y ahora&#8230;\u201d concluy\u00f3 el Sr. Turner.<\/p>\n\n\n\n<div class=\"wp-block-image\"><figure class=\"aligncenter size-large is-resized\"><img loading=\"lazy\" decoding=\"async\" src=\"https:\/\/www.aspack.es\/news\/wp-content\/uploads\/2022\/10\/mike-1024x683.jpg\" alt=\"\" class=\"wp-image-1773\" width=\"436\" height=\"292\" srcset=\"https:\/\/www.aspack.es\/news\/wp-content\/uploads\/2022\/10\/mike-1024x683.jpg 1024w, https:\/\/www.aspack.es\/news\/wp-content\/uploads\/2022\/10\/mike-300x200.jpg 300w, https:\/\/www.aspack.es\/news\/wp-content\/uploads\/2022\/10\/mike-768x512.jpg 768w, https:\/\/www.aspack.es\/news\/wp-content\/uploads\/2022\/10\/mike-1536x1024.jpg 1536w, https:\/\/www.aspack.es\/news\/wp-content\/uploads\/2022\/10\/mike-2048x1365.jpg 2048w, https:\/\/www.aspack.es\/news\/wp-content\/uploads\/2022\/10\/mike-480x320.jpg 480w, https:\/\/www.aspack.es\/news\/wp-content\/uploads\/2022\/10\/mike-750x500.jpg 750w\" sizes=\"auto, (max-width: 436px) 100vw, 436px\" \/><\/figure><\/div>\n\n\n\n<p>Este a\u00f1o durante las pausas caf\u00e9s intervino&nbsp;<strong>Ra\u00fal Heredia<\/strong>, Maestro de&nbsp;Chi Kung, Kung Fu, Meditaci\u00f3n y Psicoterapia Corporal y Transpersonal desde hace mas 30 a\u00f1os.&nbsp;&nbsp;Realiz\u00f3 peque\u00f1as sesiones de Chi Kung dando consejos de como poder relajarse en pocos minutos y en cualquier espacio, buscando el camino que se deriva del nuevo paradigma empresarial al que nos enfrentamos y que debe pasar por un cambio personal de los l\u00edderes empresariales para dejar entrar la luz a nuevos modelos de gesti\u00f3n de la empresa.<\/p>\n\n\n\n<div class=\"wp-block-image\"><figure class=\"aligncenter size-large is-resized\"><img loading=\"lazy\" decoding=\"async\" src=\"https:\/\/www.aspack.es\/news\/wp-content\/uploads\/2022\/10\/raul-1024x683.jpg\" alt=\"\" class=\"wp-image-1777\" width=\"459\" height=\"306\" srcset=\"https:\/\/www.aspack.es\/news\/wp-content\/uploads\/2022\/10\/raul-1024x683.jpg 1024w, https:\/\/www.aspack.es\/news\/wp-content\/uploads\/2022\/10\/raul-300x200.jpg 300w, https:\/\/www.aspack.es\/news\/wp-content\/uploads\/2022\/10\/raul-768x512.jpg 768w, https:\/\/www.aspack.es\/news\/wp-content\/uploads\/2022\/10\/raul-1536x1024.jpg 1536w, https:\/\/www.aspack.es\/news\/wp-content\/uploads\/2022\/10\/raul-2048x1365.jpg 2048w, https:\/\/www.aspack.es\/news\/wp-content\/uploads\/2022\/10\/raul-480x320.jpg 480w, https:\/\/www.aspack.es\/news\/wp-content\/uploads\/2022\/10\/raul-750x500.jpg 750w\" sizes=\"auto, (max-width: 459px) 100vw, 459px\" \/><\/figure><\/div>\n\n\n\n<p><em>Contamos con la participaci\u00f3n de<strong>&nbsp;Ignacio Mezquita P\u00e9rez-And\u00fajar, subdirector General de Inversiones Exteriores, Ministerio de Industria, Comercio y Turismo,&nbsp;<\/strong>que puso sobre la mesa&nbsp;<\/em><strong>una visi\u00f3n global de la econom\u00eda. Seg\u00fan P\u00e9rez-And\u00fajar se ha sorteado de manera decidida y creativa el impacto de la pandemia y el empleo se ha comportado mejor que en crisis anteriores, debido al nuevo enfoque de est\u00edmulos europeos, pero con un coste en t\u00e9rminos de finanzas p\u00fablicas. Actualmente asistimos a la ralentizaci\u00f3n del crecimiento en el corto plazo y la aceleraci\u00f3n de la inflaci\u00f3n y las previsiones est\u00e1n muy condicionadas por importantes riesgos a la baja derivados de, entre otros:<\/strong><\/p>\n\n\n\n<p><strong>\u2022 La pol\u00edtica internacional y la crisis energ\u00e9tica. La gesti\u00f3n de la crisis energ\u00e9tica debe garantizar el suministro de energ\u00eda alternativa y fomentar la contenci\u00f3n de la demanda, contar con pol\u00edticas de emergencia en caso de m\u00e1s interrupciones de suministro y apoyar a los m\u00e1s vulnerables a trav\u00e9s de apoyo fiscal espec\u00edfico<\/strong><\/p>\n\n\n\n<p><strong>\u2022 La evoluci\u00f3n de la inflaci\u00f3n y los efectos de segunda ronda<\/strong><\/p>\n\n\n\n<p><strong>\u2022 La pol\u00edtica monetaria previsiblemente se ir\u00e1 endureciendo para combatir la inflaci\u00f3n. La necesidad de pol\u00edticas de acompa\u00f1amiento y de consistencia entre pol\u00edtica fiscal y monetaria: el saneamiento pendiente de las cuentas p\u00fablicas en econom\u00edas altamente endeudadas.<\/strong><\/p>\n\n\n\n<p><strong>\u2022 Los paquetes de apoyo fiscal deber\u00e1n ser espec\u00edficos, temporales y fiscalmente sostenibles. Se pretende controlar el gasto fiscal corriente dando prioridad a la inversi\u00f3n p\u00fablica, en particular, en transici\u00f3n verde y digital<\/strong><\/p>\n\n\n\n<p><strong>\u2022 El desacoplamiento de las grandes econom\u00edas<\/strong><\/p>\n\n\n\n<p><strong>Su apuesta se centr\u00f3 en la adecuada aplicaci\u00f3n de los fondos europeos, las reformas comprometidas y los debates abiertos sobre la coordinaci\u00f3n de la pol\u00edtica econ\u00f3mica entre estados miembros de la UE para ver un horizonte econ\u00f3mico m\u00e1s despejado a medio plazo.<\/strong><\/p>\n\n\n\n<div class=\"wp-block-image\"><figure class=\"aligncenter size-large is-resized\"><img loading=\"lazy\" decoding=\"async\" src=\"https:\/\/www.aspack.es\/news\/wp-content\/uploads\/2022\/10\/mesa-redonda-femenina-1024x683.jpg\" alt=\"\" class=\"wp-image-1775\" width=\"429\" height=\"286\" srcset=\"https:\/\/www.aspack.es\/news\/wp-content\/uploads\/2022\/10\/mesa-redonda-femenina-1024x683.jpg 1024w, https:\/\/www.aspack.es\/news\/wp-content\/uploads\/2022\/10\/mesa-redonda-femenina-300x200.jpg 300w, https:\/\/www.aspack.es\/news\/wp-content\/uploads\/2022\/10\/mesa-redonda-femenina-768x512.jpg 768w, https:\/\/www.aspack.es\/news\/wp-content\/uploads\/2022\/10\/mesa-redonda-femenina-1536x1024.jpg 1536w, https:\/\/www.aspack.es\/news\/wp-content\/uploads\/2022\/10\/mesa-redonda-femenina-2048x1365.jpg 2048w, https:\/\/www.aspack.es\/news\/wp-content\/uploads\/2022\/10\/mesa-redonda-femenina-480x320.jpg 480w, https:\/\/www.aspack.es\/news\/wp-content\/uploads\/2022\/10\/mesa-redonda-femenina-750x500.jpg 750w\" sizes=\"auto, (max-width: 429px) 100vw, 429px\" \/><\/figure><\/div>\n\n\n\n<p>EL Congreso abri\u00f3 un espacio a tres mesas redondas compuestas, la primera, por&nbsp;<strong>Sabrina Alfonso de <a href=\"https:\/\/www.karbest.com\">Karbest<\/a> y M\u00aa Carmen Cerd\u00e1 de <a href=\"https:\/\/www.graficasbeyco.com\">Gr\u00e1ficas Beyco<\/a><\/strong>&nbsp;que explicaron como una mayor visi\u00f3n femenina en este sector, mayoritariamente compuesto de hombres, podr\u00eda ayudar a un abrir nuevas perspectivas de crecimiento y hacerlo m\u00e1s l\u00edder en estos momentos. La segunda mesa redonda compuesta por&nbsp;<strong>Patricia Berga y Ferran Berga de <a href=\"https:\/\/www.alzamoragroup.com\">Alzamora Cart\u00f3n Packaging<\/a>, y Rita Nepomuceno de Seda Ib\u00e9rica<\/strong>, nos dej\u00f3 el punto de vista de las nuevas generaciones que entran en el sector. Su relaci\u00f3n con las sostenibilidad del planeta, pero tambi\u00e9n como afrontan su futuro, que prioridades le dan a su vida y en que posici\u00f3n dentro de su vida colocan su \u00e9xito profesional o simplemente su participaci\u00f3n en la empresa se dejaron ver en esta mesa.<\/p>\n\n\n\n<div class=\"wp-block-image\"><figure class=\"aligncenter size-large is-resized\"><img loading=\"lazy\" decoding=\"async\" src=\"https:\/\/www.aspack.es\/news\/wp-content\/uploads\/2022\/10\/nuevas-generaciones-1024x683.jpg\" alt=\"\" class=\"wp-image-1780\" width=\"489\" height=\"326\" srcset=\"https:\/\/www.aspack.es\/news\/wp-content\/uploads\/2022\/10\/nuevas-generaciones-1024x683.jpg 1024w, https:\/\/www.aspack.es\/news\/wp-content\/uploads\/2022\/10\/nuevas-generaciones-300x200.jpg 300w, https:\/\/www.aspack.es\/news\/wp-content\/uploads\/2022\/10\/nuevas-generaciones-768x512.jpg 768w, https:\/\/www.aspack.es\/news\/wp-content\/uploads\/2022\/10\/nuevas-generaciones-1536x1024.jpg 1536w, https:\/\/www.aspack.es\/news\/wp-content\/uploads\/2022\/10\/nuevas-generaciones-2048x1365.jpg 2048w, https:\/\/www.aspack.es\/news\/wp-content\/uploads\/2022\/10\/nuevas-generaciones-480x320.jpg 480w, https:\/\/www.aspack.es\/news\/wp-content\/uploads\/2022\/10\/nuevas-generaciones-750x500.jpg 750w\" sizes=\"auto, (max-width: 489px) 100vw, 489px\" \/><\/figure><\/div>\n\n\n\n<div class=\"wp-block-image\"><figure class=\"alignright size-large is-resized\"><img loading=\"lazy\" decoding=\"async\" src=\"https:\/\/www.aspack.es\/news\/wp-content\/uploads\/2022\/10\/la-cocian-grafica-683x1024.jpg\" alt=\"\" class=\"wp-image-1776\" width=\"239\" height=\"359\" srcset=\"https:\/\/www.aspack.es\/news\/wp-content\/uploads\/2022\/10\/la-cocian-grafica-683x1024.jpg 683w, https:\/\/www.aspack.es\/news\/wp-content\/uploads\/2022\/10\/la-cocian-grafica-200x300.jpg 200w, https:\/\/www.aspack.es\/news\/wp-content\/uploads\/2022\/10\/la-cocian-grafica-768x1152.jpg 768w, https:\/\/www.aspack.es\/news\/wp-content\/uploads\/2022\/10\/la-cocian-grafica-1024x1536.jpg 1024w, https:\/\/www.aspack.es\/news\/wp-content\/uploads\/2022\/10\/la-cocian-grafica-1365x2048.jpg 1365w, https:\/\/www.aspack.es\/news\/wp-content\/uploads\/2022\/10\/la-cocian-grafica-480x720.jpg 480w, https:\/\/www.aspack.es\/news\/wp-content\/uploads\/2022\/10\/la-cocian-grafica-333x500.jpg 333w, https:\/\/www.aspack.es\/news\/wp-content\/uploads\/2022\/10\/la-cocian-grafica-scaled.jpg 1707w\" sizes=\"auto, (max-width: 239px) 100vw, 239px\" \/><\/figure><\/div>\n\n\n\n<p><\/p>\n\n\n\n<p>Y la tercera mesa redonda se enfoc\u00f3 hacia la formaci\u00f3n y los estudiantes, futuros trabajadores del sector. Desde hace un tiempo ASPACK empieza a colaborar con escuelas, como&nbsp;<strong><a href=\"https:\/\/lacocinagrafica.afundacion.org\/es\/\">La Cocina Gr\u00e1fica<\/a><\/strong>, que&nbsp;<strong>Nuria Casa<\/strong>l present\u00f3 en el Congreso.&nbsp;&nbsp;La estudiante&nbsp;<strong>Izar Magallanes Mart\u00ednez del Colegio Hogar Afundaci\u00f3n Salesianos de Vigo<\/strong>&nbsp;pudo presentar a los asociados la educaci\u00f3n y ambici\u00f3n que tienen los j\u00f3venes del sector as\u00ed como las conclusiones del estudio focus group sobre la percepci\u00f3n del envase de cart\u00f3n entre los consumidores del futuro, a trav\u00e9s de un video realizado en colaboraci\u00f3n con la asociaci\u00f3n.<\/p>\n\n\n\n<p>La jornada matinal sigui\u00f3 con el video-documental titulado \u201cEl nuevo camino del management hacia una empresa liberada\u201d realizado por Val\u00e9rie Guillotte, Socia Directora de Kolokio International, y en el que se presentan las bases de esta nueva forma de management que ya se est\u00e1 implantando en EEUU y Francia y que permite al mundo empresarial acercarse al nuevo paradigma de comportamiento de la Sociedad y que sienta las bases de una econom\u00eda m\u00e1s humana y colaborativa. La ma\u00f1ana se cerr\u00f3 con la conferencia de&nbsp;<strong>Dominique Duarte y Mar Dur\u00e1n,&nbsp;Liderar una empresa en tiempo de riesgo: c\u00f3mo crear una organizaci\u00f3n m\u00e1s colaborativa, respetuosa y humana<\/strong>. Durante una hora y media realizaron la din\u00e1mica grupal \u201cLos cuadrados\u201d incluyendo la participaci\u00f3n de todos los asistentes. Posteriormente, todos juntos sacaron las conclusiones, ideas y sugerencias para permitir cambios y nuevos resultados inmediatos y duraderos en sus organizaciones.<\/p>\n\n\n\n<div class=\"wp-block-image\"><figure class=\"aligncenter size-large is-resized\"><img loading=\"lazy\" decoding=\"async\" src=\"https:\/\/www.aspack.es\/news\/wp-content\/uploads\/2022\/10\/dominique-y-mar-1024x683.jpg\" alt=\"\" class=\"wp-image-1783\" width=\"487\" height=\"324\" srcset=\"https:\/\/www.aspack.es\/news\/wp-content\/uploads\/2022\/10\/dominique-y-mar-1024x683.jpg 1024w, https:\/\/www.aspack.es\/news\/wp-content\/uploads\/2022\/10\/dominique-y-mar-300x200.jpg 300w, https:\/\/www.aspack.es\/news\/wp-content\/uploads\/2022\/10\/dominique-y-mar-768x512.jpg 768w, https:\/\/www.aspack.es\/news\/wp-content\/uploads\/2022\/10\/dominique-y-mar-1536x1024.jpg 1536w, https:\/\/www.aspack.es\/news\/wp-content\/uploads\/2022\/10\/dominique-y-mar-2048x1365.jpg 2048w, https:\/\/www.aspack.es\/news\/wp-content\/uploads\/2022\/10\/dominique-y-mar-480x320.jpg 480w, https:\/\/www.aspack.es\/news\/wp-content\/uploads\/2022\/10\/dominique-y-mar-750x500.jpg 750w\" sizes=\"auto, (max-width: 487px) 100vw, 487px\" \/><\/figure><\/div>\n\n\n\n<p>La \u00faltima ponencia de este noveno Congreso de ASPACK corri\u00f3 a cargo&nbsp;<em>Guillermo Vall\u00e9s.<\/em>&nbsp;<em>Presidente de RECIPAP Espa\u00f1a y Director General de <a href=\"https:\/\/www.saica.com\/es\/quienes-somos\/\">SAICA Natur<\/a><\/em>, que ofreci\u00f3 una charla sobre los&nbsp;<strong>Nuevos desaf\u00edos del sector ante la nueva legislaci\u00f3n medioambiental europea y espa\u00f1ola derivada de la Agenda 2030<\/strong>. Explic\u00f3 la nueva legislaci\u00f3n que se esta instalando en Espa\u00f1a y los nuevos desaf\u00edos a los que se enfrenta el sector del papel y el cart\u00f3n.&nbsp;<\/p>\n\n\n\n<div class=\"wp-block-image\"><figure class=\"aligncenter size-large is-resized\"><img loading=\"lazy\" decoding=\"async\" src=\"https:\/\/www.aspack.es\/news\/wp-content\/uploads\/2022\/10\/guillermo-1024x683.jpg\" alt=\"\" class=\"wp-image-1782\" width=\"645\" height=\"431\" srcset=\"https:\/\/www.aspack.es\/news\/wp-content\/uploads\/2022\/10\/guillermo-1024x683.jpg 1024w, https:\/\/www.aspack.es\/news\/wp-content\/uploads\/2022\/10\/guillermo-300x200.jpg 300w, https:\/\/www.aspack.es\/news\/wp-content\/uploads\/2022\/10\/guillermo-768x512.jpg 768w, https:\/\/www.aspack.es\/news\/wp-content\/uploads\/2022\/10\/guillermo-1536x1024.jpg 1536w, https:\/\/www.aspack.es\/news\/wp-content\/uploads\/2022\/10\/guillermo-2048x1365.jpg 2048w, https:\/\/www.aspack.es\/news\/wp-content\/uploads\/2022\/10\/guillermo-480x320.jpg 480w, https:\/\/www.aspack.es\/news\/wp-content\/uploads\/2022\/10\/guillermo-750x500.jpg 750w\" sizes=\"auto, (max-width: 645px) 100vw, 645px\" \/><\/figure><\/div>\n\n\n\n<p>Adem\u00e1s de las conferencias, el programa profesional del congreso de ASPACK cont\u00f3 con presentaciones t\u00e9cnicas, a cargo de<strong>&nbsp;Joaqui Martin de&nbsp;<\/strong>de <a href=\"https:\/\/www.metsagroup.com\">Metsa Board<\/a>; de Reino de Medici , realizada&nbsp;<strong>por Juan Torras<\/strong>, seguida por una de&nbsp;<a href=\"https:\/\/www.koenig-bauer.com\/es\/\">Koenig &amp; Bauera<\/a> cargo de&nbsp;<strong>Miguel Torras<\/strong>&nbsp;y de <a href=\"https:\/\/www.heidelberg.com\/global\/en\/index.jsp\">Heidelberg&nbsp;<\/a>con&nbsp;<strong>Gunnar Vogt<\/strong>,&nbsp;;&nbsp;&nbsp;hubo tiempo para&nbsp;una sesi\u00f3n de mesas de negocios en la que&nbsp;&nbsp;se puso en contacto en charlas de cinco minutos a fabricantes de envases y a proveedores para que pudieran conocerse y valorar posibles colaboraciones.&nbsp;<\/p>\n\n\n\n<p>El Congreso se cerr\u00f3 con una cena de familiarizaci\u00f3n en P\u00e1teo Alfacinha y, para acabar, el s\u00e1bado 22 de octubre se realiz\u00f3 una actividad l\u00fadica patrocinada por&nbsp;<strong>Metsa Board,<\/strong>&nbsp;realizando una visita de Lisboa desde unos TukTuk almorzando en una de las Cervecer\u00edas m\u00e1s antiguas de Lisboa \u201cCervejaria Trintade\u201d.<\/p>\n\n\n\n<p>Agradecemos a todos los patrocinadores y colaboradores por apoyar un a\u00f1o m\u00e1s el Congreso ASPACK y esperamos vernos muy pronto.&nbsp;<\/p>\n","protected":false},"excerpt":{"rendered":"<p>Bajo el t\u00edtulo \u201cDeja entrar la luz\u201d, el decimo congreso de ASPACK ha reunido a m\u00e1s de 90 asistentes entre fabricantes de envases de cart\u00f3n y representantes de empresas proveedoras los d\u00edas 20 y 21 de octubre en Lisboa.&nbsp; El comit\u00e9 organizador eligi\u00f3 Portugal para celebrar el evento \u201cporque entend\u00edamos que hab\u00eda muchas m\u00e1s cosas&hellip;<\/p>\n","protected":false},"author":1,"featured_media":1784,"comment_status":"closed","ping_status":"open","sticky":false,"template":"","format":"standard","meta":{"footnotes":""},"categories":[17,19],"tags":[],"class_list":["post-1772","post","type-post","status-publish","format-standard","has-post-thumbnail","hentry","category-el-sector","category-eventos"],"yoast_head":"<!-- This site is optimized with the Yoast SEO plugin v25.9 - https:\/\/yoast.com\/wordpress\/plugins\/seo\/ -->\n<title>M\u00e1s de 90 personas han participado en el X Congreso ASPACK que ha presentado la nueva visi\u00f3n del sector para los pr\u00f3ximos a\u00f1os - ASPACK NEWS<\/title>\n<meta name=\"description\" content=\"Bajo el t\u00edtulo \u201cDeja entrar la luz\u201d, el decimo congreso de ASPACK ha reunido a m\u00e1s de 90 asistentes entre fabricantes de envases de cart\u00f3n y representantes de empresas proveedoras los d\u00edas 20 y 21 de octubre en Lisboa.\" \/>\n<meta name=\"robots\" content=\"index, follow, max-snippet:-1, max-image-preview:large, max-video-preview:-1\" \/>\n<link rel=\"canonical\" href=\"https:\/\/www.aspack.es\/news\/mas-de-90-personas-han-participado-en-el-x-congreso-aspack-que-ha-presentado-la-nueva-vision-del-sector-para-los-proximos-anos\/\" \/>\n<meta property=\"og:locale\" content=\"es_ES\" \/>\n<meta property=\"og:type\" content=\"article\" \/>\n<meta property=\"og:title\" content=\"M\u00e1s de 90 personas han participado en el X Congreso ASPACK que ha presentado la nueva visi\u00f3n del sector para los pr\u00f3ximos a\u00f1os - ASPACK NEWS\" \/>\n<meta property=\"og:description\" content=\"Bajo el t\u00edtulo \u201cDeja entrar la luz\u201d, el decimo congreso de ASPACK ha reunido a m\u00e1s de 90 asistentes entre fabricantes de envases de cart\u00f3n y representantes de empresas proveedoras los d\u00edas 20 y 21 de octubre en Lisboa.\" \/>\n<meta property=\"og:url\" content=\"https:\/\/www.aspack.es\/news\/mas-de-90-personas-han-participado-en-el-x-congreso-aspack-que-ha-presentado-la-nueva-vision-del-sector-para-los-proximos-anos\/\" \/>\n<meta property=\"og:site_name\" content=\"ASPACK NEWS\" \/>\n<meta property=\"article:published_time\" content=\"2022-10-31T10:17:47+00:00\" \/>\n<meta property=\"article:modified_time\" content=\"2022-11-30T14:25:15+00:00\" \/>\n<meta property=\"og:image\" content=\"https:\/\/www.aspack.es\/news\/wp-content\/uploads\/2022\/10\/ASPCK-pablo-1024x683.jpg\" \/>\n\t<meta property=\"og:image:width\" content=\"1024\" \/>\n\t<meta property=\"og:image:height\" content=\"683\" \/>\n\t<meta property=\"og:image:type\" content=\"image\/jpeg\" \/>\n<meta name=\"author\" content=\"admin\" \/>\n<meta name=\"twitter:card\" content=\"summary_large_image\" \/>\n<meta name=\"twitter:label1\" content=\"Escrito por\" \/>\n\t<meta name=\"twitter:data1\" content=\"admin\" \/>\n\t<meta name=\"twitter:label2\" content=\"Tiempo de lectura\" \/>\n\t<meta name=\"twitter:data2\" content=\"10 minutos\" \/>\n<script type=\"application\/ld+json\" class=\"yoast-schema-graph\">{\"@context\":\"https:\/\/schema.org\",\"@graph\":[{\"@type\":\"WebPage\",\"@id\":\"https:\/\/www.aspack.es\/news\/mas-de-90-personas-han-participado-en-el-x-congreso-aspack-que-ha-presentado-la-nueva-vision-del-sector-para-los-proximos-anos\/\",\"url\":\"https:\/\/www.aspack.es\/news\/mas-de-90-personas-han-participado-en-el-x-congreso-aspack-que-ha-presentado-la-nueva-vision-del-sector-para-los-proximos-anos\/\",\"name\":\"M\u00e1s de 90 personas han participado en el X Congreso ASPACK que ha presentado la nueva visi\u00f3n del sector para los pr\u00f3ximos a\u00f1os - ASPACK NEWS\",\"isPartOf\":{\"@id\":\"http:\/\/www.aspack.es\/news\/#website\"},\"primaryImageOfPage\":{\"@id\":\"https:\/\/www.aspack.es\/news\/mas-de-90-personas-han-participado-en-el-x-congreso-aspack-que-ha-presentado-la-nueva-vision-del-sector-para-los-proximos-anos\/#primaryimage\"},\"image\":{\"@id\":\"https:\/\/www.aspack.es\/news\/mas-de-90-personas-han-participado-en-el-x-congreso-aspack-que-ha-presentado-la-nueva-vision-del-sector-para-los-proximos-anos\/#primaryimage\"},\"thumbnailUrl\":\"https:\/\/www.aspack.es\/news\/wp-content\/uploads\/2022\/10\/ASPCK-pablo-scaled.jpg\",\"datePublished\":\"2022-10-31T10:17:47+00:00\",\"dateModified\":\"2022-11-30T14:25:15+00:00\",\"author\":{\"@id\":\"http:\/\/www.aspack.es\/news\/#\/schema\/person\/0019098322836346476fc7dfdbd26d95\"},\"description\":\"Bajo el t\u00edtulo \u201cDeja entrar la luz\u201d, el decimo congreso de ASPACK ha reunido a m\u00e1s de 90 asistentes entre fabricantes de envases de cart\u00f3n y representantes de empresas proveedoras los d\u00edas 20 y 21 de octubre en Lisboa.\",\"breadcrumb\":{\"@id\":\"https:\/\/www.aspack.es\/news\/mas-de-90-personas-han-participado-en-el-x-congreso-aspack-que-ha-presentado-la-nueva-vision-del-sector-para-los-proximos-anos\/#breadcrumb\"},\"inLanguage\":\"es\",\"potentialAction\":[{\"@type\":\"ReadAction\",\"target\":[\"https:\/\/www.aspack.es\/news\/mas-de-90-personas-han-participado-en-el-x-congreso-aspack-que-ha-presentado-la-nueva-vision-del-sector-para-los-proximos-anos\/\"]}]},{\"@type\":\"ImageObject\",\"inLanguage\":\"es\",\"@id\":\"https:\/\/www.aspack.es\/news\/mas-de-90-personas-han-participado-en-el-x-congreso-aspack-que-ha-presentado-la-nueva-vision-del-sector-para-los-proximos-anos\/#primaryimage\",\"url\":\"https:\/\/www.aspack.es\/news\/wp-content\/uploads\/2022\/10\/ASPCK-pablo-scaled.jpg\",\"contentUrl\":\"https:\/\/www.aspack.es\/news\/wp-content\/uploads\/2022\/10\/ASPCK-pablo-scaled.jpg\",\"width\":2560,\"height\":1707,\"caption\":\"Congreso Aspack\"},{\"@type\":\"BreadcrumbList\",\"@id\":\"https:\/\/www.aspack.es\/news\/mas-de-90-personas-han-participado-en-el-x-congreso-aspack-que-ha-presentado-la-nueva-vision-del-sector-para-los-proximos-anos\/#breadcrumb\",\"itemListElement\":[{\"@type\":\"ListItem\",\"position\":1,\"name\":\"Portada\",\"item\":\"http:\/\/www.aspack.es\/news\/\"},{\"@type\":\"ListItem\",\"position\":2,\"name\":\"M\u00e1s de 90 personas han participado en el X Congreso ASPACK que ha presentado la nueva visi\u00f3n del sector para los pr\u00f3ximos a\u00f1os\"}]},{\"@type\":\"WebSite\",\"@id\":\"http:\/\/www.aspack.es\/news\/#website\",\"url\":\"http:\/\/www.aspack.es\/news\/\",\"name\":\"ASPACK NEWS\",\"description\":\"El peri?dico digital de los envases de cart?n\",\"potentialAction\":[{\"@type\":\"SearchAction\",\"target\":{\"@type\":\"EntryPoint\",\"urlTemplate\":\"http:\/\/www.aspack.es\/news\/?s={search_term_string}\"},\"query-input\":{\"@type\":\"PropertyValueSpecification\",\"valueRequired\":true,\"valueName\":\"search_term_string\"}}],\"inLanguage\":\"es\"},{\"@type\":\"Person\",\"@id\":\"http:\/\/www.aspack.es\/news\/#\/schema\/person\/0019098322836346476fc7dfdbd26d95\",\"name\":\"admin\",\"image\":{\"@type\":\"ImageObject\",\"inLanguage\":\"es\",\"@id\":\"http:\/\/www.aspack.es\/news\/#\/schema\/person\/image\/\",\"url\":\"https:\/\/secure.gravatar.com\/avatar\/6a6c60542c39a2d052b8b1e8c5145e669bf888b9b229b3da0e43092daac8a32e?s=96&d=mm&r=g\",\"contentUrl\":\"https:\/\/secure.gravatar.com\/avatar\/6a6c60542c39a2d052b8b1e8c5145e669bf888b9b229b3da0e43092daac8a32e?s=96&d=mm&r=g\",\"caption\":\"admin\"},\"url\":\"https:\/\/www.aspack.es\/news\/author\/admin\/\"}]}<\/script>\n<!-- \/ Yoast SEO plugin. -->","yoast_head_json":{"title":"M\u00e1s de 90 personas han participado en el X Congreso ASPACK que ha presentado la nueva visi\u00f3n del sector para los pr\u00f3ximos a\u00f1os - ASPACK NEWS","description":"Bajo el t\u00edtulo \u201cDeja entrar la luz\u201d, el decimo congreso de ASPACK ha reunido a m\u00e1s de 90 asistentes entre fabricantes de envases de cart\u00f3n y representantes de empresas proveedoras los d\u00edas 20 y 21 de octubre en Lisboa.","robots":{"index":"index","follow":"follow","max-snippet":"max-snippet:-1","max-image-preview":"max-image-preview:large","max-video-preview":"max-video-preview:-1"},"canonical":"https:\/\/www.aspack.es\/news\/mas-de-90-personas-han-participado-en-el-x-congreso-aspack-que-ha-presentado-la-nueva-vision-del-sector-para-los-proximos-anos\/","og_locale":"es_ES","og_type":"article","og_title":"M\u00e1s de 90 personas han participado en el X Congreso ASPACK que ha presentado la nueva visi\u00f3n del sector para los pr\u00f3ximos a\u00f1os - ASPACK NEWS","og_description":"Bajo el t\u00edtulo \u201cDeja entrar la luz\u201d, el decimo congreso de ASPACK ha reunido a m\u00e1s de 90 asistentes entre fabricantes de envases de cart\u00f3n y representantes de empresas proveedoras los d\u00edas 20 y 21 de octubre en Lisboa.","og_url":"https:\/\/www.aspack.es\/news\/mas-de-90-personas-han-participado-en-el-x-congreso-aspack-que-ha-presentado-la-nueva-vision-del-sector-para-los-proximos-anos\/","og_site_name":"ASPACK NEWS","article_published_time":"2022-10-31T10:17:47+00:00","article_modified_time":"2022-11-30T14:25:15+00:00","og_image":[{"width":1024,"height":683,"url":"https:\/\/www.aspack.es\/news\/wp-content\/uploads\/2022\/10\/ASPCK-pablo-1024x683.jpg","type":"image\/jpeg"}],"author":"admin","twitter_card":"summary_large_image","twitter_misc":{"Escrito por":"admin","Tiempo de lectura":"10 minutos"},"schema":{"@context":"https:\/\/schema.org","@graph":[{"@type":"WebPage","@id":"https:\/\/www.aspack.es\/news\/mas-de-90-personas-han-participado-en-el-x-congreso-aspack-que-ha-presentado-la-nueva-vision-del-sector-para-los-proximos-anos\/","url":"https:\/\/www.aspack.es\/news\/mas-de-90-personas-han-participado-en-el-x-congreso-aspack-que-ha-presentado-la-nueva-vision-del-sector-para-los-proximos-anos\/","name":"M\u00e1s de 90 personas han participado en el X Congreso ASPACK que ha presentado la nueva visi\u00f3n del sector para los pr\u00f3ximos a\u00f1os - ASPACK NEWS","isPartOf":{"@id":"http:\/\/www.aspack.es\/news\/#website"},"primaryImageOfPage":{"@id":"https:\/\/www.aspack.es\/news\/mas-de-90-personas-han-participado-en-el-x-congreso-aspack-que-ha-presentado-la-nueva-vision-del-sector-para-los-proximos-anos\/#primaryimage"},"image":{"@id":"https:\/\/www.aspack.es\/news\/mas-de-90-personas-han-participado-en-el-x-congreso-aspack-que-ha-presentado-la-nueva-vision-del-sector-para-los-proximos-anos\/#primaryimage"},"thumbnailUrl":"https:\/\/www.aspack.es\/news\/wp-content\/uploads\/2022\/10\/ASPCK-pablo-scaled.jpg","datePublished":"2022-10-31T10:17:47+00:00","dateModified":"2022-11-30T14:25:15+00:00","author":{"@id":"http:\/\/www.aspack.es\/news\/#\/schema\/person\/0019098322836346476fc7dfdbd26d95"},"description":"Bajo el t\u00edtulo \u201cDeja entrar la luz\u201d, el decimo congreso de ASPACK ha reunido a m\u00e1s de 90 asistentes entre fabricantes de envases de cart\u00f3n y representantes de empresas proveedoras los d\u00edas 20 y 21 de octubre en Lisboa.","breadcrumb":{"@id":"https:\/\/www.aspack.es\/news\/mas-de-90-personas-han-participado-en-el-x-congreso-aspack-que-ha-presentado-la-nueva-vision-del-sector-para-los-proximos-anos\/#breadcrumb"},"inLanguage":"es","potentialAction":[{"@type":"ReadAction","target":["https:\/\/www.aspack.es\/news\/mas-de-90-personas-han-participado-en-el-x-congreso-aspack-que-ha-presentado-la-nueva-vision-del-sector-para-los-proximos-anos\/"]}]},{"@type":"ImageObject","inLanguage":"es","@id":"https:\/\/www.aspack.es\/news\/mas-de-90-personas-han-participado-en-el-x-congreso-aspack-que-ha-presentado-la-nueva-vision-del-sector-para-los-proximos-anos\/#primaryimage","url":"https:\/\/www.aspack.es\/news\/wp-content\/uploads\/2022\/10\/ASPCK-pablo-scaled.jpg","contentUrl":"https:\/\/www.aspack.es\/news\/wp-content\/uploads\/2022\/10\/ASPCK-pablo-scaled.jpg","width":2560,"height":1707,"caption":"Congreso Aspack"},{"@type":"BreadcrumbList","@id":"https:\/\/www.aspack.es\/news\/mas-de-90-personas-han-participado-en-el-x-congreso-aspack-que-ha-presentado-la-nueva-vision-del-sector-para-los-proximos-anos\/#breadcrumb","itemListElement":[{"@type":"ListItem","position":1,"name":"Portada","item":"http:\/\/www.aspack.es\/news\/"},{"@type":"ListItem","position":2,"name":"M\u00e1s de 90 personas han participado en el X Congreso ASPACK que ha presentado la nueva visi\u00f3n del sector para los pr\u00f3ximos a\u00f1os"}]},{"@type":"WebSite","@id":"http:\/\/www.aspack.es\/news\/#website","url":"http:\/\/www.aspack.es\/news\/","name":"ASPACK NEWS","description":"El peri?dico digital de los envases de cart?n","potentialAction":[{"@type":"SearchAction","target":{"@type":"EntryPoint","urlTemplate":"http:\/\/www.aspack.es\/news\/?s={search_term_string}"},"query-input":{"@type":"PropertyValueSpecification","valueRequired":true,"valueName":"search_term_string"}}],"inLanguage":"es"},{"@type":"Person","@id":"http:\/\/www.aspack.es\/news\/#\/schema\/person\/0019098322836346476fc7dfdbd26d95","name":"admin","image":{"@type":"ImageObject","inLanguage":"es","@id":"http:\/\/www.aspack.es\/news\/#\/schema\/person\/image\/","url":"https:\/\/secure.gravatar.com\/avatar\/6a6c60542c39a2d052b8b1e8c5145e669bf888b9b229b3da0e43092daac8a32e?s=96&d=mm&r=g","contentUrl":"https:\/\/secure.gravatar.com\/avatar\/6a6c60542c39a2d052b8b1e8c5145e669bf888b9b229b3da0e43092daac8a32e?s=96&d=mm&r=g","caption":"admin"},"url":"https:\/\/www.aspack.es\/news\/author\/admin\/"}]}},"_links":{"self":[{"href":"https:\/\/www.aspack.es\/news\/wp-json\/wp\/v2\/posts\/1772","targetHints":{"allow":["GET"]}}],"collection":[{"href":"https:\/\/www.aspack.es\/news\/wp-json\/wp\/v2\/posts"}],"about":[{"href":"https:\/\/www.aspack.es\/news\/wp-json\/wp\/v2\/types\/post"}],"author":[{"embeddable":true,"href":"https:\/\/www.aspack.es\/news\/wp-json\/wp\/v2\/users\/1"}],"replies":[{"embeddable":true,"href":"https:\/\/www.aspack.es\/news\/wp-json\/wp\/v2\/comments?post=1772"}],"version-history":[{"count":7,"href":"https:\/\/www.aspack.es\/news\/wp-json\/wp\/v2\/posts\/1772\/revisions"}],"predecessor-version":[{"id":1816,"href":"https:\/\/www.aspack.es\/news\/wp-json\/wp\/v2\/posts\/1772\/revisions\/1816"}],"wp:featuredmedia":[{"embeddable":true,"href":"https:\/\/www.aspack.es\/news\/wp-json\/wp\/v2\/media\/1784"}],"wp:attachment":[{"href":"https:\/\/www.aspack.es\/news\/wp-json\/wp\/v2\/media?parent=1772"}],"wp:term":[{"taxonomy":"category","embeddable":true,"href":"https:\/\/www.aspack.es\/news\/wp-json\/wp\/v2\/categories?post=1772"},{"taxonomy":"post_tag","embeddable":true,"href":"https:\/\/www.aspack.es\/news\/wp-json\/wp\/v2\/tags?post=1772"}],"curies":[{"name":"wp","href":"https:\/\/api.w.org\/{rel}","templated":true}]}}