{"id":1819,"date":"2022-12-01T17:34:21","date_gmt":"2022-12-01T17:34:21","guid":{"rendered":"https:\/\/www.aspack.es\/news\/?p=1819"},"modified":"2022-12-01T17:34:51","modified_gmt":"2022-12-01T17:34:51","slug":"la-comision-europea-publica-la-propuesta-de-revision-de-envases-y-residuos-de-envases","status":"publish","type":"post","link":"https:\/\/www.aspack.es\/news\/la-comision-europea-publica-la-propuesta-de-revision-de-envases-y-residuos-de-envases\/","title":{"rendered":"La Comisi\u00f3n Europea publica la propuesta de revisi\u00f3n de Envases y Residuos de Envases"},"content":{"rendered":"\n<h3 class=\"wp-block-heading\">Revisi\u00f3n del PPWR: la UE debe seguir la evidencia cient\u00edfica<\/h3>\n\n\n\n<p>El&nbsp;sector de envase y&nbsp;embalaje a base de fibra,&nbsp;reconoce la propuesta de la Comisi\u00f3n para un&nbsp;<strong>Reglamento de Envases y Residuos de Envases<\/strong>&nbsp;y espera apoyar un enfoque basado en evidencia durante las pr\u00f3ximas etapas del proceso legislativo.<\/p>\n\n\n\n<p>Mike Turner, presidente de Fiber Packaging Europe, dijo: \u201c<em>Reconocemos la propuesta de hoy como el objetivo de la Comisi\u00f3n de avanzar hacia una econom\u00eda verde y circular en nuestro sector. Esperamos trabajar con el Parlamento y el Consejo en un resultado final que haga el mejor uso de la evidencia s\u00f3lida, desde las implicaciones ambientales y de salud y seguridad de los objetivos de reutilizaci\u00f3n, hasta el establecimiento de las condiciones propicias para que se alcancen los ambiciosos objetivos de reciclaje<\/em>. \u201d.<\/p>\n\n\n\n<p>Fiber Packaging Europe (FPE), en la cual ASPACK pertenece v\u00eda ECMA, es una alianza de siete asociaciones comerciales de la producci\u00f3n y el reciclaje de envases de silvicultura, pulpa, papel, cart\u00f3n y cart\u00f3n en Europa, est\u00e1 lista para apoyar los pr\u00f3ximos pasos para llegar a una soluci\u00f3n viable que contribuya a la Europa Verde.&nbsp;<\/p>\n\n\n\n<h3 class=\"wp-block-heading\">Restricciones y objetivos de reutilizaci\u00f3n obligatorios<\/h3>\n\n\n\n<p>Fiber Packaging Europe representa un sector que ya es l\u00edder en sostenibilidad. Creemos que la reutilizaci\u00f3n solo debe considerarse cuando sea beneficiosa para el medio ambiente, segura para los consumidores, no comprometa la higiene de los alimentos, sea t\u00e9cnicamente factible y tenga sentido desde el punto de vista econ\u00f3mico. Esto significa tener en cuenta los mejores an\u00e1lisis cient\u00edficos disponibles y verificables. La ciencia debe liderar esta pol\u00edtica, que tiene importantes implicaciones ambientales, sanitarias y econ\u00f3micas.<\/p>\n\n\n\n<p>La regulaci\u00f3n final debe tener en cuenta la evidencia cient\u00edfica de las evaluaciones del ciclo de vida y estudiar las implicaciones de la reutilizaci\u00f3n en sectores y aplicaciones espec\u00edficos antes de establecer esos objetivos. Asimismo, todos los envases reutilizables puestos en el mercado deben ser reciclables y efectivamente reciclados al final de su vida.<\/p>\n\n\n\n<h3 class=\"wp-block-heading\">Reciclabilidad<\/h3>\n\n\n\n<p>La reciclabilidad y el reciclaje real de nuestros productos son de gran importancia para el sector de los envases y embalajes a base de fibra. De hecho, el 82% de los envases y embalajes a base de fibra ya se est\u00e1n reciclando.<\/p>\n\n\n\n<p>Una definici\u00f3n factible y progresista de reciclabilidad debe ser aplicable a todos los envases y debe complementarse con un enfoque de material espec\u00edfico y tecnolog\u00eda neutral.<\/p>\n\n\n\n<p>La industria de reciclaje, fabricaci\u00f3n y conversi\u00f3n de papel y cart\u00f3n ha desarrollado una gu\u00eda: Papel&nbsp;Directrices de reciclabilidad de envases. Estas pautas de la industria pueden proporcionar la orientaci\u00f3n t\u00e9cnica necesaria para garantizar que la reciclabilidad est\u00e9 dise\u00f1ada en el envase&nbsp;&nbsp;al considerar la composici\u00f3n, la funcionalidad y la idoneidad para el reciclaje en los flujos existentes y con las tecnolog\u00edas existentes.<\/p>\n\n\n\n<h3 class=\"wp-block-heading\">Acerca de Fiber Packaging Europa<\/h3>\n\n\n\n<p>La&nbsp;industria del embalaje es un contribuyente clave a la aspiraci\u00f3n del Pacto Verde Europeo de construir una econom\u00eda europea fuerte, circular y eficiente en el uso de los recursos.<\/p>\n\n\n\n<p>Fiber Packaging Europa representa a asociaciones cuyos productos de miembros se obtienen, fabrican, utilizan y reciclan en Europa utilizando tecnolog\u00eda europea. Colectivamente, los miembros de FPE emplean a 365&nbsp;000 personas en 2200&nbsp;instalaciones en Europa, lo que genera alrededor de 120&nbsp;000 millones de euros en facturaci\u00f3n anual. Los productos de embalaje a base de fibra son altamente reciclables y provienen de bosques gestionados de manera sostenible, lo que reemplaza a los productos basados \u200b\u200ben materias primas f\u00f3siles finitas. El sector forestal de Europa tiene un efecto clim\u00e1tico positivo, mitigando el 20% de las emisiones anuales de carbono de la UE.<\/p>\n","protected":false},"excerpt":{"rendered":"<p>Revisi\u00f3n del PPWR: la UE debe seguir la evidencia cient\u00edfica El&nbsp;sector de envase y&nbsp;embalaje a base de fibra,&nbsp;reconoce la propuesta de la Comisi\u00f3n para un&nbsp;Reglamento de Envases y Residuos de Envases&nbsp;y espera apoyar un enfoque basado en evidencia durante las pr\u00f3ximas etapas del proceso legislativo. Mike Turner, presidente de Fiber Packaging Europe, dijo: \u201cReconocemos la&hellip;<\/p>\n","protected":false},"author":1,"featured_media":1820,"comment_status":"closed","ping_status":"open","sticky":false,"template":"","format":"standard","meta":{"footnotes":""},"categories":[18,17,22],"tags":[],"class_list":["post-1819","post","type-post","status-publish","format-standard","has-post-thumbnail","hentry","category-asociados","category-el-sector","category-noticias"],"yoast_head":"<!-- This site is optimized with the Yoast SEO plugin v25.9 - https:\/\/yoast.com\/wordpress\/plugins\/seo\/ -->\n<title>La Comisi\u00f3n Europea publica la propuesta de revisi\u00f3n de Envases y Residuos de Envases - ASPACK NEWS<\/title>\n<meta name=\"description\" content=\"El sector de envase y embalaje a base de fibra, reconoce la propuesta de la Comisi\u00f3n para un Reglamento de Envases y Residuos de Envases y espera apoyar un enfoque basado en evidencia durante las pr\u00f3ximas etapas del proceso legislativo.\" \/>\n<meta name=\"robots\" content=\"index, follow, max-snippet:-1, max-image-preview:large, max-video-preview:-1\" \/>\n<link rel=\"canonical\" href=\"https:\/\/www.aspack.es\/news\/la-comision-europea-publica-la-propuesta-de-revision-de-envases-y-residuos-de-envases\/\" \/>\n<meta property=\"og:locale\" content=\"es_ES\" \/>\n<meta property=\"og:type\" content=\"article\" \/>\n<meta property=\"og:title\" content=\"La Comisi\u00f3n Europea publica la propuesta de revisi\u00f3n de Envases y Residuos de Envases - ASPACK NEWS\" \/>\n<meta property=\"og:description\" content=\"El sector de envase y embalaje a base de fibra, reconoce la propuesta de la Comisi\u00f3n para un Reglamento de Envases y Residuos de Envases y espera apoyar un enfoque basado en evidencia durante las pr\u00f3ximas etapas del proceso legislativo.\" \/>\n<meta property=\"og:url\" content=\"https:\/\/www.aspack.es\/news\/la-comision-europea-publica-la-propuesta-de-revision-de-envases-y-residuos-de-envases\/\" \/>\n<meta property=\"og:site_name\" content=\"ASPACK NEWS\" \/>\n<meta property=\"article:published_time\" content=\"2022-12-01T17:34:21+00:00\" \/>\n<meta property=\"article:modified_time\" content=\"2022-12-01T17:34:51+00:00\" \/>\n<meta property=\"og:image\" content=\"https:\/\/www.aspack.es\/news\/wp-content\/uploads\/2022\/12\/Rooms-for-conference-thursday-20-and-friday-2112-1024x576.png\" \/>\n\t<meta property=\"og:image:width\" content=\"1024\" \/>\n\t<meta property=\"og:image:height\" content=\"576\" \/>\n\t<meta property=\"og:image:type\" content=\"image\/png\" \/>\n<meta name=\"author\" content=\"admin\" \/>\n<meta name=\"twitter:card\" content=\"summary_large_image\" \/>\n<meta name=\"twitter:label1\" content=\"Escrito por\" \/>\n\t<meta name=\"twitter:data1\" content=\"admin\" \/>\n\t<meta name=\"twitter:label2\" content=\"Tiempo de lectura\" \/>\n\t<meta name=\"twitter:data2\" content=\"3 minutos\" \/>\n<script type=\"application\/ld+json\" class=\"yoast-schema-graph\">{\"@context\":\"https:\/\/schema.org\",\"@graph\":[{\"@type\":\"WebPage\",\"@id\":\"https:\/\/www.aspack.es\/news\/la-comision-europea-publica-la-propuesta-de-revision-de-envases-y-residuos-de-envases\/\",\"url\":\"https:\/\/www.aspack.es\/news\/la-comision-europea-publica-la-propuesta-de-revision-de-envases-y-residuos-de-envases\/\",\"name\":\"La Comisi\u00f3n Europea publica la propuesta de revisi\u00f3n de Envases y Residuos de Envases - ASPACK NEWS\",\"isPartOf\":{\"@id\":\"https:\/\/www.aspack.es\/news\/#website\"},\"primaryImageOfPage\":{\"@id\":\"https:\/\/www.aspack.es\/news\/la-comision-europea-publica-la-propuesta-de-revision-de-envases-y-residuos-de-envases\/#primaryimage\"},\"image\":{\"@id\":\"https:\/\/www.aspack.es\/news\/la-comision-europea-publica-la-propuesta-de-revision-de-envases-y-residuos-de-envases\/#primaryimage\"},\"thumbnailUrl\":\"https:\/\/www.aspack.es\/news\/wp-content\/uploads\/2022\/12\/Rooms-for-conference-thursday-20-and-friday-2112.png\",\"datePublished\":\"2022-12-01T17:34:21+00:00\",\"dateModified\":\"2022-12-01T17:34:51+00:00\",\"author\":{\"@id\":\"https:\/\/www.aspack.es\/news\/#\/schema\/person\/0019098322836346476fc7dfdbd26d95\"},\"description\":\"El sector de envase y embalaje a base de fibra, reconoce la propuesta de la Comisi\u00f3n para un Reglamento de Envases y Residuos de Envases y espera apoyar un enfoque basado en evidencia durante las pr\u00f3ximas etapas del proceso legislativo.\",\"breadcrumb\":{\"@id\":\"https:\/\/www.aspack.es\/news\/la-comision-europea-publica-la-propuesta-de-revision-de-envases-y-residuos-de-envases\/#breadcrumb\"},\"inLanguage\":\"es\",\"potentialAction\":[{\"@type\":\"ReadAction\",\"target\":[\"https:\/\/www.aspack.es\/news\/la-comision-europea-publica-la-propuesta-de-revision-de-envases-y-residuos-de-envases\/\"]}]},{\"@type\":\"ImageObject\",\"inLanguage\":\"es\",\"@id\":\"https:\/\/www.aspack.es\/news\/la-comision-europea-publica-la-propuesta-de-revision-de-envases-y-residuos-de-envases\/#primaryimage\",\"url\":\"https:\/\/www.aspack.es\/news\/wp-content\/uploads\/2022\/12\/Rooms-for-conference-thursday-20-and-friday-2112.png\",\"contentUrl\":\"https:\/\/www.aspack.es\/news\/wp-content\/uploads\/2022\/12\/Rooms-for-conference-thursday-20-and-friday-2112.png\",\"width\":1920,\"height\":1080},{\"@type\":\"BreadcrumbList\",\"@id\":\"https:\/\/www.aspack.es\/news\/la-comision-europea-publica-la-propuesta-de-revision-de-envases-y-residuos-de-envases\/#breadcrumb\",\"itemListElement\":[{\"@type\":\"ListItem\",\"position\":1,\"name\":\"Portada\",\"item\":\"https:\/\/www.aspack.es\/news\/\"},{\"@type\":\"ListItem\",\"position\":2,\"name\":\"La Comisi\u00f3n Europea publica la propuesta de revisi\u00f3n de Envases y Residuos de Envases\"}]},{\"@type\":\"WebSite\",\"@id\":\"https:\/\/www.aspack.es\/news\/#website\",\"url\":\"https:\/\/www.aspack.es\/news\/\",\"name\":\"ASPACK NEWS\",\"description\":\"El peri?dico digital de los envases de cart?n\",\"potentialAction\":[{\"@type\":\"SearchAction\",\"target\":{\"@type\":\"EntryPoint\",\"urlTemplate\":\"https:\/\/www.aspack.es\/news\/?s={search_term_string}\"},\"query-input\":{\"@type\":\"PropertyValueSpecification\",\"valueRequired\":true,\"valueName\":\"search_term_string\"}}],\"inLanguage\":\"es\"},{\"@type\":\"Person\",\"@id\":\"https:\/\/www.aspack.es\/news\/#\/schema\/person\/0019098322836346476fc7dfdbd26d95\",\"name\":\"admin\",\"image\":{\"@type\":\"ImageObject\",\"inLanguage\":\"es\",\"@id\":\"https:\/\/www.aspack.es\/news\/#\/schema\/person\/image\/\",\"url\":\"https:\/\/secure.gravatar.com\/avatar\/6a6c60542c39a2d052b8b1e8c5145e669bf888b9b229b3da0e43092daac8a32e?s=96&d=mm&r=g\",\"contentUrl\":\"https:\/\/secure.gravatar.com\/avatar\/6a6c60542c39a2d052b8b1e8c5145e669bf888b9b229b3da0e43092daac8a32e?s=96&d=mm&r=g\",\"caption\":\"admin\"},\"url\":\"https:\/\/www.aspack.es\/news\/author\/admin\/\"}]}<\/script>\n<!-- \/ Yoast SEO plugin. -->","yoast_head_json":{"title":"La Comisi\u00f3n Europea publica la propuesta de revisi\u00f3n de Envases y Residuos de Envases - ASPACK NEWS","description":"El sector de envase y embalaje a base de fibra, reconoce la propuesta de la Comisi\u00f3n para un Reglamento de Envases y Residuos de Envases y espera apoyar un enfoque basado en evidencia durante las pr\u00f3ximas etapas del proceso legislativo.","robots":{"index":"index","follow":"follow","max-snippet":"max-snippet:-1","max-image-preview":"max-image-preview:large","max-video-preview":"max-video-preview:-1"},"canonical":"https:\/\/www.aspack.es\/news\/la-comision-europea-publica-la-propuesta-de-revision-de-envases-y-residuos-de-envases\/","og_locale":"es_ES","og_type":"article","og_title":"La Comisi\u00f3n Europea publica la propuesta de revisi\u00f3n de Envases y Residuos de Envases - ASPACK NEWS","og_description":"El sector de envase y embalaje a base de fibra, reconoce la propuesta de la Comisi\u00f3n para un Reglamento de Envases y Residuos de Envases y espera apoyar un enfoque basado en evidencia durante las pr\u00f3ximas etapas del proceso legislativo.","og_url":"https:\/\/www.aspack.es\/news\/la-comision-europea-publica-la-propuesta-de-revision-de-envases-y-residuos-de-envases\/","og_site_name":"ASPACK NEWS","article_published_time":"2022-12-01T17:34:21+00:00","article_modified_time":"2022-12-01T17:34:51+00:00","og_image":[{"width":1024,"height":576,"url":"https:\/\/www.aspack.es\/news\/wp-content\/uploads\/2022\/12\/Rooms-for-conference-thursday-20-and-friday-2112-1024x576.png","type":"image\/png"}],"author":"admin","twitter_card":"summary_large_image","twitter_misc":{"Escrito por":"admin","Tiempo de lectura":"3 minutos"},"schema":{"@context":"https:\/\/schema.org","@graph":[{"@type":"WebPage","@id":"https:\/\/www.aspack.es\/news\/la-comision-europea-publica-la-propuesta-de-revision-de-envases-y-residuos-de-envases\/","url":"https:\/\/www.aspack.es\/news\/la-comision-europea-publica-la-propuesta-de-revision-de-envases-y-residuos-de-envases\/","name":"La Comisi\u00f3n Europea publica la propuesta de revisi\u00f3n de Envases y Residuos de Envases - ASPACK NEWS","isPartOf":{"@id":"https:\/\/www.aspack.es\/news\/#website"},"primaryImageOfPage":{"@id":"https:\/\/www.aspack.es\/news\/la-comision-europea-publica-la-propuesta-de-revision-de-envases-y-residuos-de-envases\/#primaryimage"},"image":{"@id":"https:\/\/www.aspack.es\/news\/la-comision-europea-publica-la-propuesta-de-revision-de-envases-y-residuos-de-envases\/#primaryimage"},"thumbnailUrl":"https:\/\/www.aspack.es\/news\/wp-content\/uploads\/2022\/12\/Rooms-for-conference-thursday-20-and-friday-2112.png","datePublished":"2022-12-01T17:34:21+00:00","dateModified":"2022-12-01T17:34:51+00:00","author":{"@id":"https:\/\/www.aspack.es\/news\/#\/schema\/person\/0019098322836346476fc7dfdbd26d95"},"description":"El sector de envase y embalaje a base de fibra, reconoce la propuesta de la Comisi\u00f3n para un Reglamento de Envases y Residuos de Envases y espera apoyar un enfoque basado en evidencia durante las pr\u00f3ximas etapas del proceso legislativo.","breadcrumb":{"@id":"https:\/\/www.aspack.es\/news\/la-comision-europea-publica-la-propuesta-de-revision-de-envases-y-residuos-de-envases\/#breadcrumb"},"inLanguage":"es","potentialAction":[{"@type":"ReadAction","target":["https:\/\/www.aspack.es\/news\/la-comision-europea-publica-la-propuesta-de-revision-de-envases-y-residuos-de-envases\/"]}]},{"@type":"ImageObject","inLanguage":"es","@id":"https:\/\/www.aspack.es\/news\/la-comision-europea-publica-la-propuesta-de-revision-de-envases-y-residuos-de-envases\/#primaryimage","url":"https:\/\/www.aspack.es\/news\/wp-content\/uploads\/2022\/12\/Rooms-for-conference-thursday-20-and-friday-2112.png","contentUrl":"https:\/\/www.aspack.es\/news\/wp-content\/uploads\/2022\/12\/Rooms-for-conference-thursday-20-and-friday-2112.png","width":1920,"height":1080},{"@type":"BreadcrumbList","@id":"https:\/\/www.aspack.es\/news\/la-comision-europea-publica-la-propuesta-de-revision-de-envases-y-residuos-de-envases\/#breadcrumb","itemListElement":[{"@type":"ListItem","position":1,"name":"Portada","item":"https:\/\/www.aspack.es\/news\/"},{"@type":"ListItem","position":2,"name":"La Comisi\u00f3n Europea publica la propuesta de revisi\u00f3n de Envases y Residuos de Envases"}]},{"@type":"WebSite","@id":"https:\/\/www.aspack.es\/news\/#website","url":"https:\/\/www.aspack.es\/news\/","name":"ASPACK NEWS","description":"El peri?dico digital de los envases de cart?n","potentialAction":[{"@type":"SearchAction","target":{"@type":"EntryPoint","urlTemplate":"https:\/\/www.aspack.es\/news\/?s={search_term_string}"},"query-input":{"@type":"PropertyValueSpecification","valueRequired":true,"valueName":"search_term_string"}}],"inLanguage":"es"},{"@type":"Person","@id":"https:\/\/www.aspack.es\/news\/#\/schema\/person\/0019098322836346476fc7dfdbd26d95","name":"admin","image":{"@type":"ImageObject","inLanguage":"es","@id":"https:\/\/www.aspack.es\/news\/#\/schema\/person\/image\/","url":"https:\/\/secure.gravatar.com\/avatar\/6a6c60542c39a2d052b8b1e8c5145e669bf888b9b229b3da0e43092daac8a32e?s=96&d=mm&r=g","contentUrl":"https:\/\/secure.gravatar.com\/avatar\/6a6c60542c39a2d052b8b1e8c5145e669bf888b9b229b3da0e43092daac8a32e?s=96&d=mm&r=g","caption":"admin"},"url":"https:\/\/www.aspack.es\/news\/author\/admin\/"}]}},"_links":{"self":[{"href":"https:\/\/www.aspack.es\/news\/wp-json\/wp\/v2\/posts\/1819","targetHints":{"allow":["GET"]}}],"collection":[{"href":"https:\/\/www.aspack.es\/news\/wp-json\/wp\/v2\/posts"}],"about":[{"href":"https:\/\/www.aspack.es\/news\/wp-json\/wp\/v2\/types\/post"}],"author":[{"embeddable":true,"href":"https:\/\/www.aspack.es\/news\/wp-json\/wp\/v2\/users\/1"}],"replies":[{"embeddable":true,"href":"https:\/\/www.aspack.es\/news\/wp-json\/wp\/v2\/comments?post=1819"}],"version-history":[{"count":1,"href":"https:\/\/www.aspack.es\/news\/wp-json\/wp\/v2\/posts\/1819\/revisions"}],"predecessor-version":[{"id":1821,"href":"https:\/\/www.aspack.es\/news\/wp-json\/wp\/v2\/posts\/1819\/revisions\/1821"}],"wp:featuredmedia":[{"embeddable":true,"href":"https:\/\/www.aspack.es\/news\/wp-json\/wp\/v2\/media\/1820"}],"wp:attachment":[{"href":"https:\/\/www.aspack.es\/news\/wp-json\/wp\/v2\/media?parent=1819"}],"wp:term":[{"taxonomy":"category","embeddable":true,"href":"https:\/\/www.aspack.es\/news\/wp-json\/wp\/v2\/categories?post=1819"},{"taxonomy":"post_tag","embeddable":true,"href":"https:\/\/www.aspack.es\/news\/wp-json\/wp\/v2\/tags?post=1819"}],"curies":[{"name":"wp","href":"https:\/\/api.w.org\/{rel}","templated":true}]}}