{"id":1823,"date":"2022-12-12T17:00:35","date_gmt":"2022-12-12T17:00:35","guid":{"rendered":"https:\/\/www.aspack.es\/news\/?p=1823"},"modified":"2022-12-12T17:00:36","modified_gmt":"2022-12-12T17:00:36","slug":"la-demanda-de-carton-sigue-baja-el-mercado-de-wlc-carton-de-fibra-reciclada-es-pesimista-en-el-final-de-un-ano-extraordinario-mientras-el-mercado-de-fbb-el-carton-folding-es-mas-optimista","status":"publish","type":"post","link":"https:\/\/www.aspack.es\/news\/la-demanda-de-carton-sigue-baja-el-mercado-de-wlc-carton-de-fibra-reciclada-es-pesimista-en-el-final-de-un-ano-extraordinario-mientras-el-mercado-de-fbb-el-carton-folding-es-mas-optimista\/","title":{"rendered":"La demanda de cart\u00f3n sigue baja, el mercado de WLC, cart\u00f3n de fibra reciclada, es pesimista en el final de un a\u00f1o extraordinario mientras el mercado de FBB, el cart\u00f3n folding, es m\u00e1s optimista"},"content":{"rendered":"\n<p>El mercado europeo del cart\u00f3n coje\u00f3 durante el \u00faltimo trimestre de 2022 con una demanda reducida en gran medida debido a las altas existencias en toda la cadena de suministro.<\/p>\n\n\n\n<p>A\u00fan as\u00ed, los fabricantes de cart\u00f3n folding (FBB) pudieron mantener sus precios base mayormente estables durante el \u00faltimo trimestre del a\u00f1o debido al hecho de que los contratos eran m\u00e1s largos, muchos de los cuales venc\u00edan en enero, y se dec\u00eda que la demanda era mejor que para el cart\u00f3n de fibra reciclada (WLC). Seg\u00fan los informes, los plazos de entrega tambi\u00e9n fueron m\u00e1s largos.<\/p>\n\n\n\n<p>Los precios de WLC, por otro lado, cayeron, ya que los precios de la energ\u00eda y los recargos de energ\u00eda asociados con ellos bajaron desde los niveles estratosf\u00e9ricos observados en el tercer trimestre.<\/p>\n\n\n\n<p>Se dijo que las plantas de fabricaci\u00f3n en ambos lados del mercado estaban tomando un tiempo de inactividad selectivo y se esperaba que muchas lo extendieran el per\u00edodo de vacaciones de Navidad unos d\u00edas m\u00e1s.<\/p>\n\n\n\n<p>\u00ab<em>Era previsible en cierto modo<\/em>\u00ab, dijo un comerciante al explicar la ca\u00edda. \u201c<em>Despu\u00e9s de tantos meses en auge, tiene sentido<\/em>\u201d, agreg\u00f3.<\/p>\n\n\n\n<p>El mercado al contado cobr\u00f3 vida en el \u00faltimo trimestre del a\u00f1o, con fabricantes exportando a mercados extranjeros a \u00ab<em>precios rid\u00edculamente bajos<\/em>\u00ab, seg\u00fan un usuario final.<\/p>\n\n\n\n<p><strong>FBB soporta la tormenta:&nbsp;<\/strong>El trimestre comenz\u00f3 con la decisi\u00f3n de un fabricante de congelar un aumento previamente anunciado en FBB, y la compa\u00f1\u00eda cit\u00f3 la ca\u00edda de los precios del gas y una inclinaci\u00f3n a traer estabilidad al mercado. De alguna manera, esto sent\u00f3 las bases para un enfoque defensivo, en lugar de ambicioso, por parte de los fabricantes. A\u00fan as\u00ed, algunas plantas FBB, en particular las de Europa continental, implementaron recargos energ\u00e9ticos y otras anunciaron aumentos de precios que se supon\u00eda que entrar\u00edan en vigor el 1 de noviembre, pero dada la duraci\u00f3n de los contratos, es m\u00e1s probable que se reflejen en el mercado en enero, si los productores tienen \u00e9xito en implementarlos. Muchos del lado de los compradores se mostraron esc\u00e9pticos de que esto ser\u00eda factible dado el nuevo mundo en el que se encontraba el mercado, y algunos sugirieron que los productores hab\u00edan esperado demasiado para hacer un movimiento. \u00ab<em>En algunos casos, lo impulsar\u00e1n, pero no durar\u00e1. Es posible que lo consigan porque la gente tiene en mente la situaci\u00f3n del mercado de hace un a\u00f1o, pero la situaci\u00f3n ha cambiado<\/em>\u201d, dijo un usuario final. \u201c<em>La realidad es que los fabricantes est\u00e1n llamando a mi puerta pregunt\u00e1ndome si quiero m\u00e1s cart\u00f3<\/em>n\u201d, agreg\u00f3.<\/p>\n\n\n\n<p>Todo esto fue en el contexto de una cadena de suministro que se dec\u00eda que estaba \u00abmega llena\u00bb y a medida que el suministro de los mercados extranjeros comenz\u00f3 a llegar nuevamente debido a la disminuci\u00f3n de los costos de env\u00edo. Hubo m\u00faltiples ejemplos de barcos que llegaron a Europa con un tablero asi\u00e1tico ordenado a principios de este a\u00f1o que ya no era necesario.<\/p>\n\n\n\n<p>Incluso hacia el final del a\u00f1o, exist\u00eda la sensaci\u00f3n de que el enfoque de \u00abt\u00f3malo o d\u00e9jalo\u00bb empleado por los fabricantes anteriormente todav\u00eda se estaba utilizando, a pesar de un entorno muy diferente. \u201c<em>No hay suficiente resistencia a los fabricantes de FBB por parte de los compradores<\/em>\u201d, postul\u00f3 un usuario final en octubre, dada la din\u00e1mica del mercado. \u201c<em>Los fabricantes todav\u00eda tienen la sensaci\u00f3n de que est\u00e1n en el asiento del conductor\u201d<\/em>, dijo otro usuario final m\u00e1s tarde, hacia finales de a\u00f1o.<\/p>\n\n\n\n<p>En muchos casos, los compradores continuaron las negociaciones para 2023 hasta diciembre. \u201c<em>Es dif\u00edcil para los fabricantes de FBB conseguir precios altos. Ahora que los tienen altos, tratar\u00e1n de defender esos niveles<\/em>\u201d, dijo un convertidor al evaluar c\u00f3mo les estaba yendo en las negociaciones.&nbsp;<\/p>\n\n\n\n<p><em>\u201cTodos nuestros convertidores, el 100% de ellos, quieren m\u00e1s vol\u00famenes<\/em>\u201d, dijo un fabricante al hablar sobre el pr\u00f3ximo a\u00f1o. \u201c<em>Es un poco contradictorio; todos esperan una recesi\u00f3n, pero son optimistas para el pr\u00f3ximo a\u00f1o<\/em>\u201d, agreg\u00f3.<\/p>\n\n\n\n<p>Algunos fabricantes a\u00fan informaron que se agotaron en octubre y, de hecho, les tom\u00f3 alg\u00fan tiempo trabajar con sus pedidos pendientes. Pero incluso mientras trabajaban para hacerlo, estaban reconociendo la nueva temporada de escasez en la que hab\u00edan entrado.&nbsp;<\/p>\n\n\n\n<p>\u201c<em>Es muy dif\u00edcil entender qu\u00e9 diablos est\u00e1 pasando y no tengo idea de d\u00f3nde viene el optimismo. Ya no es inflaci\u00f3n, es explosi\u00f3n<\/em>\u201d, intervino un convertidor. \u201c<em>La demanda ha bajado bastante. Al final del d\u00eda, la inflaci\u00f3n realmente est\u00e1 comenzando a golpear y el gasto de los clientes se ha reducido. Los usuarios finales est\u00e1n preocupados por las ventas y est\u00e1n retrasando los pedidos de envases por eso<\/em>\u201d, agreg\u00f3.<\/p>\n\n\n\n<p>\u201c<em>Los convertidores y los propietarios de marcas casi est\u00e1n entrando en p\u00e1nico al tratar de reducir las existencias de la misma manera que intentaron aumentarlas<\/em>\u201d, dijo un productor que inform\u00f3 que las existencias tambi\u00e9n aumentaron significativamente en su planta. \u201c<em>Reducir las acciones est\u00e1 en la mente de todos. Nos llevar\u00e1 hasta fin de a\u00f1o. La liquidaci\u00f3n de existencias ha sido el tema durante los \u00faltimos tres mese<\/em>s\u201d, coincidi\u00f3 otro productor en diciembre.<\/p>\n\n\n\n<p><strong>A\u00f1o turbulento que se prolonga para WLC:&nbsp;<\/strong>\u201c<em>La demanda se ha desacelerado, eso es seguro<\/em>\u201d, dijo un fabricante de WLC a fines de septiembre, momento en el que ya no se pod\u00eda negar que el mercado hab\u00eda cambiado. \u201c<em>Tenemos que presionar a nuestros clientes para que hagan su inventario\u201d, agreg\u00f3. \u201cLa cadena de suministro est\u00e1 llena y se est\u00e1 volviendo molesto [\u2026], nadie quiere nada, no importa si bajas el precio en 100, 200, 300 euros\/tonelada<\/em>\u201d, dijo otro fabricante en noviembre. \u201c<em>El tel\u00e9fono suena todos los d\u00edas con personas que piden reducciones de precios<\/em>\u201d, agreg\u00f3.<\/p>\n\n\n\n<p>A lo largo del trimestre, surgieron m\u00faltiples informes de disputas sobre aumentos de precios promovidos por propietarios de marcas y rechazados por la gran distribuci\u00f3n, especialmente en Alemania, lo que no ayud\u00f3 a agotar las existencias.<\/p>\n\n\n\n<p>Al mismo tiempo, los recargos por energ\u00eda que se implementaron cuando los precios de la electricidad comenzaron a alcanzar su punto m\u00e1ximo comenzaron a reducirse. Este movimiento ocurri\u00f3 en pasos, a menudo en incrementos de 30 a 70 euros por tonelada. Aun as\u00ed, hubo algunos casos en los que los fabricantes que estaban detr\u00e1s de la curva impulsaron aumentos incluso cuando la demanda estaba cayendo. Esto llev\u00f3 a un fabricante a observar que el mercado estaba en una \u201csituaci\u00f3n muy extra\u00f1a que va en contra de todas las reglas de oferta y demanda que aprendimos en la escuela\u201d. La presi\u00f3n de precios por parte del comprador se inform\u00f3 a partir de octubre, con reducciones otorgadas en algunos casos, en gran parte debido a las reducciones en el precio del papel para reciclar.<\/p>\n\n\n\n<p>\u201c[Los pedidos] se amontonan en el almac\u00e9n\u201d, dijo un fabricante. \u201cNadie quiere cart\u00f3n en estos d\u00edas\u201d, agreg\u00f3. Sin embargo, el mismo fabricante inform\u00f3 que estaba \u00absobrellenado\u00bb para 2023 sin compradores que dejaran vol\u00famenes sobre la mesa en sus negociaciones. \u201cNo s\u00e9 si son optimistas o si tienen miedo de no subir a bordo\u201d, agreg\u00f3, y muchos de sus colegas se hicieron eco de esto, quienes informaron que los compradores parec\u00edan asustados por la crisis de disponibilidad que se apoder\u00f3 del mercado a principios de a\u00f1o. En octubre, otro fabricante de WLC estuvo de acuerdo en que los compradores en general eran optimistas para el pr\u00f3ximo a\u00f1o, pero advirti\u00f3 que \u201ccuando se trata de acuerdos firmes, los clientes son m\u00e1s cuidadosos\u201d.<\/p>\n\n\n\n<p>A lo largo del trimestre, los pedidos comenzaron a acumularse a principios de mes cuando los compradores sab\u00edan que los recargos por energ\u00eda bajar\u00edan, seg\u00fan un fabricante lo que result\u00f3 en un \u00abdesorden en el mercado\u00bb. Del mismo modo, algunos compradores ordenaron poco a fin de a\u00f1o, y los fabricantes esperaban que hicieran pedidos m\u00e1s grandes en 2023 despu\u00e9s de haber agotado sus existencias, aunque la pregunta m\u00e1s importante para muchos era qu\u00e9 tan grandes son las existencias y cu\u00e1nto tardar\u00edan.<\/p>\n\n\n\n<p>Las plantas tambi\u00e9n comenzaron a tomar tiempo de inactividad selectivo para controlar el flujo de pedidos y se espera que continuar\u00e1n haci\u00e9ndolo hasta el final del a\u00f1o. Muchos de los que informaron haberlo hecho dijeron que los costes de energ\u00eda no fueron un factor en la decisi\u00f3n.<\/p>\n\n\n\n<p><em>Extracto del art\u00edculo Fastmarket.&nbsp;<\/em><em><\/em><\/p>\n","protected":false},"excerpt":{"rendered":"<p>El mercado europeo del cart\u00f3n coje\u00f3 durante el \u00faltimo trimestre de 2022 con una demanda reducida en gran medida debido a las altas existencias en toda la cadena de suministro. A\u00fan as\u00ed, los fabricantes de cart\u00f3n folding (FBB) pudieron mantener sus precios base mayormente estables durante el \u00faltimo trimestre del a\u00f1o debido al hecho de&hellip;<\/p>\n","protected":false},"author":1,"featured_media":1824,"comment_status":"closed","ping_status":"open","sticky":false,"template":"","format":"standard","meta":{"footnotes":""},"categories":[17,22],"tags":[],"class_list":["post-1823","post","type-post","status-publish","format-standard","has-post-thumbnail","hentry","category-el-sector","category-noticias"],"yoast_head":"<!-- This site is optimized with the Yoast SEO plugin v25.9 - https:\/\/yoast.com\/wordpress\/plugins\/seo\/ -->\n<title>La demanda de cart\u00f3n sigue baja, el mercado de WLC, cart\u00f3n de fibra reciclada, es pesimista en el final de un a\u00f1o extraordinario mientras el mercado de FBB, el cart\u00f3n folding, es m\u00e1s optimista - ASPACK NEWS<\/title>\n<meta name=\"description\" content=\"El mercado europeo del cart\u00f3n coje\u00f3 durante el \u00faltimo trimestre de 2022 con una demanda reducida en gran medida debido a las altas existencias en toda la cadena de suministro.\" \/>\n<meta name=\"robots\" content=\"index, follow, max-snippet:-1, max-image-preview:large, max-video-preview:-1\" \/>\n<link rel=\"canonical\" href=\"http:\/\/www.aspack.es\/news\/la-demanda-de-carton-sigue-baja-el-mercado-de-wlc-carton-de-fibra-reciclada-es-pesimista-en-el-final-de-un-ano-extraordinario-mientras-el-mercado-de-fbb-el-carton-folding-es-mas-optimista\/\" \/>\n<meta property=\"og:locale\" content=\"es_ES\" \/>\n<meta property=\"og:type\" content=\"article\" \/>\n<meta property=\"og:title\" content=\"La demanda de cart\u00f3n sigue baja, el mercado de WLC, cart\u00f3n de fibra reciclada, es pesimista en el final de un a\u00f1o extraordinario mientras el mercado de FBB, el cart\u00f3n folding, es m\u00e1s optimista - ASPACK NEWS\" \/>\n<meta property=\"og:description\" content=\"El mercado europeo del cart\u00f3n coje\u00f3 durante el \u00faltimo trimestre de 2022 con una demanda reducida en gran medida debido a las altas existencias en toda la cadena de suministro.\" \/>\n<meta property=\"og:url\" content=\"http:\/\/www.aspack.es\/news\/la-demanda-de-carton-sigue-baja-el-mercado-de-wlc-carton-de-fibra-reciclada-es-pesimista-en-el-final-de-un-ano-extraordinario-mientras-el-mercado-de-fbb-el-carton-folding-es-mas-optimista\/\" \/>\n<meta property=\"og:site_name\" content=\"ASPACK NEWS\" \/>\n<meta property=\"article:published_time\" content=\"2022-12-12T17:00:35+00:00\" \/>\n<meta property=\"article:modified_time\" content=\"2022-12-12T17:00:36+00:00\" \/>\n<meta property=\"og:image\" content=\"http:\/\/www.aspack.es\/news\/wp-content\/uploads\/2022\/12\/FOTOS-ARTICULO-12.png\" \/>\n\t<meta property=\"og:image:width\" content=\"1920\" \/>\n\t<meta property=\"og:image:height\" content=\"1080\" \/>\n\t<meta property=\"og:image:type\" content=\"image\/png\" \/>\n<meta name=\"author\" content=\"admin\" \/>\n<meta name=\"twitter:card\" content=\"summary_large_image\" \/>\n<meta name=\"twitter:label1\" content=\"Escrito por\" \/>\n\t<meta name=\"twitter:data1\" content=\"admin\" \/>\n\t<meta name=\"twitter:label2\" content=\"Tiempo de lectura\" \/>\n\t<meta name=\"twitter:data2\" content=\"6 minutos\" \/>\n<script type=\"application\/ld+json\" class=\"yoast-schema-graph\">{\"@context\":\"https:\/\/schema.org\",\"@graph\":[{\"@type\":\"WebPage\",\"@id\":\"http:\/\/www.aspack.es\/news\/la-demanda-de-carton-sigue-baja-el-mercado-de-wlc-carton-de-fibra-reciclada-es-pesimista-en-el-final-de-un-ano-extraordinario-mientras-el-mercado-de-fbb-el-carton-folding-es-mas-optimista\/\",\"url\":\"http:\/\/www.aspack.es\/news\/la-demanda-de-carton-sigue-baja-el-mercado-de-wlc-carton-de-fibra-reciclada-es-pesimista-en-el-final-de-un-ano-extraordinario-mientras-el-mercado-de-fbb-el-carton-folding-es-mas-optimista\/\",\"name\":\"La demanda de cart\u00f3n sigue baja, el mercado de WLC, cart\u00f3n de fibra reciclada, es pesimista en el final de un a\u00f1o extraordinario mientras el mercado de FBB, el cart\u00f3n folding, es m\u00e1s optimista - ASPACK NEWS\",\"isPartOf\":{\"@id\":\"https:\/\/www.aspack.es\/news\/#website\"},\"primaryImageOfPage\":{\"@id\":\"http:\/\/www.aspack.es\/news\/la-demanda-de-carton-sigue-baja-el-mercado-de-wlc-carton-de-fibra-reciclada-es-pesimista-en-el-final-de-un-ano-extraordinario-mientras-el-mercado-de-fbb-el-carton-folding-es-mas-optimista\/#primaryimage\"},\"image\":{\"@id\":\"http:\/\/www.aspack.es\/news\/la-demanda-de-carton-sigue-baja-el-mercado-de-wlc-carton-de-fibra-reciclada-es-pesimista-en-el-final-de-un-ano-extraordinario-mientras-el-mercado-de-fbb-el-carton-folding-es-mas-optimista\/#primaryimage\"},\"thumbnailUrl\":\"https:\/\/www.aspack.es\/news\/wp-content\/uploads\/2022\/12\/FOTOS-ARTICULO-12.png\",\"datePublished\":\"2022-12-12T17:00:35+00:00\",\"dateModified\":\"2022-12-12T17:00:36+00:00\",\"author\":{\"@id\":\"https:\/\/www.aspack.es\/news\/#\/schema\/person\/0019098322836346476fc7dfdbd26d95\"},\"description\":\"El mercado europeo del cart\u00f3n coje\u00f3 durante el \u00faltimo trimestre de 2022 con una demanda reducida en gran medida debido a las altas existencias en toda la cadena de suministro.\",\"breadcrumb\":{\"@id\":\"http:\/\/www.aspack.es\/news\/la-demanda-de-carton-sigue-baja-el-mercado-de-wlc-carton-de-fibra-reciclada-es-pesimista-en-el-final-de-un-ano-extraordinario-mientras-el-mercado-de-fbb-el-carton-folding-es-mas-optimista\/#breadcrumb\"},\"inLanguage\":\"es\",\"potentialAction\":[{\"@type\":\"ReadAction\",\"target\":[\"http:\/\/www.aspack.es\/news\/la-demanda-de-carton-sigue-baja-el-mercado-de-wlc-carton-de-fibra-reciclada-es-pesimista-en-el-final-de-un-ano-extraordinario-mientras-el-mercado-de-fbb-el-carton-folding-es-mas-optimista\/\"]}]},{\"@type\":\"ImageObject\",\"inLanguage\":\"es\",\"@id\":\"http:\/\/www.aspack.es\/news\/la-demanda-de-carton-sigue-baja-el-mercado-de-wlc-carton-de-fibra-reciclada-es-pesimista-en-el-final-de-un-ano-extraordinario-mientras-el-mercado-de-fbb-el-carton-folding-es-mas-optimista\/#primaryimage\",\"url\":\"https:\/\/www.aspack.es\/news\/wp-content\/uploads\/2022\/12\/FOTOS-ARTICULO-12.png\",\"contentUrl\":\"https:\/\/www.aspack.es\/news\/wp-content\/uploads\/2022\/12\/FOTOS-ARTICULO-12.png\",\"width\":1920,\"height\":1080},{\"@type\":\"BreadcrumbList\",\"@id\":\"http:\/\/www.aspack.es\/news\/la-demanda-de-carton-sigue-baja-el-mercado-de-wlc-carton-de-fibra-reciclada-es-pesimista-en-el-final-de-un-ano-extraordinario-mientras-el-mercado-de-fbb-el-carton-folding-es-mas-optimista\/#breadcrumb\",\"itemListElement\":[{\"@type\":\"ListItem\",\"position\":1,\"name\":\"Portada\",\"item\":\"https:\/\/www.aspack.es\/news\/\"},{\"@type\":\"ListItem\",\"position\":2,\"name\":\"La demanda de cart\u00f3n sigue baja, el mercado de WLC, cart\u00f3n de fibra reciclada, es pesimista en el final de un a\u00f1o extraordinario mientras el mercado de FBB, el cart\u00f3n folding, es m\u00e1s optimista\"}]},{\"@type\":\"WebSite\",\"@id\":\"https:\/\/www.aspack.es\/news\/#website\",\"url\":\"https:\/\/www.aspack.es\/news\/\",\"name\":\"ASPACK NEWS\",\"description\":\"El peri?dico digital de los envases de cart?n\",\"potentialAction\":[{\"@type\":\"SearchAction\",\"target\":{\"@type\":\"EntryPoint\",\"urlTemplate\":\"https:\/\/www.aspack.es\/news\/?s={search_term_string}\"},\"query-input\":{\"@type\":\"PropertyValueSpecification\",\"valueRequired\":true,\"valueName\":\"search_term_string\"}}],\"inLanguage\":\"es\"},{\"@type\":\"Person\",\"@id\":\"https:\/\/www.aspack.es\/news\/#\/schema\/person\/0019098322836346476fc7dfdbd26d95\",\"name\":\"admin\",\"image\":{\"@type\":\"ImageObject\",\"inLanguage\":\"es\",\"@id\":\"https:\/\/www.aspack.es\/news\/#\/schema\/person\/image\/\",\"url\":\"https:\/\/secure.gravatar.com\/avatar\/6a6c60542c39a2d052b8b1e8c5145e669bf888b9b229b3da0e43092daac8a32e?s=96&d=mm&r=g\",\"contentUrl\":\"https:\/\/secure.gravatar.com\/avatar\/6a6c60542c39a2d052b8b1e8c5145e669bf888b9b229b3da0e43092daac8a32e?s=96&d=mm&r=g\",\"caption\":\"admin\"},\"url\":\"https:\/\/www.aspack.es\/news\/author\/admin\/\"}]}<\/script>\n<!-- \/ Yoast SEO plugin. -->","yoast_head_json":{"title":"La demanda de cart\u00f3n sigue baja, el mercado de WLC, cart\u00f3n de fibra reciclada, es pesimista en el final de un a\u00f1o extraordinario mientras el mercado de FBB, el cart\u00f3n folding, es m\u00e1s optimista - ASPACK NEWS","description":"El mercado europeo del cart\u00f3n coje\u00f3 durante el \u00faltimo trimestre de 2022 con una demanda reducida en gran medida debido a las altas existencias en toda la cadena de suministro.","robots":{"index":"index","follow":"follow","max-snippet":"max-snippet:-1","max-image-preview":"max-image-preview:large","max-video-preview":"max-video-preview:-1"},"canonical":"http:\/\/www.aspack.es\/news\/la-demanda-de-carton-sigue-baja-el-mercado-de-wlc-carton-de-fibra-reciclada-es-pesimista-en-el-final-de-un-ano-extraordinario-mientras-el-mercado-de-fbb-el-carton-folding-es-mas-optimista\/","og_locale":"es_ES","og_type":"article","og_title":"La demanda de cart\u00f3n sigue baja, el mercado de WLC, cart\u00f3n de fibra reciclada, es pesimista en el final de un a\u00f1o extraordinario mientras el mercado de FBB, el cart\u00f3n folding, es m\u00e1s optimista - ASPACK NEWS","og_description":"El mercado europeo del cart\u00f3n coje\u00f3 durante el \u00faltimo trimestre de 2022 con una demanda reducida en gran medida debido a las altas existencias en toda la cadena de suministro.","og_url":"http:\/\/www.aspack.es\/news\/la-demanda-de-carton-sigue-baja-el-mercado-de-wlc-carton-de-fibra-reciclada-es-pesimista-en-el-final-de-un-ano-extraordinario-mientras-el-mercado-de-fbb-el-carton-folding-es-mas-optimista\/","og_site_name":"ASPACK NEWS","article_published_time":"2022-12-12T17:00:35+00:00","article_modified_time":"2022-12-12T17:00:36+00:00","og_image":[{"width":1920,"height":1080,"url":"http:\/\/www.aspack.es\/news\/wp-content\/uploads\/2022\/12\/FOTOS-ARTICULO-12.png","type":"image\/png"}],"author":"admin","twitter_card":"summary_large_image","twitter_misc":{"Escrito por":"admin","Tiempo de lectura":"6 minutos"},"schema":{"@context":"https:\/\/schema.org","@graph":[{"@type":"WebPage","@id":"http:\/\/www.aspack.es\/news\/la-demanda-de-carton-sigue-baja-el-mercado-de-wlc-carton-de-fibra-reciclada-es-pesimista-en-el-final-de-un-ano-extraordinario-mientras-el-mercado-de-fbb-el-carton-folding-es-mas-optimista\/","url":"http:\/\/www.aspack.es\/news\/la-demanda-de-carton-sigue-baja-el-mercado-de-wlc-carton-de-fibra-reciclada-es-pesimista-en-el-final-de-un-ano-extraordinario-mientras-el-mercado-de-fbb-el-carton-folding-es-mas-optimista\/","name":"La demanda de cart\u00f3n sigue baja, el mercado de WLC, cart\u00f3n de fibra reciclada, es pesimista en el final de un a\u00f1o extraordinario mientras el mercado de FBB, el cart\u00f3n folding, es m\u00e1s optimista - ASPACK NEWS","isPartOf":{"@id":"https:\/\/www.aspack.es\/news\/#website"},"primaryImageOfPage":{"@id":"http:\/\/www.aspack.es\/news\/la-demanda-de-carton-sigue-baja-el-mercado-de-wlc-carton-de-fibra-reciclada-es-pesimista-en-el-final-de-un-ano-extraordinario-mientras-el-mercado-de-fbb-el-carton-folding-es-mas-optimista\/#primaryimage"},"image":{"@id":"http:\/\/www.aspack.es\/news\/la-demanda-de-carton-sigue-baja-el-mercado-de-wlc-carton-de-fibra-reciclada-es-pesimista-en-el-final-de-un-ano-extraordinario-mientras-el-mercado-de-fbb-el-carton-folding-es-mas-optimista\/#primaryimage"},"thumbnailUrl":"https:\/\/www.aspack.es\/news\/wp-content\/uploads\/2022\/12\/FOTOS-ARTICULO-12.png","datePublished":"2022-12-12T17:00:35+00:00","dateModified":"2022-12-12T17:00:36+00:00","author":{"@id":"https:\/\/www.aspack.es\/news\/#\/schema\/person\/0019098322836346476fc7dfdbd26d95"},"description":"El mercado europeo del cart\u00f3n coje\u00f3 durante el \u00faltimo trimestre de 2022 con una demanda reducida en gran medida debido a las altas existencias en toda la cadena de suministro.","breadcrumb":{"@id":"http:\/\/www.aspack.es\/news\/la-demanda-de-carton-sigue-baja-el-mercado-de-wlc-carton-de-fibra-reciclada-es-pesimista-en-el-final-de-un-ano-extraordinario-mientras-el-mercado-de-fbb-el-carton-folding-es-mas-optimista\/#breadcrumb"},"inLanguage":"es","potentialAction":[{"@type":"ReadAction","target":["http:\/\/www.aspack.es\/news\/la-demanda-de-carton-sigue-baja-el-mercado-de-wlc-carton-de-fibra-reciclada-es-pesimista-en-el-final-de-un-ano-extraordinario-mientras-el-mercado-de-fbb-el-carton-folding-es-mas-optimista\/"]}]},{"@type":"ImageObject","inLanguage":"es","@id":"http:\/\/www.aspack.es\/news\/la-demanda-de-carton-sigue-baja-el-mercado-de-wlc-carton-de-fibra-reciclada-es-pesimista-en-el-final-de-un-ano-extraordinario-mientras-el-mercado-de-fbb-el-carton-folding-es-mas-optimista\/#primaryimage","url":"https:\/\/www.aspack.es\/news\/wp-content\/uploads\/2022\/12\/FOTOS-ARTICULO-12.png","contentUrl":"https:\/\/www.aspack.es\/news\/wp-content\/uploads\/2022\/12\/FOTOS-ARTICULO-12.png","width":1920,"height":1080},{"@type":"BreadcrumbList","@id":"http:\/\/www.aspack.es\/news\/la-demanda-de-carton-sigue-baja-el-mercado-de-wlc-carton-de-fibra-reciclada-es-pesimista-en-el-final-de-un-ano-extraordinario-mientras-el-mercado-de-fbb-el-carton-folding-es-mas-optimista\/#breadcrumb","itemListElement":[{"@type":"ListItem","position":1,"name":"Portada","item":"https:\/\/www.aspack.es\/news\/"},{"@type":"ListItem","position":2,"name":"La demanda de cart\u00f3n sigue baja, el mercado de WLC, cart\u00f3n de fibra reciclada, es pesimista en el final de un a\u00f1o extraordinario mientras el mercado de FBB, el cart\u00f3n folding, es m\u00e1s optimista"}]},{"@type":"WebSite","@id":"https:\/\/www.aspack.es\/news\/#website","url":"https:\/\/www.aspack.es\/news\/","name":"ASPACK NEWS","description":"El peri?dico digital de los envases de cart?n","potentialAction":[{"@type":"SearchAction","target":{"@type":"EntryPoint","urlTemplate":"https:\/\/www.aspack.es\/news\/?s={search_term_string}"},"query-input":{"@type":"PropertyValueSpecification","valueRequired":true,"valueName":"search_term_string"}}],"inLanguage":"es"},{"@type":"Person","@id":"https:\/\/www.aspack.es\/news\/#\/schema\/person\/0019098322836346476fc7dfdbd26d95","name":"admin","image":{"@type":"ImageObject","inLanguage":"es","@id":"https:\/\/www.aspack.es\/news\/#\/schema\/person\/image\/","url":"https:\/\/secure.gravatar.com\/avatar\/6a6c60542c39a2d052b8b1e8c5145e669bf888b9b229b3da0e43092daac8a32e?s=96&d=mm&r=g","contentUrl":"https:\/\/secure.gravatar.com\/avatar\/6a6c60542c39a2d052b8b1e8c5145e669bf888b9b229b3da0e43092daac8a32e?s=96&d=mm&r=g","caption":"admin"},"url":"https:\/\/www.aspack.es\/news\/author\/admin\/"}]}},"_links":{"self":[{"href":"https:\/\/www.aspack.es\/news\/wp-json\/wp\/v2\/posts\/1823","targetHints":{"allow":["GET"]}}],"collection":[{"href":"https:\/\/www.aspack.es\/news\/wp-json\/wp\/v2\/posts"}],"about":[{"href":"https:\/\/www.aspack.es\/news\/wp-json\/wp\/v2\/types\/post"}],"author":[{"embeddable":true,"href":"https:\/\/www.aspack.es\/news\/wp-json\/wp\/v2\/users\/1"}],"replies":[{"embeddable":true,"href":"https:\/\/www.aspack.es\/news\/wp-json\/wp\/v2\/comments?post=1823"}],"version-history":[{"count":1,"href":"https:\/\/www.aspack.es\/news\/wp-json\/wp\/v2\/posts\/1823\/revisions"}],"predecessor-version":[{"id":1825,"href":"https:\/\/www.aspack.es\/news\/wp-json\/wp\/v2\/posts\/1823\/revisions\/1825"}],"wp:featuredmedia":[{"embeddable":true,"href":"https:\/\/www.aspack.es\/news\/wp-json\/wp\/v2\/media\/1824"}],"wp:attachment":[{"href":"https:\/\/www.aspack.es\/news\/wp-json\/wp\/v2\/media?parent=1823"}],"wp:term":[{"taxonomy":"category","embeddable":true,"href":"https:\/\/www.aspack.es\/news\/wp-json\/wp\/v2\/categories?post=1823"},{"taxonomy":"post_tag","embeddable":true,"href":"https:\/\/www.aspack.es\/news\/wp-json\/wp\/v2\/tags?post=1823"}],"curies":[{"name":"wp","href":"https:\/\/api.w.org\/{rel}","templated":true}]}}