{"id":1826,"date":"2022-12-16T12:03:50","date_gmt":"2022-12-16T12:03:50","guid":{"rendered":"https:\/\/www.aspack.es\/news\/?p=1826"},"modified":"2022-12-16T12:03:50","modified_gmt":"2022-12-16T12:03:50","slug":"reglamento-de-envases-y-residuos-de-envases","status":"publish","type":"post","link":"https:\/\/www.aspack.es\/news\/reglamento-de-envases-y-residuos-de-envases\/","title":{"rendered":"Reglamento de Envases y Residuos de Envases"},"content":{"rendered":"\n<p><a href=\"https:\/\/www.ecma.org\">ECMA<\/a> a la cu\u00e1l pertenece ASPACK informa del nuevo reglamento de envases y residuos de envases, que se ha adoptado el 30 de noviembre 2022.\u00a0<\/p>\n\n\n\n<p>El objetivo del reglamento es abordar la creciente cantidad de residuos de envases al establecer objetivos de reducci\u00f3n para todos los estados miembros (objetivos de reducci\u00f3n per c\u00e1pita basados \u200b\u200ben residuos de envases de 2018 del 5 % para 2030 \/ 10 % para 2035 \/ 15 % para 2040). Reducir la complejidad del embalaje. Introducir contenido reciclado en los envases de pl\u00e1stico (incluida la parte de pl\u00e1stico de los envases compuestos) Y dise\u00f1ar la reutilizaci\u00f3n y la reciclabilidad en los envases a trav\u00e9s de las directrices DfR (Dise\u00f1o para el reciclaje).&nbsp;<\/p>\n\n\n\n<p>EUR COMM ha confirmado que esta pol\u00edtica se implementar\u00e1 como un Reglamento y no como una Directiva: un Reglamento es un acto legislativo vinculante que debe aplicarse en su totalidad en los 27 estados miembros de la UE, mientras que una Directiva es un acto legislativo que establece objetivos a alcanzar, permitiendo flexibilidad en la forma en que se implementan.<\/p>\n\n\n\n<h3 class=\"wp-block-heading\">Objetivos de reciclaje<\/h3>\n\n\n\n<p>En 2025, el 75% de los envases de papel y cart\u00f3n deber\u00e1n ser reciclado y en el 2030 alcanzar\u00e1 al 85%.<\/p>\n\n\n\n<p><strong><u>Los envases se considerar\u00e1n reciclables,&nbsp;<\/u><\/strong>donde cumpla con lo siguiente:<\/p>\n\n\n\n<ol class=\"wp-block-list\" type=\"1\"><li>Est\u00e1 dise\u00f1ado para reciclar<\/li><li>Se recoge de forma eficaz y eficiente por separado de conformidad con el art\u00edculo 43, apartados 1 y 2<\/li><li>Se clasifica en flujos de residuos definidos sin afectar la reciclabilidad de otros flujos de residuos<\/li><li>Puede reciclarse para que las materias primas secundarias resultantes tengan la calidad suficiente para sustituir las materias primas primarias<\/li><li>Se puede reciclar a escala. (<strong><em><u>Reciclado a escala<\/u>&nbsp;<\/em><\/strong><em>significa recogidos, clasificados y reciclados a trav\u00e9s de infraestructuras y procesos instalados de \u00faltima generaci\u00f3n, que cubren al menos el 75 % de la poblaci\u00f3n de la Uni\u00f3n Europea, incluidos los residuos de envases exportados de la Uni\u00f3n Europea<\/em>).&nbsp;<\/li><\/ol>\n\n\n\n<p>El punto (1) se aplicar\u00e1 a partir del 1 de enero de 2030 y el punto (5) se aplicar\u00e1 a partir del 1 de enero de 2035.<\/p>\n\n\n\n<h3 class=\"wp-block-heading\">Evaluaciones de reciclabilidad<\/h3>\n\n\n\n<p>Todos los envases se someter\u00e1n a una evaluaci\u00f3n de reciclabilidad para garantizar que cumplan con los criterios de DFR y se les asignar\u00e1 una calificaci\u00f3n de A a E. A partir de 2030, solo se podr\u00e1n comercializar los envases evaluados de A a E (70 % a 95%) ; los envases evaluados como grado E (menos del 70%) est\u00e1n prohibidos; la clasificaci\u00f3n se basa en el % de cumplimiento de los criterios DfR<\/p>\n\n\n\n<h3 class=\"wp-block-heading\">Responsabilidad Extendida del Productor \/ Eco-modulaci\u00f3n<\/h3>\n\n\n\n<p>Las tarifas de EPR se basar\u00e1n en la evaluaci\u00f3n de cada art\u00edculo de envase&#8230; incentivando el envase con un alto cumplimiento de los criterios DfR con una tarifa de EPR m\u00e1s baja y penalizando el envase con un cumplimiento m\u00e1s bajo con tarifas de EPR m\u00e1s altas.<\/p>\n\n\n\n<h2 class=\"wp-block-heading\">Objetivos de reutilizaci\u00f3n y recarga <\/h2>\n\n\n\n<p>El 1 de enero de 2030 estar\u00e1n disponibles en envases reutilizables dentro de un sistema de reutilizaci\u00f3n o permitiendo la recarga:\u00a0<\/p>\n\n\n\n<h1 class=\"has-small-font-size wp-block-heading\">\u00b7&nbsp;&nbsp;&nbsp;&nbsp;&nbsp;&nbsp;&nbsp;20% de las bebidas para llevar<\/h1>\n\n\n\n<p>\u00b7&nbsp;&nbsp;&nbsp;&nbsp;&nbsp;&nbsp;&nbsp;el 10 % Alimentos preparados en el sector HORECA<\/p>\n\n\n\n<p>\u00b7&nbsp;&nbsp;&nbsp;&nbsp;&nbsp;&nbsp;&nbsp;el 10 % Bebidas alcoh\u00f3licas (excepto vino)<\/p>\n\n\n\n<p>\u00b7&nbsp;&nbsp;&nbsp;&nbsp;&nbsp;&nbsp;&nbsp;El 5 % Bebidas alcoh\u00f3licas (incluido el vino)<\/p>\n\n\n\n<p>\u00b7&nbsp;&nbsp;&nbsp;&nbsp;&nbsp;&nbsp;&nbsp;El 10% Bebidas no alcoh\u00f3licas<\/p>\n\n\n\n<p>\u00b7&nbsp;&nbsp;&nbsp;&nbsp;&nbsp;&nbsp;&nbsp;El 30% Embalaje de transporte (palets, cajas de pl\u00e1stico, cajas de pl\u00e1stico plegables, cubos y bidones)<\/p>\n\n\n\n<p>\u00b7&nbsp;&nbsp;&nbsp;&nbsp;&nbsp;&nbsp;&nbsp;El 10% Embalaje de transporte (e-commerce)<\/p>\n\n\n\n<p>\u00b7&nbsp;&nbsp;&nbsp;&nbsp;&nbsp;&nbsp;&nbsp;El 10% Embalaje de transporte (envoltura de paletas y flejado)<\/p>\n\n\n\n<p>\u00b7\u00a0\u00a0\u00a0\u00a0\u00a0\u00a0\u00a0El 10% Envases agrupados para crear un SKU (multipacks) pero sin cart\u00f3n<\/p>\n\n\n\n<p>El 1 de enero de 2040 estar\u00e1n disponibles en envases reutilizables dentro de un sistema de reutilizaci\u00f3n o permitiendo la recarga:&nbsp;<\/p>\n\n\n\n<p>\u00b7&nbsp;&nbsp;&nbsp;&nbsp;&nbsp;&nbsp;&nbsp;80% de las bebidas para llevar<\/p>\n\n\n\n<p>\u00b7&nbsp;&nbsp;&nbsp;&nbsp;&nbsp;&nbsp;&nbsp;el 40 % Alimentos preparados en el sector HORECA<\/p>\n\n\n\n<p>\u00b7&nbsp;&nbsp;&nbsp;&nbsp;&nbsp;&nbsp;&nbsp;el 25 % Bebidas alcoh\u00f3licas (excepto vino)<\/p>\n\n\n\n<p>\u00b7&nbsp;&nbsp;&nbsp;&nbsp;&nbsp;&nbsp;&nbsp;El 15 % Bebidas alcoh\u00f3licas (incluido el vino)<\/p>\n\n\n\n<p>\u00b7&nbsp;&nbsp;&nbsp;&nbsp;&nbsp;&nbsp;&nbsp;El 25% Bebidas no alcoh\u00f3licas<\/p>\n\n\n\n<p>\u00b7&nbsp;&nbsp;&nbsp;&nbsp;&nbsp;&nbsp;&nbsp;El 90% Embalaje de transporte (palets, cajas de pl\u00e1stico, cajas de pl\u00e1stico plegables, cubos y bidones)<\/p>\n\n\n\n<p>\u00b7&nbsp;&nbsp;&nbsp;&nbsp;&nbsp;&nbsp;&nbsp;El 50% Embalaje de transporte (e-commerce)<\/p>\n\n\n\n<p>\u00b7&nbsp;&nbsp;&nbsp;&nbsp;&nbsp;&nbsp;&nbsp;El 30% Embalaje de transporte (envoltura de paletas y flejado)<\/p>\n\n\n\n<p>\u00b7\u00a0\u00a0\u00a0\u00a0\u00a0\u00a0\u00a0El 25% Envases agrupados para crear un SKU (multipacks) pero sin cart\u00f3n<\/p>\n\n\n\n<p>La parte de pl\u00e1stico del embalaje (incluidas las capas de barrera de pl\u00e1stico en los cartones plegadizos) deber\u00e1 contener un porcentaje m\u00ednimo de contenido reciclado de residuos posconsumo del 35 % en 2030 que aumentar\u00e1 al 65 % en 2035.<\/p>\n\n\n\n<p><strong><u>Etiquetado<\/u><\/strong><strong><\/strong><\/p>\n\n\n\n<p>Se introducir\u00e1 un sistema de etiquetado obligatorio armonizado de la UE para productos de embalaje y sistemas de residuos para facilitar la clasificaci\u00f3n de los consumidores y un mayor reciclaje, inspirado en los pictogramas n\u00f3rdicos. Se introducir\u00e1 un sistema de etiquetado voluntario para el contenido reciclado.<\/p>\n\n\n\n<p>Los envases se dise\u00f1ar\u00e1n de manera que su peso y volumen se reduzcan al m\u00ednimo necesario para asegurar su funcionalidad teniendo en cuenta el material del que est\u00e1n hechos. No se colocar\u00e1n sobre la superficie los envases que no sean necesarios para cumplir con ninguno de los criterios de desempe\u00f1o establecidos en el Anexo IV y los envases con caracter\u00edsticas que solo est\u00e9n destinadas a aumentar el volumen percibido del producto, incluidas las paredes dobles, los fondos falsos y las capas innecesarias. mercado, a menos que el dise\u00f1o del envase est\u00e9 sujeto a indicaciones geogr\u00e1ficas de origen protegidas por la legislaci\u00f3n de la Uni\u00f3n.<\/p>\n\n\n\n<p>El espacio vac\u00edo se reducir\u00e1 al m\u00ednimo necesario para garantizar la funcionalidad del embalaje de la siguiente manera:<\/p>\n\n\n\n<ul class=\"wp-block-list\"><li>para envases de venta, en relaci\u00f3n con el volumen total del producto envasado y sus caracter\u00edsticas<\/li><li>para embalajes agrupados y de transporte, incluidos los embalajes de comercio electr\u00f3nico, en relaci\u00f3n con el volumen total de los productos agrupados o transportados y sus embalajes de venta<\/li><\/ul>\n\n\n\n<p>A los efectos de evaluar el cumplimiento de esto, se considerar\u00e1 como espacio vac\u00edo el espacio ocupado por recortes de papel, cojines de aire, envolturas de burbujas, rellenos de esponja, rellenos de espuma, lana de madera, poliestireno, virutas de poliestireno u otros materiales de relleno.<\/p>\n\n\n\n<p>Para m\u00e1s informaci\u00f3n poneros en contacto con aspack@aspack.es<\/p>\n","protected":false},"excerpt":{"rendered":"<p>ECMA a la cu\u00e1l pertenece ASPACK informa del nuevo reglamento de envases y residuos de envases, que se ha adoptado el 30 de noviembre 2022.\u00a0 El objetivo del reglamento es abordar la creciente cantidad de residuos de envases al establecer objetivos de reducci\u00f3n para todos los estados miembros (objetivos de reducci\u00f3n per c\u00e1pita basados \u200b\u200ben&hellip;<\/p>\n","protected":false},"author":1,"featured_media":1828,"comment_status":"closed","ping_status":"open","sticky":false,"template":"","format":"standard","meta":{"footnotes":""},"categories":[17,22],"tags":[],"class_list":["post-1826","post","type-post","status-publish","format-standard","has-post-thumbnail","hentry","category-el-sector","category-noticias"],"yoast_head":"<!-- This site is optimized with the Yoast SEO plugin v25.9 - https:\/\/yoast.com\/wordpress\/plugins\/seo\/ -->\n<title>Reglamento de Envases y Residuos de Envases - ASPACK NEWS<\/title>\n<meta name=\"description\" content=\"ECMA a la cu\u00e1l pertenece ASPACK informa del nuevo reglamento de envases y residuos de envases, que se ha adoptado el 30 de noviembre 2022.\" \/>\n<meta name=\"robots\" content=\"index, follow, max-snippet:-1, max-image-preview:large, max-video-preview:-1\" \/>\n<link rel=\"canonical\" href=\"http:\/\/www.aspack.es\/news\/reglamento-de-envases-y-residuos-de-envases\/\" \/>\n<meta property=\"og:locale\" content=\"es_ES\" \/>\n<meta property=\"og:type\" content=\"article\" \/>\n<meta property=\"og:title\" content=\"Reglamento de Envases y Residuos de Envases - ASPACK NEWS\" \/>\n<meta property=\"og:description\" content=\"ECMA a la cu\u00e1l pertenece ASPACK informa del nuevo reglamento de envases y residuos de envases, que se ha adoptado el 30 de noviembre 2022.\" \/>\n<meta property=\"og:url\" content=\"http:\/\/www.aspack.es\/news\/reglamento-de-envases-y-residuos-de-envases\/\" \/>\n<meta property=\"og:site_name\" content=\"ASPACK NEWS\" \/>\n<meta property=\"article:published_time\" content=\"2022-12-16T12:03:50+00:00\" \/>\n<meta property=\"og:image\" content=\"http:\/\/www.aspack.es\/news\/wp-content\/uploads\/2022\/12\/FOTOS-ARTICULO-15-1024x576.png\" \/>\n\t<meta property=\"og:image:width\" content=\"1024\" \/>\n\t<meta property=\"og:image:height\" content=\"576\" \/>\n\t<meta property=\"og:image:type\" content=\"image\/png\" \/>\n<meta name=\"author\" content=\"admin\" \/>\n<meta name=\"twitter:card\" content=\"summary_large_image\" \/>\n<meta name=\"twitter:label1\" content=\"Escrito por\" \/>\n\t<meta name=\"twitter:data1\" content=\"admin\" \/>\n\t<meta name=\"twitter:label2\" content=\"Tiempo de lectura\" \/>\n\t<meta name=\"twitter:data2\" content=\"5 minutos\" \/>\n<script type=\"application\/ld+json\" class=\"yoast-schema-graph\">{\"@context\":\"https:\/\/schema.org\",\"@graph\":[{\"@type\":\"WebPage\",\"@id\":\"http:\/\/www.aspack.es\/news\/reglamento-de-envases-y-residuos-de-envases\/\",\"url\":\"http:\/\/www.aspack.es\/news\/reglamento-de-envases-y-residuos-de-envases\/\",\"name\":\"Reglamento de Envases y Residuos de Envases - ASPACK NEWS\",\"isPartOf\":{\"@id\":\"https:\/\/www.aspack.es\/news\/#website\"},\"primaryImageOfPage\":{\"@id\":\"http:\/\/www.aspack.es\/news\/reglamento-de-envases-y-residuos-de-envases\/#primaryimage\"},\"image\":{\"@id\":\"http:\/\/www.aspack.es\/news\/reglamento-de-envases-y-residuos-de-envases\/#primaryimage\"},\"thumbnailUrl\":\"https:\/\/www.aspack.es\/news\/wp-content\/uploads\/2022\/12\/FOTOS-ARTICULO-15.png\",\"datePublished\":\"2022-12-16T12:03:50+00:00\",\"author\":{\"@id\":\"https:\/\/www.aspack.es\/news\/#\/schema\/person\/0019098322836346476fc7dfdbd26d95\"},\"description\":\"ECMA a la cu\u00e1l pertenece ASPACK informa del nuevo reglamento de envases y residuos de envases, que se ha adoptado el 30 de noviembre 2022.\",\"breadcrumb\":{\"@id\":\"http:\/\/www.aspack.es\/news\/reglamento-de-envases-y-residuos-de-envases\/#breadcrumb\"},\"inLanguage\":\"es\",\"potentialAction\":[{\"@type\":\"ReadAction\",\"target\":[\"http:\/\/www.aspack.es\/news\/reglamento-de-envases-y-residuos-de-envases\/\"]}]},{\"@type\":\"ImageObject\",\"inLanguage\":\"es\",\"@id\":\"http:\/\/www.aspack.es\/news\/reglamento-de-envases-y-residuos-de-envases\/#primaryimage\",\"url\":\"https:\/\/www.aspack.es\/news\/wp-content\/uploads\/2022\/12\/FOTOS-ARTICULO-15.png\",\"contentUrl\":\"https:\/\/www.aspack.es\/news\/wp-content\/uploads\/2022\/12\/FOTOS-ARTICULO-15.png\",\"width\":1920,\"height\":1080},{\"@type\":\"BreadcrumbList\",\"@id\":\"http:\/\/www.aspack.es\/news\/reglamento-de-envases-y-residuos-de-envases\/#breadcrumb\",\"itemListElement\":[{\"@type\":\"ListItem\",\"position\":1,\"name\":\"Portada\",\"item\":\"https:\/\/www.aspack.es\/news\/\"},{\"@type\":\"ListItem\",\"position\":2,\"name\":\"Reglamento de Envases y Residuos de Envases\"}]},{\"@type\":\"WebSite\",\"@id\":\"https:\/\/www.aspack.es\/news\/#website\",\"url\":\"https:\/\/www.aspack.es\/news\/\",\"name\":\"ASPACK NEWS\",\"description\":\"El peri?dico digital de los envases de cart?n\",\"potentialAction\":[{\"@type\":\"SearchAction\",\"target\":{\"@type\":\"EntryPoint\",\"urlTemplate\":\"https:\/\/www.aspack.es\/news\/?s={search_term_string}\"},\"query-input\":{\"@type\":\"PropertyValueSpecification\",\"valueRequired\":true,\"valueName\":\"search_term_string\"}}],\"inLanguage\":\"es\"},{\"@type\":\"Person\",\"@id\":\"https:\/\/www.aspack.es\/news\/#\/schema\/person\/0019098322836346476fc7dfdbd26d95\",\"name\":\"admin\",\"image\":{\"@type\":\"ImageObject\",\"inLanguage\":\"es\",\"@id\":\"https:\/\/www.aspack.es\/news\/#\/schema\/person\/image\/\",\"url\":\"https:\/\/secure.gravatar.com\/avatar\/6a6c60542c39a2d052b8b1e8c5145e669bf888b9b229b3da0e43092daac8a32e?s=96&d=mm&r=g\",\"contentUrl\":\"https:\/\/secure.gravatar.com\/avatar\/6a6c60542c39a2d052b8b1e8c5145e669bf888b9b229b3da0e43092daac8a32e?s=96&d=mm&r=g\",\"caption\":\"admin\"},\"url\":\"https:\/\/www.aspack.es\/news\/author\/admin\/\"}]}<\/script>\n<!-- \/ Yoast SEO plugin. -->","yoast_head_json":{"title":"Reglamento de Envases y Residuos de Envases - ASPACK NEWS","description":"ECMA a la cu\u00e1l pertenece ASPACK informa del nuevo reglamento de envases y residuos de envases, que se ha adoptado el 30 de noviembre 2022.","robots":{"index":"index","follow":"follow","max-snippet":"max-snippet:-1","max-image-preview":"max-image-preview:large","max-video-preview":"max-video-preview:-1"},"canonical":"http:\/\/www.aspack.es\/news\/reglamento-de-envases-y-residuos-de-envases\/","og_locale":"es_ES","og_type":"article","og_title":"Reglamento de Envases y Residuos de Envases - ASPACK NEWS","og_description":"ECMA a la cu\u00e1l pertenece ASPACK informa del nuevo reglamento de envases y residuos de envases, que se ha adoptado el 30 de noviembre 2022.","og_url":"http:\/\/www.aspack.es\/news\/reglamento-de-envases-y-residuos-de-envases\/","og_site_name":"ASPACK NEWS","article_published_time":"2022-12-16T12:03:50+00:00","og_image":[{"width":1024,"height":576,"url":"http:\/\/www.aspack.es\/news\/wp-content\/uploads\/2022\/12\/FOTOS-ARTICULO-15-1024x576.png","type":"image\/png"}],"author":"admin","twitter_card":"summary_large_image","twitter_misc":{"Escrito por":"admin","Tiempo de lectura":"5 minutos"},"schema":{"@context":"https:\/\/schema.org","@graph":[{"@type":"WebPage","@id":"http:\/\/www.aspack.es\/news\/reglamento-de-envases-y-residuos-de-envases\/","url":"http:\/\/www.aspack.es\/news\/reglamento-de-envases-y-residuos-de-envases\/","name":"Reglamento de Envases y Residuos de Envases - ASPACK NEWS","isPartOf":{"@id":"https:\/\/www.aspack.es\/news\/#website"},"primaryImageOfPage":{"@id":"http:\/\/www.aspack.es\/news\/reglamento-de-envases-y-residuos-de-envases\/#primaryimage"},"image":{"@id":"http:\/\/www.aspack.es\/news\/reglamento-de-envases-y-residuos-de-envases\/#primaryimage"},"thumbnailUrl":"https:\/\/www.aspack.es\/news\/wp-content\/uploads\/2022\/12\/FOTOS-ARTICULO-15.png","datePublished":"2022-12-16T12:03:50+00:00","author":{"@id":"https:\/\/www.aspack.es\/news\/#\/schema\/person\/0019098322836346476fc7dfdbd26d95"},"description":"ECMA a la cu\u00e1l pertenece ASPACK informa del nuevo reglamento de envases y residuos de envases, que se ha adoptado el 30 de noviembre 2022.","breadcrumb":{"@id":"http:\/\/www.aspack.es\/news\/reglamento-de-envases-y-residuos-de-envases\/#breadcrumb"},"inLanguage":"es","potentialAction":[{"@type":"ReadAction","target":["http:\/\/www.aspack.es\/news\/reglamento-de-envases-y-residuos-de-envases\/"]}]},{"@type":"ImageObject","inLanguage":"es","@id":"http:\/\/www.aspack.es\/news\/reglamento-de-envases-y-residuos-de-envases\/#primaryimage","url":"https:\/\/www.aspack.es\/news\/wp-content\/uploads\/2022\/12\/FOTOS-ARTICULO-15.png","contentUrl":"https:\/\/www.aspack.es\/news\/wp-content\/uploads\/2022\/12\/FOTOS-ARTICULO-15.png","width":1920,"height":1080},{"@type":"BreadcrumbList","@id":"http:\/\/www.aspack.es\/news\/reglamento-de-envases-y-residuos-de-envases\/#breadcrumb","itemListElement":[{"@type":"ListItem","position":1,"name":"Portada","item":"https:\/\/www.aspack.es\/news\/"},{"@type":"ListItem","position":2,"name":"Reglamento de Envases y Residuos de Envases"}]},{"@type":"WebSite","@id":"https:\/\/www.aspack.es\/news\/#website","url":"https:\/\/www.aspack.es\/news\/","name":"ASPACK NEWS","description":"El peri?dico digital de los envases de cart?n","potentialAction":[{"@type":"SearchAction","target":{"@type":"EntryPoint","urlTemplate":"https:\/\/www.aspack.es\/news\/?s={search_term_string}"},"query-input":{"@type":"PropertyValueSpecification","valueRequired":true,"valueName":"search_term_string"}}],"inLanguage":"es"},{"@type":"Person","@id":"https:\/\/www.aspack.es\/news\/#\/schema\/person\/0019098322836346476fc7dfdbd26d95","name":"admin","image":{"@type":"ImageObject","inLanguage":"es","@id":"https:\/\/www.aspack.es\/news\/#\/schema\/person\/image\/","url":"https:\/\/secure.gravatar.com\/avatar\/6a6c60542c39a2d052b8b1e8c5145e669bf888b9b229b3da0e43092daac8a32e?s=96&d=mm&r=g","contentUrl":"https:\/\/secure.gravatar.com\/avatar\/6a6c60542c39a2d052b8b1e8c5145e669bf888b9b229b3da0e43092daac8a32e?s=96&d=mm&r=g","caption":"admin"},"url":"https:\/\/www.aspack.es\/news\/author\/admin\/"}]}},"_links":{"self":[{"href":"https:\/\/www.aspack.es\/news\/wp-json\/wp\/v2\/posts\/1826","targetHints":{"allow":["GET"]}}],"collection":[{"href":"https:\/\/www.aspack.es\/news\/wp-json\/wp\/v2\/posts"}],"about":[{"href":"https:\/\/www.aspack.es\/news\/wp-json\/wp\/v2\/types\/post"}],"author":[{"embeddable":true,"href":"https:\/\/www.aspack.es\/news\/wp-json\/wp\/v2\/users\/1"}],"replies":[{"embeddable":true,"href":"https:\/\/www.aspack.es\/news\/wp-json\/wp\/v2\/comments?post=1826"}],"version-history":[{"count":2,"href":"https:\/\/www.aspack.es\/news\/wp-json\/wp\/v2\/posts\/1826\/revisions"}],"predecessor-version":[{"id":1829,"href":"https:\/\/www.aspack.es\/news\/wp-json\/wp\/v2\/posts\/1826\/revisions\/1829"}],"wp:featuredmedia":[{"embeddable":true,"href":"https:\/\/www.aspack.es\/news\/wp-json\/wp\/v2\/media\/1828"}],"wp:attachment":[{"href":"https:\/\/www.aspack.es\/news\/wp-json\/wp\/v2\/media?parent=1826"}],"wp:term":[{"taxonomy":"category","embeddable":true,"href":"https:\/\/www.aspack.es\/news\/wp-json\/wp\/v2\/categories?post=1826"},{"taxonomy":"post_tag","embeddable":true,"href":"https:\/\/www.aspack.es\/news\/wp-json\/wp\/v2\/tags?post=1826"}],"curies":[{"name":"wp","href":"https:\/\/api.w.org\/{rel}","templated":true}]}}