{"id":1831,"date":"2022-12-21T09:00:00","date_gmt":"2022-12-21T09:00:00","guid":{"rendered":"https:\/\/www.aspack.es\/news\/?p=1831"},"modified":"2022-12-21T12:06:18","modified_gmt":"2022-12-21T12:06:18","slug":"el-carton-es-mucho-mas-amigable-para-los-jovenes-que-otras-alternativas-como-el-plastico","status":"publish","type":"post","link":"https:\/\/www.aspack.es\/news\/el-carton-es-mucho-mas-amigable-para-los-jovenes-que-otras-alternativas-como-el-plastico\/","title":{"rendered":"El cart\u00f3n es mucho m\u00e1s \u00abamigable\u00bb para los j\u00f3venes que otras alternativas como el pl\u00e1stico"},"content":{"rendered":"\n<p>Durante el congreso de ASPACK que se celebr\u00f3 en Lisboa, tuvimos el placer de invitar a Nuria Casal,&nbsp;Profesora de Artes Gr\u00e1ficas en el Colegio Hogar Afundaci\u00f3n&nbsp;y cofundadora de <a href=\"https:\/\/lacocinagrafica.afundacion.org\/es\/\">La Cocina Gr\u00e1fica<\/a>,&nbsp;para compartir con los asociados su trabajo en La Cocina Gr\u00e1fica. Su intervenci\u00f3n fue una de las m\u00e1s aclamadas y valoradas por los participantes, ya que pudieron conocer las opiniones de los estudiantes y ver como ven el futuro desde su punto de vista. Es por ello que hemos querido hablar hoy con ella, para que nos diese m\u00e1s detalle sobre \u00bfc\u00f3mo hacer para acercarnos m\u00e1s a los j\u00f3venes?&nbsp;<\/p>\n\n\n\n<p><strong>Podr\u00edas presentarnos vuestro trabajo en la escuela:&nbsp;<\/strong><\/p>\n\n\n\n<p><em>De modo general podemos decir que La Cocina Gr\u00e1fica es el nombre del departamento de Artes Gr\u00e1ficas de un centro \u00abconvencional\u00bb de Formaci\u00f3n Profesional, el Colegio Hogar Afundaci\u00f3n. En este centro tambi\u00e9n se dan otras especialidades: Electricidad-Electr\u00f3nica y Fabricaci\u00f3n Mec\u00e1nica.<\/em><\/p>\n\n\n\n<p><em>Estamos en Vigo, Galicia, al noroeste de Espa\u00f1a y al norte de Portugal, y en nuestro departamento nos dedicamos a impartir dos Ciclos Formativos: Impresi\u00f3n Gr\u00e1fica y Preimpresi\u00f3n Digital.<\/em><em>&nbsp;<\/em><em>Pero m\u00e1s all\u00e1 de la ense\u00f1anza habitual en este tipo de ciclos, nos gusta pensar que en La Cocina Gr\u00e1fica somos diferentes.<\/em><\/p>\n\n\n\n<p><strong>* \u00bfPor qu\u00e9 sois diferentes?<\/strong><\/p>\n\n\n\n<p><em>Porque nos apasiona nuestro trabajo, y eso hace que nos apetezca continuamente meternos en cuanto berenjenal haya.<\/em><em><\/em><\/p>\n\n\n\n<p><em>Y como nos gusta tanto lo que hacemos queremos compartirlo, de modo que el espacio tambi\u00e9n conocido como \u00abLa Cocina Gr\u00e1fica\u00bb (el taller donde se imparten clase de la asignatura Impresi\u00f3n Digital), es un lugar abierto al exterior, donde recibimos a profesionales del sector, organizamos desayunos y jornadas gr\u00e1ficas, y buscamos soluciones creativas a retos t\u00e9cnicos.<\/em><\/p>\n\n\n\n<p><strong>\u00bfC\u00f3mo valoras&nbsp;<\/strong><strong>la invitaci\u00f3n de asistencia al Congreso de Aspack<\/strong><strong>&nbsp;y este acercamiento del sector del packaging hacia vuestra escuela y hacia los&nbsp;&nbsp;estudiantes?<\/strong><\/p>\n\n\n\n<p><em>La valoro y valoramos, porque esta experiencia ha sido compartida con mis alumnos\/as, de manera excelente. Que la asociaci\u00f3n que reune a las empresas punteras del packaging haya querido escucharnos y se haya mostrado tan receptiva y acogedora, nos hace sentir que estamos en el camino adecuado.&nbsp;<\/em><\/p>\n\n\n\n<p><strong>\u00bfQu\u00e9 percepci\u00f3n ten\u00e9is del packaging de cart\u00f3n y c\u00f3mo veis sus posibilidades actualmente?<\/strong><\/p>\n\n\n\n<p><em>En el focus group con los estudiantes creo que qued\u00f3 bien reflejado c\u00f3mo el cart\u00f3n es mucho m\u00e1s \u00abamigable\u00bb para los j\u00f3venes que otras alternativas como el pl\u00e1stico.&nbsp;<\/em><\/p>\n\n\n\n<p><em>La sostenibilidad es una constante en sus inquietudes, pero el cart\u00f3n adem\u00e1s, cuenta con una est\u00e9tica muy atractiva para ellos\/as, lo perciben como un soporte actual pero sin ser una moda pasajera, natural, manejable, econ\u00f3mico y con infinidad de posibilidades creativas.<\/em><\/p>\n\n\n\n<p><strong>\u00bfQu\u00e9 puede hacer el sector y sus empresas para dar a conocer m\u00e1s el packaging de cart\u00f3n entre los j\u00f3venes? \u00bfY c\u00f3mo cr\u00e9eis que podr\u00eda ayudar la asociaci\u00f3n?<\/strong><\/p>\n\n\n\n<p><em>Creo que esta iniciativa en la que hemos participado est\u00e1 en la l\u00ednea correcta. En esta \u00e9poca en la que por circunstancias impuestas hemos tenido que estar tan separados, se agradece m\u00e1s que nunca el esfuerzo por \u00abacercarse\u00bb.<\/em><\/p>\n\n\n\n<p><em>Los j\u00f3venes necesitan conocer a fondo el sector gr\u00e1fico porque est\u00e1n apostando por \u00e9l form\u00e1ndose para encontrar un empleo. En este sentido, cualquier acercamiento a la realidad del mundo del packaging les ser\u00e1 tremendamente \u00fatil.<\/em><em><\/em><em>Como profesora conozco perfectamente mis l\u00edmites, por mucho que le eche ganas, les muestre contenido audiovisual o les cuente mil an\u00e9cdotas, nada es comparable al contacto directo con las empresas (y as\u00ed debe ser).&nbsp;<\/em><\/p>\n\n\n\n<p><em>Se me ocurre que este contacto podr\u00eda ser a trav\u00e9s de visitas t\u00e9cnicas, invitaci\u00f3n a congresos o jornadas, convocatoria de concursos, patrocinio de eventos, aportaci\u00f3n de materiales para sus proyectos&#8230; y mil ideas m\u00e1s con las que seguro que las empresas estar\u00edan encantadas de colaborar porque siempre supondr\u00edan un beneficio mutuo.<\/em><\/p>\n\n\n\n<p><strong>\u00bfQu\u00e9 pueden aportar los j\u00f3venes estudiantes del sector a una empresa de packaging de cart\u00f3n?<\/strong><\/p>\n\n\n\n<p><em>Si hay una frase hecha que es indiscutible es que \u00ablos j\u00f3venes son el futuro\u00bb. Por desgracia, creo que con el paso de los a\u00f1os perdemos la conciencia de lo que eso implica y muy a menudo, escucho entre gente de mi edad eso de: \u00abes que la juventud de hoy en d\u00eda&#8230;\u00bb acompa\u00f1adas con caras de reproche, l\u00e1stima, preocupaci\u00f3n y hasta miedo cuando les digo que soy profesora de Formaci\u00f3n Profesional.<\/em><\/p>\n\n\n\n<p><em>En la realidad que yo vivo a diario (y ya van 20 a\u00f1os) los j\u00f3venes tienen ganas de aportar, como las que ten\u00edamos nosotros a su edad, y tambi\u00e9n como las que tuvieron nuestros padres, y asi podr\u00edamos seguir yendo hacia atr\u00e1s en el tiempo, porque creo firmemente que ciertas actitudes, emociones, miedos, incertidumbres&#8230; son inherentes a la juventud en s\u00ed misma.<\/em><\/p>\n\n\n\n<p><em>Lo que no se puede intentar es seguir buscando una r\u00e9plica del pasado en lo que en breve ya ser\u00e1 el futuro. Ellos y ellas ser\u00e1n los consumidores de pasado ma\u00f1ana, los gerentes, los operarios, los que se encargar\u00e1n de atendernos en m\u00faltiples servicios en cuanto nosotros dejemos de estar en el mercado laboral.<\/em><\/p>\n\n\n\n<p><em>Por lo tanto, no solo debemos escucharles, sino que tenemos que hacerlo.<\/em><\/p>\n\n\n\n<p><em>Si queremos que esa continua transici\u00f3n en el sector, esa evoluci\u00f3n en las empresas, esa constante revoluci\u00f3n industrial en la que estamos inmerso, se haga con \u00e9xito y sobre seguro, tiene que ser una prioridad ir de la mano en su formaci\u00f3n.<\/em><\/p>\n\n\n\n<p>Para m\u00e1s informaci\u00f3n o colaboraciones con La Cocina Gr\u00e1fica, p\u00f3ngase en contacto con&nbsp;<a href=\"mailto:aspack@aspack.es\">aspack@aspack.es<\/a><\/p>\n","protected":false},"excerpt":{"rendered":"<p>Durante el congreso de ASPACK que se celebr\u00f3 en Lisboa, tuvimos el placer de invitar a Nuria Casal,&nbsp;Profesora de Artes Gr\u00e1ficas en el Colegio Hogar Afundaci\u00f3n&nbsp;y cofundadora de La Cocina Gr\u00e1fica,&nbsp;para compartir con los asociados su trabajo en La Cocina Gr\u00e1fica. Su intervenci\u00f3n fue una de las m\u00e1s aclamadas y valoradas por los participantes, ya&hellip;<\/p>\n","protected":false},"author":1,"featured_media":1832,"comment_status":"closed","ping_status":"open","sticky":false,"template":"","format":"standard","meta":{"footnotes":""},"categories":[17,22],"tags":[],"class_list":["post-1831","post","type-post","status-publish","format-standard","has-post-thumbnail","hentry","category-el-sector","category-noticias"],"yoast_head":"<!-- This site is optimized with the Yoast SEO plugin v25.9 - https:\/\/yoast.com\/wordpress\/plugins\/seo\/ -->\n<title>El cart\u00f3n es mucho m\u00e1s &quot;amigable&quot; para los j\u00f3venes que otras alternativas como el pl\u00e1stico - ASPACK NEWS<\/title>\n<meta name=\"description\" content=\"Durante el congreso de ASPACK que se celebr\u00f3 en Lisboa, tuvimos el placer de invitar a Nuria Casal, Profesora de Artes Gr\u00e1ficas en el Colegio Hogar Afundaci\u00f3n y cofundadora de La Cocina Gr\u00e1fica, para compartir con los asociados su trabajo en La Cocina Gr\u00e1fica.\" \/>\n<meta name=\"robots\" content=\"index, follow, max-snippet:-1, max-image-preview:large, max-video-preview:-1\" \/>\n<link rel=\"canonical\" href=\"https:\/\/www.aspack.es\/news\/el-carton-es-mucho-mas-amigable-para-los-jovenes-que-otras-alternativas-como-el-plastico\/\" \/>\n<meta property=\"og:locale\" content=\"es_ES\" \/>\n<meta property=\"og:type\" content=\"article\" \/>\n<meta property=\"og:title\" content=\"El cart\u00f3n es mucho m\u00e1s &quot;amigable&quot; para los j\u00f3venes que otras alternativas como el pl\u00e1stico - ASPACK NEWS\" \/>\n<meta property=\"og:description\" content=\"Durante el congreso de ASPACK que se celebr\u00f3 en Lisboa, tuvimos el placer de invitar a Nuria Casal, Profesora de Artes Gr\u00e1ficas en el Colegio Hogar Afundaci\u00f3n y cofundadora de La Cocina Gr\u00e1fica, para compartir con los asociados su trabajo en La Cocina Gr\u00e1fica.\" \/>\n<meta property=\"og:url\" content=\"https:\/\/www.aspack.es\/news\/el-carton-es-mucho-mas-amigable-para-los-jovenes-que-otras-alternativas-como-el-plastico\/\" \/>\n<meta property=\"og:site_name\" content=\"ASPACK NEWS\" \/>\n<meta property=\"article:published_time\" content=\"2022-12-21T09:00:00+00:00\" \/>\n<meta property=\"article:modified_time\" content=\"2022-12-21T12:06:18+00:00\" \/>\n<meta property=\"og:image\" content=\"https:\/\/www.aspack.es\/news\/wp-content\/uploads\/2022\/12\/ASPCK-54-1024x683.jpg\" \/>\n\t<meta property=\"og:image:width\" content=\"1024\" \/>\n\t<meta property=\"og:image:height\" content=\"683\" \/>\n\t<meta property=\"og:image:type\" content=\"image\/jpeg\" \/>\n<meta name=\"author\" content=\"admin\" \/>\n<meta name=\"twitter:card\" content=\"summary_large_image\" \/>\n<meta name=\"twitter:label1\" content=\"Escrito por\" \/>\n\t<meta name=\"twitter:data1\" content=\"admin\" \/>\n\t<meta name=\"twitter:label2\" content=\"Tiempo de lectura\" \/>\n\t<meta name=\"twitter:data2\" content=\"4 minutos\" \/>\n<script type=\"application\/ld+json\" class=\"yoast-schema-graph\">{\"@context\":\"https:\/\/schema.org\",\"@graph\":[{\"@type\":\"WebPage\",\"@id\":\"https:\/\/www.aspack.es\/news\/el-carton-es-mucho-mas-amigable-para-los-jovenes-que-otras-alternativas-como-el-plastico\/\",\"url\":\"https:\/\/www.aspack.es\/news\/el-carton-es-mucho-mas-amigable-para-los-jovenes-que-otras-alternativas-como-el-plastico\/\",\"name\":\"El cart\u00f3n es mucho m\u00e1s \\\"amigable\\\" para los j\u00f3venes que otras alternativas como el pl\u00e1stico - ASPACK NEWS\",\"isPartOf\":{\"@id\":\"https:\/\/www.aspack.es\/news\/#website\"},\"primaryImageOfPage\":{\"@id\":\"https:\/\/www.aspack.es\/news\/el-carton-es-mucho-mas-amigable-para-los-jovenes-que-otras-alternativas-como-el-plastico\/#primaryimage\"},\"image\":{\"@id\":\"https:\/\/www.aspack.es\/news\/el-carton-es-mucho-mas-amigable-para-los-jovenes-que-otras-alternativas-como-el-plastico\/#primaryimage\"},\"thumbnailUrl\":\"https:\/\/www.aspack.es\/news\/wp-content\/uploads\/2022\/12\/ASPCK-54-scaled.jpg\",\"datePublished\":\"2022-12-21T09:00:00+00:00\",\"dateModified\":\"2022-12-21T12:06:18+00:00\",\"author\":{\"@id\":\"https:\/\/www.aspack.es\/news\/#\/schema\/person\/0019098322836346476fc7dfdbd26d95\"},\"description\":\"Durante el congreso de ASPACK que se celebr\u00f3 en Lisboa, tuvimos el placer de invitar a Nuria Casal, Profesora de Artes Gr\u00e1ficas en el Colegio Hogar Afundaci\u00f3n y cofundadora de La Cocina Gr\u00e1fica, para compartir con los asociados su trabajo en La Cocina Gr\u00e1fica.\",\"breadcrumb\":{\"@id\":\"https:\/\/www.aspack.es\/news\/el-carton-es-mucho-mas-amigable-para-los-jovenes-que-otras-alternativas-como-el-plastico\/#breadcrumb\"},\"inLanguage\":\"es\",\"potentialAction\":[{\"@type\":\"ReadAction\",\"target\":[\"https:\/\/www.aspack.es\/news\/el-carton-es-mucho-mas-amigable-para-los-jovenes-que-otras-alternativas-como-el-plastico\/\"]}]},{\"@type\":\"ImageObject\",\"inLanguage\":\"es\",\"@id\":\"https:\/\/www.aspack.es\/news\/el-carton-es-mucho-mas-amigable-para-los-jovenes-que-otras-alternativas-como-el-plastico\/#primaryimage\",\"url\":\"https:\/\/www.aspack.es\/news\/wp-content\/uploads\/2022\/12\/ASPCK-54-scaled.jpg\",\"contentUrl\":\"https:\/\/www.aspack.es\/news\/wp-content\/uploads\/2022\/12\/ASPCK-54-scaled.jpg\",\"width\":2560,\"height\":1707},{\"@type\":\"BreadcrumbList\",\"@id\":\"https:\/\/www.aspack.es\/news\/el-carton-es-mucho-mas-amigable-para-los-jovenes-que-otras-alternativas-como-el-plastico\/#breadcrumb\",\"itemListElement\":[{\"@type\":\"ListItem\",\"position\":1,\"name\":\"Portada\",\"item\":\"https:\/\/www.aspack.es\/news\/\"},{\"@type\":\"ListItem\",\"position\":2,\"name\":\"El cart\u00f3n es mucho m\u00e1s \u00abamigable\u00bb para los j\u00f3venes que otras alternativas como el pl\u00e1stico\"}]},{\"@type\":\"WebSite\",\"@id\":\"https:\/\/www.aspack.es\/news\/#website\",\"url\":\"https:\/\/www.aspack.es\/news\/\",\"name\":\"ASPACK NEWS\",\"description\":\"El peri?dico digital de los envases de cart?n\",\"potentialAction\":[{\"@type\":\"SearchAction\",\"target\":{\"@type\":\"EntryPoint\",\"urlTemplate\":\"https:\/\/www.aspack.es\/news\/?s={search_term_string}\"},\"query-input\":{\"@type\":\"PropertyValueSpecification\",\"valueRequired\":true,\"valueName\":\"search_term_string\"}}],\"inLanguage\":\"es\"},{\"@type\":\"Person\",\"@id\":\"https:\/\/www.aspack.es\/news\/#\/schema\/person\/0019098322836346476fc7dfdbd26d95\",\"name\":\"admin\",\"image\":{\"@type\":\"ImageObject\",\"inLanguage\":\"es\",\"@id\":\"https:\/\/www.aspack.es\/news\/#\/schema\/person\/image\/\",\"url\":\"https:\/\/secure.gravatar.com\/avatar\/6a6c60542c39a2d052b8b1e8c5145e669bf888b9b229b3da0e43092daac8a32e?s=96&d=mm&r=g\",\"contentUrl\":\"https:\/\/secure.gravatar.com\/avatar\/6a6c60542c39a2d052b8b1e8c5145e669bf888b9b229b3da0e43092daac8a32e?s=96&d=mm&r=g\",\"caption\":\"admin\"},\"url\":\"https:\/\/www.aspack.es\/news\/author\/admin\/\"}]}<\/script>\n<!-- \/ Yoast SEO plugin. -->","yoast_head_json":{"title":"El cart\u00f3n es mucho m\u00e1s \"amigable\" para los j\u00f3venes que otras alternativas como el pl\u00e1stico - ASPACK NEWS","description":"Durante el congreso de ASPACK que se celebr\u00f3 en Lisboa, tuvimos el placer de invitar a Nuria Casal, Profesora de Artes Gr\u00e1ficas en el Colegio Hogar Afundaci\u00f3n y cofundadora de La Cocina Gr\u00e1fica, para compartir con los asociados su trabajo en La Cocina Gr\u00e1fica.","robots":{"index":"index","follow":"follow","max-snippet":"max-snippet:-1","max-image-preview":"max-image-preview:large","max-video-preview":"max-video-preview:-1"},"canonical":"https:\/\/www.aspack.es\/news\/el-carton-es-mucho-mas-amigable-para-los-jovenes-que-otras-alternativas-como-el-plastico\/","og_locale":"es_ES","og_type":"article","og_title":"El cart\u00f3n es mucho m\u00e1s \"amigable\" para los j\u00f3venes que otras alternativas como el pl\u00e1stico - ASPACK NEWS","og_description":"Durante el congreso de ASPACK que se celebr\u00f3 en Lisboa, tuvimos el placer de invitar a Nuria Casal, Profesora de Artes Gr\u00e1ficas en el Colegio Hogar Afundaci\u00f3n y cofundadora de La Cocina Gr\u00e1fica, para compartir con los asociados su trabajo en La Cocina Gr\u00e1fica.","og_url":"https:\/\/www.aspack.es\/news\/el-carton-es-mucho-mas-amigable-para-los-jovenes-que-otras-alternativas-como-el-plastico\/","og_site_name":"ASPACK NEWS","article_published_time":"2022-12-21T09:00:00+00:00","article_modified_time":"2022-12-21T12:06:18+00:00","og_image":[{"width":1024,"height":683,"url":"https:\/\/www.aspack.es\/news\/wp-content\/uploads\/2022\/12\/ASPCK-54-1024x683.jpg","type":"image\/jpeg"}],"author":"admin","twitter_card":"summary_large_image","twitter_misc":{"Escrito por":"admin","Tiempo de lectura":"4 minutos"},"schema":{"@context":"https:\/\/schema.org","@graph":[{"@type":"WebPage","@id":"https:\/\/www.aspack.es\/news\/el-carton-es-mucho-mas-amigable-para-los-jovenes-que-otras-alternativas-como-el-plastico\/","url":"https:\/\/www.aspack.es\/news\/el-carton-es-mucho-mas-amigable-para-los-jovenes-que-otras-alternativas-como-el-plastico\/","name":"El cart\u00f3n es mucho m\u00e1s \"amigable\" para los j\u00f3venes que otras alternativas como el pl\u00e1stico - ASPACK NEWS","isPartOf":{"@id":"https:\/\/www.aspack.es\/news\/#website"},"primaryImageOfPage":{"@id":"https:\/\/www.aspack.es\/news\/el-carton-es-mucho-mas-amigable-para-los-jovenes-que-otras-alternativas-como-el-plastico\/#primaryimage"},"image":{"@id":"https:\/\/www.aspack.es\/news\/el-carton-es-mucho-mas-amigable-para-los-jovenes-que-otras-alternativas-como-el-plastico\/#primaryimage"},"thumbnailUrl":"https:\/\/www.aspack.es\/news\/wp-content\/uploads\/2022\/12\/ASPCK-54-scaled.jpg","datePublished":"2022-12-21T09:00:00+00:00","dateModified":"2022-12-21T12:06:18+00:00","author":{"@id":"https:\/\/www.aspack.es\/news\/#\/schema\/person\/0019098322836346476fc7dfdbd26d95"},"description":"Durante el congreso de ASPACK que se celebr\u00f3 en Lisboa, tuvimos el placer de invitar a Nuria Casal, Profesora de Artes Gr\u00e1ficas en el Colegio Hogar Afundaci\u00f3n y cofundadora de La Cocina Gr\u00e1fica, para compartir con los asociados su trabajo en La Cocina Gr\u00e1fica.","breadcrumb":{"@id":"https:\/\/www.aspack.es\/news\/el-carton-es-mucho-mas-amigable-para-los-jovenes-que-otras-alternativas-como-el-plastico\/#breadcrumb"},"inLanguage":"es","potentialAction":[{"@type":"ReadAction","target":["https:\/\/www.aspack.es\/news\/el-carton-es-mucho-mas-amigable-para-los-jovenes-que-otras-alternativas-como-el-plastico\/"]}]},{"@type":"ImageObject","inLanguage":"es","@id":"https:\/\/www.aspack.es\/news\/el-carton-es-mucho-mas-amigable-para-los-jovenes-que-otras-alternativas-como-el-plastico\/#primaryimage","url":"https:\/\/www.aspack.es\/news\/wp-content\/uploads\/2022\/12\/ASPCK-54-scaled.jpg","contentUrl":"https:\/\/www.aspack.es\/news\/wp-content\/uploads\/2022\/12\/ASPCK-54-scaled.jpg","width":2560,"height":1707},{"@type":"BreadcrumbList","@id":"https:\/\/www.aspack.es\/news\/el-carton-es-mucho-mas-amigable-para-los-jovenes-que-otras-alternativas-como-el-plastico\/#breadcrumb","itemListElement":[{"@type":"ListItem","position":1,"name":"Portada","item":"https:\/\/www.aspack.es\/news\/"},{"@type":"ListItem","position":2,"name":"El cart\u00f3n es mucho m\u00e1s \u00abamigable\u00bb para los j\u00f3venes que otras alternativas como el pl\u00e1stico"}]},{"@type":"WebSite","@id":"https:\/\/www.aspack.es\/news\/#website","url":"https:\/\/www.aspack.es\/news\/","name":"ASPACK NEWS","description":"El peri?dico digital de los envases de cart?n","potentialAction":[{"@type":"SearchAction","target":{"@type":"EntryPoint","urlTemplate":"https:\/\/www.aspack.es\/news\/?s={search_term_string}"},"query-input":{"@type":"PropertyValueSpecification","valueRequired":true,"valueName":"search_term_string"}}],"inLanguage":"es"},{"@type":"Person","@id":"https:\/\/www.aspack.es\/news\/#\/schema\/person\/0019098322836346476fc7dfdbd26d95","name":"admin","image":{"@type":"ImageObject","inLanguage":"es","@id":"https:\/\/www.aspack.es\/news\/#\/schema\/person\/image\/","url":"https:\/\/secure.gravatar.com\/avatar\/6a6c60542c39a2d052b8b1e8c5145e669bf888b9b229b3da0e43092daac8a32e?s=96&d=mm&r=g","contentUrl":"https:\/\/secure.gravatar.com\/avatar\/6a6c60542c39a2d052b8b1e8c5145e669bf888b9b229b3da0e43092daac8a32e?s=96&d=mm&r=g","caption":"admin"},"url":"https:\/\/www.aspack.es\/news\/author\/admin\/"}]}},"_links":{"self":[{"href":"https:\/\/www.aspack.es\/news\/wp-json\/wp\/v2\/posts\/1831","targetHints":{"allow":["GET"]}}],"collection":[{"href":"https:\/\/www.aspack.es\/news\/wp-json\/wp\/v2\/posts"}],"about":[{"href":"https:\/\/www.aspack.es\/news\/wp-json\/wp\/v2\/types\/post"}],"author":[{"embeddable":true,"href":"https:\/\/www.aspack.es\/news\/wp-json\/wp\/v2\/users\/1"}],"replies":[{"embeddable":true,"href":"https:\/\/www.aspack.es\/news\/wp-json\/wp\/v2\/comments?post=1831"}],"version-history":[{"count":2,"href":"https:\/\/www.aspack.es\/news\/wp-json\/wp\/v2\/posts\/1831\/revisions"}],"predecessor-version":[{"id":1834,"href":"https:\/\/www.aspack.es\/news\/wp-json\/wp\/v2\/posts\/1831\/revisions\/1834"}],"wp:featuredmedia":[{"embeddable":true,"href":"https:\/\/www.aspack.es\/news\/wp-json\/wp\/v2\/media\/1832"}],"wp:attachment":[{"href":"https:\/\/www.aspack.es\/news\/wp-json\/wp\/v2\/media?parent=1831"}],"wp:term":[{"taxonomy":"category","embeddable":true,"href":"https:\/\/www.aspack.es\/news\/wp-json\/wp\/v2\/categories?post=1831"},{"taxonomy":"post_tag","embeddable":true,"href":"https:\/\/www.aspack.es\/news\/wp-json\/wp\/v2\/tags?post=1831"}],"curies":[{"name":"wp","href":"https:\/\/api.w.org\/{rel}","templated":true}]}}