{"id":1843,"date":"2023-01-18T09:28:43","date_gmt":"2023-01-18T09:28:43","guid":{"rendered":"https:\/\/www.aspack.es\/news\/?p=1843"},"modified":"2023-01-30T09:29:07","modified_gmt":"2023-01-30T09:29:07","slug":"nos-despedimos-de-esteban-cerda","status":"publish","type":"post","link":"https:\/\/www.aspack.es\/news\/nos-despedimos-de-esteban-cerda\/","title":{"rendered":"Nos despedimos de Esteban Cerd\u00e1"},"content":{"rendered":"\n<p>La&nbsp;Asociaci\u00f3n Espa\u00f1ola de Fabricantes de Envases, Embalajes y Transformados de Cart\u00f3n, anuncia la p\u00e9rdida de unos de sus representantes&nbsp;m\u00e1s significativos y carism\u00e1ticos.&nbsp;Esteban Cerd\u00e1, empresario pionero y con gran visi\u00f3n de negocio,&nbsp;presidente del CA y miembro de la familia propietaria de <a href=\"https:\/\/www.graficasbeyco.com\">GRAFICAS BEYCO<\/a>.<br><br>Esteban fue siempre una persona luchadora, comprometida con su empresa y la asociaci\u00f3n. Su ausencia no va a pasar desapercibida entre los que le apreci\u00e1bamos. Con su ilusi\u00f3n y entusiasmo contribuy\u00f3 a hacer m\u00e1s humano y m\u00e1s cercano el contacto entre los miembros de <a href=\"https:\/\/aspack.es\">Aspack<\/a>.<\/p>\n\n\n\n<p>Desde&nbsp;<strong>Aspack<\/strong>&nbsp;le agradecemos el apoyo y aportaci\u00f3n que nos ha proporcionado a todos nosotros.&nbsp;Q.E.P.D..<\/p>\n","protected":false},"excerpt":{"rendered":"<p>La&nbsp;Asociaci\u00f3n Espa\u00f1ola de Fabricantes de Envases, Embalajes y Transformados de Cart\u00f3n, anuncia la p\u00e9rdida de unos de sus representantes&nbsp;m\u00e1s significativos y carism\u00e1ticos.&nbsp;Esteban Cerd\u00e1, empresario pionero y con gran visi\u00f3n de negocio,&nbsp;presidente del CA y miembro de la familia propietaria de GRAFICAS BEYCO. Esteban fue siempre una persona luchadora, comprometida con su empresa y la asociaci\u00f3n.&hellip;<\/p>\n","protected":false},"author":1,"featured_media":1844,"comment_status":"closed","ping_status":"open","sticky":false,"template":"","format":"standard","meta":{"footnotes":""},"categories":[18,17],"tags":[],"class_list":["post-1843","post","type-post","status-publish","format-standard","has-post-thumbnail","hentry","category-asociados","category-el-sector"],"yoast_head":"<!-- This site is optimized with the Yoast SEO plugin v25.9 - https:\/\/yoast.com\/wordpress\/plugins\/seo\/ -->\n<title>Nos despedimos de Esteban Cerd\u00e1 - ASPACK NEWS<\/title>\n<meta name=\"description\" content=\"La Asociaci\u00f3n Espa\u00f1ola de Fabricantes de Envases, Embalajes y Transformados de Cart\u00f3n, anuncia la p\u00e9rdida de unos de sus representantes m\u00e1s significativos y carism\u00e1ticos. Esteban Cerd\u00e1, empresario pionero y con gran visi\u00f3n de negocio, presidente del CA y miembro de la familia propietaria de GRAFICAS BEYCO.\" \/>\n<meta name=\"robots\" content=\"index, follow, max-snippet:-1, max-image-preview:large, max-video-preview:-1\" \/>\n<link rel=\"canonical\" href=\"https:\/\/www.aspack.es\/news\/nos-despedimos-de-esteban-cerda\/\" \/>\n<meta property=\"og:locale\" content=\"es_ES\" \/>\n<meta property=\"og:type\" content=\"article\" \/>\n<meta property=\"og:title\" content=\"Nos despedimos de Esteban Cerd\u00e1 - ASPACK NEWS\" \/>\n<meta property=\"og:description\" content=\"La Asociaci\u00f3n Espa\u00f1ola de Fabricantes de Envases, Embalajes y Transformados de Cart\u00f3n, anuncia la p\u00e9rdida de unos de sus representantes m\u00e1s significativos y carism\u00e1ticos. Esteban Cerd\u00e1, empresario pionero y con gran visi\u00f3n de negocio, presidente del CA y miembro de la familia propietaria de GRAFICAS BEYCO.\" \/>\n<meta property=\"og:url\" content=\"https:\/\/www.aspack.es\/news\/nos-despedimos-de-esteban-cerda\/\" \/>\n<meta property=\"og:site_name\" content=\"ASPACK NEWS\" \/>\n<meta property=\"article:published_time\" content=\"2023-01-18T09:28:43+00:00\" \/>\n<meta property=\"article:modified_time\" content=\"2023-01-30T09:29:07+00:00\" \/>\n<meta property=\"og:image\" content=\"https:\/\/www.aspack.es\/news\/wp-content\/uploads\/2023\/01\/PHOTO-2023-01-13-09-12-25.jpg\" \/>\n\t<meta property=\"og:image:width\" content=\"768\" \/>\n\t<meta property=\"og:image:height\" content=\"1024\" \/>\n\t<meta property=\"og:image:type\" content=\"image\/jpeg\" \/>\n<meta name=\"author\" content=\"admin\" \/>\n<meta name=\"twitter:card\" content=\"summary_large_image\" \/>\n<meta name=\"twitter:label1\" content=\"Escrito por\" \/>\n\t<meta name=\"twitter:data1\" content=\"admin\" \/>\n\t<meta name=\"twitter:label2\" content=\"Tiempo de lectura\" \/>\n\t<meta name=\"twitter:data2\" content=\"1 minuto\" \/>\n<script type=\"application\/ld+json\" class=\"yoast-schema-graph\">{\"@context\":\"https:\/\/schema.org\",\"@graph\":[{\"@type\":\"WebPage\",\"@id\":\"https:\/\/www.aspack.es\/news\/nos-despedimos-de-esteban-cerda\/\",\"url\":\"https:\/\/www.aspack.es\/news\/nos-despedimos-de-esteban-cerda\/\",\"name\":\"Nos despedimos de Esteban Cerd\u00e1 - ASPACK NEWS\",\"isPartOf\":{\"@id\":\"http:\/\/www.aspack.es\/news\/#website\"},\"primaryImageOfPage\":{\"@id\":\"https:\/\/www.aspack.es\/news\/nos-despedimos-de-esteban-cerda\/#primaryimage\"},\"image\":{\"@id\":\"https:\/\/www.aspack.es\/news\/nos-despedimos-de-esteban-cerda\/#primaryimage\"},\"thumbnailUrl\":\"https:\/\/www.aspack.es\/news\/wp-content\/uploads\/2023\/01\/PHOTO-2023-01-13-09-12-25.jpg\",\"datePublished\":\"2023-01-18T09:28:43+00:00\",\"dateModified\":\"2023-01-30T09:29:07+00:00\",\"author\":{\"@id\":\"http:\/\/www.aspack.es\/news\/#\/schema\/person\/0019098322836346476fc7dfdbd26d95\"},\"description\":\"La Asociaci\u00f3n Espa\u00f1ola de Fabricantes de Envases, Embalajes y Transformados de Cart\u00f3n, anuncia la p\u00e9rdida de unos de sus representantes m\u00e1s significativos y carism\u00e1ticos. Esteban Cerd\u00e1, empresario pionero y con gran visi\u00f3n de negocio, presidente del CA y miembro de la familia propietaria de GRAFICAS BEYCO.\",\"breadcrumb\":{\"@id\":\"https:\/\/www.aspack.es\/news\/nos-despedimos-de-esteban-cerda\/#breadcrumb\"},\"inLanguage\":\"es\",\"potentialAction\":[{\"@type\":\"ReadAction\",\"target\":[\"https:\/\/www.aspack.es\/news\/nos-despedimos-de-esteban-cerda\/\"]}]},{\"@type\":\"ImageObject\",\"inLanguage\":\"es\",\"@id\":\"https:\/\/www.aspack.es\/news\/nos-despedimos-de-esteban-cerda\/#primaryimage\",\"url\":\"https:\/\/www.aspack.es\/news\/wp-content\/uploads\/2023\/01\/PHOTO-2023-01-13-09-12-25.jpg\",\"contentUrl\":\"https:\/\/www.aspack.es\/news\/wp-content\/uploads\/2023\/01\/PHOTO-2023-01-13-09-12-25.jpg\",\"width\":768,\"height\":1024},{\"@type\":\"BreadcrumbList\",\"@id\":\"https:\/\/www.aspack.es\/news\/nos-despedimos-de-esteban-cerda\/#breadcrumb\",\"itemListElement\":[{\"@type\":\"ListItem\",\"position\":1,\"name\":\"Portada\",\"item\":\"http:\/\/www.aspack.es\/news\/\"},{\"@type\":\"ListItem\",\"position\":2,\"name\":\"Nos despedimos de Esteban Cerd\u00e1\"}]},{\"@type\":\"WebSite\",\"@id\":\"http:\/\/www.aspack.es\/news\/#website\",\"url\":\"http:\/\/www.aspack.es\/news\/\",\"name\":\"ASPACK NEWS\",\"description\":\"El peri?dico digital de los envases de cart?n\",\"potentialAction\":[{\"@type\":\"SearchAction\",\"target\":{\"@type\":\"EntryPoint\",\"urlTemplate\":\"http:\/\/www.aspack.es\/news\/?s={search_term_string}\"},\"query-input\":{\"@type\":\"PropertyValueSpecification\",\"valueRequired\":true,\"valueName\":\"search_term_string\"}}],\"inLanguage\":\"es\"},{\"@type\":\"Person\",\"@id\":\"http:\/\/www.aspack.es\/news\/#\/schema\/person\/0019098322836346476fc7dfdbd26d95\",\"name\":\"admin\",\"image\":{\"@type\":\"ImageObject\",\"inLanguage\":\"es\",\"@id\":\"http:\/\/www.aspack.es\/news\/#\/schema\/person\/image\/\",\"url\":\"https:\/\/secure.gravatar.com\/avatar\/6a6c60542c39a2d052b8b1e8c5145e669bf888b9b229b3da0e43092daac8a32e?s=96&d=mm&r=g\",\"contentUrl\":\"https:\/\/secure.gravatar.com\/avatar\/6a6c60542c39a2d052b8b1e8c5145e669bf888b9b229b3da0e43092daac8a32e?s=96&d=mm&r=g\",\"caption\":\"admin\"},\"url\":\"https:\/\/www.aspack.es\/news\/author\/admin\/\"}]}<\/script>\n<!-- \/ Yoast SEO plugin. -->","yoast_head_json":{"title":"Nos despedimos de Esteban Cerd\u00e1 - ASPACK NEWS","description":"La Asociaci\u00f3n Espa\u00f1ola de Fabricantes de Envases, Embalajes y Transformados de Cart\u00f3n, anuncia la p\u00e9rdida de unos de sus representantes m\u00e1s significativos y carism\u00e1ticos. Esteban Cerd\u00e1, empresario pionero y con gran visi\u00f3n de negocio, presidente del CA y miembro de la familia propietaria de GRAFICAS BEYCO.","robots":{"index":"index","follow":"follow","max-snippet":"max-snippet:-1","max-image-preview":"max-image-preview:large","max-video-preview":"max-video-preview:-1"},"canonical":"https:\/\/www.aspack.es\/news\/nos-despedimos-de-esteban-cerda\/","og_locale":"es_ES","og_type":"article","og_title":"Nos despedimos de Esteban Cerd\u00e1 - ASPACK NEWS","og_description":"La Asociaci\u00f3n Espa\u00f1ola de Fabricantes de Envases, Embalajes y Transformados de Cart\u00f3n, anuncia la p\u00e9rdida de unos de sus representantes m\u00e1s significativos y carism\u00e1ticos. Esteban Cerd\u00e1, empresario pionero y con gran visi\u00f3n de negocio, presidente del CA y miembro de la familia propietaria de GRAFICAS BEYCO.","og_url":"https:\/\/www.aspack.es\/news\/nos-despedimos-de-esteban-cerda\/","og_site_name":"ASPACK NEWS","article_published_time":"2023-01-18T09:28:43+00:00","article_modified_time":"2023-01-30T09:29:07+00:00","og_image":[{"width":768,"height":1024,"url":"https:\/\/www.aspack.es\/news\/wp-content\/uploads\/2023\/01\/PHOTO-2023-01-13-09-12-25.jpg","type":"image\/jpeg"}],"author":"admin","twitter_card":"summary_large_image","twitter_misc":{"Escrito por":"admin","Tiempo de lectura":"1 minuto"},"schema":{"@context":"https:\/\/schema.org","@graph":[{"@type":"WebPage","@id":"https:\/\/www.aspack.es\/news\/nos-despedimos-de-esteban-cerda\/","url":"https:\/\/www.aspack.es\/news\/nos-despedimos-de-esteban-cerda\/","name":"Nos despedimos de Esteban Cerd\u00e1 - ASPACK NEWS","isPartOf":{"@id":"http:\/\/www.aspack.es\/news\/#website"},"primaryImageOfPage":{"@id":"https:\/\/www.aspack.es\/news\/nos-despedimos-de-esteban-cerda\/#primaryimage"},"image":{"@id":"https:\/\/www.aspack.es\/news\/nos-despedimos-de-esteban-cerda\/#primaryimage"},"thumbnailUrl":"https:\/\/www.aspack.es\/news\/wp-content\/uploads\/2023\/01\/PHOTO-2023-01-13-09-12-25.jpg","datePublished":"2023-01-18T09:28:43+00:00","dateModified":"2023-01-30T09:29:07+00:00","author":{"@id":"http:\/\/www.aspack.es\/news\/#\/schema\/person\/0019098322836346476fc7dfdbd26d95"},"description":"La Asociaci\u00f3n Espa\u00f1ola de Fabricantes de Envases, Embalajes y Transformados de Cart\u00f3n, anuncia la p\u00e9rdida de unos de sus representantes m\u00e1s significativos y carism\u00e1ticos. Esteban Cerd\u00e1, empresario pionero y con gran visi\u00f3n de negocio, presidente del CA y miembro de la familia propietaria de GRAFICAS BEYCO.","breadcrumb":{"@id":"https:\/\/www.aspack.es\/news\/nos-despedimos-de-esteban-cerda\/#breadcrumb"},"inLanguage":"es","potentialAction":[{"@type":"ReadAction","target":["https:\/\/www.aspack.es\/news\/nos-despedimos-de-esteban-cerda\/"]}]},{"@type":"ImageObject","inLanguage":"es","@id":"https:\/\/www.aspack.es\/news\/nos-despedimos-de-esteban-cerda\/#primaryimage","url":"https:\/\/www.aspack.es\/news\/wp-content\/uploads\/2023\/01\/PHOTO-2023-01-13-09-12-25.jpg","contentUrl":"https:\/\/www.aspack.es\/news\/wp-content\/uploads\/2023\/01\/PHOTO-2023-01-13-09-12-25.jpg","width":768,"height":1024},{"@type":"BreadcrumbList","@id":"https:\/\/www.aspack.es\/news\/nos-despedimos-de-esteban-cerda\/#breadcrumb","itemListElement":[{"@type":"ListItem","position":1,"name":"Portada","item":"http:\/\/www.aspack.es\/news\/"},{"@type":"ListItem","position":2,"name":"Nos despedimos de Esteban Cerd\u00e1"}]},{"@type":"WebSite","@id":"http:\/\/www.aspack.es\/news\/#website","url":"http:\/\/www.aspack.es\/news\/","name":"ASPACK NEWS","description":"El peri?dico digital de los envases de cart?n","potentialAction":[{"@type":"SearchAction","target":{"@type":"EntryPoint","urlTemplate":"http:\/\/www.aspack.es\/news\/?s={search_term_string}"},"query-input":{"@type":"PropertyValueSpecification","valueRequired":true,"valueName":"search_term_string"}}],"inLanguage":"es"},{"@type":"Person","@id":"http:\/\/www.aspack.es\/news\/#\/schema\/person\/0019098322836346476fc7dfdbd26d95","name":"admin","image":{"@type":"ImageObject","inLanguage":"es","@id":"http:\/\/www.aspack.es\/news\/#\/schema\/person\/image\/","url":"https:\/\/secure.gravatar.com\/avatar\/6a6c60542c39a2d052b8b1e8c5145e669bf888b9b229b3da0e43092daac8a32e?s=96&d=mm&r=g","contentUrl":"https:\/\/secure.gravatar.com\/avatar\/6a6c60542c39a2d052b8b1e8c5145e669bf888b9b229b3da0e43092daac8a32e?s=96&d=mm&r=g","caption":"admin"},"url":"https:\/\/www.aspack.es\/news\/author\/admin\/"}]}},"_links":{"self":[{"href":"https:\/\/www.aspack.es\/news\/wp-json\/wp\/v2\/posts\/1843","targetHints":{"allow":["GET"]}}],"collection":[{"href":"https:\/\/www.aspack.es\/news\/wp-json\/wp\/v2\/posts"}],"about":[{"href":"https:\/\/www.aspack.es\/news\/wp-json\/wp\/v2\/types\/post"}],"author":[{"embeddable":true,"href":"https:\/\/www.aspack.es\/news\/wp-json\/wp\/v2\/users\/1"}],"replies":[{"embeddable":true,"href":"https:\/\/www.aspack.es\/news\/wp-json\/wp\/v2\/comments?post=1843"}],"version-history":[{"count":2,"href":"https:\/\/www.aspack.es\/news\/wp-json\/wp\/v2\/posts\/1843\/revisions"}],"predecessor-version":[{"id":1854,"href":"https:\/\/www.aspack.es\/news\/wp-json\/wp\/v2\/posts\/1843\/revisions\/1854"}],"wp:featuredmedia":[{"embeddable":true,"href":"https:\/\/www.aspack.es\/news\/wp-json\/wp\/v2\/media\/1844"}],"wp:attachment":[{"href":"https:\/\/www.aspack.es\/news\/wp-json\/wp\/v2\/media?parent=1843"}],"wp:term":[{"taxonomy":"category","embeddable":true,"href":"https:\/\/www.aspack.es\/news\/wp-json\/wp\/v2\/categories?post=1843"},{"taxonomy":"post_tag","embeddable":true,"href":"https:\/\/www.aspack.es\/news\/wp-json\/wp\/v2\/tags?post=1843"}],"curies":[{"name":"wp","href":"https:\/\/api.w.org\/{rel}","templated":true}]}}