{"id":1870,"date":"2023-04-04T09:13:22","date_gmt":"2023-04-04T09:13:22","guid":{"rendered":"http:\/\/www.aspack.es\/news\/?p=1870"},"modified":"2023-04-04T09:13:24","modified_gmt":"2023-04-04T09:13:24","slug":"el-sector-de-envases-de-carton-aguanta-el-tiron-inflacionista-y-se-prepara-para-acoger-el-nuevo-marco-legislativo-europeo-apostando-por-la-innovacion-y-la-sosteniblidad","status":"publish","type":"post","link":"https:\/\/www.aspack.es\/news\/el-sector-de-envases-de-carton-aguanta-el-tiron-inflacionista-y-se-prepara-para-acoger-el-nuevo-marco-legislativo-europeo-apostando-por-la-innovacion-y-la-sosteniblidad\/","title":{"rendered":"El sector de envases de cart\u00f3n aguanta el tir\u00f3n inflacionista y se prepara para acoger el nuevo marco legislativo europeo apostando por la innovaci\u00f3n y la sosteniblidad"},"content":{"rendered":"\n<p>Aspack, la Asociaci\u00f3n Espa\u00f1ola de Fabricantes de Envases, Embalajes y Transformados de Cart\u00f3n, acaba de publicar los datos correspondientes al ejercicio 2022. Seg\u00fan estas cifras, la producci\u00f3n del sector espa\u00f1ol asciende a 398.000 toneladas m\u00e9tricas, lo que supone un incremento de un 4% en relaci\u00f3n al ejercicio anterior. Tambi\u00e9n es significativo la subida en facturaci\u00f3n de millones de euros llegando por primera vez a los 1.200 millones espoleada por las subidas de las materias primas, la energ\u00eda y el resto de componentes de marcado car\u00e1cter inflacionista. En t\u00e9rminos de resultado se estabiliza un crecimiento en torno al 4% como consecuencia igualmente de la repercusi\u00f3n de los altos \u00edndices de crecimiento de costes de materia prima, energ\u00eda y transporte, principalmente, que ya suponen cerca del 60% de la cuenta de resultados. As\u00ed mismo, tambi\u00e9n creci\u00f3 el n\u00famero de trabajadores empleados acerc\u00e1ndose ya a los 6.000 empleados. Mientras que el n\u00famero de empresas que operan este \u00e1mbito se mantuvo estable en relaci\u00f3n con los a\u00f1os anteriores en 90 empresas.&nbsp;<\/p>\n\n\n\n<p>De esas 91 empresas que producen envases de cart\u00f3n, es muy significativo que la concentraci\u00f3n de esas empresas de nuestro pa\u00eds se encuentre en Catalu\u00f1a (35%), Comunidad Valenciana (24%), Madrid (11%), Pa\u00eds Vasco (7%), Navarra (5%) y resto (18%)<\/p>\n\n\n\n<p>Entre los datos estimulantes que deja esta nueva fotograf\u00eda de la realidad del sector, juega un papel importante su actividad exportadora, que actualmente representa un 24% respecto a la facturaci\u00f3n total, el grado de exportaci\u00f3n del sector m\u00e1s alto de los \u00faltimos cinco a\u00f1os, registr\u00e1ndose 285 millones de euros de facturaci\u00f3n en este cap\u00edtulo, que tambi\u00e9n est\u00e1 refrendado por la subida de toneladas m\u00e9tricas, pasando de las 47.000 de 2019 a las 85.000 de 2022. Un grado de apertura del sector de casi un 19% cinco puntos m\u00e1s que el existente en 2019.<\/p>\n\n\n\n<p>El estudio publicado por Aspack tambi\u00e9n revela cu\u00e1l es el reparto de la facturaci\u00f3n por sectores de consumo correspondiendo el 51% de los envases de cart\u00f3n vendidos en Espa\u00f1a fueron a sectores de alimentaci\u00f3n y el 49% fueron destinados al sector de la no alimentaci\u00f3n, seg\u00fan cifras que recogen la realidad del sector actual. De \u00e9stos el 13% pertenecen al sector farmacia y laboratorios, el 10% a perfumer\u00eda y cosm\u00e9tica, el 6% a droguer\u00eda y limpieza y el resto se reparte en sectores como ferreter\u00eda, peque\u00f1o electrodom\u00e9stico, material de oficina, juguetes, calzado, confecci\u00f3n textil, tabaco, autom\u00f3vil y otros.<\/p>\n\n\n\n<p>A su vez, en el an\u00e1lisis de la rentabilidad del sector realizado en el estudio se puede destacar que hay grandes diferencias tanto en la estructura como en la facturaci\u00f3n y resultados econ\u00f3micos.\u00a0<\/p>\n\n\n\n<div class=\"wp-block-image\"><figure class=\"aligncenter size-large\"><img loading=\"lazy\" decoding=\"async\" width=\"664\" height=\"439\" src=\"http:\/\/www.aspack.es\/news\/wp-content\/uploads\/2023\/04\/qwe43.png\" alt=\"\" class=\"wp-image-1871\" srcset=\"https:\/\/www.aspack.es\/news\/wp-content\/uploads\/2023\/04\/qwe43.png 664w, https:\/\/www.aspack.es\/news\/wp-content\/uploads\/2023\/04\/qwe43-300x198.png 300w, https:\/\/www.aspack.es\/news\/wp-content\/uploads\/2023\/04\/qwe43-480x317.png 480w\" sizes=\"auto, (max-width: 664px) 100vw, 664px\" \/><\/figure><\/div>\n\n\n\n<p>El 70% de la facturaci\u00f3n es realizada por 29 empresas y el 50% por 17 empresas, lo que marca una tendencia a la concentraci\u00f3n de la facturaci\u00f3n del sector entre un n\u00famero limitado de empresas durante los \u00faltimos a\u00f1os.&nbsp;<\/p>\n\n\n\n<p>2023 se presenta como un a\u00f1o clave en el futuro del sector debido al tsunami legislativo que est\u00e1 afectando a todo el sector de envases desde la normativa para los envases de un solo uso , el nuevo impuesto especial a los envases de pl\u00e1stico no reciclables, el real decreto de envases y residuos de envases y el futuro reglamento de la UE de envases y residuos de envases.&nbsp;<\/p>\n\n\n\n<p>El \u00faltimo informe de RISE demuestra lo lejos que ha llegado la industria de envases de cart\u00f3n en t\u00e9rminos de circularidad de los envases con una reducci\u00f3n de<strong>&nbsp;su huella de carbono en un 24% desde 2018 situ\u00e1ndose actualmente en s\u00f3lo 148 kgCO2 de origen a destino por tonelada de envases de cart\u00f3n.<\/strong><\/p>\n\n\n\n<p>Estos resultados son la prueba del compromiso del sector de los envases de cart\u00f3n para liderar la industria de losenvases hacia una econom\u00eda circular.<\/p>\n\n\n\n<div class=\"wp-block-image\"><figure class=\"aligncenter size-large is-resized\"><img loading=\"lazy\" decoding=\"async\" src=\"http:\/\/www.aspack.es\/news\/wp-content\/uploads\/2023\/04\/MLKJH.png\" alt=\"\" class=\"wp-image-1873\" width=\"573\" height=\"349\" srcset=\"https:\/\/www.aspack.es\/news\/wp-content\/uploads\/2023\/04\/MLKJH.png 887w, https:\/\/www.aspack.es\/news\/wp-content\/uploads\/2023\/04\/MLKJH-300x183.png 300w, https:\/\/www.aspack.es\/news\/wp-content\/uploads\/2023\/04\/MLKJH-768x468.png 768w, https:\/\/www.aspack.es\/news\/wp-content\/uploads\/2023\/04\/MLKJH-480x293.png 480w, https:\/\/www.aspack.es\/news\/wp-content\/uploads\/2023\/04\/MLKJH-820x500.png 820w\" sizes=\"auto, (max-width: 573px) 100vw, 573px\" \/><\/figure><\/div>\n\n\n\n<p><\/p>\n","protected":false},"excerpt":{"rendered":"<p>Aspack, la Asociaci\u00f3n Espa\u00f1ola de Fabricantes de Envases, Embalajes y Transformados de Cart\u00f3n, acaba de publicar los datos correspondientes al ejercicio 2022. Seg\u00fan estas cifras, la producci\u00f3n del sector espa\u00f1ol asciende a 398.000 toneladas m\u00e9tricas, lo que supone un incremento de un 4% en relaci\u00f3n al ejercicio anterior. Tambi\u00e9n es significativo la subida en facturaci\u00f3n&hellip;<\/p>\n","protected":false},"author":1,"featured_media":1874,"comment_status":"closed","ping_status":"open","sticky":false,"template":"","format":"standard","meta":{"footnotes":""},"categories":[17,22],"tags":[],"class_list":["post-1870","post","type-post","status-publish","format-standard","has-post-thumbnail","hentry","category-el-sector","category-noticias"],"yoast_head":"<!-- This site is optimized with the Yoast SEO plugin v25.9 - https:\/\/yoast.com\/wordpress\/plugins\/seo\/ -->\n<title>El sector de envases de cart\u00f3n aguanta el tir\u00f3n inflacionista y se prepara para acoger el nuevo marco legislativo europeo apostando por la innovaci\u00f3n y la sosteniblidad - ASPACK NEWS<\/title>\n<meta name=\"robots\" content=\"index, follow, max-snippet:-1, max-image-preview:large, max-video-preview:-1\" \/>\n<link rel=\"canonical\" href=\"http:\/\/www.aspack.es\/news\/el-sector-de-envases-de-carton-aguanta-el-tiron-inflacionista-y-se-prepara-para-acoger-el-nuevo-marco-legislativo-europeo-apostando-por-la-innovacion-y-la-sosteniblidad\/\" \/>\n<meta property=\"og:locale\" content=\"es_ES\" \/>\n<meta property=\"og:type\" content=\"article\" \/>\n<meta property=\"og:title\" content=\"El sector de envases de cart\u00f3n aguanta el tir\u00f3n inflacionista y se prepara para acoger el nuevo marco legislativo europeo apostando por la innovaci\u00f3n y la sosteniblidad - ASPACK NEWS\" \/>\n<meta property=\"og:description\" content=\"Aspack, la Asociaci\u00f3n Espa\u00f1ola de Fabricantes de Envases, Embalajes y Transformados de Cart\u00f3n, acaba de publicar los datos correspondientes al ejercicio 2022. Seg\u00fan estas cifras, la producci\u00f3n del sector espa\u00f1ol asciende a 398.000 toneladas m\u00e9tricas, lo que supone un incremento de un 4% en relaci\u00f3n al ejercicio anterior. Tambi\u00e9n es significativo la subida en facturaci\u00f3n&hellip;\" \/>\n<meta property=\"og:url\" content=\"http:\/\/www.aspack.es\/news\/el-sector-de-envases-de-carton-aguanta-el-tiron-inflacionista-y-se-prepara-para-acoger-el-nuevo-marco-legislativo-europeo-apostando-por-la-innovacion-y-la-sosteniblidad\/\" \/>\n<meta property=\"og:site_name\" content=\"ASPACK NEWS\" \/>\n<meta property=\"article:published_time\" content=\"2023-04-04T09:13:22+00:00\" \/>\n<meta property=\"article:modified_time\" content=\"2023-04-04T09:13:24+00:00\" \/>\n<meta property=\"og:image\" content=\"http:\/\/www.aspack.es\/news\/wp-content\/uploads\/2023\/04\/Diseno-sin-titulo-173.png\" \/>\n\t<meta property=\"og:image:width\" content=\"1280\" \/>\n\t<meta property=\"og:image:height\" content=\"720\" \/>\n\t<meta property=\"og:image:type\" content=\"image\/png\" \/>\n<meta name=\"author\" content=\"admin\" \/>\n<meta name=\"twitter:card\" content=\"summary_large_image\" \/>\n<meta name=\"twitter:label1\" content=\"Escrito por\" \/>\n\t<meta name=\"twitter:data1\" content=\"admin\" \/>\n\t<meta name=\"twitter:label2\" content=\"Tiempo de lectura\" \/>\n\t<meta name=\"twitter:data2\" content=\"4 minutos\" \/>\n<script type=\"application\/ld+json\" class=\"yoast-schema-graph\">{\"@context\":\"https:\/\/schema.org\",\"@graph\":[{\"@type\":\"WebPage\",\"@id\":\"http:\/\/www.aspack.es\/news\/el-sector-de-envases-de-carton-aguanta-el-tiron-inflacionista-y-se-prepara-para-acoger-el-nuevo-marco-legislativo-europeo-apostando-por-la-innovacion-y-la-sosteniblidad\/\",\"url\":\"http:\/\/www.aspack.es\/news\/el-sector-de-envases-de-carton-aguanta-el-tiron-inflacionista-y-se-prepara-para-acoger-el-nuevo-marco-legislativo-europeo-apostando-por-la-innovacion-y-la-sosteniblidad\/\",\"name\":\"El sector de envases de cart\u00f3n aguanta el tir\u00f3n inflacionista y se prepara para acoger el nuevo marco legislativo europeo apostando por la innovaci\u00f3n y la sosteniblidad - ASPACK NEWS\",\"isPartOf\":{\"@id\":\"https:\/\/www.aspack.es\/news\/#website\"},\"primaryImageOfPage\":{\"@id\":\"http:\/\/www.aspack.es\/news\/el-sector-de-envases-de-carton-aguanta-el-tiron-inflacionista-y-se-prepara-para-acoger-el-nuevo-marco-legislativo-europeo-apostando-por-la-innovacion-y-la-sosteniblidad\/#primaryimage\"},\"image\":{\"@id\":\"http:\/\/www.aspack.es\/news\/el-sector-de-envases-de-carton-aguanta-el-tiron-inflacionista-y-se-prepara-para-acoger-el-nuevo-marco-legislativo-europeo-apostando-por-la-innovacion-y-la-sosteniblidad\/#primaryimage\"},\"thumbnailUrl\":\"https:\/\/www.aspack.es\/news\/wp-content\/uploads\/2023\/04\/Diseno-sin-titulo-173.png\",\"datePublished\":\"2023-04-04T09:13:22+00:00\",\"dateModified\":\"2023-04-04T09:13:24+00:00\",\"author\":{\"@id\":\"https:\/\/www.aspack.es\/news\/#\/schema\/person\/0019098322836346476fc7dfdbd26d95\"},\"breadcrumb\":{\"@id\":\"http:\/\/www.aspack.es\/news\/el-sector-de-envases-de-carton-aguanta-el-tiron-inflacionista-y-se-prepara-para-acoger-el-nuevo-marco-legislativo-europeo-apostando-por-la-innovacion-y-la-sosteniblidad\/#breadcrumb\"},\"inLanguage\":\"es\",\"potentialAction\":[{\"@type\":\"ReadAction\",\"target\":[\"http:\/\/www.aspack.es\/news\/el-sector-de-envases-de-carton-aguanta-el-tiron-inflacionista-y-se-prepara-para-acoger-el-nuevo-marco-legislativo-europeo-apostando-por-la-innovacion-y-la-sosteniblidad\/\"]}]},{\"@type\":\"ImageObject\",\"inLanguage\":\"es\",\"@id\":\"http:\/\/www.aspack.es\/news\/el-sector-de-envases-de-carton-aguanta-el-tiron-inflacionista-y-se-prepara-para-acoger-el-nuevo-marco-legislativo-europeo-apostando-por-la-innovacion-y-la-sosteniblidad\/#primaryimage\",\"url\":\"https:\/\/www.aspack.es\/news\/wp-content\/uploads\/2023\/04\/Diseno-sin-titulo-173.png\",\"contentUrl\":\"https:\/\/www.aspack.es\/news\/wp-content\/uploads\/2023\/04\/Diseno-sin-titulo-173.png\",\"width\":1280,\"height\":720},{\"@type\":\"BreadcrumbList\",\"@id\":\"http:\/\/www.aspack.es\/news\/el-sector-de-envases-de-carton-aguanta-el-tiron-inflacionista-y-se-prepara-para-acoger-el-nuevo-marco-legislativo-europeo-apostando-por-la-innovacion-y-la-sosteniblidad\/#breadcrumb\",\"itemListElement\":[{\"@type\":\"ListItem\",\"position\":1,\"name\":\"Portada\",\"item\":\"https:\/\/www.aspack.es\/news\/\"},{\"@type\":\"ListItem\",\"position\":2,\"name\":\"El sector de envases de cart\u00f3n aguanta el tir\u00f3n inflacionista y se prepara para acoger el nuevo marco legislativo europeo apostando por la innovaci\u00f3n y la sosteniblidad\"}]},{\"@type\":\"WebSite\",\"@id\":\"https:\/\/www.aspack.es\/news\/#website\",\"url\":\"https:\/\/www.aspack.es\/news\/\",\"name\":\"ASPACK NEWS\",\"description\":\"El peri?dico digital de los envases de cart?n\",\"potentialAction\":[{\"@type\":\"SearchAction\",\"target\":{\"@type\":\"EntryPoint\",\"urlTemplate\":\"https:\/\/www.aspack.es\/news\/?s={search_term_string}\"},\"query-input\":{\"@type\":\"PropertyValueSpecification\",\"valueRequired\":true,\"valueName\":\"search_term_string\"}}],\"inLanguage\":\"es\"},{\"@type\":\"Person\",\"@id\":\"https:\/\/www.aspack.es\/news\/#\/schema\/person\/0019098322836346476fc7dfdbd26d95\",\"name\":\"admin\",\"image\":{\"@type\":\"ImageObject\",\"inLanguage\":\"es\",\"@id\":\"https:\/\/www.aspack.es\/news\/#\/schema\/person\/image\/\",\"url\":\"https:\/\/secure.gravatar.com\/avatar\/6a6c60542c39a2d052b8b1e8c5145e669bf888b9b229b3da0e43092daac8a32e?s=96&d=mm&r=g\",\"contentUrl\":\"https:\/\/secure.gravatar.com\/avatar\/6a6c60542c39a2d052b8b1e8c5145e669bf888b9b229b3da0e43092daac8a32e?s=96&d=mm&r=g\",\"caption\":\"admin\"},\"url\":\"https:\/\/www.aspack.es\/news\/author\/admin\/\"}]}<\/script>\n<!-- \/ Yoast SEO plugin. -->","yoast_head_json":{"title":"El sector de envases de cart\u00f3n aguanta el tir\u00f3n inflacionista y se prepara para acoger el nuevo marco legislativo europeo apostando por la innovaci\u00f3n y la sosteniblidad - ASPACK NEWS","robots":{"index":"index","follow":"follow","max-snippet":"max-snippet:-1","max-image-preview":"max-image-preview:large","max-video-preview":"max-video-preview:-1"},"canonical":"http:\/\/www.aspack.es\/news\/el-sector-de-envases-de-carton-aguanta-el-tiron-inflacionista-y-se-prepara-para-acoger-el-nuevo-marco-legislativo-europeo-apostando-por-la-innovacion-y-la-sosteniblidad\/","og_locale":"es_ES","og_type":"article","og_title":"El sector de envases de cart\u00f3n aguanta el tir\u00f3n inflacionista y se prepara para acoger el nuevo marco legislativo europeo apostando por la innovaci\u00f3n y la sosteniblidad - ASPACK NEWS","og_description":"Aspack, la Asociaci\u00f3n Espa\u00f1ola de Fabricantes de Envases, Embalajes y Transformados de Cart\u00f3n, acaba de publicar los datos correspondientes al ejercicio 2022. Seg\u00fan estas cifras, la producci\u00f3n del sector espa\u00f1ol asciende a 398.000 toneladas m\u00e9tricas, lo que supone un incremento de un 4% en relaci\u00f3n al ejercicio anterior. Tambi\u00e9n es significativo la subida en facturaci\u00f3n&hellip;","og_url":"http:\/\/www.aspack.es\/news\/el-sector-de-envases-de-carton-aguanta-el-tiron-inflacionista-y-se-prepara-para-acoger-el-nuevo-marco-legislativo-europeo-apostando-por-la-innovacion-y-la-sosteniblidad\/","og_site_name":"ASPACK NEWS","article_published_time":"2023-04-04T09:13:22+00:00","article_modified_time":"2023-04-04T09:13:24+00:00","og_image":[{"width":1280,"height":720,"url":"http:\/\/www.aspack.es\/news\/wp-content\/uploads\/2023\/04\/Diseno-sin-titulo-173.png","type":"image\/png"}],"author":"admin","twitter_card":"summary_large_image","twitter_misc":{"Escrito por":"admin","Tiempo de lectura":"4 minutos"},"schema":{"@context":"https:\/\/schema.org","@graph":[{"@type":"WebPage","@id":"http:\/\/www.aspack.es\/news\/el-sector-de-envases-de-carton-aguanta-el-tiron-inflacionista-y-se-prepara-para-acoger-el-nuevo-marco-legislativo-europeo-apostando-por-la-innovacion-y-la-sosteniblidad\/","url":"http:\/\/www.aspack.es\/news\/el-sector-de-envases-de-carton-aguanta-el-tiron-inflacionista-y-se-prepara-para-acoger-el-nuevo-marco-legislativo-europeo-apostando-por-la-innovacion-y-la-sosteniblidad\/","name":"El sector de envases de cart\u00f3n aguanta el tir\u00f3n inflacionista y se prepara para acoger el nuevo marco legislativo europeo apostando por la innovaci\u00f3n y la sosteniblidad - ASPACK NEWS","isPartOf":{"@id":"https:\/\/www.aspack.es\/news\/#website"},"primaryImageOfPage":{"@id":"http:\/\/www.aspack.es\/news\/el-sector-de-envases-de-carton-aguanta-el-tiron-inflacionista-y-se-prepara-para-acoger-el-nuevo-marco-legislativo-europeo-apostando-por-la-innovacion-y-la-sosteniblidad\/#primaryimage"},"image":{"@id":"http:\/\/www.aspack.es\/news\/el-sector-de-envases-de-carton-aguanta-el-tiron-inflacionista-y-se-prepara-para-acoger-el-nuevo-marco-legislativo-europeo-apostando-por-la-innovacion-y-la-sosteniblidad\/#primaryimage"},"thumbnailUrl":"https:\/\/www.aspack.es\/news\/wp-content\/uploads\/2023\/04\/Diseno-sin-titulo-173.png","datePublished":"2023-04-04T09:13:22+00:00","dateModified":"2023-04-04T09:13:24+00:00","author":{"@id":"https:\/\/www.aspack.es\/news\/#\/schema\/person\/0019098322836346476fc7dfdbd26d95"},"breadcrumb":{"@id":"http:\/\/www.aspack.es\/news\/el-sector-de-envases-de-carton-aguanta-el-tiron-inflacionista-y-se-prepara-para-acoger-el-nuevo-marco-legislativo-europeo-apostando-por-la-innovacion-y-la-sosteniblidad\/#breadcrumb"},"inLanguage":"es","potentialAction":[{"@type":"ReadAction","target":["http:\/\/www.aspack.es\/news\/el-sector-de-envases-de-carton-aguanta-el-tiron-inflacionista-y-se-prepara-para-acoger-el-nuevo-marco-legislativo-europeo-apostando-por-la-innovacion-y-la-sosteniblidad\/"]}]},{"@type":"ImageObject","inLanguage":"es","@id":"http:\/\/www.aspack.es\/news\/el-sector-de-envases-de-carton-aguanta-el-tiron-inflacionista-y-se-prepara-para-acoger-el-nuevo-marco-legislativo-europeo-apostando-por-la-innovacion-y-la-sosteniblidad\/#primaryimage","url":"https:\/\/www.aspack.es\/news\/wp-content\/uploads\/2023\/04\/Diseno-sin-titulo-173.png","contentUrl":"https:\/\/www.aspack.es\/news\/wp-content\/uploads\/2023\/04\/Diseno-sin-titulo-173.png","width":1280,"height":720},{"@type":"BreadcrumbList","@id":"http:\/\/www.aspack.es\/news\/el-sector-de-envases-de-carton-aguanta-el-tiron-inflacionista-y-se-prepara-para-acoger-el-nuevo-marco-legislativo-europeo-apostando-por-la-innovacion-y-la-sosteniblidad\/#breadcrumb","itemListElement":[{"@type":"ListItem","position":1,"name":"Portada","item":"https:\/\/www.aspack.es\/news\/"},{"@type":"ListItem","position":2,"name":"El sector de envases de cart\u00f3n aguanta el tir\u00f3n inflacionista y se prepara para acoger el nuevo marco legislativo europeo apostando por la innovaci\u00f3n y la sosteniblidad"}]},{"@type":"WebSite","@id":"https:\/\/www.aspack.es\/news\/#website","url":"https:\/\/www.aspack.es\/news\/","name":"ASPACK NEWS","description":"El peri?dico digital de los envases de cart?n","potentialAction":[{"@type":"SearchAction","target":{"@type":"EntryPoint","urlTemplate":"https:\/\/www.aspack.es\/news\/?s={search_term_string}"},"query-input":{"@type":"PropertyValueSpecification","valueRequired":true,"valueName":"search_term_string"}}],"inLanguage":"es"},{"@type":"Person","@id":"https:\/\/www.aspack.es\/news\/#\/schema\/person\/0019098322836346476fc7dfdbd26d95","name":"admin","image":{"@type":"ImageObject","inLanguage":"es","@id":"https:\/\/www.aspack.es\/news\/#\/schema\/person\/image\/","url":"https:\/\/secure.gravatar.com\/avatar\/6a6c60542c39a2d052b8b1e8c5145e669bf888b9b229b3da0e43092daac8a32e?s=96&d=mm&r=g","contentUrl":"https:\/\/secure.gravatar.com\/avatar\/6a6c60542c39a2d052b8b1e8c5145e669bf888b9b229b3da0e43092daac8a32e?s=96&d=mm&r=g","caption":"admin"},"url":"https:\/\/www.aspack.es\/news\/author\/admin\/"}]}},"_links":{"self":[{"href":"https:\/\/www.aspack.es\/news\/wp-json\/wp\/v2\/posts\/1870","targetHints":{"allow":["GET"]}}],"collection":[{"href":"https:\/\/www.aspack.es\/news\/wp-json\/wp\/v2\/posts"}],"about":[{"href":"https:\/\/www.aspack.es\/news\/wp-json\/wp\/v2\/types\/post"}],"author":[{"embeddable":true,"href":"https:\/\/www.aspack.es\/news\/wp-json\/wp\/v2\/users\/1"}],"replies":[{"embeddable":true,"href":"https:\/\/www.aspack.es\/news\/wp-json\/wp\/v2\/comments?post=1870"}],"version-history":[{"count":1,"href":"https:\/\/www.aspack.es\/news\/wp-json\/wp\/v2\/posts\/1870\/revisions"}],"predecessor-version":[{"id":1875,"href":"https:\/\/www.aspack.es\/news\/wp-json\/wp\/v2\/posts\/1870\/revisions\/1875"}],"wp:featuredmedia":[{"embeddable":true,"href":"https:\/\/www.aspack.es\/news\/wp-json\/wp\/v2\/media\/1874"}],"wp:attachment":[{"href":"https:\/\/www.aspack.es\/news\/wp-json\/wp\/v2\/media?parent=1870"}],"wp:term":[{"taxonomy":"category","embeddable":true,"href":"https:\/\/www.aspack.es\/news\/wp-json\/wp\/v2\/categories?post=1870"},{"taxonomy":"post_tag","embeddable":true,"href":"https:\/\/www.aspack.es\/news\/wp-json\/wp\/v2\/tags?post=1870"}],"curies":[{"name":"wp","href":"https:\/\/api.w.org\/{rel}","templated":true}]}}