{"id":1943,"date":"2023-06-22T10:41:20","date_gmt":"2023-06-22T10:41:20","guid":{"rendered":"http:\/\/www.aspack.es\/news\/?p=1943"},"modified":"2023-06-22T10:41:50","modified_gmt":"2023-06-22T10:41:50","slug":"la-industria-del-papel-y-carton-sigue-trabajando-por-mejorar-la-percepcion-medioambiental-de-los-productos-papeleros","status":"publish","type":"post","link":"https:\/\/www.aspack.es\/news\/la-industria-del-papel-y-carton-sigue-trabajando-por-mejorar-la-percepcion-medioambiental-de-los-productos-papeleros\/","title":{"rendered":"La industria del papel y cart\u00f3n sigue trabajando por mejorar la percepci\u00f3n medioambiental de los productos papeleros"},"content":{"rendered":"\n<p>El \u00faltimo informe de investigaci\u00f3n de Two Sides Europe, \u00abTrend Tracker Survey 2023\u00bb, trata de comprender los cambios en las percepciones de los consumidores respecto a los productos impresos, el papel, los envases de papel y los pa\u00f1uelos de papel.<\/p>\n\n\n\n<p>Los resultados del estudio 2023 muestran claramente que, aunque el papel sigue siendo un material de comunicaci\u00f3n y envasado fundamental, sigue habiendo ideas err\u00f3neas sobre el impacto medioambiental de la industria papelera.<\/p>\n\n\n\n<p><strong><em>Los consumidores no saben que los bosques Europeos crecen<\/em><\/strong><strong><em><\/em><\/strong><\/p>\n\n\n\n<p>El estudio de 2023 revel\u00f3 que los consumidores siguen percibiendo que los bosques est\u00e1n disminuyendo de tama\u00f1o, con un 60 % que cree que los bosques europeos se est\u00e1n reduciendo, aunque esta cifra ha mejorado desde 2021 con el 64 %. El n\u00famero de consumidores que entienden que los bosques europeos est\u00e1n creciendo en tama\u00f1o ha mejorado hasta el 15% en 2023, frente al 10% en 2021. Esto demuestra que los consumidores son cada vez m\u00e1s conscientes de estos hechos dentro de los mitos que rodean a la industria papelera. La verdad es que los bosques europeos est\u00e1n creciendo en tama\u00f1o y entre 2005 y 2020, crecieron en unos impresionantes 58.390 km\u00b2&nbsp;&#8211; un&nbsp;\u00e1rea mayor que Suiza y el equivalente a 1.500 campos de f\u00fatbol de crecimiento forestal cada d\u00eda.<\/p>\n\n\n\n<p>La encuesta tambi\u00e9n mostr\u00f3 diferencias regionales en la comprensi\u00f3n:<\/p>\n\n\n\n<ul class=\"wp-block-list\"><li>Italia tiene el mayor n\u00famero de consumidores (71%) que creen que los bosques europeos est\u00e1n reduciendo su tama\u00f1o.<\/li><li>Finlandia tiene el menor n\u00famero de consumidores (48%) que creen que los bosques europeos est\u00e1n reduciendo su tama\u00f1o.<\/li><li>Dinamarca tiene el mayor n\u00famero de consumidores (24%) que creen que los bosques europeos est\u00e1n creciendo.<\/li><li>S\u00f3lo el 9% de los consumidores brit\u00e1nicos cree que los bosques europeos est\u00e1n creciendo.<\/li><\/ul>\n\n\n\n<p>&nbsp;&nbsp;&nbsp;<strong><em>Los consumidores no comprenden los altos \u00edndices de reciclado del papel y los envases de papel<\/em><\/strong><strong><em><\/em><\/strong><\/p>\n\n\n\n<p>Otro error com\u00fan sobre el papel es la cantidad que se recicla. La encuesta encontr\u00f3 que solo el 18% de los consumidores europeos comprenden que la tasa de reciclaje de papel supera el 60%. Esto ha mejorado ligeramente desde 2021, cuando era del 16%.<\/p>\n\n\n\n<p>La encuesta mostr\u00f3 que el 41% de los consumidores europeos creen que el papel y el peckaging de papel son derrochadores. En realidad, la tasa de reciclaje de papel y cart\u00f3n de Europa es actualmente del 71%.<\/p>\n\n\n\n<ul class=\"wp-block-list\"><li>En 2020, se recogieron y reciclaron un total de 56 millones de toneladas de papel en Europa.&nbsp;<\/li><li>B\u00e9lgica tiene el mayor n\u00famero de consumidores (26%) que creen que la tasa de reciclaje europea supera el 60%.&nbsp;<\/li><li>Dinamarca tiene el menor n\u00famero de consumidores (13%) que creen que la tasa de reciclaje europea supera el 60%.&nbsp;<\/li><li>El 67% de los consumidores piensan que solo se deber\u00eda utilizar papel reciclado.<\/li><\/ul>\n\n\n\n<p><strong><em>Papel VS Comunicaci\u00f3n electr\u00f3nica&nbsp;<\/em><\/strong><strong><em><\/em><\/strong><\/p>\n\n\n\n<p>El papel y los productos impresos se encuentran entre los que menos gases de efecto invernadero emiten, con un 0,8%, mientras que la industria de las TIC representa m\u00e1s del 2% de las emisiones mundiales de gases de efecto invernadero (tanto como todo el tr\u00e1fico a\u00e9reo). Si no se controla, la huella de las TIC podr\u00eda aumentar hasta el 14% de las emisiones mundiales en 2040. A pesar de ello, el 56% de los consumidores europeos encuestados en el informe piensa que la comunicaci\u00f3n electr\u00f3nica es m\u00e1s respetuosa con el medio ambiente que la comunicaci\u00f3n en papel. Aunque, una vez m\u00e1s, esta cifra ha mejorado desde 2021 (60%), sigue subrayando las ideas err\u00f3neas en torno a la sostenibilidad de las comunicaciones tanto en papel como electr\u00f3nicas.<\/p>\n\n\n\n<p>La pandemia trajo consigo un cambio y un crecimiento de la comunicaci\u00f3n electr\u00f3nica: las reuniones, los eventos y los negocios cotidianos se realizan cada vez m\u00e1s en l\u00ednea, y los consumidores conf\u00edan m\u00e1s en las noticias en l\u00ednea. Los consumidores siguen creyendo que las comunicaciones electr\u00f3nicas son m\u00e1s sostenibles.<\/p>\n\n\n\n<p>\u00ab<em>Aunque es positivo comprobar que se han producido algunas mejoras en la percepci\u00f3n de los consumidores, este informe demuestra que sigue habiendo muchas ideas err\u00f3neas sobre el impacto de la impresi\u00f3n y los productos de papel en el medio ambiente<\/em>\u00ab, afirma Jonathan Tame, Director General de Two Sides Europe.<\/p>\n\n\n\n<p>\u00ab<em>Muchos consumidores creen err\u00f3neamente que los bosques europeos est\u00e1n disminuyendo de tama\u00f1o, subestiman enormemente la tasa de reciclaje de papel y no comprenden la naturaleza sostenible de los productos de papel. Estos malentendidos hacen que nuestro trabajo en Two Sides y Love Paper sea vital<\/em>\u00ab.<\/p>\n","protected":false},"excerpt":{"rendered":"<p>El \u00faltimo informe de investigaci\u00f3n de Two Sides Europe, \u00abTrend Tracker Survey 2023\u00bb, trata de comprender los cambios en las percepciones de los consumidores respecto a los productos impresos, el papel, los envases de papel y los pa\u00f1uelos de papel. Los resultados del estudio 2023 muestran claramente que, aunque el papel sigue siendo un material&hellip;<\/p>\n","protected":false},"author":1,"featured_media":1944,"comment_status":"closed","ping_status":"open","sticky":false,"template":"","format":"standard","meta":{"footnotes":""},"categories":[17,22],"tags":[],"class_list":["post-1943","post","type-post","status-publish","format-standard","has-post-thumbnail","hentry","category-el-sector","category-noticias"],"yoast_head":"<!-- This site is optimized with the Yoast SEO plugin v25.9 - https:\/\/yoast.com\/wordpress\/plugins\/seo\/ -->\n<title>La industria del papel y cart\u00f3n sigue trabajando por mejorar la percepci\u00f3n medioambiental de los productos papeleros - ASPACK NEWS<\/title>\n<meta name=\"description\" content=\"El \u00faltimo informe de investigaci\u00f3n de Two Sides Europe, &quot;Trend Tracker Survey 2023&quot;, trata de comprender los cambios en las percepciones de los consumidores respecto a los productos impresos, el papel, los envases de papel y los pa\u00f1uelos de papel.\" \/>\n<meta name=\"robots\" content=\"index, follow, max-snippet:-1, max-image-preview:large, max-video-preview:-1\" \/>\n<link rel=\"canonical\" href=\"https:\/\/www.aspack.es\/news\/la-industria-del-papel-y-carton-sigue-trabajando-por-mejorar-la-percepcion-medioambiental-de-los-productos-papeleros\/\" \/>\n<meta property=\"og:locale\" content=\"es_ES\" \/>\n<meta property=\"og:type\" content=\"article\" \/>\n<meta property=\"og:title\" content=\"La industria del papel y cart\u00f3n sigue trabajando por mejorar la percepci\u00f3n medioambiental de los productos papeleros - ASPACK NEWS\" \/>\n<meta property=\"og:description\" content=\"El \u00faltimo informe de investigaci\u00f3n de Two Sides Europe, &quot;Trend Tracker Survey 2023&quot;, trata de comprender los cambios en las percepciones de los consumidores respecto a los productos impresos, el papel, los envases de papel y los pa\u00f1uelos de papel.\" \/>\n<meta property=\"og:url\" content=\"https:\/\/www.aspack.es\/news\/la-industria-del-papel-y-carton-sigue-trabajando-por-mejorar-la-percepcion-medioambiental-de-los-productos-papeleros\/\" \/>\n<meta property=\"og:site_name\" content=\"ASPACK NEWS\" \/>\n<meta property=\"article:published_time\" content=\"2023-06-22T10:41:20+00:00\" \/>\n<meta property=\"article:modified_time\" content=\"2023-06-22T10:41:50+00:00\" \/>\n<meta property=\"og:image\" content=\"https:\/\/www.aspack.es\/news\/wp-content\/uploads\/2023\/06\/Imagen-1.png\" \/>\n\t<meta property=\"og:image:width\" content=\"1004\" \/>\n\t<meta property=\"og:image:height\" content=\"502\" \/>\n\t<meta property=\"og:image:type\" content=\"image\/png\" \/>\n<meta name=\"author\" content=\"admin\" \/>\n<meta name=\"twitter:card\" content=\"summary_large_image\" \/>\n<meta name=\"twitter:label1\" content=\"Escrito por\" \/>\n\t<meta name=\"twitter:data1\" content=\"admin\" \/>\n\t<meta name=\"twitter:label2\" content=\"Tiempo de lectura\" \/>\n\t<meta name=\"twitter:data2\" content=\"4 minutos\" \/>\n<script type=\"application\/ld+json\" class=\"yoast-schema-graph\">{\"@context\":\"https:\/\/schema.org\",\"@graph\":[{\"@type\":\"WebPage\",\"@id\":\"https:\/\/www.aspack.es\/news\/la-industria-del-papel-y-carton-sigue-trabajando-por-mejorar-la-percepcion-medioambiental-de-los-productos-papeleros\/\",\"url\":\"https:\/\/www.aspack.es\/news\/la-industria-del-papel-y-carton-sigue-trabajando-por-mejorar-la-percepcion-medioambiental-de-los-productos-papeleros\/\",\"name\":\"La industria del papel y cart\u00f3n sigue trabajando por mejorar la percepci\u00f3n medioambiental de los productos papeleros - ASPACK NEWS\",\"isPartOf\":{\"@id\":\"http:\/\/www.aspack.es\/news\/#website\"},\"primaryImageOfPage\":{\"@id\":\"https:\/\/www.aspack.es\/news\/la-industria-del-papel-y-carton-sigue-trabajando-por-mejorar-la-percepcion-medioambiental-de-los-productos-papeleros\/#primaryimage\"},\"image\":{\"@id\":\"https:\/\/www.aspack.es\/news\/la-industria-del-papel-y-carton-sigue-trabajando-por-mejorar-la-percepcion-medioambiental-de-los-productos-papeleros\/#primaryimage\"},\"thumbnailUrl\":\"https:\/\/www.aspack.es\/news\/wp-content\/uploads\/2023\/06\/Imagen-1.png\",\"datePublished\":\"2023-06-22T10:41:20+00:00\",\"dateModified\":\"2023-06-22T10:41:50+00:00\",\"author\":{\"@id\":\"http:\/\/www.aspack.es\/news\/#\/schema\/person\/0019098322836346476fc7dfdbd26d95\"},\"description\":\"El \u00faltimo informe de investigaci\u00f3n de Two Sides Europe, \\\"Trend Tracker Survey 2023\\\", trata de comprender los cambios en las percepciones de los consumidores respecto a los productos impresos, el papel, los envases de papel y los pa\u00f1uelos de papel.\",\"breadcrumb\":{\"@id\":\"https:\/\/www.aspack.es\/news\/la-industria-del-papel-y-carton-sigue-trabajando-por-mejorar-la-percepcion-medioambiental-de-los-productos-papeleros\/#breadcrumb\"},\"inLanguage\":\"es\",\"potentialAction\":[{\"@type\":\"ReadAction\",\"target\":[\"https:\/\/www.aspack.es\/news\/la-industria-del-papel-y-carton-sigue-trabajando-por-mejorar-la-percepcion-medioambiental-de-los-productos-papeleros\/\"]}]},{\"@type\":\"ImageObject\",\"inLanguage\":\"es\",\"@id\":\"https:\/\/www.aspack.es\/news\/la-industria-del-papel-y-carton-sigue-trabajando-por-mejorar-la-percepcion-medioambiental-de-los-productos-papeleros\/#primaryimage\",\"url\":\"https:\/\/www.aspack.es\/news\/wp-content\/uploads\/2023\/06\/Imagen-1.png\",\"contentUrl\":\"https:\/\/www.aspack.es\/news\/wp-content\/uploads\/2023\/06\/Imagen-1.png\",\"width\":1004,\"height\":502,\"caption\":\"industria papelera\"},{\"@type\":\"BreadcrumbList\",\"@id\":\"https:\/\/www.aspack.es\/news\/la-industria-del-papel-y-carton-sigue-trabajando-por-mejorar-la-percepcion-medioambiental-de-los-productos-papeleros\/#breadcrumb\",\"itemListElement\":[{\"@type\":\"ListItem\",\"position\":1,\"name\":\"Portada\",\"item\":\"http:\/\/www.aspack.es\/news\/\"},{\"@type\":\"ListItem\",\"position\":2,\"name\":\"La industria del papel y cart\u00f3n sigue trabajando por mejorar la percepci\u00f3n medioambiental de los productos papeleros\"}]},{\"@type\":\"WebSite\",\"@id\":\"http:\/\/www.aspack.es\/news\/#website\",\"url\":\"http:\/\/www.aspack.es\/news\/\",\"name\":\"ASPACK NEWS\",\"description\":\"El peri?dico digital de los envases de cart?n\",\"potentialAction\":[{\"@type\":\"SearchAction\",\"target\":{\"@type\":\"EntryPoint\",\"urlTemplate\":\"http:\/\/www.aspack.es\/news\/?s={search_term_string}\"},\"query-input\":{\"@type\":\"PropertyValueSpecification\",\"valueRequired\":true,\"valueName\":\"search_term_string\"}}],\"inLanguage\":\"es\"},{\"@type\":\"Person\",\"@id\":\"http:\/\/www.aspack.es\/news\/#\/schema\/person\/0019098322836346476fc7dfdbd26d95\",\"name\":\"admin\",\"image\":{\"@type\":\"ImageObject\",\"inLanguage\":\"es\",\"@id\":\"http:\/\/www.aspack.es\/news\/#\/schema\/person\/image\/\",\"url\":\"https:\/\/secure.gravatar.com\/avatar\/6a6c60542c39a2d052b8b1e8c5145e669bf888b9b229b3da0e43092daac8a32e?s=96&d=mm&r=g\",\"contentUrl\":\"https:\/\/secure.gravatar.com\/avatar\/6a6c60542c39a2d052b8b1e8c5145e669bf888b9b229b3da0e43092daac8a32e?s=96&d=mm&r=g\",\"caption\":\"admin\"},\"url\":\"https:\/\/www.aspack.es\/news\/author\/admin\/\"}]}<\/script>\n<!-- \/ Yoast SEO plugin. -->","yoast_head_json":{"title":"La industria del papel y cart\u00f3n sigue trabajando por mejorar la percepci\u00f3n medioambiental de los productos papeleros - ASPACK NEWS","description":"El \u00faltimo informe de investigaci\u00f3n de Two Sides Europe, \"Trend Tracker Survey 2023\", trata de comprender los cambios en las percepciones de los consumidores respecto a los productos impresos, el papel, los envases de papel y los pa\u00f1uelos de papel.","robots":{"index":"index","follow":"follow","max-snippet":"max-snippet:-1","max-image-preview":"max-image-preview:large","max-video-preview":"max-video-preview:-1"},"canonical":"https:\/\/www.aspack.es\/news\/la-industria-del-papel-y-carton-sigue-trabajando-por-mejorar-la-percepcion-medioambiental-de-los-productos-papeleros\/","og_locale":"es_ES","og_type":"article","og_title":"La industria del papel y cart\u00f3n sigue trabajando por mejorar la percepci\u00f3n medioambiental de los productos papeleros - ASPACK NEWS","og_description":"El \u00faltimo informe de investigaci\u00f3n de Two Sides Europe, \"Trend Tracker Survey 2023\", trata de comprender los cambios en las percepciones de los consumidores respecto a los productos impresos, el papel, los envases de papel y los pa\u00f1uelos de papel.","og_url":"https:\/\/www.aspack.es\/news\/la-industria-del-papel-y-carton-sigue-trabajando-por-mejorar-la-percepcion-medioambiental-de-los-productos-papeleros\/","og_site_name":"ASPACK NEWS","article_published_time":"2023-06-22T10:41:20+00:00","article_modified_time":"2023-06-22T10:41:50+00:00","og_image":[{"width":1004,"height":502,"url":"https:\/\/www.aspack.es\/news\/wp-content\/uploads\/2023\/06\/Imagen-1.png","type":"image\/png"}],"author":"admin","twitter_card":"summary_large_image","twitter_misc":{"Escrito por":"admin","Tiempo de lectura":"4 minutos"},"schema":{"@context":"https:\/\/schema.org","@graph":[{"@type":"WebPage","@id":"https:\/\/www.aspack.es\/news\/la-industria-del-papel-y-carton-sigue-trabajando-por-mejorar-la-percepcion-medioambiental-de-los-productos-papeleros\/","url":"https:\/\/www.aspack.es\/news\/la-industria-del-papel-y-carton-sigue-trabajando-por-mejorar-la-percepcion-medioambiental-de-los-productos-papeleros\/","name":"La industria del papel y cart\u00f3n sigue trabajando por mejorar la percepci\u00f3n medioambiental de los productos papeleros - ASPACK NEWS","isPartOf":{"@id":"http:\/\/www.aspack.es\/news\/#website"},"primaryImageOfPage":{"@id":"https:\/\/www.aspack.es\/news\/la-industria-del-papel-y-carton-sigue-trabajando-por-mejorar-la-percepcion-medioambiental-de-los-productos-papeleros\/#primaryimage"},"image":{"@id":"https:\/\/www.aspack.es\/news\/la-industria-del-papel-y-carton-sigue-trabajando-por-mejorar-la-percepcion-medioambiental-de-los-productos-papeleros\/#primaryimage"},"thumbnailUrl":"https:\/\/www.aspack.es\/news\/wp-content\/uploads\/2023\/06\/Imagen-1.png","datePublished":"2023-06-22T10:41:20+00:00","dateModified":"2023-06-22T10:41:50+00:00","author":{"@id":"http:\/\/www.aspack.es\/news\/#\/schema\/person\/0019098322836346476fc7dfdbd26d95"},"description":"El \u00faltimo informe de investigaci\u00f3n de Two Sides Europe, \"Trend Tracker Survey 2023\", trata de comprender los cambios en las percepciones de los consumidores respecto a los productos impresos, el papel, los envases de papel y los pa\u00f1uelos de papel.","breadcrumb":{"@id":"https:\/\/www.aspack.es\/news\/la-industria-del-papel-y-carton-sigue-trabajando-por-mejorar-la-percepcion-medioambiental-de-los-productos-papeleros\/#breadcrumb"},"inLanguage":"es","potentialAction":[{"@type":"ReadAction","target":["https:\/\/www.aspack.es\/news\/la-industria-del-papel-y-carton-sigue-trabajando-por-mejorar-la-percepcion-medioambiental-de-los-productos-papeleros\/"]}]},{"@type":"ImageObject","inLanguage":"es","@id":"https:\/\/www.aspack.es\/news\/la-industria-del-papel-y-carton-sigue-trabajando-por-mejorar-la-percepcion-medioambiental-de-los-productos-papeleros\/#primaryimage","url":"https:\/\/www.aspack.es\/news\/wp-content\/uploads\/2023\/06\/Imagen-1.png","contentUrl":"https:\/\/www.aspack.es\/news\/wp-content\/uploads\/2023\/06\/Imagen-1.png","width":1004,"height":502,"caption":"industria papelera"},{"@type":"BreadcrumbList","@id":"https:\/\/www.aspack.es\/news\/la-industria-del-papel-y-carton-sigue-trabajando-por-mejorar-la-percepcion-medioambiental-de-los-productos-papeleros\/#breadcrumb","itemListElement":[{"@type":"ListItem","position":1,"name":"Portada","item":"http:\/\/www.aspack.es\/news\/"},{"@type":"ListItem","position":2,"name":"La industria del papel y cart\u00f3n sigue trabajando por mejorar la percepci\u00f3n medioambiental de los productos papeleros"}]},{"@type":"WebSite","@id":"http:\/\/www.aspack.es\/news\/#website","url":"http:\/\/www.aspack.es\/news\/","name":"ASPACK NEWS","description":"El peri?dico digital de los envases de cart?n","potentialAction":[{"@type":"SearchAction","target":{"@type":"EntryPoint","urlTemplate":"http:\/\/www.aspack.es\/news\/?s={search_term_string}"},"query-input":{"@type":"PropertyValueSpecification","valueRequired":true,"valueName":"search_term_string"}}],"inLanguage":"es"},{"@type":"Person","@id":"http:\/\/www.aspack.es\/news\/#\/schema\/person\/0019098322836346476fc7dfdbd26d95","name":"admin","image":{"@type":"ImageObject","inLanguage":"es","@id":"http:\/\/www.aspack.es\/news\/#\/schema\/person\/image\/","url":"https:\/\/secure.gravatar.com\/avatar\/6a6c60542c39a2d052b8b1e8c5145e669bf888b9b229b3da0e43092daac8a32e?s=96&d=mm&r=g","contentUrl":"https:\/\/secure.gravatar.com\/avatar\/6a6c60542c39a2d052b8b1e8c5145e669bf888b9b229b3da0e43092daac8a32e?s=96&d=mm&r=g","caption":"admin"},"url":"https:\/\/www.aspack.es\/news\/author\/admin\/"}]}},"_links":{"self":[{"href":"https:\/\/www.aspack.es\/news\/wp-json\/wp\/v2\/posts\/1943","targetHints":{"allow":["GET"]}}],"collection":[{"href":"https:\/\/www.aspack.es\/news\/wp-json\/wp\/v2\/posts"}],"about":[{"href":"https:\/\/www.aspack.es\/news\/wp-json\/wp\/v2\/types\/post"}],"author":[{"embeddable":true,"href":"https:\/\/www.aspack.es\/news\/wp-json\/wp\/v2\/users\/1"}],"replies":[{"embeddable":true,"href":"https:\/\/www.aspack.es\/news\/wp-json\/wp\/v2\/comments?post=1943"}],"version-history":[{"count":2,"href":"https:\/\/www.aspack.es\/news\/wp-json\/wp\/v2\/posts\/1943\/revisions"}],"predecessor-version":[{"id":1946,"href":"https:\/\/www.aspack.es\/news\/wp-json\/wp\/v2\/posts\/1943\/revisions\/1946"}],"wp:featuredmedia":[{"embeddable":true,"href":"https:\/\/www.aspack.es\/news\/wp-json\/wp\/v2\/media\/1944"}],"wp:attachment":[{"href":"https:\/\/www.aspack.es\/news\/wp-json\/wp\/v2\/media?parent=1943"}],"wp:term":[{"taxonomy":"category","embeddable":true,"href":"https:\/\/www.aspack.es\/news\/wp-json\/wp\/v2\/categories?post=1943"},{"taxonomy":"post_tag","embeddable":true,"href":"https:\/\/www.aspack.es\/news\/wp-json\/wp\/v2\/tags?post=1943"}],"curies":[{"name":"wp","href":"https:\/\/api.w.org\/{rel}","templated":true}]}}