{"id":2011,"date":"2023-10-03T07:49:09","date_gmt":"2023-10-03T07:49:09","guid":{"rendered":"http:\/\/www.aspack.es\/news\/?p=2011"},"modified":"2023-10-03T07:49:10","modified_gmt":"2023-10-03T07:49:10","slug":"sistrade-tuvo-una-fuerte-presencia-en-labelexpo-europe-2023","status":"publish","type":"post","link":"https:\/\/www.aspack.es\/news\/sistrade-tuvo-una-fuerte-presencia-en-labelexpo-europe-2023\/","title":{"rendered":"SISTRADE TUVO UNA FUERTE PRESENCIA EN LABELEXPO EUROPE 2023"},"content":{"rendered":"\n<p>Labelexpo Europe es conocido como el evento principal de la industria de la impresi\u00f3n de etiquetas y envases, atrayendo a profesionales, expositores y l\u00edderes de pensamiento de todo el mundo. Este a\u00f1o, <a href=\"https:\/\/www.sistrade.com\/es\/\">SISTRADE<\/a> present\u00f3 sus tecnolog\u00edas de vanguardia y soluciones innovadoras, consolidando su posici\u00f3n en el mercado.<\/p>\n\n\n\n<p>SISTRADE revel\u00f3 sus \u00faltimos avances en la Industria 5.0 que combina automatizaci\u00f3n, conectividad y habilidades humanas, dejando impresionados a los asistentes por las posibilidades y el potencial de transformar la industria.<\/p>\n\n\n\n<p>Los visitantes tuvieron la oportunidad de presenciar demostraciones en vivo y descubrir las \u00faltimas actualizaciones y una nueva generaci\u00f3n de software de Sistrade para la industria de impresi\u00f3n de etiquetas y envases que revoluciona toda la tecnolog\u00eda, desempe\u00f1ando un papel importante en las f\u00e1bricas inteligentes. Durante esta presentaci\u00f3n, destacamos las nuevas funcionalidades de la Ficha T\u00e9cnica de Etiquetas, como el repositorio principal de datos que, combina la Gesti\u00f3n de Procesos Gr\u00e1ficos y el Tique de Trabajo Digital. Este repositorio contiene todos los datos t\u00e9cnicos necesarios para una producci\u00f3n inteligente y trazabilidad completa de datos, obteniendo una experiencia de primera mano de sus capacidades y ventajas.<\/p>\n\n\n\n<p>Labelexpo Europe brind\u00f3 una plataforma excelente para que SISTRADE interactuara con clientes, socios y posibles clientes de la industria, fomentando conexiones valiosas y oportunidades de colaboraci\u00f3n.<\/p>\n\n\n\n<p>Paulo Souto, Director de Negocios Internacionales de SISTRADE, expres\u00f3 su alegr\u00eda por el \u00e9xito del evento, diciendo:&nbsp;<em>\u00abLabelexpo Europe ha sido una oportunidad incre\u00edble para SISTRADE para mostrar nuestro compromiso de empujar los l\u00edmites de la innovaci\u00f3n en la industria de impresi\u00f3n de etiquetas y envases. Estamos agradecidos por la recepci\u00f3n positiva que recibimos y emocionados por las nuevas asociaciones y oportunidades que han surgido.\u00bb<\/em><\/p>\n\n\n\n<p>Con la conclusi\u00f3n exitosa de Labelexpo Europe, SISTRADE est\u00e1 preparada para un futuro brillante, lista para continuar su misi\u00f3n de revolucionar la industria de impresi\u00f3n de etiquetas y envases.&nbsp;<\/p>\n","protected":false},"excerpt":{"rendered":"<p>Labelexpo Europe es conocido como el evento principal de la industria de la impresi\u00f3n de etiquetas y envases, atrayendo a profesionales, expositores y l\u00edderes de pensamiento de todo el mundo. Este a\u00f1o, SISTRADE present\u00f3 sus tecnolog\u00edas de vanguardia y soluciones innovadoras, consolidando su posici\u00f3n en el mercado. SISTRADE revel\u00f3 sus \u00faltimos avances en la Industria&hellip;<\/p>\n","protected":false},"author":1,"featured_media":2013,"comment_status":"closed","ping_status":"open","sticky":false,"template":"","format":"standard","meta":{"footnotes":""},"categories":[18,17,19,22],"tags":[],"class_list":["post-2011","post","type-post","status-publish","format-standard","has-post-thumbnail","hentry","category-asociados","category-el-sector","category-eventos","category-noticias"],"yoast_head":"<!-- This site is optimized with the Yoast SEO plugin v25.9 - https:\/\/yoast.com\/wordpress\/plugins\/seo\/ -->\n<title>SISTRADE TUVO UNA FUERTE PRESENCIA EN LABELEXPO EUROPE 2023 ASPACK NEWS -<\/title>\n<meta name=\"description\" content=\"Este a\u00f1o, SISTRADE present\u00f3 sus tecnolog\u00edas de vanguardia y soluciones innovadoras, consolidando su posici\u00f3n en el mercado.\" \/>\n<meta name=\"robots\" content=\"index, follow, max-snippet:-1, max-image-preview:large, max-video-preview:-1\" \/>\n<link rel=\"canonical\" href=\"https:\/\/www.aspack.es\/news\/sistrade-tuvo-una-fuerte-presencia-en-labelexpo-europe-2023\/\" \/>\n<meta property=\"og:locale\" content=\"es_ES\" \/>\n<meta property=\"og:type\" content=\"article\" \/>\n<meta property=\"og:title\" content=\"SISTRADE TUVO UNA FUERTE PRESENCIA EN LABELEXPO EUROPE 2023 ASPACK NEWS -\" \/>\n<meta property=\"og:description\" content=\"Este a\u00f1o, SISTRADE present\u00f3 sus tecnolog\u00edas de vanguardia y soluciones innovadoras, consolidando su posici\u00f3n en el mercado.\" \/>\n<meta property=\"og:url\" content=\"https:\/\/www.aspack.es\/news\/sistrade-tuvo-una-fuerte-presencia-en-labelexpo-europe-2023\/\" \/>\n<meta property=\"og:site_name\" content=\"ASPACK NEWS\" \/>\n<meta property=\"article:published_time\" content=\"2023-10-03T07:49:09+00:00\" \/>\n<meta property=\"article:modified_time\" content=\"2023-10-03T07:49:10+00:00\" \/>\n<meta property=\"og:image\" content=\"https:\/\/www.aspack.es\/news\/wp-content\/uploads\/2023\/10\/Foto-sistrade-2.jpg\" \/>\n\t<meta property=\"og:image:width\" content=\"2048\" \/>\n\t<meta property=\"og:image:height\" content=\"921\" \/>\n\t<meta property=\"og:image:type\" content=\"image\/jpeg\" \/>\n<meta name=\"author\" content=\"admin\" \/>\n<meta name=\"twitter:card\" content=\"summary_large_image\" \/>\n<meta name=\"twitter:label1\" content=\"Escrito por\" \/>\n\t<meta name=\"twitter:data1\" content=\"admin\" \/>\n\t<meta name=\"twitter:label2\" content=\"Tiempo de lectura\" \/>\n\t<meta name=\"twitter:data2\" content=\"2 minutos\" \/>\n<script type=\"application\/ld+json\" class=\"yoast-schema-graph\">{\"@context\":\"https:\/\/schema.org\",\"@graph\":[{\"@type\":\"WebPage\",\"@id\":\"https:\/\/www.aspack.es\/news\/sistrade-tuvo-una-fuerte-presencia-en-labelexpo-europe-2023\/\",\"url\":\"https:\/\/www.aspack.es\/news\/sistrade-tuvo-una-fuerte-presencia-en-labelexpo-europe-2023\/\",\"name\":\"SISTRADE TUVO UNA FUERTE PRESENCIA EN LABELEXPO EUROPE 2023 ASPACK NEWS -\",\"isPartOf\":{\"@id\":\"http:\/\/www.aspack.es\/news\/#website\"},\"primaryImageOfPage\":{\"@id\":\"https:\/\/www.aspack.es\/news\/sistrade-tuvo-una-fuerte-presencia-en-labelexpo-europe-2023\/#primaryimage\"},\"image\":{\"@id\":\"https:\/\/www.aspack.es\/news\/sistrade-tuvo-una-fuerte-presencia-en-labelexpo-europe-2023\/#primaryimage\"},\"thumbnailUrl\":\"https:\/\/www.aspack.es\/news\/wp-content\/uploads\/2023\/10\/Foto-sistrade-2.jpg\",\"datePublished\":\"2023-10-03T07:49:09+00:00\",\"dateModified\":\"2023-10-03T07:49:10+00:00\",\"author\":{\"@id\":\"http:\/\/www.aspack.es\/news\/#\/schema\/person\/0019098322836346476fc7dfdbd26d95\"},\"description\":\"Este a\u00f1o, SISTRADE present\u00f3 sus tecnolog\u00edas de vanguardia y soluciones innovadoras, consolidando su posici\u00f3n en el mercado.\",\"breadcrumb\":{\"@id\":\"https:\/\/www.aspack.es\/news\/sistrade-tuvo-una-fuerte-presencia-en-labelexpo-europe-2023\/#breadcrumb\"},\"inLanguage\":\"es\",\"potentialAction\":[{\"@type\":\"ReadAction\",\"target\":[\"https:\/\/www.aspack.es\/news\/sistrade-tuvo-una-fuerte-presencia-en-labelexpo-europe-2023\/\"]}]},{\"@type\":\"ImageObject\",\"inLanguage\":\"es\",\"@id\":\"https:\/\/www.aspack.es\/news\/sistrade-tuvo-una-fuerte-presencia-en-labelexpo-europe-2023\/#primaryimage\",\"url\":\"https:\/\/www.aspack.es\/news\/wp-content\/uploads\/2023\/10\/Foto-sistrade-2.jpg\",\"contentUrl\":\"https:\/\/www.aspack.es\/news\/wp-content\/uploads\/2023\/10\/Foto-sistrade-2.jpg\",\"width\":2048,\"height\":921,\"caption\":\"sistrade en Label Expo europe\"},{\"@type\":\"BreadcrumbList\",\"@id\":\"https:\/\/www.aspack.es\/news\/sistrade-tuvo-una-fuerte-presencia-en-labelexpo-europe-2023\/#breadcrumb\",\"itemListElement\":[{\"@type\":\"ListItem\",\"position\":1,\"name\":\"Portada\",\"item\":\"http:\/\/www.aspack.es\/news\/\"},{\"@type\":\"ListItem\",\"position\":2,\"name\":\"SISTRADE TUVO UNA FUERTE PRESENCIA EN LABELEXPO EUROPE 2023\"}]},{\"@type\":\"WebSite\",\"@id\":\"http:\/\/www.aspack.es\/news\/#website\",\"url\":\"http:\/\/www.aspack.es\/news\/\",\"name\":\"ASPACK NEWS\",\"description\":\"El peri?dico digital de los envases de cart?n\",\"potentialAction\":[{\"@type\":\"SearchAction\",\"target\":{\"@type\":\"EntryPoint\",\"urlTemplate\":\"http:\/\/www.aspack.es\/news\/?s={search_term_string}\"},\"query-input\":{\"@type\":\"PropertyValueSpecification\",\"valueRequired\":true,\"valueName\":\"search_term_string\"}}],\"inLanguage\":\"es\"},{\"@type\":\"Person\",\"@id\":\"http:\/\/www.aspack.es\/news\/#\/schema\/person\/0019098322836346476fc7dfdbd26d95\",\"name\":\"admin\",\"image\":{\"@type\":\"ImageObject\",\"inLanguage\":\"es\",\"@id\":\"http:\/\/www.aspack.es\/news\/#\/schema\/person\/image\/\",\"url\":\"https:\/\/secure.gravatar.com\/avatar\/6a6c60542c39a2d052b8b1e8c5145e669bf888b9b229b3da0e43092daac8a32e?s=96&d=mm&r=g\",\"contentUrl\":\"https:\/\/secure.gravatar.com\/avatar\/6a6c60542c39a2d052b8b1e8c5145e669bf888b9b229b3da0e43092daac8a32e?s=96&d=mm&r=g\",\"caption\":\"admin\"},\"url\":\"https:\/\/www.aspack.es\/news\/author\/admin\/\"}]}<\/script>\n<!-- \/ Yoast SEO plugin. -->","yoast_head_json":{"title":"SISTRADE TUVO UNA FUERTE PRESENCIA EN LABELEXPO EUROPE 2023 ASPACK NEWS -","description":"Este a\u00f1o, SISTRADE present\u00f3 sus tecnolog\u00edas de vanguardia y soluciones innovadoras, consolidando su posici\u00f3n en el mercado.","robots":{"index":"index","follow":"follow","max-snippet":"max-snippet:-1","max-image-preview":"max-image-preview:large","max-video-preview":"max-video-preview:-1"},"canonical":"https:\/\/www.aspack.es\/news\/sistrade-tuvo-una-fuerte-presencia-en-labelexpo-europe-2023\/","og_locale":"es_ES","og_type":"article","og_title":"SISTRADE TUVO UNA FUERTE PRESENCIA EN LABELEXPO EUROPE 2023 ASPACK NEWS -","og_description":"Este a\u00f1o, SISTRADE present\u00f3 sus tecnolog\u00edas de vanguardia y soluciones innovadoras, consolidando su posici\u00f3n en el mercado.","og_url":"https:\/\/www.aspack.es\/news\/sistrade-tuvo-una-fuerte-presencia-en-labelexpo-europe-2023\/","og_site_name":"ASPACK NEWS","article_published_time":"2023-10-03T07:49:09+00:00","article_modified_time":"2023-10-03T07:49:10+00:00","og_image":[{"width":2048,"height":921,"url":"https:\/\/www.aspack.es\/news\/wp-content\/uploads\/2023\/10\/Foto-sistrade-2.jpg","type":"image\/jpeg"}],"author":"admin","twitter_card":"summary_large_image","twitter_misc":{"Escrito por":"admin","Tiempo de lectura":"2 minutos"},"schema":{"@context":"https:\/\/schema.org","@graph":[{"@type":"WebPage","@id":"https:\/\/www.aspack.es\/news\/sistrade-tuvo-una-fuerte-presencia-en-labelexpo-europe-2023\/","url":"https:\/\/www.aspack.es\/news\/sistrade-tuvo-una-fuerte-presencia-en-labelexpo-europe-2023\/","name":"SISTRADE TUVO UNA FUERTE PRESENCIA EN LABELEXPO EUROPE 2023 ASPACK NEWS -","isPartOf":{"@id":"http:\/\/www.aspack.es\/news\/#website"},"primaryImageOfPage":{"@id":"https:\/\/www.aspack.es\/news\/sistrade-tuvo-una-fuerte-presencia-en-labelexpo-europe-2023\/#primaryimage"},"image":{"@id":"https:\/\/www.aspack.es\/news\/sistrade-tuvo-una-fuerte-presencia-en-labelexpo-europe-2023\/#primaryimage"},"thumbnailUrl":"https:\/\/www.aspack.es\/news\/wp-content\/uploads\/2023\/10\/Foto-sistrade-2.jpg","datePublished":"2023-10-03T07:49:09+00:00","dateModified":"2023-10-03T07:49:10+00:00","author":{"@id":"http:\/\/www.aspack.es\/news\/#\/schema\/person\/0019098322836346476fc7dfdbd26d95"},"description":"Este a\u00f1o, SISTRADE present\u00f3 sus tecnolog\u00edas de vanguardia y soluciones innovadoras, consolidando su posici\u00f3n en el mercado.","breadcrumb":{"@id":"https:\/\/www.aspack.es\/news\/sistrade-tuvo-una-fuerte-presencia-en-labelexpo-europe-2023\/#breadcrumb"},"inLanguage":"es","potentialAction":[{"@type":"ReadAction","target":["https:\/\/www.aspack.es\/news\/sistrade-tuvo-una-fuerte-presencia-en-labelexpo-europe-2023\/"]}]},{"@type":"ImageObject","inLanguage":"es","@id":"https:\/\/www.aspack.es\/news\/sistrade-tuvo-una-fuerte-presencia-en-labelexpo-europe-2023\/#primaryimage","url":"https:\/\/www.aspack.es\/news\/wp-content\/uploads\/2023\/10\/Foto-sistrade-2.jpg","contentUrl":"https:\/\/www.aspack.es\/news\/wp-content\/uploads\/2023\/10\/Foto-sistrade-2.jpg","width":2048,"height":921,"caption":"sistrade en Label Expo europe"},{"@type":"BreadcrumbList","@id":"https:\/\/www.aspack.es\/news\/sistrade-tuvo-una-fuerte-presencia-en-labelexpo-europe-2023\/#breadcrumb","itemListElement":[{"@type":"ListItem","position":1,"name":"Portada","item":"http:\/\/www.aspack.es\/news\/"},{"@type":"ListItem","position":2,"name":"SISTRADE TUVO UNA FUERTE PRESENCIA EN LABELEXPO EUROPE 2023"}]},{"@type":"WebSite","@id":"http:\/\/www.aspack.es\/news\/#website","url":"http:\/\/www.aspack.es\/news\/","name":"ASPACK NEWS","description":"El peri?dico digital de los envases de cart?n","potentialAction":[{"@type":"SearchAction","target":{"@type":"EntryPoint","urlTemplate":"http:\/\/www.aspack.es\/news\/?s={search_term_string}"},"query-input":{"@type":"PropertyValueSpecification","valueRequired":true,"valueName":"search_term_string"}}],"inLanguage":"es"},{"@type":"Person","@id":"http:\/\/www.aspack.es\/news\/#\/schema\/person\/0019098322836346476fc7dfdbd26d95","name":"admin","image":{"@type":"ImageObject","inLanguage":"es","@id":"http:\/\/www.aspack.es\/news\/#\/schema\/person\/image\/","url":"https:\/\/secure.gravatar.com\/avatar\/6a6c60542c39a2d052b8b1e8c5145e669bf888b9b229b3da0e43092daac8a32e?s=96&d=mm&r=g","contentUrl":"https:\/\/secure.gravatar.com\/avatar\/6a6c60542c39a2d052b8b1e8c5145e669bf888b9b229b3da0e43092daac8a32e?s=96&d=mm&r=g","caption":"admin"},"url":"https:\/\/www.aspack.es\/news\/author\/admin\/"}]}},"_links":{"self":[{"href":"https:\/\/www.aspack.es\/news\/wp-json\/wp\/v2\/posts\/2011","targetHints":{"allow":["GET"]}}],"collection":[{"href":"https:\/\/www.aspack.es\/news\/wp-json\/wp\/v2\/posts"}],"about":[{"href":"https:\/\/www.aspack.es\/news\/wp-json\/wp\/v2\/types\/post"}],"author":[{"embeddable":true,"href":"https:\/\/www.aspack.es\/news\/wp-json\/wp\/v2\/users\/1"}],"replies":[{"embeddable":true,"href":"https:\/\/www.aspack.es\/news\/wp-json\/wp\/v2\/comments?post=2011"}],"version-history":[{"count":1,"href":"https:\/\/www.aspack.es\/news\/wp-json\/wp\/v2\/posts\/2011\/revisions"}],"predecessor-version":[{"id":2014,"href":"https:\/\/www.aspack.es\/news\/wp-json\/wp\/v2\/posts\/2011\/revisions\/2014"}],"wp:featuredmedia":[{"embeddable":true,"href":"https:\/\/www.aspack.es\/news\/wp-json\/wp\/v2\/media\/2013"}],"wp:attachment":[{"href":"https:\/\/www.aspack.es\/news\/wp-json\/wp\/v2\/media?parent=2011"}],"wp:term":[{"taxonomy":"category","embeddable":true,"href":"https:\/\/www.aspack.es\/news\/wp-json\/wp\/v2\/categories?post=2011"},{"taxonomy":"post_tag","embeddable":true,"href":"https:\/\/www.aspack.es\/news\/wp-json\/wp\/v2\/tags?post=2011"}],"curies":[{"name":"wp","href":"https:\/\/api.w.org\/{rel}","templated":true}]}}